{"id":10958,"date":"2019-09-23T06:00:40","date_gmt":"2019-09-23T05:00:40","guid":{"rendered":"https:\/\/blogs.diariovasco.com\/series-gourmets\/?p=10958"},"modified":"2019-09-22T10:53:26","modified_gmt":"2019-09-22T09:53:26","slug":"monzon-apache-argentina-las-accidentadas-biografias-de-dos-idolos-deportivos-argentinos","status":"publish","type":"post","link":"https:\/\/blogs.diariovasco.com\/series-gourmets\/2019\/09\/23\/monzon-apache-argentina-las-accidentadas-biografias-de-dos-idolos-deportivos-argentinos\/","title":{"rendered":"Monzon \/ Apache (Argentina) :  las  accidentadas biograf\u00edas  de dos \u00eddolos  deportivos argentinos"},"content":{"rendered":"<p>Las casualidades que suelen ocurrir en las pantallas televisivas han hecho que coincidan en el tiempo, dos miniseries que narran las biografi\u00e1s de dos grandes deportistas argentinos, el boxeador Carlos Monz\u00f3n y el futbolista Carlos &#8216;Apache&#8217; T\u00e9vez que tienen la caracter\u00edstica com\u00fan de estar marcadas por delitos y sucesos tr\u00e1gicos en especial en el caso del boxeador que protagoniz\u00f3 el caso m\u00e1s medi\u00e1tico del siglo XX en el cono Sur.<\/p>\n<p>En ambos casos ha estado implicada la rama latinoamericana de Netflix, pero no tenemos noticias de que por estos lares vayan a ser incluidas pr\u00f3ximamente en su cat\u00e1logo, pero por lo menos en el caso de &#8216;Monz\u00f3n&#8217; pueden tener la oportunidad de ver su estreno en exclusiva en el pr\u00f3ximo Serielizados Fest,\u00a0el pr\u00f3ximo s\u00e1bado en Barcelona y Madrid. por lo que nada mejor que analizarlas como pre\u00e1mbulo a ese estreno.<\/p>\n<p><strong>MONZ\u00d3N. DE CAMPE\u00d3N MUNDIAL DE BOXEO A\u00a0 ASESINO MALTRATADOR.<\/strong><\/p>\n<p><strong><img loading=\"lazy\" class=\"aligncenter size-full wp-image-10962\" src=\"https:\/\/static-blogs.diariovasco.com\/wp-content\/uploads\/sites\/37\/2019\/09\/joven-monzon.jpg\" alt=\"joven-monzon\" width=\"855\" height=\"550\" srcset=\"https:\/\/static-blogs.diariovasco.com\/wp-content\/uploads\/sites\/37\/2019\/09\/joven-monzon.jpg 855w, https:\/\/static-blogs.diariovasco.com\/wp-content\/uploads\/sites\/37\/2019\/09\/joven-monzon-300x193.jpg 300w, https:\/\/static-blogs.diariovasco.com\/wp-content\/uploads\/sites\/37\/2019\/09\/joven-monzon-768x494.jpg 768w, https:\/\/static-blogs.diariovasco.com\/wp-content\/uploads\/sites\/37\/2019\/09\/joven-monzon-628x404.jpg 628w\" sizes=\"(max-width: 855px) 100vw, 855px\" \/>Ficha:<\/strong> Monz\u00f3n 13 ep 45 min .\u00a0 Jun 2019-Sep 2019 . <strong>Idioma:<\/strong> Castellano <strong>Cadena:<\/strong> Space ( Arg)<\/p>\n<p><strong>La trama :<\/strong><br \/>\nCarlos Monz\u00f3n ha sido la mayor figura de la historia del boxeo argentino tras defender su corona de campe\u00f3n mundial de los pesos medios en catorce ocasiones consecutivas, hasta retirarse sin perder el t\u00edtulo, pero con un final tr\u00e1gico.<\/p>\n<p>&#8216;Monz\u00f3n&#8217; narra con todo lujo de detalles su vida desde sus humildes or\u00edgenes en un barrio de Santa Fe, sus inicios en el boxeo en el gimnasio local como forma de canalizar su agresividad, para seguir con su ascenso a la gloria deportiva y su ca\u00edda a los infiernos tras asesinar a su esposa, como avanzan en el trailer de la serie.<br \/>\n<iframe loading=\"lazy\" src=\"https:\/\/www.youtube.com\/embed\/a9tbKuqmuPo\" width=\"560\" height=\"315\" frameborder=\"0\" allowfullscreen=\"allowfullscreen\"><\/iframe><br \/>\nLa historia se narra en dos lineas temporales, la primera empieza con la muerte de su esposa Alicia Mu\u00f1iz en la primera escena de la serie y trata sobre\u00a0 la investigaci\u00f3n del posible asesinato por parte del fiscal de Mar del Plata encargado del caso, sometido a enormes presiones para no mancillar la fama de la gran leyenda argentina del boxeo.<\/p>\n<p>En paralelo nos vamos al pasado donde vamos a repasar toda la carrera deportiva de Monz\u00f3n, hasta cerrar el c\u00edrculo, enlazando con la escena inicial de la serie en esa linea temporal. La linea m\u00e1s reciente llega hasta el final del juicio al deportista que levant\u00f3 una expectaci\u00f3n\u00a0parecida\u00a0 al caso conocido por todos de O.J Simpson, con el que guarda bastantes similitudes en especial desde el punto de vista medi\u00e1tico y de leyendas ca\u00eddas del deporte.<\/p>\n<p><img loading=\"lazy\" class=\"aligncenter size-full wp-image-10961\" src=\"https:\/\/static-blogs.diariovasco.com\/wp-content\/uploads\/sites\/37\/2019\/09\/destacada-4.jpg\" alt=\"destacada\" width=\"1072\" height=\"546\" srcset=\"https:\/\/static-blogs.diariovasco.com\/wp-content\/uploads\/sites\/37\/2019\/09\/destacada-4.jpg 1072w, https:\/\/static-blogs.diariovasco.com\/wp-content\/uploads\/sites\/37\/2019\/09\/destacada-4-300x153.jpg 300w, https:\/\/static-blogs.diariovasco.com\/wp-content\/uploads\/sites\/37\/2019\/09\/destacada-4-768x391.jpg 768w, https:\/\/static-blogs.diariovasco.com\/wp-content\/uploads\/sites\/37\/2019\/09\/destacada-4-628x320.jpg 628w\" sizes=\"(max-width: 1072px) 100vw, 1072px\" \/><\/p>\n<p>El boxeador es interpretado por dos actores, el debutante Mauricio Paniagua como el boxeador joven, mientras que Jorge Rom\u00e1n le da vida como adulto, en un buen recurso para mostrar las dos caras del personaje a lo largo de varias d\u00e9cadas de su vida sin necesidad de recurrir a maquillajes, aunque debo comentar que Rom\u00e1n est\u00e1 bastante mejor que su versi\u00f3n joven, un actor demasiado verde tanto desde el punto de vista interpretativo como deportivo.<\/p>\n<p><img loading=\"lazy\" class=\"aligncenter size-full wp-image-10965\" src=\"https:\/\/static-blogs.diariovasco.com\/wp-content\/uploads\/sites\/37\/2019\/09\/viejo-monzon.jpg\" alt=\"viejo-monzon\" width=\"1920\" height=\"1080\" srcset=\"https:\/\/static-blogs.diariovasco.com\/wp-content\/uploads\/sites\/37\/2019\/09\/viejo-monzon.jpg 1920w, https:\/\/static-blogs.diariovasco.com\/wp-content\/uploads\/sites\/37\/2019\/09\/viejo-monzon-300x169.jpg 300w, https:\/\/static-blogs.diariovasco.com\/wp-content\/uploads\/sites\/37\/2019\/09\/viejo-monzon-768x432.jpg 768w, https:\/\/static-blogs.diariovasco.com\/wp-content\/uploads\/sites\/37\/2019\/09\/viejo-monzon-628x353.jpg 628w\" sizes=\"(max-width: 1920px) 100vw, 1920px\" \/>&#8216;Monz\u00f3n&#8217; me ha parecido una serie muy interesante y apreciable en su parte inicial y en su tramo final, pero tiene un bache importante en el tramo central de los episodios 7 a 10, donde se estanca completamente y ninguna de las dos lineas temporales aporta gran cosa. Ni las historias carceleras de Carlos Monz\u00f3n a la espera de juicio. ni regodearse con su incapacidad\u00a0 de gestionar la enorme fama y popularidad que tiene como campe\u00f3n mundial en la trama del pasado, funcionan como deber\u00edan, en especial si la comparamos con su inicio vigoroso.<\/p>\n<p>Por suerte, la serie da un golpe de tim\u00f3n en el episodio und\u00e9cimo, dedicado \u00edntegramente ( incluso cambian el t\u00edtulo a Mu\u00f1iz) a Alicia Mu\u00f1iz, la esposa asesinada, narrado desde su punto de vista, con una gran interpretaci\u00f3n de Carla Quevedo que hace que la historia vuelva a la buena senda para cerrarla con el juicio en los dos \u00faltimos episodios para dar carpetazo a ese\u00a0 tr\u00e1gico suceso .<\/p>\n<p>Por mi edad, recuerdo perfectamente tanto la carrera deportiva de Carlos Monz\u00f3n como el juicio m\u00e1s medi\u00e1tico que era seguido con bastante avidez por nuestros medios informativos y me ha parecido una presentaci\u00f3n del personaje honesta en la que no intentan lavar la imagen de un maltratador y un\u00a0 asesino, sino mostrar los mecanismos de una sociedad para demostrar que nadie es impune frente a la justicia.<\/p>\n<p>Supongo que m\u00e1s pronto o m\u00e1s tarde llegar\u00e1 a la rama espa\u00f1ola de Netflix, tras ser emitida en Argentina por la cadena de pago Space, con un trailer como el siguiente<br \/>\n<iframe loading=\"lazy\" src=\"https:\/\/www.youtube.com\/embed\/WnoqzKXSZbU\" width=\"560\" height=\"315\" frameborder=\"0\" allowfullscreen=\"allowfullscreen\"><\/iframe><\/p>\n<p><strong>APACHE. LA VIDA DE CARLOS T\u00c9VEZ . FUTBOLISTA RICO, FUTBOLISTA POBRE<\/strong><\/p>\n<p><strong>Ficha:<\/strong> Apache. La Vida de Carlos T\u00e9vez 8 ep 45 min .\u00a0 Ago 2019. <strong>Idioma:<\/strong> Castellano <strong>Cadena:<\/strong> Netflix<\/p>\n<p><strong>La trama :<\/strong><\/p>\n<p>La historia de la vida de Carlos T\u00e9vez en el periodo de su adolescencia desde los trece a\u00f1os hasta su debut con Boca Juniors a los diecisiete a\u00f1os. Ese periodo est\u00e1 marcado por su vida en la dur\u00edsima barriada del Ejercito de los Andes en Ciudadela en el extrarradio bonaerense, donde T\u00e9vez fue criado por sus t\u00edos, que lo acogieron tras ser abandonado por su madre y con su padre asesinado antes de su nacimiento.<\/p>\n<p>En ese barrio denominado popularmente Fuerte Apache, la supervivencia es brutal con multitud de delitos, balaceras y tr\u00e1fico de drogas, que hacen que el f\u00fatbol sea la \u00fanica v\u00e1lvula de escape para no convertirse en un criminal o delincuente, como muestra en el trailer, del que van a agradecer que tenga subt\u00edtulos en castellano para entender lo que hablan en su jerga particular.<br \/>\n<iframe loading=\"lazy\" src=\"https:\/\/www.youtube.com\/embed\/cJddE9XX2ds\" width=\"560\" height=\"315\" frameborder=\"0\" allowfullscreen=\"allowfullscreen\"><\/iframe><br \/>\nSu vida nos es narrada en paralelo a la de su mejor amigo, un joven chico uruguayo llamado Danilo, con el que juega a f\u00fatbol constantemente con aspiraciones ambos\u00a0 de fichar por alg\u00fan equipo grande. Esa vida de los dos chavales es el centro de la historia de la que como podemos deducir del t\u00edtulo del art\u00edculo va a ir divergiendo a medida que van creciendo, con Carlos T\u00e9vez\u00a0\u00a0como una\u00a0futura estrella, mientras que su amigo es devorado por la espiral autodestructiva de Fuerte Apache.<\/p>\n<p><img loading=\"lazy\" class=\"aligncenter size-full wp-image-10960\" src=\"https:\/\/static-blogs.diariovasco.com\/wp-content\/uploads\/sites\/37\/2019\/09\/chavales.jpg\" alt=\"chavales\" width=\"1280\" height=\"720\" srcset=\"https:\/\/static-blogs.diariovasco.com\/wp-content\/uploads\/sites\/37\/2019\/09\/chavales.jpg 1280w, https:\/\/static-blogs.diariovasco.com\/wp-content\/uploads\/sites\/37\/2019\/09\/chavales-300x169.jpg 300w, https:\/\/static-blogs.diariovasco.com\/wp-content\/uploads\/sites\/37\/2019\/09\/chavales-768x432.jpg 768w, https:\/\/static-blogs.diariovasco.com\/wp-content\/uploads\/sites\/37\/2019\/09\/chavales-628x353.jpg 628w\" sizes=\"(max-width: 1280px) 100vw, 1280px\" \/>El principal problema de &#8216;Apache&#8217; es que no es una biograf\u00eda del futbolista como el titulo err\u00f3neamente hace entender, por lo que si esperan ver un resumen de sus mejores goles con Boca o en Manchester y sus esc\u00e1ndalos adultos,\u00a0 van a quedar totalmente decepcionados.<\/p>\n<p>Personalmente no me esperaba esto y al principio me qued\u00e9 bastante desconcertado, al ver que su biograf\u00eda no avanzaba ni sal\u00eda del barrio, hasta que cambi\u00e9 el chip y me percat\u00e9 que era una historia de Fuerte Apache, con su familia, sus amigos y sus vecinos, dejando al f\u00fatbol en un segundo plano. En ese momento empez\u00f3 a interesarme mucho m\u00e1s, en especial gracias al buen papel del joven Balthazar Murillo, muy convincente como el alter ego juvenil del futbolista, con el que comparte la siguiente foto.<\/p>\n<p><img loading=\"lazy\" class=\"aligncenter size-full wp-image-10959\" src=\"https:\/\/static-blogs.diariovasco.com\/wp-content\/uploads\/sites\/37\/2019\/09\/apache-general.jpg\" alt=\"apache-general\" width=\"309\" height=\"163\" srcset=\"https:\/\/static-blogs.diariovasco.com\/wp-content\/uploads\/sites\/37\/2019\/09\/apache-general.jpg 309w, https:\/\/static-blogs.diariovasco.com\/wp-content\/uploads\/sites\/37\/2019\/09\/apache-general-300x158.jpg 300w\" sizes=\"(max-width: 309px) 100vw, 309px\" \/>La serie ha sido escrita en base a entrevistas con el propio jugador que presenta cada episodio desde una terraza del barrio que le vio crecer en una especie de homenaje a las personas que le ayudaron a convertirse en el futbolista que ha sido, cuando a los treinta y cinco ha vuelto a jugar en Boca, su equipo de siempre.<\/p>\n<p>Con estas instrucciones,\u00a0 &#8216;Apache&#8217; se puede disfrutar mucho m\u00e1s que si esperamos la hagiograf\u00eda laudatoria del futbolista, como el bodrio recien estrenado sobre Sergio Ramos. Es mejor avisar para que no se lleven a enga\u00f1o por si\u00a0 la rama espa\u00f1ola de Netflix decide ponerla en su cat\u00e1logo, porque es un gran documento para conocer las dur\u00edsimas condiciones en las que se forj\u00f3 Carlos T\u00e9vez.<\/p>\n<p>Su fama en\u00a0el barrio es tan grande, que la sinton\u00eda de la serie es una canci\u00f3n en la que elogian su figura y sus or\u00edgenes que pueden escuchar en el siguiente v\u00eddeo que cierra este art\u00edculo sobre las biograf\u00edas de dos \u00eddolos deportivos argentinos<br \/>\n<iframe loading=\"lazy\" src=\"https:\/\/www.youtube.com\/embed\/55of5nGhqXI\" width=\"560\" height=\"315\" frameborder=\"0\" allowfullscreen=\"allowfullscreen\"><\/iframe><\/p>\n<p>Esperamos sus opiniones y comentarios, aqu\u00ed o en nuestra cuenta de twitter (@lmejino). Hasta la pr\u00f3xima<\/p>\n<p>Lorenzo Mejino<\/p>\n<!-- AddThis Advanced Settings generic via filter on the_content --><!-- AddThis Share Buttons generic via filter on the_content -->","protected":false},"excerpt":{"rendered":"<p>Las casualidades que suelen ocurrir en las pantallas televisivas han hecho que coincidan en el tiempo, dos miniseries que narran las biografi\u00e1s de dos grandes deportistas argentinos, el boxeador Carlos Monz\u00f3n y el futbolista Carlos &#8216;Apache&#8217; T\u00e9vez que tienen la caracter\u00edstica com\u00fan de estar marcadas por delitos y sucesos tr\u00e1gicos en especial en el caso [&hellip;]<!-- AddThis Advanced Settings generic via filter on get_the_excerpt --><!-- AddThis Share Buttons generic via filter on get_the_excerpt --><\/p>\n","protected":false},"author":61,"featured_media":0,"comment_status":"open","ping_status":"closed","sticky":false,"template":"","format":"standard","meta":[],"categories":[4,5,6,17],"tags":[5149,5153,5154,5152,5151,5150],"_links":{"self":[{"href":"https:\/\/blogs.diariovasco.com\/series-gourmets\/wp-json\/wp\/v2\/posts\/10958"}],"collection":[{"href":"https:\/\/blogs.diariovasco.com\/series-gourmets\/wp-json\/wp\/v2\/posts"}],"about":[{"href":"https:\/\/blogs.diariovasco.com\/series-gourmets\/wp-json\/wp\/v2\/types\/post"}],"author":[{"embeddable":true,"href":"https:\/\/blogs.diariovasco.com\/series-gourmets\/wp-json\/wp\/v2\/users\/61"}],"replies":[{"embeddable":true,"href":"https:\/\/blogs.diariovasco.com\/series-gourmets\/wp-json\/wp\/v2\/comments?post=10958"}],"version-history":[{"count":5,"href":"https:\/\/blogs.diariovasco.com\/series-gourmets\/wp-json\/wp\/v2\/posts\/10958\/revisions"}],"predecessor-version":[{"id":11017,"href":"https:\/\/blogs.diariovasco.com\/series-gourmets\/wp-json\/wp\/v2\/posts\/10958\/revisions\/11017"}],"wp:attachment":[{"href":"https:\/\/blogs.diariovasco.com\/series-gourmets\/wp-json\/wp\/v2\/media?parent=10958"}],"wp:term":[{"taxonomy":"category","embeddable":true,"href":"https:\/\/blogs.diariovasco.com\/series-gourmets\/wp-json\/wp\/v2\/categories?post=10958"},{"taxonomy":"post_tag","embeddable":true,"href":"https:\/\/blogs.diariovasco.com\/series-gourmets\/wp-json\/wp\/v2\/tags?post=10958"}],"curies":[{"name":"wp","href":"https:\/\/api.w.org\/{rel}","templated":true}]}}