{"id":11096,"date":"2019-10-18T06:00:27","date_gmt":"2019-10-18T05:00:27","guid":{"rendered":"https:\/\/blogs.diariovasco.com\/series-gourmets\/?p=11096"},"modified":"2019-10-16T10:45:30","modified_gmt":"2019-10-16T09:45:30","slug":"ovni-ufo-el-mejor-representante-del-pop-kitsch-espacial-britanico-de-los-setenta","status":"publish","type":"post","link":"https:\/\/blogs.diariovasco.com\/series-gourmets\/2019\/10\/18\/ovni-ufo-el-mejor-representante-del-pop-kitsch-espacial-britanico-de-los-setenta\/","title":{"rendered":"OVNI ( UFO) : el mejor representante del pop-kitsch espacial  brit\u00e1nico de los setenta"},"content":{"rendered":"<p>Las series brit\u00e1nicas de ciencia-ficci\u00f3n de las d\u00e9cadas de los sesenta y setenta son todo un subg\u00e9nero en si mismas, empezando por el venerable Dr Who, que todav\u00eda colea por nuestros d\u00edas y siguiendo por la encomiable &#8216;Blake&#8217;s seven&#8217; , pero hoy nos vamos a detener en una serie que es el mejor compendio de la est\u00e9tica pop de la \u00e9poca con las aventuras especiales hechas con pocos medios y gran talento como es el caso de &#8216;OVNI&#8217; el nombre con el que se estren\u00f3 en nuestro pa\u00eds, el original brit\u00e1nico &#8216;UFO&#8217;.<\/p>\n<p>Claramente deudora e inspirada en &#8216;Guardianes del Espacio&#8217;, la serie anterior de sus creadores Gerry y Sylvia Anderson, &#8216;OVNI&#8217; supuso el salto a los personajes de carne y hueso desde su universo de marionetas que tanto controlaban y que les abri\u00f3 el camino para otras propuestas posteriores m\u00e1s elaboradas, como les vamos a recordar en el presente art\u00edculo.<\/p>\n<p><strong><img loading=\"lazy\" class=\"aligncenter size-full wp-image-11098\" src=\"https:\/\/static-blogs.diariovasco.com\/wp-content\/uploads\/sites\/37\/2019\/10\/general-1.jpg\" alt=\"\" width=\"3000\" height=\"3000\" srcset=\"https:\/\/static-blogs.diariovasco.com\/wp-content\/uploads\/sites\/37\/2019\/10\/general-1.jpg 3000w, https:\/\/static-blogs.diariovasco.com\/wp-content\/uploads\/sites\/37\/2019\/10\/general-1-150x150.jpg 150w, https:\/\/static-blogs.diariovasco.com\/wp-content\/uploads\/sites\/37\/2019\/10\/general-1-300x300.jpg 300w, https:\/\/static-blogs.diariovasco.com\/wp-content\/uploads\/sites\/37\/2019\/10\/general-1-768x768.jpg 768w, https:\/\/static-blogs.diariovasco.com\/wp-content\/uploads\/sites\/37\/2019\/10\/general-1-628x628.jpg 628w\" sizes=\"(max-width: 3000px) 100vw, 3000px\" \/>Ficha:<\/strong> OVNI ( UFO) 26 episodios\u00a0\u00a0 Sep 1970 &#8211; Mar 1973<strong>\u00a0 Cadena:\u00a0<\/strong> ITV(UK) &#8211; la 1 (E)<\/p>\n<p><strong>Sinopsis:<\/strong>\u00a0 En el a\u00f1o 1980 la Tierra est\u00e1 amenazada por unas incursiones aisladas de una raza alien\u00edgena, que abducen personas humanas para trasplantar sus \u00f3rganos a sus cuerpos enfermos. Como primera linea de defensa ante una posible invasi\u00f3n, una alianza de los pa\u00edses terrestres ha creado una organizaci\u00f3n secreta denominada SHADO ( acr\u00f3nimo de Supreme\u00a0Headquarters,\u00a0Alien\u00a0Defence\u00a0Organisation, que podemos traducir por Cuartel General Supremo de la Organizaci\u00f3n de la Defensa contra Extraterrestres).<\/p>\n<p>La organizaci\u00f3n opera completamente encubierta bajo la tapadera de unos estudios de cine y tiene sat\u00e9lites detectores, bases lunares, submarinos y fuerzas terrestres dispuestas a acabar con cualquier amenaza extraterrestre contra la tierra. Su lider es el coronel Straker, un militar tan implacable como atormentado en su vida personal.<\/p>\n<p>En cada episodio se enfrentan a alguna amenaza espacial que ve ser aplastada sin que trascienda a la opini\u00f3n p\u00fablica.<\/p>\n<p><strong>El inicio:<\/strong> El matrimonio formado por Gerry y Sylvia Anderson empezaron su carrera a finales de los a\u00f1os cincuenta con programas infantiles de corte futurista donde utilizan h\u00e1bilmente marionetas para conseguir los efectos deseados. Su fama fue creciendo hasta llegar a la creaci\u00f3n de su obra m\u00e1s conocida los \u201cThunderbirds\u201d o \u201cGuardianes del Espacio\u201d, una de las mejores series juveniles de la historia de la televisi\u00f3n.<\/p>\n<p><img loading=\"lazy\" class=\"aligncenter size-full wp-image-11099\" src=\"https:\/\/static-blogs.diariovasco.com\/wp-content\/uploads\/sites\/37\/2019\/10\/gerry-silvia-anderson.jpg\" alt=\"\" width=\"564\" height=\"403\" srcset=\"https:\/\/static-blogs.diariovasco.com\/wp-content\/uploads\/sites\/37\/2019\/10\/gerry-silvia-anderson.jpg 564w, https:\/\/static-blogs.diariovasco.com\/wp-content\/uploads\/sites\/37\/2019\/10\/gerry-silvia-anderson-300x214.jpg 300w\" sizes=\"(max-width: 564px) 100vw, 564px\" \/>El matrimonio llevaba a\u00f1os intentando entrar en el terreno de las series con personajes de carne y hueso, por lo que recibieron encantados el encargo del todopoderoso Lew Grade el mandam\u00e1s de la cadena ITV, para proponerle algo en ese terreno.<\/p>\n<p>A finales de los sesenta, los avistamientos sin confirmar de OVNIs eran bastante frecuentes y decidieron unir ese concepto con el de trasplantes de \u00f3rganos tras el primer trasplante de coraz\u00f3n realizado por el doctor Christian Barnard, para trabajar a partir de esos alien\u00edgenas robaorganos y la defensa terrestre contra ellos, por tierra, mar, aire y espacio.<\/p>\n<p>Cuando recibieron la aprobaci\u00f3n de la serie, trabajaron en una primera temporada que inicialmente estaba prevista de 26 episodios, pero que debido al incendio en el estudio londinense en el que rodaban, tuvo una interrupci\u00f3n de casi nueve meses.<\/p>\n<p>Su estreno en Septiembre de 1970 fue todo un \u00e9xito de cr\u00edticas y audiencias, completamente entregadas desde el momento en que sonaba la energ\u00e9tica m\u00fasica de la larga cabecera de la serie, que nos presentaba buena parte de todos los artilugios y bases de SHADO, que si la vieron en su momento, seguro que la recordaran.<br \/>\n<iframe loading=\"lazy\" src=\"https:\/\/www.youtube.com\/embed\/1qDy4OMAkgY\" width=\"560\" height=\"315\" frameborder=\"0\" allowfullscreen=\"allowfullscreen\"><\/iframe><\/p>\n<p><strong>La trama:<\/strong> &#8216;OVNI&#8217; era un procedimental de aventuras espaciales, donde un equipo formado por los personajes m\u00e1s selectos en todos los campos militares se enfrentaban semanalmente a invasiones alien\u00edgenas, con la necesidad de mantener esas luchas en secreto para no alarmar a la poblaci\u00f3n, apareciendo como un grupo de h\u00e9roes entregados a una causa y un destino por el que nunca van a tener ning\u00fan reconocimiento.<\/p>\n<p>A diferencia de sus series anteriores que iban dirigidas a un publico infantil y juvenil, el tono de la serie es mucho m\u00e1s adulto, buscando crecer con la generaci\u00f3n que hab\u00eda\u00a0 empezando viendo sus series diez a\u00f1os antes, esperando que les siguieran en esa nueva aventura, cosa que consiguieron plenamente.<\/p>\n<p>El tono era bastante oscuro, muy influenciado por la propia situaci\u00f3n personal de Gerry Anderson, en un complicado proceso de divorcio de su mujer y socia, que transmit\u00eda esa angustia a su alter ego en la serie, el coronel Straker que tambi\u00e9n viv\u00eda sus dramas personales.<\/p>\n<p>Las historias segu\u00edan un esquema similar, que empezaba por la detecci\u00f3n de la invasi\u00f3n de turno por el sat\u00e9lite exterior de detecci\u00f3n (S.I.D) que daba la alerta sobre el numero y el tipo de invasi\u00f3n.<\/p>\n<p>La primera linea de defensa estaba en la base lunar que ten\u00eda una de las principales se\u00f1as de identidad de la serie, como eran las pelucas de color p\u00farpura de sus t\u00e9cnicas, como pueden ver en el siguiente v\u00eddeo, donde reaccionan a un ataque directo hac\u00eda la base<br \/>\n<iframe loading=\"lazy\" src=\"https:\/\/www.youtube.com\/embed\/Bvzarp5j_T8\" width=\"560\" height=\"315\" frameborder=\"0\" allowfullscreen=\"allowfullscreen\"><\/iframe><br \/>\nLas naves que consegu\u00edan superar la defensa lunar, se encontraban con la segunda linea que estaba formada por una flota de submarinos equipada con unos aviones supers\u00f3nicos que pod\u00edan despegar desde el fondo del mar y que se movilizaban en cuanto entraban en el espacio terrestre, como pueden ver a continuaci\u00f3n.<br \/>\n<iframe loading=\"lazy\" src=\"https:\/\/www.youtube.com\/embed\/NxNHMz5lSTA\" width=\"560\" height=\"315\" frameborder=\"0\" allowfullscreen=\"allowfullscreen\"><\/iframe><br \/>\nSi consegu\u00edan llegar hasta la superficie terrestre ( por suerte, casi siempre muy cerca del cuartel general de SHADO) , ten\u00edamos como \u00faltima linea de defensa los veh\u00edculos blindados y m\u00f3viles que eran los encargados de interceptar esas \u00faltimas amenazas de la siguiente forma tan expeditiva.<br \/>\n<iframe loading=\"lazy\" src=\"https:\/\/www.youtube.com\/embed\/8JVx6lfMru8\" width=\"560\" height=\"315\" frameborder=\"0\" allowfullscreen=\"allowfullscreen\"><\/iframe><\/p>\n<p>El ataque semanal estaba dise\u00f1ado de tal manera que todo el mundo en todas las bases, tuviera su oportunidad de lucimiento y de mostrar sus habilidades, incluyendo al propio coronel Straker, que no dudaba en ponerse en primera linea de batalla si las circunstancias lo necesitaban.<\/p>\n<p>Se esforzaban en introducir subtramas con temas algo m\u00e1s controvertidos como el racismo o el machismo, pero cuando haces circular a tus actrices con minifaldas, escotes y pelucas lilas, el mensaje machista pierde bastante efectividad, por lo que prefiero correr un tupido velo al respecto<\/p>\n<p><img loading=\"lazy\" class=\"aligncenter size-full wp-image-11102\" src=\"https:\/\/static-blogs.diariovasco.com\/wp-content\/uploads\/sites\/37\/2019\/10\/shado-girls.jpg\" alt=\"\" width=\"1200\" height=\"600\" srcset=\"https:\/\/static-blogs.diariovasco.com\/wp-content\/uploads\/sites\/37\/2019\/10\/shado-girls.jpg 1200w, https:\/\/static-blogs.diariovasco.com\/wp-content\/uploads\/sites\/37\/2019\/10\/shado-girls-300x150.jpg 300w, https:\/\/static-blogs.diariovasco.com\/wp-content\/uploads\/sites\/37\/2019\/10\/shado-girls-768x384.jpg 768w, https:\/\/static-blogs.diariovasco.com\/wp-content\/uploads\/sites\/37\/2019\/10\/shado-girls-628x314.jpg 628w\" sizes=\"(max-width: 1200px) 100vw, 1200px\" \/>Y a habr\u00e1n notado en los v\u00eddeos que tanto las maquetas como las naves espaciales eran de los m\u00e1s avanzados que se pod\u00edan permitir en esa \u00e9poca preordenadores y efectos especiales y aunque ahora l\u00f3gicamente parecen muy desfasados, siguen teniendo un cierto encanto por el gran talento que desplegaban de forma manual en esas maquetas.<\/p>\n<p>Es una serie que recuerdo de forma entra\u00f1able, como una de las primeras series que ve\u00eda en la televisi\u00f3n tardofranquista con muchas batallas y alien\u00edgenas, algo que en esa \u00e9poca apenas se estilaba y que ha aguantado bastante bien el paso del tiempo, mucho mejor que el vestuario y los peinados que me lleva todo el reparto, que as\u00ed a primera vista a muchos les puede parecer una celebraci\u00f3n de carnaval, estilo Barbarella.<\/p>\n<p><img loading=\"lazy\" class=\"aligncenter size-full wp-image-11100\" src=\"https:\/\/static-blogs.diariovasco.com\/wp-content\/uploads\/sites\/37\/2019\/10\/nave-espacial.jpg\" alt=\"\" width=\"620\" height=\"522\" srcset=\"https:\/\/static-blogs.diariovasco.com\/wp-content\/uploads\/sites\/37\/2019\/10\/nave-espacial.jpg 620w, https:\/\/static-blogs.diariovasco.com\/wp-content\/uploads\/sites\/37\/2019\/10\/nave-espacial-300x253.jpg 300w\" sizes=\"(max-width: 620px) 100vw, 620px\" \/>No soy nada partidario de hacer revisiones con la mirada actual de las\u00a0 cosas que pude ver en su momento, por lo que prefiero quedarme con los recuerdos juveniles que me ha tra\u00eddo a la cabeza su revisionado, tras encontrar todos los episodios completos, incluso en castellano por YouTube, donde he disfrutado de lo lindo, recordando situaciones y personajes olvidados en mi cerebro y como siempre digo, recordando las personas con las que compart\u00eda esos momentos.<\/p>\n<p><strong>Los actores:<\/strong><\/p>\n<p>El reparto era inmenso, debido a la necesidad de tener t\u00e9cnicos y especialistas en todas y cada una de las bases de defensa de SHADO, por lo que solo vamos a destacar a dos personajes de todo ese elenco tan coral y el primero no pod\u00eda ser otro que Ed Bishop, que interpretaba al coronel Straker, el jefe de SHADO y centro de todas las decisiones.<\/p>\n<p>Bishop ( der) era un actor secundario brit\u00e1nico de los que sal\u00edan en pocas escenas en las pel\u00edculas de James Bond, pero que siempre encontraba trabajo haciendo voces en todos los proyectos del matrimonio Anderson, por lo que no dudaron en ofrecerle su primer personaje en carne y hueso como el coronel Straker, el papel m\u00e1s importante de su carrera, donde pod\u00eda mostrar su vena dram\u00e1tica y de h\u00e9roe de acci\u00f3n a partes iguales.<\/p>\n<p>Tras la serie siguiendo trabajando en la sombra haciendo voces y acudiendo a todas las convenciones de fans a las que le invitaran hasta su muerte en 2005 a los 73 a\u00f1os<\/p>\n<p><img loading=\"lazy\" class=\"aligncenter size-full wp-image-11101\" src=\"https:\/\/static-blogs.diariovasco.com\/wp-content\/uploads\/sites\/37\/2019\/10\/sewell-bishop.jpg\" alt=\"\" width=\"500\" height=\"400\" srcset=\"https:\/\/static-blogs.diariovasco.com\/wp-content\/uploads\/sites\/37\/2019\/10\/sewell-bishop.jpg 500w, https:\/\/static-blogs.diariovasco.com\/wp-content\/uploads\/sites\/37\/2019\/10\/sewell-bishop-300x240.jpg 300w\" sizes=\"(max-width: 500px) 100vw, 500px\" \/>Una cara que recuerdo mucho mejor es la de George Sewell ( der) que interpretaba al segundo al mando, el coronel Alec E. Freeman, el punto de apoyo y a veces de discrepancia de las decisiones de su jefe. Sewell ha destacado casi siempre como detective o inspector en todo tipo de series policiales como en la gran &#8216;Special Branch&#8217; o en parodias policiales como &#8216;The Detectives&#8217;, hasta su muerte en 2007.<\/p>\n<p><strong>El final:<\/strong><br \/>\nLa interrupci\u00f3n del rodaje\u00a0 por un incendio de la 1T, supuso graves cambios en el reparto, ya que casi la mitad del reparto no estaba bajo contrato y encontraron otros trabajos durante los nueve meses de la reconstrucci\u00f3n de los decorados tras el percance sufrido. Los cambios no se justificaron en ning\u00fan momento, porque ademas emit\u00edan los episodios sin orden alguno, por lo que la posible continuidad no se ve\u00eda afectada, excepto en alg\u00fan peque\u00f1o hilo del coronel Straker.<\/p>\n<p>Su estreno en los EEUU fue todo un bombazo, por lo que no tardaron en renovarla para una 2T, pero finalmente por toda una serie de razones creativas y econ\u00f3micas no se llev\u00f3 a cabo, aunque decidieron remodelar la serie para crear la celebrada <a href=\"https:\/\/blogs.diariovasco.com\/series-gourmets\/2017\/07\/14\/espacio-1999-los-modelos-espaciales-que-inspiraron-a-george-lucas\/\">&#8216;Espacio 1999&#8217;<\/a> de la que ya les habl\u00e9 en su momento y que\u00a0 pueden recordar <a href=\"https:\/\/blogs.diariovasco.com\/series-gourmets\/2017\/07\/14\/espacio-1999-los-modelos-espaciales-que-inspiraron-a-george-lucas\/\">en el siguiente enlace<\/a>.<\/p>\n<p>La serie fue bastante popular en nuestro pa\u00eds, pero sobre todo en Italia, donde sigue siendo un objeto de gran veneraci\u00f3n con innumerables repeticiones, a nivel que tuvo &#8216;V&#8217; en nuestro pa\u00eds. En este sentid0, no dejan de sonar tambores de una posible resurrecci\u00f3n y lo cierto es que &#8216;OVNI&#8217; es de las que podr\u00eda funcionar con un poco de traza y otro vestuario.<\/p>\n<p><strong>Ep\u00edlogo:<\/strong><br \/>\nMe lo he pasado en grande, recordando mis vivencias juveniles con &#8216;OVNI&#8217; y que me ha encantado compartir con ustedes en este rinc\u00f3n del recuerdo de cada viernes, por lo que en esta ocasi\u00f3n les voy a dejar con un v\u00eddeo resumen de la serie publicado por el propio\u00a0 Gerry Anderson.<br \/>\n<iframe loading=\"lazy\" src=\"https:\/\/www.youtube.com\/embed\/HT3X6AAprD0\" width=\"560\" height=\"315\" frameborder=\"0\" allowfullscreen=\"allowfullscreen\"><\/iframe><br \/>\nEsperamos sus opiniones y comentarios, aqu\u00ed o en nuestra cuenta de twitter (@lmejino). Hasta la pr\u00f3xima<\/p>\n<p>Lorenzo Mejino<\/p>\n<!-- AddThis Advanced Settings generic via filter on the_content --><!-- AddThis Share Buttons generic via filter on the_content -->","protected":false},"excerpt":{"rendered":"<p>Las series brit\u00e1nicas de ciencia-ficci\u00f3n de las d\u00e9cadas de los sesenta y setenta son todo un subg\u00e9nero en si mismas, empezando por el venerable Dr Who, que todav\u00eda colea por nuestros d\u00edas y siguiendo por la encomiable &#8216;Blake&#8217;s seven&#8217; , pero hoy nos vamos a detener en una serie que es el mejor compendio de [&hellip;]<!-- AddThis Advanced Settings generic via filter on get_the_excerpt --><!-- AddThis Share Buttons generic via filter on get_the_excerpt --><\/p>\n","protected":false},"author":61,"featured_media":0,"comment_status":"open","ping_status":"closed","sticky":false,"template":"","format":"standard","meta":[],"categories":[1],"tags":[5210,5211,5212,5208,5213,5209],"_links":{"self":[{"href":"https:\/\/blogs.diariovasco.com\/series-gourmets\/wp-json\/wp\/v2\/posts\/11096"}],"collection":[{"href":"https:\/\/blogs.diariovasco.com\/series-gourmets\/wp-json\/wp\/v2\/posts"}],"about":[{"href":"https:\/\/blogs.diariovasco.com\/series-gourmets\/wp-json\/wp\/v2\/types\/post"}],"author":[{"embeddable":true,"href":"https:\/\/blogs.diariovasco.com\/series-gourmets\/wp-json\/wp\/v2\/users\/61"}],"replies":[{"embeddable":true,"href":"https:\/\/blogs.diariovasco.com\/series-gourmets\/wp-json\/wp\/v2\/comments?post=11096"}],"version-history":[{"count":4,"href":"https:\/\/blogs.diariovasco.com\/series-gourmets\/wp-json\/wp\/v2\/posts\/11096\/revisions"}],"predecessor-version":[{"id":11124,"href":"https:\/\/blogs.diariovasco.com\/series-gourmets\/wp-json\/wp\/v2\/posts\/11096\/revisions\/11124"}],"wp:attachment":[{"href":"https:\/\/blogs.diariovasco.com\/series-gourmets\/wp-json\/wp\/v2\/media?parent=11096"}],"wp:term":[{"taxonomy":"category","embeddable":true,"href":"https:\/\/blogs.diariovasco.com\/series-gourmets\/wp-json\/wp\/v2\/categories?post=11096"},{"taxonomy":"post_tag","embeddable":true,"href":"https:\/\/blogs.diariovasco.com\/series-gourmets\/wp-json\/wp\/v2\/tags?post=11096"}],"curies":[{"name":"wp","href":"https:\/\/api.w.org\/{rel}","templated":true}]}}