{"id":11114,"date":"2019-10-23T06:00:22","date_gmt":"2019-10-23T05:00:22","guid":{"rendered":"https:\/\/blogs.diariovasco.com\/series-gourmets\/?p=11114"},"modified":"2019-10-22T12:56:10","modified_gmt":"2019-10-22T11:56:10","slug":"estacion-19-extincion-de-grey","status":"publish","type":"post","link":"https:\/\/blogs.diariovasco.com\/series-gourmets\/2019\/10\/23\/estacion-19-extincion-de-grey\/","title":{"rendered":"Estaci\u00f3n 19  :  Extinci\u00f3n de Grey."},"content":{"rendered":"<p>Una de las reglas de oro televisivas es rentabilizar al m\u00e1ximo las series que consiguen alcanzar un gran \u00e9xito de p\u00fablico. En un mundillo donde cada vez es m\u00e1s dif\u00edcil sobresalir entre toda la producci\u00f3n. &#8216;Anatom\u00eda de Grey&#8217; no iba a ser una excepci\u00f3n a la regla y tras crear una primera secuela, &#8216;Sin Cita Previa\/Private Practice&#8217;, con cinco temporadas en emisi\u00f3n, han decidido crear una segunda secuela, &#8216;Estaci\u00f3n 19&#8217; casi diez a\u00f1os despu\u00e9s de la primera.<\/p>\n<p>Intentando jugar al m\u00e1ximo con las sinergias, han utilizado la excusa del cambio de profesi\u00f3n de un personaje relativamente secundario de la serie m\u00e9dica que pasa de cirujano a bombero. As\u00ed pueden introducir las historias del parque de bomberos de Seattle al que ha sido destinado, a escasamente tres manzanas del hospital Grey Sloane aprovechando al m\u00e1ximo ese universo &#8216;greyano&#8217; ya creado, como les vamos a analizar a continuaci\u00f3n.<\/p>\n<p><strong><img loading=\"lazy\" class=\"aligncenter size-full wp-image-11115\" src=\"https:\/\/static-blogs.diariovasco.com\/wp-content\/uploads\/sites\/37\/2019\/10\/general-2.jpg\" alt=\"\" width=\"760\" height=\"507\" srcset=\"https:\/\/static-blogs.diariovasco.com\/wp-content\/uploads\/sites\/37\/2019\/10\/general-2.jpg 760w, https:\/\/static-blogs.diariovasco.com\/wp-content\/uploads\/sites\/37\/2019\/10\/general-2-300x200.jpg 300w, https:\/\/static-blogs.diariovasco.com\/wp-content\/uploads\/sites\/37\/2019\/10\/general-2-628x419.jpg 628w\" sizes=\"(max-width: 760px) 100vw, 760px\" \/>Ficha:<\/strong> Estaci\u00f3n 19\/ Station 19 27 ep 40 m Mar 2018 \u2013 ABC (USA)- Fox Life (E)<\/p>\n<p><strong>Sinopsis:<\/strong><br \/>\nLas historias personales y profesionales de los hombres y mujeres de la Estaci\u00f3n 19 del Cuerpo de Bomberos de Seattle que abarcan desde el capit\u00e1n a punto de retirarse, hasta el \u00faltimo novato que es Ben Warren, un cirujano que ha decidido cambiar de profesi\u00f3n para seguir su verdadera vocaci\u00f3n.<\/p>\n<p>En ese microcosmos, destaca el creciente protagonismo que est\u00e1n teniendo las mujeres en el cuerpo de bomberos, en especial cuando la teniente Andy Herrera se postula como la principal candidata para ascender a capitana del parque, donde suceder\u00eda precisamente a su padre y se convertir\u00eda en la primera mujer que llega a un puesto tan alto en Seattle.<\/p>\n<p><strong>El inicio:<\/strong> Stacy McKee es una guionista que tuvo su primera oportunidad hace quince a\u00f1os, cuando fue elegida por la novata creadora Shonda Rhimes, para formar parte como una joven asistente de la sala de guionistas de &#8216;Anatom\u00eda de Grey&#8217; en su primera temporada.<\/p>\n<p>Poco a poco fue subiendo en el escalaf\u00f3n de la serie hasta llegar a ser la showrunner y m\u00e1xima responsable durante varias temporadas. En ese punto, su mentora Shonda Rhimes le anim\u00f3 a presentar posibles ideas para una secuela que pudieran interesar a la cadena ABC, que m\u00e1s o menos ten\u00eda reservada la noche de los jueves para las series de Shonda, hasta su marcha a Netflix.<\/p>\n<p>McKee descubri\u00f3 que la ciudad de Seattle ten\u00eda el porcentaje m\u00e1s alto de mujeres en el cuerpo de bomberos y ese\u00a0 punto de partida la iba a diferenciar de otras series en emisi\u00f3n del mismo ramo como &#8216;Chicago Fire&#8217;, ademas de utilizar las l\u00f3gicas sinergias con la serie madre, por lo que tras proponerlo a su jefa, recibi\u00f3 su visto para su desarrollo.<\/p>\n<p>El enfoque inicial iba encaminado a mostrar todo lo que pasaba antes de que las ambulancias depositaran a los heridos en el hospital, recorriendo el trayecto desde su rescate, lo que permit\u00eda mostrar con todo detalle, el trabajo del cuerpo de bomberos.<\/p>\n<p>La excusa del cambio de vocaci\u00f3n del personaje secundario de Ben, el anestesi\u00f3logo reconvertido en cirujano y ahora en bombero, adem\u00e1s de estar casado por la popular doctora Bailey, fue perfecta para introducir a su protagonista Andy Herrera como un &#8216;backdoor pilot&#8217;, en un episodio regular de la decimotercera temporada de la venerable &#8216;Anatom\u00eda de Grey&#8217; .<\/p>\n<p>Para dirigir la serie Stacy McKee ( izq) cont\u00f3 con la presencia del ilustre director televisivo Paris Barclay ( der) , con dos Emmys en su poder, que fue el encargado de marcar el tono est\u00e9tico de la serie.<\/p>\n<p><img loading=\"lazy\" class=\"aligncenter size-full wp-image-11119\" src=\"https:\/\/static-blogs.diariovasco.com\/wp-content\/uploads\/sites\/37\/2019\/10\/mckee-paris-barclay.jpg\" alt=\"\" width=\"600\" height=\"400\" srcset=\"https:\/\/static-blogs.diariovasco.com\/wp-content\/uploads\/sites\/37\/2019\/10\/mckee-paris-barclay.jpg 600w, https:\/\/static-blogs.diariovasco.com\/wp-content\/uploads\/sites\/37\/2019\/10\/mckee-paris-barclay-300x200.jpg 300w\" sizes=\"(max-width: 600px) 100vw, 600px\" \/>La primera promoci\u00f3n de la serie dejaba bien a las claras su origen\u00a0 para intentar captar a los numerosos seguidores de &#8216;Anatom\u00eda de Grey&#8217;<br \/>\n<iframe loading=\"lazy\" src=\"https:\/\/www.youtube.com\/embed\/6CAxGqGyIkk\" width=\"560\" height=\"315\" frameborder=\"0\" allowfullscreen=\"allowfullscreen\"><\/iframe><\/p>\n<p>Su emisi\u00f3n fue convenientemente protegida durante la noche de los jueves, al emitirla entre &#8216;Anatom\u00eda de Grey&#8217; y &#8216;Scandal&#8217; que estaba emitiendo sus \u00faltimos episodios. Su estreno tuvo unas audiencias decentes pero nada espectaculares, mientras que la cr\u00edtica la consider\u00f3 en general una replica poco acertada de las historias y personajes de la serie madre, empezando por la propia voz en off de la protagonista que abr\u00eda y cerraba cada cap\u00edtulo.<\/p>\n<p><strong>La trama:<\/strong> &#8216;Estaci\u00f3n 19 &#8216; es una serie de bomberos que sigue en lineas generales el manual de este tipo de series, con el parque como una segunda familia de todos sus componentes, que en algunos casos es incluso la m\u00e1s importante.<\/p>\n<p>En cada episodio, tenemos dos tipos de historias, en primer lugar tenemos las de acci\u00f3n que corresponden a las salidas que deben hacer, ya sea para extinguir incendios, sacar a personas atrapadas en todo tipo de accidentes o rescatar a personas en peligro de ca\u00eddas de grandes alturas.<\/p>\n<p>En paralelo tenemos las historias de los miembros del parque, tanto en sus relaciones interpersonales como las que mantienen con personas fuera del parque, aunque en esta ocasi\u00f3n la cuasi paridad entre bomberos y bomberas posibilita y provoca muchos romances laborales a pesar de estar prohibidos por el reglamento, como nos muestran en el trailer oficial de la serie.<br \/>\n<iframe loading=\"lazy\" src=\"https:\/\/www.youtube.com\/embed\/_0iIg59vZD4\" width=\"560\" height=\"315\" frameborder=\"0\" allowfullscreen=\"allowfullscreen\"><\/iframe><br \/>\nEsos romances laborales son el principal hilo de continuidad de la serie y siguen el esquema de iniciar un romance prohibido para esconderlo a ojos de todos sus compa\u00f1eros que poco a poco y uno a uno van descubriendo la nueva situaci\u00f3n hasta que llega a o\u00eddos de sus jefes. En ese momento se produce la crisis pertinente de turno que suele saldarse con la separaci\u00f3n y la creaci\u00f3n de otra nueva pareja en circunstancias similares.<\/p>\n<p>Un ejemplo de esta din\u00e1mica lo tienen en uno de los primeros romances a escondidas entre los dos tenientes que aspiran al puesto de capit\u00e1n y que se ven obligados a simular una falsa pelea para encerrarse en un cuarto para dar rienda suelta a su pasi\u00f3n.<br \/>\n<iframe loading=\"lazy\" src=\"https:\/\/www.youtube.com\/embed\/BKmHznmlVX4\" width=\"560\" height=\"315\" frameborder=\"0\" allowfullscreen=\"allowfullscreen\"><\/iframe><br \/>\nEl car\u00e1cter epis\u00f3dico de la serie viene reforzado por el suceso semanal que va a centrar los esfuerzos de todo el parque con el aliciente a\u00f1adido\u00a0 de poner en grave peligro de muerte a muchos de sus componentes cada semana.<\/p>\n<p>Un buen ejemplo es esta espectacular escena del primer episodio, donde dos bomberos deben ser rescatados por sus compa\u00f1eros de una dif\u00edcil situaci\u00f3n en la que est\u00e1n rodeados por el extra\u00f1o fen\u00f3meno del fuego azul, aunque el m\u00e9todo utilizado puede provocar una cierta incredulidad realista.<br \/>\n<iframe loading=\"lazy\" src=\"https:\/\/www.youtube.com\/embed\/YDSwyBVhJ0I\" width=\"560\" height=\"315\" frameborder=\"0\" allowfullscreen=\"allowfullscreen\"><\/iframe><br \/>\nLas situaciones de peligro m\u00e1s habituales suelen venir derivadas de su entrada en edificios en llamas para rescatar a las personas atrapadas sin pensar en el propio riesgo para sus vidas, a causa del hundimiento de las estructuras da\u00f1adas o por la reavivaci\u00f3n del fuego en los lugares m\u00e1s insospechados como en este corte.<br \/>\n<iframe loading=\"lazy\" src=\"https:\/\/www.youtube.com\/embed\/GRIthIwGRn4\" width=\"560\" height=\"315\" frameborder=\"0\" allowfullscreen=\"allowfullscreen\"><\/iframe><br \/>\nNo hay episodio sin acci\u00f3n heroica que no implique a uno o varios de los miembros del parque, incluyendo a un polic\u00eda amigo que tambi\u00e9n tiene su momento de gloria, rescatando a un beb\u00e9 en la siguiente escena.<br \/>\n<iframe loading=\"lazy\" src=\"https:\/\/www.youtube.com\/embed\/xdx_-YsmioU\" width=\"560\" height=\"315\" frameborder=\"0\" allowfullscreen=\"allowfullscreen\"><\/iframe><\/p>\n<p>El principal problema de &#8216;Estaci\u00f3n 19&#8217; es el mismo que tuvo en su momento la otra secuela &#8216;Sin Cita Previa&#8217; y que siempre ha resuelto con gran elegancia la serie madre y no es otro que la incredulidad que da ver a grandes profesionales en el desempe\u00f1o de su trabajo, comportarse como adolescentes descerebrados en celo, en cuanto se quitan el casco y las botas de bombero.<\/p>\n<p>Esa descompensaci\u00f3n en el desarrollo de los personajes es flagrante en los di\u00e1logos que tienen en los momentos de descanso con corrillos de chicos y chicas recre\u00e1ndose en situaciones tipo &#8216;me ajunta, no me ajunta&#8217; , donde el \u00fanico personaje con dos dedos de frente y centrado es el bombero gay de la estaci\u00f3n y todo ello acentuado por la conspicua\u00a0 voz en off de la protagonista con frases extraidas de los manuales de autoayuda al inicio y al final de cada episodio<\/p>\n<p>Otro gran problema es el personaje del capit\u00e1n inicial del parque y padre de la protagonista que tras enfermar gravemente y tener que dejar el mando, aparece y desaparece por el parque con numerosos trabajos que le ofrecen de la noche a la ma\u00f1ana, adem\u00e1s de seguir mandando a la m\u00e1s m\u00ednima en las graves situaciones por las que siempre acaba apareciendo por arte de magia.<\/p>\n<p>Por suerte, las escenas de acci\u00f3n tienen una gran calidad y en la segunda temporada han mejorado mucho con la presentaci\u00f3n del pasado de muchos de los bomberos y sobre todo con el desarrollo de un gran arco dram\u00e1tico en una relaci\u00f3n personal que me ha sorprendido por su calidad viniendo de donde ven\u00edan en la primera temporada.<\/p>\n<p>&#8216;Estaci\u00f3n 19&#8217; puede haber encontrado su camino en la segunda temporada, pero la marcha de su responsable Stacy McKee me da cierto miedo, no sea que vuelvan a las andadas iniciales de amor\u00edos estudiantiles, en lugar de centrarse en el drama que es lo que les funciona mucho mejor.<\/p>\n<p>En mi caso, empec\u00e9 a ver la serie, porque siempre me ha gustado mucho el universo de &#8216;Anatom\u00eda de Grey&#8217; y me atra\u00eda ver lo que pod\u00edan hacer extendiendo ese universo com\u00fan al parque de bomberos, con numerosas interacciones entre ambos, con el personaje que interpreta Jason George ( centro foto) , como evidente nexo de uni\u00f3n.<\/p>\n<p><img loading=\"lazy\" class=\"aligncenter size-full wp-image-11116\" src=\"https:\/\/static-blogs.diariovasco.com\/wp-content\/uploads\/sites\/37\/2019\/10\/george.jpg\" alt=\"\" width=\"1014\" height=\"570\" srcset=\"https:\/\/static-blogs.diariovasco.com\/wp-content\/uploads\/sites\/37\/2019\/10\/george.jpg 1014w, https:\/\/static-blogs.diariovasco.com\/wp-content\/uploads\/sites\/37\/2019\/10\/george-300x169.jpg 300w, https:\/\/static-blogs.diariovasco.com\/wp-content\/uploads\/sites\/37\/2019\/10\/george-768x432.jpg 768w, https:\/\/static-blogs.diariovasco.com\/wp-content\/uploads\/sites\/37\/2019\/10\/george-628x353.jpg 628w\" sizes=\"(max-width: 1014px) 100vw, 1014px\" \/>Durante la primera temporada, la ve\u00eda de forma distra\u00edda, casi siempre haciendo otras tareas y sin prestarle mucha atenci\u00f3n, excepto en las escenas pirot\u00e9cnicas o de rescates. Esa inercia sigui\u00f3 en el tramo inicial de la segunda temporada, donde me interesaban m\u00e1s las apariciones de los personajes del hospital, que las del propio parque, hasta que a mitad de temporada mi percepci\u00f3n cambi\u00f3 por ese arco dram\u00e1tico que les he mencionado y que me hizo prestarle mucha m\u00e1s atenci\u00f3n de la que jam\u00e1s me habr\u00eda imaginado.<\/p>\n<p><strong>Los actores:<\/strong> Es muy poco habitual ver a mujeres latinas como protagonistas de una serie de acci\u00f3n y en este sentido hay que aplaudir la valent\u00eda y el riesgo de Stacy McKee y Shonda Rhimes, en crear el personaje de la teniente Andy Herrera, la narradora y principal protagonista de las historias del parque, siempre dentro de una cierta coralidad. Un personaje al que da vida de forma muy adecuada Jaina Lee Ortiz.<\/p>\n<p><img loading=\"lazy\" class=\"aligncenter size-full wp-image-11118\" src=\"https:\/\/static-blogs.diariovasco.com\/wp-content\/uploads\/sites\/37\/2019\/10\/jaina-lee-ortiz.jpg\" alt=\"\" width=\"275\" height=\"183\" \/>Bailarina de formaci\u00f3n, viaj\u00f3 por todo el mundo dando clases de salsa y bailes latinos, hasta\u00a0 dar el salto a la interpretaci\u00f3n con un paso por el reality &#8216;Scream Queens&#8217; y el fallido piloto de\u00a0 Chris Carter &#8216;The After&#8217;, hasta tener su primer papel importante como la coprotagonista del drama forense &#8216;Rosewood&#8217; en el que estuvo dos temporadas. Ortiz me ha parecido una buena actriz, muy cre\u00edble en las escenas de acci\u00f3n y en las rom\u00e1nticas, lo que no es sencillo<\/p>\n<p>El resto del reparto es bastante largo y repleto de nombres poco conocidos que han tenido su primer papel importante en &#8216;Estaci\u00f3n 19&#8217; . Entre ellos destacan los cuatro de la siguiente foto que son en el lado izquierdo de la foto, la rubia Danielle Savre que interpreta a Maya, la mejor amiga de Andy, a su lado est\u00e1 Barret Doss que es la que m\u00e1s\u00a0 ha destacado en la 2T de la serie como una joven bombera y que ahora tiene tambi\u00e9n un cierto papel importante en la serie madre, lo que no deja de ser una especie de ascenso actoral.<\/p>\n<p><img loading=\"lazy\" class=\"size-full wp-image-11117\" src=\"https:\/\/static-blogs.diariovasco.com\/wp-content\/uploads\/sites\/37\/2019\/10\/grupo-cercano.jpg\" alt=\"\" width=\"590\" height=\"394\" srcset=\"https:\/\/static-blogs.diariovasco.com\/wp-content\/uploads\/sites\/37\/2019\/10\/grupo-cercano.jpg 590w, https:\/\/static-blogs.diariovasco.com\/wp-content\/uploads\/sites\/37\/2019\/10\/grupo-cercano-300x200.jpg 300w\" sizes=\"(max-width: 590px) 100vw, 590px\" \/><\/p>\n<p>En el lado derecho tenemos Okeriete Onaodowan, como el entusiasta bombero Dean Miller y finalmente Jay Hayden, un habitual de las series de Shonda Rhimes como &#8216;The Catch&#8217; que interpreta muy convincentemente a Travis el coraz\u00f3n y el m\u00e1stil moral de la serie.<\/p>\n<p><strong>Final :<\/strong> No s\u00e9 como va a evolucionar la serie con el cambio de showrunner, ni soy capaz de recomendar abiertamente una serie que solo mejora a partir de la mitad de la 2T, pero en este caso el dejarla de fondo me ha servido para llegar a la parte interesante.<\/p>\n<p>Espero que con estos datos puedan tomar sus propias decisiones al respecto, dependiendo seguramente de su admiraci\u00f3n y seguimiento de &#8216;Anatom\u00eda de Grey&#8217; y su secuela a la que he titulado adecuadamente &#8216;Extinci\u00f3n de Grey&#8217;<\/p>\n<p>Esperamos sus opiniones y comentarios, aqu\u00ed o en nuestra cuenta de twitter (@lmejino). Hasta la pr\u00f3xima<\/p>\n<p>Lorenzo Mejino<\/p>\n<!-- AddThis Advanced Settings generic via filter on the_content --><!-- AddThis Share Buttons generic via filter on the_content -->","protected":false},"excerpt":{"rendered":"<p>Una de las reglas de oro televisivas es rentabilizar al m\u00e1ximo las series que consiguen alcanzar un gran \u00e9xito de p\u00fablico. En un mundillo donde cada vez es m\u00e1s dif\u00edcil sobresalir entre toda la producci\u00f3n. &#8216;Anatom\u00eda de Grey&#8217; no iba a ser una excepci\u00f3n a la regla y tras crear una primera secuela, &#8216;Sin Cita [&hellip;]<!-- AddThis Advanced Settings generic via filter on get_the_excerpt --><!-- AddThis Share Buttons generic via filter on get_the_excerpt --><\/p>\n","protected":false},"author":61,"featured_media":0,"comment_status":"open","ping_status":"closed","sticky":false,"template":"","format":"standard","meta":[],"categories":[2,5,6,15],"tags":[5222,5223,5218,5221,5224,2485,5220,5219],"_links":{"self":[{"href":"https:\/\/blogs.diariovasco.com\/series-gourmets\/wp-json\/wp\/v2\/posts\/11114"}],"collection":[{"href":"https:\/\/blogs.diariovasco.com\/series-gourmets\/wp-json\/wp\/v2\/posts"}],"about":[{"href":"https:\/\/blogs.diariovasco.com\/series-gourmets\/wp-json\/wp\/v2\/types\/post"}],"author":[{"embeddable":true,"href":"https:\/\/blogs.diariovasco.com\/series-gourmets\/wp-json\/wp\/v2\/users\/61"}],"replies":[{"embeddable":true,"href":"https:\/\/blogs.diariovasco.com\/series-gourmets\/wp-json\/wp\/v2\/comments?post=11114"}],"version-history":[{"count":4,"href":"https:\/\/blogs.diariovasco.com\/series-gourmets\/wp-json\/wp\/v2\/posts\/11114\/revisions"}],"predecessor-version":[{"id":11148,"href":"https:\/\/blogs.diariovasco.com\/series-gourmets\/wp-json\/wp\/v2\/posts\/11114\/revisions\/11148"}],"wp:attachment":[{"href":"https:\/\/blogs.diariovasco.com\/series-gourmets\/wp-json\/wp\/v2\/media?parent=11114"}],"wp:term":[{"taxonomy":"category","embeddable":true,"href":"https:\/\/blogs.diariovasco.com\/series-gourmets\/wp-json\/wp\/v2\/categories?post=11114"},{"taxonomy":"post_tag","embeddable":true,"href":"https:\/\/blogs.diariovasco.com\/series-gourmets\/wp-json\/wp\/v2\/tags?post=11114"}],"curies":[{"name":"wp","href":"https:\/\/api.w.org\/{rel}","templated":true}]}}