{"id":11192,"date":"2019-11-08T06:00:58","date_gmt":"2019-11-08T05:00:58","guid":{"rendered":"https:\/\/blogs.diariovasco.com\/series-gourmets\/?p=11192"},"modified":"2019-11-07T13:05:25","modified_gmt":"2019-11-07T12:05:25","slug":"cronicas-de-un-pueblo-mi-exhumacion-de-la-serie-tardofranquista-mas-popular","status":"publish","type":"post","link":"https:\/\/blogs.diariovasco.com\/series-gourmets\/2019\/11\/08\/cronicas-de-un-pueblo-mi-exhumacion-de-la-serie-tardofranquista-mas-popular\/","title":{"rendered":"Cr\u00f3nicas de un pueblo.  Mi exhumaci\u00f3n de la serie tardofranquista m\u00e1s popular"},"content":{"rendered":"<p>Las gestiones para la exhumaci\u00f3n y el traslado de los restos del dictador Francisco Franco han sido uno de los principales temas de conversaci\u00f3n de los \u00faltimos meses, hasta que finalmente se ha realizado con todo tipo de reacciones el pasado mes de Octubre.<\/p>\n<p>Estas circunstancias son ideales para realizar mi propia exhumaci\u00f3n televisiva de la serie m\u00e1s popular de la televisi\u00f3n franquista &#8216;Cr\u00f3nicas de un pueblo&#8217; . La propuesta tuvo una inmensa popularidad a inicios de los a\u00f1os setenta m\u00e1s all\u00e1 de sus intenciones ideol\u00f3gicas de propagaci\u00f3n de los ideales franquistas, gracias a la habilidad de su j\u00f3ven director Antonio Mercero que supo moldear en parte la serie para convertirla en un gran entretenimiento para esa \u00e9poca.<\/p>\n<p>&#8216;Cr\u00f3nicas de un Pueblo&#8217; tiene una historia bastante curiosa y peculiar tanto a nivel de creaci\u00f3n, como de mensaje ideol\u00f3gico y especialmente por su reparto repleto de actores secundarios de toda la vida que consiguieron gracias a la serie tener una popularidad que jam\u00e1s hab\u00edan so\u00f1ado, como veremos en el presente art\u00edculo dedicado a una serie hist\u00f3rica en todos los aspectos de la televisi\u00f3n espa\u00f1ola.<\/p>\n<p><strong><img loading=\"lazy\" class=\"aligncenter size-full wp-image-11195\" src=\"https:\/\/static-blogs.diariovasco.com\/wp-content\/uploads\/sites\/37\/2019\/11\/general.jpg\" alt=\"\" width=\"239\" height=\"211\" \/>Ficha:<\/strong> Cr\u00f3nicas de un pueblo 113 ep 3T\u00a0 25 m.\u00a0 \u00a0 Jul 1971- Feb 1974\u00a0 <strong>Cadena:<\/strong> TVE (E)<\/p>\n<p><strong>Sinopsis:\u00a0<\/strong> Las historias cotidianas y costumbristas que suceden en Puebla Nueva del Rey Sancho,un pueblo ficticio castellano, vividas a trav\u00e9s de las fuerzas vivas del mismo.\u00a0 El cuarteto principal\u00a0 estaba formado por\u00a0 el maestro, el alcalde, el cura y el guardia civil, junto al resto de habitantes del pueblo donde ten\u00edamos muchos otros personajes como el cartero, el alguacil, el barrendero, el conductor del autob\u00fas, la boticaria y el due\u00f1o del bar como representantes de un pueblo cualquiera espa\u00f1ol.<\/p>\n<p><strong>El inicio:<\/strong> La entrada masiva de televisores en los hogares espa\u00f1oles que sucedi\u00f3 a finales de la d\u00e9cada de los sesenta fue vista por los ide\u00f3logos del r\u00e9gimen franquista como una oportunidad inmejorable para hacer llegar sus doctrinas a trav\u00e9s de esa maquinita m\u00e1gica que llevaba im\u00e1genes en blanco y negro a los hogares particulares o o a los teleclubs de cada pueblo donde dispon\u00edan del \u00fanico aparato del lugar.<\/p>\n<p>En esa linea el almirante Carrero Blanco hizo un encargo a TVE en el a\u00f1o 1970 para crear una serie para difundir los principios generales del Movimiento y\u00a0 sus leyes org\u00e1nicas con un \u00e9nfasis especial en la difusi\u00f3n de su ley estrella, el Fuero de los Espa\u00f1oles.<\/p>\n<p>El encargo directo le fue hecho a Adolfo Su\u00e1rez que era el Director General de Radiodifusi\u00f3n y Televisi\u00f3n, del que depend\u00edan los dos directores generales de TVE de esa \u00e9poca, primero Jes\u00fas de las Casas Acevedo y posteriormente Luis \u00c1ngel de la Viuda que se pusieron manos a la obra para dise\u00f1ar ese producto ideol\u00f3gico con personal de su plantilla.<\/p>\n<p>El guionista elegido fue Juan Farias, un escritor gallego que hab\u00eda tenido ciertos \u00e9xitos literarios con unas novelas centradas en la Espa\u00f1a rural de la postguerra,\u00a0 faceta que compaginaba con trabajos de guionista televisivo y que consideraron como la persona ideal para mostrar una especie de mundo id\u00edlico rural como ejemplo del desarrollo del r\u00e9gimen franquista, aprovechando el espacio escolar\u00a0 para difundir el Fuero de los Espa\u00f1oles a los alumnos en el aula y a los espectadores en su casa.<\/p>\n<p><img loading=\"lazy\" class=\"aligncenter size-full wp-image-11197\" src=\"https:\/\/static-blogs.diariovasco.com\/wp-content\/uploads\/sites\/37\/2019\/11\/juan-farias.jpg\" alt=\"\" width=\"287\" height=\"176\" \/>Farias dise\u00f1\u00f3 la serie, los personajes y las tramas generales con la colaboraci\u00f3n principal de un joven director, nacido en Lasarte, Antonio Mercero.\u00a0 El guipuzcoano\u00a0 llevaba varios a\u00f1os dirigiendo documentales en TVE, tras graduarse en la escuela de cine el a\u00f1o 1963 y\u00a0 ansiaba dar el salto a las series de ficci\u00f3n con una\u00a0 aportaci\u00f3n que\u00a0 fue clave como veremos m\u00e1s adelante.<\/p>\n<p><img loading=\"lazy\" class=\"aligncenter size-full wp-image-11199\" src=\"https:\/\/static-blogs.diariovasco.com\/wp-content\/uploads\/sites\/37\/2019\/11\/antonio-mercero-1.jpg\" alt=\"\" width=\"590\" height=\"444\" srcset=\"https:\/\/static-blogs.diariovasco.com\/wp-content\/uploads\/sites\/37\/2019\/11\/antonio-mercero-1.jpg 590w, https:\/\/static-blogs.diariovasco.com\/wp-content\/uploads\/sites\/37\/2019\/11\/antonio-mercero-1-300x226.jpg 300w\" sizes=\"(max-width: 590px) 100vw, 590px\" \/>Tras pasar el dur\u00edsimo escrutinio de la censura y los ide\u00f3logos franquistas, la serie fue estrenada con gran \u00e9xito en pleno verano de 1971, en parte porque no ten\u00edamos ninguna otra opci\u00f3n televisiva y con una sinton\u00eda que a d\u00eda de hoy sigue siendo inmensamente popular por haber sido utilizada en el programa &#8216;Protagonistas&#8217; de Luis del Olmo y que era una versi\u00f3n ap\u00f3crifa de la canci\u00f3n &#8216;I Could Easily Fall&#8217; de los Shadows y Cliff Richard.<\/p>\n<p><iframe loading=\"lazy\" src=\"https:\/\/www.youtube.com\/embed\/jK6noEEMpHk\" width=\"560\" height=\"315\" frameborder=\"0\" allowfullscreen=\"allowfullscreen\"><\/iframe><br \/>\nLa carrera de Juan Farias tras la serie se centr\u00f3 en la literatura infantil y juvenil, convirti\u00e9ndose en uno de los autores m\u00e1s populares de ese g\u00e9nero en las \u00faltimas d\u00e9cadas del siglo XX, mientras que la de Antonio Mercero no necesita presentaci\u00f3n tras realizar obras maestras como &#8216;La Cabina&#8217;, &#8216;Verano Azul&#8217; o &#8216;Farmacia de Guardia&#8217;, grandes hitos de nuestra historia televisiva.<\/p>\n<p><strong>La trama:<\/strong> &#8216;Cr\u00f3nicas de un pueblo&#8217; naci\u00f3 como un veh\u00edculo para inculcar los art\u00edculos del Fuero de los Espa\u00f1oles y en consecuencia los principios fundamentales del r\u00e9gimen franquista a todos los televidentes aprovechando el creciente poder de esa peque\u00f1a pantalla en nuestras vidas.<\/p>\n<p>No tenemos que olvidar que la mayor\u00eda de los habitantes de las ciudades hab\u00edan emigrado en la postguerra de sus pueblos de nacimiento para poder labrarse un futuro en la industria o en los servicios de las ciudades y alejarse de la sacrificada agricultura y ganader\u00eda.<\/p>\n<p>Casi todos ellos volv\u00edan cada verano a su pueblo para pasar sus vacaciones y volver a sus ra\u00edces en una nostalgia rural cada vez m\u00e1s mitificada con el paso de los a\u00f1os.<\/p>\n<p>Ese efecto nost\u00e1lgico rural es el que utilizaron Farias y Mercero para mostrar un pueblo id\u00edlico de la Espa\u00f1a rural, donde la gente viv\u00eda feliz, en paz y sin mayores problemas, con conflictos y piques de baja intensidad que resolv\u00edan con un apret\u00f3n de manos en la barra del bar del pueblo.<\/p>\n<p>El gran acierto que tuvieron fue separar de una forma bastante clara, la parte de adoctrinamiento franquista, de las historias de entretenimiento general, por lo que cuando ve\u00edamos aparecer al maestro del pueblo en la escuela ya sab\u00edamos que ven\u00eda un tocho panfletario sobre el art\u00edculo de turno del Fuero de los Espa\u00f1oles.<\/p>\n<p>En cambio si ve\u00edamos a cualquiera de los personajes que no pertenec\u00edan a las fuerzas vivas del pueblo, eran cuando ven\u00edan los momentos de buena televisi\u00f3n y de divertimento puro y duro, en especial con los legendarios piques entre el cartero y el conductor del desvencijado autob\u00fas del pueblo.<\/p>\n<p>Jes\u00fas Guzm\u00e1n como el cartero del pueblo, se convirti\u00f3 de la noche a la ma\u00f1ana en el personaje m\u00e1s popular de la serie con su sempiterna bicicleta en la mano y que sigue siendo recordado con gran cari\u00f1o por la gente del pueblo madrile\u00f1o de Santorcaz, que es donde se rodaba la serie \u00edntegramente en exteriores. El siguiente v\u00eddeo reciente muestran el recibimiento que tuvo Jes\u00fas Guzm\u00e1n con 89 a\u00f1os al volver a Santorcaz y ser recordado por sus vecinos, como muestra del impacto que tuvo su personaje hace casi medio siglo.<\/p>\n<p><iframe loading=\"lazy\" src=\"https:\/\/www.youtube.com\/embed\/nQNIUR48uko\" width=\"560\" height=\"315\" frameborder=\"0\" allowfullscreen=\"allowfullscreen\"><\/iframe><\/p>\n<p>Esos conflictos y esos personajes menores se convirtieron r\u00e1pidamente en los favoritos del p\u00fablico porque eran los que les recordaban a las personas con las que conviv\u00edan en su pueblo y les divert\u00edan con esas historias de conflictos m\u00ednimos, que eran autoconclusivas para cada episodio.<\/p>\n<p>El f\u00e9rreo control sobre los mensajes de la serie oblig\u00f3 a sus creadores a realizar muchos cambios para adaptarse a las exigencias de los ide\u00f3logos franquistas, como cambiar al alcalde inicial, que no era otro que ese m\u00edtico gran actor secundario que era Luis Barbero, por alguien m\u00e1s joven y moderno, como el actor Fernando Cebr\u00edan, que parec\u00eda un sos\u00edas de Adolfo Su\u00e1rez, buscando ofrecer una imagen m\u00e1s moderna del pol\u00edtico franquista.<\/p>\n<p>Los cambios tambi\u00e9n llegaron al cura del pueblo, un personaje que en principio iba a interpretar el propio Antonio Mercero, d\u00e1ndole un cierto aire socarr\u00f3n. Tras aparecer en el segundo episodio,\u00a0 fue sustituido por un p\u00e1rroco mucho m\u00e1s cl\u00e1sico y conservador al que dio vida Paco Vidal, al que pueden ver en la foto anterior junto a Maria Nevado que interpretaba a la boticaria. Las razones oficiales fueron que no quer\u00edan que el director hiciera de actor&#8230;<\/p>\n<p><img loading=\"lazy\" class=\"aligncenter size-full wp-image-11198\" src=\"https:\/\/static-blogs.diariovasco.com\/wp-content\/uploads\/sites\/37\/2019\/11\/paco-vidal-maria-nevado.jpg\" alt=\"\" width=\"396\" height=\"326\" srcset=\"https:\/\/static-blogs.diariovasco.com\/wp-content\/uploads\/sites\/37\/2019\/11\/paco-vidal-maria-nevado.jpg 396w, https:\/\/static-blogs.diariovasco.com\/wp-content\/uploads\/sites\/37\/2019\/11\/paco-vidal-maria-nevado-300x247.jpg 300w\" sizes=\"(max-width: 396px) 100vw, 396px\" \/><\/p>\n<p>En el siguiente v\u00eddeo pueden ver el episodio en el que aparece Mercero como el cura del pueblo.<br \/>\n<iframe loading=\"lazy\" src=\"https:\/\/www.youtube.com\/embed\/nCU096zBzHI\" width=\"560\" height=\"315\" frameborder=\"0\" allowfullscreen=\"allowfullscreen\"><\/iframe><\/p>\n<p>El papel de la mujer en la serie era congruente con el que ten\u00eda en el r\u00e9gimen franquista, machista hasta la m\u00e9dula y con los coros y danzas de la Secci\u00f3n Femenina, como m\u00e1ximo exponente del papel reservado a las mujeres en esa sociedad. Ese aspecto era f\u00e9rreamente controlado y cualquier intento para hacer evolucionar el papel de la mujer en esa sociedad era cortado de ra\u00edz por los censores para obligarla a ser una mujer piadosa y fiel ama de hogar.<\/p>\n<p>El poder de penetraci\u00f3n de la serie como instrumento de propaganda de las bondades franquistas era incre\u00edble a todos los niveles. Personalmente recuerdo que cuando cursaba el Bachillerato ten\u00edamos una asignatura obligatoria titulada &#8216;Formaci\u00f3n del Esp\u00edritu Nacional&#8217; que todos llam\u00e1bamos FEN, donde un profesor de origen falangista nos intentaba adoctrinar sobre los fundamentos del r\u00e9gimen franquista.<\/p>\n<p>Ese profesorado recibi\u00f3 instrucciones para introducir el art\u00edculo de turno del \u00faltimo episodio de la serie, como materia de explicaci\u00f3n de la siguiente clase, por lo que nuestros deberes eran ver el capitulo y escuchar la perorata de turno para poder comentarla al d\u00eda siguiente en clase, en una especie de primigenio transmedia tardofranquista.<\/p>\n<p>En circunstancias normales la reacci\u00f3n de rechazo generalizado de &#8216;Cr\u00f3nicas de un Pueblo&#8217; deber\u00eda ser la predominante, pero en este caso prefiero matizar para ver alg\u00fan aspecto positivo, como los intentos de Antonio Mercero de intentar cambiar las cosas desde dentro, con sutilidad y sin chocar de frente y debo reconocer que\u00a0 la serie tiene bastante m\u00e1s enjundia como retrato de la Espa\u00f1a rural que si nos quedamos exclusivamente con la propaganda franquista.<\/p>\n<p>Al revisar algunos episodios, me ha emocionado volver a ver grandes actores secundarios como el mencionado Jes\u00fas Guzm\u00e1n, Antonio Costafreda, Xan Das Bolas, Rafael Hern\u00e1ndez o Tito Garc\u00eda ( todos en la foto inferior)\u00a0 que eran la verdadera alma de la serie gracias a la mano de Antonio Mercero y que me hicieron pasar grandes momentos con mi familia frente al televisor.<\/p>\n<p><img loading=\"lazy\" class=\"aligncenter size-full wp-image-11195\" src=\"https:\/\/static-blogs.diariovasco.com\/wp-content\/uploads\/sites\/37\/2019\/11\/general.jpg\" alt=\"\" width=\"239\" height=\"211\" \/>El hecho de haber olvidado en mi memoria selectiva toda la propaganda franquista y en cambio mantener a todos esos personajes entra\u00f1ables, creo que es una prueba importante del impacto que tuvo esa serie en muchas personas que pod\u00edamos distinguir el grano televisivo de la paja panfletaria, en este hito para bien y para mal de la televisi\u00f3n espa\u00f1ola.<\/p>\n<p><strong>Los actores:<\/strong> Emilio Rodr\u00edguez es un claro ejemplo del pluriempleo que tuvieron muchos espa\u00f1oles en la postguerra ya que en su caso alternaba su profesi\u00f3n de polic\u00eda, tras haber ido de voluntario con la Divisi\u00f3n Azul, con la de actor secundario en muchas pel\u00edculas de los a\u00f1os cincuenta y sesenta.<\/p>\n<p>Jubilado por problemas de salud a los cincuenta a\u00f1os, pudo dedicarse a su pasi\u00f3n art\u00edstica, al ser elegido para interpretar al maestro del pueblo D. Antonio, un personaje venerado y respetado por todos los vecinos, ademas de ser la cara que explicaba a los escolares las bondades del Fuero de los Espa\u00f1oles con un gran convencimiento y la aprobaci\u00f3n de los directivos de TVE.<\/p>\n<p><img loading=\"lazy\" class=\"aligncenter size-full wp-image-11193\" src=\"https:\/\/static-blogs.diariovasco.com\/wp-content\/uploads\/sites\/37\/2019\/11\/emilio-hernandez.jpg\" alt=\"\" width=\"1600\" height=\"900\" srcset=\"https:\/\/static-blogs.diariovasco.com\/wp-content\/uploads\/sites\/37\/2019\/11\/emilio-hernandez.jpg 1600w, https:\/\/static-blogs.diariovasco.com\/wp-content\/uploads\/sites\/37\/2019\/11\/emilio-hernandez-300x169.jpg 300w, https:\/\/static-blogs.diariovasco.com\/wp-content\/uploads\/sites\/37\/2019\/11\/emilio-hernandez-768x432.jpg 768w, https:\/\/static-blogs.diariovasco.com\/wp-content\/uploads\/sites\/37\/2019\/11\/emilio-hernandez-628x353.jpg 628w\" sizes=\"(max-width: 1600px) 100vw, 1600px\" \/>Tras la serie y la muerte de Franco, apenas fue llamado para trabajar, por su clara identificaci\u00f3n\u00a0 con ese personaje franquista de la serie,\u00a0 por lo que exceptuando a un m\u00e9dico que hizo para &#8216;Verano Azul&#8217; ,el gran \u00e9xito de Antonio Mercero, se fue\u00a0 desvaneci\u00e9ndo de la escena hasta su muerte en 1983.<\/p>\n<p>El vizca\u00edno Fernando Cebr\u00edan hizo su carrera especializado en papeles de gal\u00e1n en el teatro o en programas como el &#8216;Estudio 1&#8217;\u00a0 de la \u00e9poca, altern\u00e1ndolo con apariciones en grandes pel\u00edculas como &#8216;Tristana&#8217; de Luis Bu\u00f1uel o en multitud de spaghettis western.<\/p>\n<p>Su entrada en la serie como el alcalde D. Pedro, la hizo sustituyendo al gran Luis Barbero, para dar una imagen m\u00e1s moderna al alcalde del pueblo que no olvidemos que en aquella \u00e9poca era designado a dedo por el gobernador civil de la provincia de turno, un cargo que era siempre para los afectos al r\u00e9gimen<\/p>\n<p><img loading=\"lazy\" class=\"aligncenter size-full wp-image-11194\" src=\"https:\/\/static-blogs.diariovasco.com\/wp-content\/uploads\/sites\/37\/2019\/11\/fernando-cebrian.jpg\" alt=\"\" width=\"248\" height=\"203\" \/>El pasado de Cebri\u00e1n, que pas\u00f3 parte de su infancia exiliado en Francia, no le hac\u00eda sospechoso de ser af\u00edn al r\u00e9gimen anterior y tras ese personaje sigui\u00f3 trabajando con gran regularidad sobre todo en el teatro hasta su muerte en 2009.<\/p>\n<p>El tercer personaje en importancia y sin duda el m\u00e1s popular era Braulio el cartero, al que daba vida Jes\u00fas Guzm\u00e1n uno de esos actores que sal\u00eda en casi todas las pel\u00edculas que se rodaban en nuestro pa\u00eds en papeles peque\u00f1itos y de pocas frases. Hijo y nieto de actores lleva trabajando en la escena desde los nueve a\u00f1os, cuando empez\u00f3 a trabajar en la compa\u00f1\u00eda ambulante de sus padres e hizo multitud de giras teatrales por Espa\u00f1a y Latinoam\u00e9rica que compaginaba con esos papelitos en el cine.<\/p>\n<p><img loading=\"lazy\" class=\"aligncenter size-full wp-image-11196\" src=\"https:\/\/static-blogs.diariovasco.com\/wp-content\/uploads\/sites\/37\/2019\/11\/jesus-guzman.jpg\" alt=\"\" width=\"900\" height=\"900\" srcset=\"https:\/\/static-blogs.diariovasco.com\/wp-content\/uploads\/sites\/37\/2019\/11\/jesus-guzman.jpg 900w, https:\/\/static-blogs.diariovasco.com\/wp-content\/uploads\/sites\/37\/2019\/11\/jesus-guzman-150x150.jpg 150w, https:\/\/static-blogs.diariovasco.com\/wp-content\/uploads\/sites\/37\/2019\/11\/jesus-guzman-300x300.jpg 300w, https:\/\/static-blogs.diariovasco.com\/wp-content\/uploads\/sites\/37\/2019\/11\/jesus-guzman-768x768.jpg 768w, https:\/\/static-blogs.diariovasco.com\/wp-content\/uploads\/sites\/37\/2019\/11\/jesus-guzman-628x628.jpg 628w\" sizes=\"(max-width: 900px) 100vw, 900px\" \/>Guzm\u00e1n estaba impecable como el inefable cartero cotilla que miraba los remitentes de las cartas para saber todo, sobre todo el pueblo para convertirse en el centro de todos los corrillos para comentar las cosas, en especial con Dionisio, interpretado por otro gran actor como Rafael Hern\u00e1ndez, con el que manten\u00eda unas \u00e9picas discusiones de barra de bar.<\/p>\n<p>Curiosamente a pesar de su enorme popularidad, su nombre nunca lleg\u00f3 a salir en los cr\u00e9ditos iniciales de la serie reservados al maestro y al alcalde, pero no tengo ninguna duda que su cartero Braulio es uno de los mejores personajes de la historia de la televisi\u00f3n espa\u00f1ola y el que m\u00e1s ha perdurado en el recuerdo de todos los que vimos la serie.<\/p>\n<p>Guzm\u00e1n sigue en activo y debo a\u00f1adir que en un gran estado de forma a sus noventa a\u00f1os como pueden haber comprobado en el v\u00eddeo que les he colocado en el apartado anterior.<\/p>\n<p><strong>Final:<\/strong><\/p>\n<p>Las presiones para intensificar los aspectos propagand\u00edsticos\u00a0 del r\u00e9gimen franquista, acabaron derivando en la salida de Antonio Mercero y Juan Farias en la 2T por su falta de docilidad ante las &#8216;insinuaciones&#8217; de los comisarios pol\u00edticos de turno.<\/p>\n<p>La entrada de un escritor del r\u00e9gimen como Juan Alarc\u00f3n Benito hizo que la serie derivara sin remedio hacia los aspectos m\u00e1s ideol\u00f3gicos, perdiendo gran parte de los espectadores al romper el delicado equilibrio que mantuvieron sus dos creadores. La entrada como director de Antonio Gim\u00e9nez Rico intent\u00f3 mantener el barco a flote, pero la deriva ideol\u00f3gica fue insufrible, tanto es as\u00ed que al final de la 3T decidieron cancelarla, con una lacrim\u00f3gena despedida\u00a0 del maestro de todos sus alumnos, en ese tramo final.<\/p>\n<p>Si lo desean pueden encontrar casi todos sus episodios en los archivos a la carta de RTVE y su canal Nostalgia, por lo que siente curiosidad por ver una serie, que por edad no pudieron ver en su momento, pueden comprobarlo de primera mano, como en el siguiente corte con el que finalizo el art\u00edculo de mi exhumaci\u00f3n particular de esta serie franquista.<br \/>\n<iframe loading=\"lazy\" src=\"https:\/\/www.youtube.com\/embed\/kK0iuR3RniE\" width=\"560\" height=\"315\" frameborder=\"0\" allowfullscreen=\"allowfullscreen\"><\/iframe><\/p>\n<p>Esperamos sus opiniones y comentarios, aqu\u00ed o en nuestra cuenta de twitter (@lmejino).Hasta la pr\u00f3xima<\/p>\n<p>Lorenzo Mejino<\/p>\n<!-- AddThis Advanced Settings generic via filter on the_content --><!-- AddThis Share Buttons generic via filter on the_content -->","protected":false},"excerpt":{"rendered":"<p>Las gestiones para la exhumaci\u00f3n y el traslado de los restos del dictador Francisco Franco han sido uno de los principales temas de conversaci\u00f3n de los \u00faltimos meses, hasta que finalmente se ha realizado con todo tipo de reacciones el pasado mes de Octubre. Estas circunstancias son ideales para realizar mi propia exhumaci\u00f3n televisiva de [&hellip;]<!-- AddThis Advanced Settings generic via filter on get_the_excerpt --><!-- AddThis Share Buttons generic via filter on get_the_excerpt --><\/p>\n","protected":false},"author":61,"featured_media":11195,"comment_status":"open","ping_status":"closed","sticky":false,"template":"","format":"standard","meta":[],"categories":[25,5,6,27,16,17],"tags":[5255,5251,5250,5257,5253,5258,5252,5254,5256],"_links":{"self":[{"href":"https:\/\/blogs.diariovasco.com\/series-gourmets\/wp-json\/wp\/v2\/posts\/11192"}],"collection":[{"href":"https:\/\/blogs.diariovasco.com\/series-gourmets\/wp-json\/wp\/v2\/posts"}],"about":[{"href":"https:\/\/blogs.diariovasco.com\/series-gourmets\/wp-json\/wp\/v2\/types\/post"}],"author":[{"embeddable":true,"href":"https:\/\/blogs.diariovasco.com\/series-gourmets\/wp-json\/wp\/v2\/users\/61"}],"replies":[{"embeddable":true,"href":"https:\/\/blogs.diariovasco.com\/series-gourmets\/wp-json\/wp\/v2\/comments?post=11192"}],"version-history":[{"count":4,"href":"https:\/\/blogs.diariovasco.com\/series-gourmets\/wp-json\/wp\/v2\/posts\/11192\/revisions"}],"predecessor-version":[{"id":11234,"href":"https:\/\/blogs.diariovasco.com\/series-gourmets\/wp-json\/wp\/v2\/posts\/11192\/revisions\/11234"}],"wp:featuredmedia":[{"embeddable":true,"href":"https:\/\/blogs.diariovasco.com\/series-gourmets\/wp-json\/wp\/v2\/media\/11195"}],"wp:attachment":[{"href":"https:\/\/blogs.diariovasco.com\/series-gourmets\/wp-json\/wp\/v2\/media?parent=11192"}],"wp:term":[{"taxonomy":"category","embeddable":true,"href":"https:\/\/blogs.diariovasco.com\/series-gourmets\/wp-json\/wp\/v2\/categories?post=11192"},{"taxonomy":"post_tag","embeddable":true,"href":"https:\/\/blogs.diariovasco.com\/series-gourmets\/wp-json\/wp\/v2\/tags?post=11192"}],"curies":[{"name":"wp","href":"https:\/\/api.w.org\/{rel}","templated":true}]}}