{"id":11228,"date":"2019-11-18T06:00:47","date_gmt":"2019-11-18T05:00:47","guid":{"rendered":"https:\/\/blogs.diariovasco.com\/series-gourmets\/?p=11228"},"modified":"2019-11-17T10:47:06","modified_gmt":"2019-11-17T09:47:06","slug":"invisible-heroes-finlandia-chile-la-diplomacia-comprometida-puede-salvar-muchas-vidas","status":"publish","type":"post","link":"https:\/\/blogs.diariovasco.com\/series-gourmets\/2019\/11\/18\/invisible-heroes-finlandia-chile-la-diplomacia-comprometida-puede-salvar-muchas-vidas\/","title":{"rendered":"Invisible Heroes ( Finlandia \/ Chile ):  la diplomacia comprometida puede salvar muchas vidas"},"content":{"rendered":"<p>Los recientes sucesos tr\u00e1gicos acaecidos en Chile, est\u00e1n record\u00e1ndonos continuamente las im\u00e1genes del golpe de Estado del General Pinochet en 1973, incluso en los peores aspectos como el n\u00famero creciente de muertos y de detenidos. En ese marco, la vigencia de una serie como &#8216;Invisible Heroes&#8217; una comprometida coproducci\u00f3n chileno-finlandesa, se hace completamente imprescindible.<\/p>\n<p>&#8216;Invisible Heroes&#8217; nos muestra desde el interior de una embajada extranjera, una visi\u00f3n in\u00e9dita de la represi\u00f3n indiscriminada de los primeros momentos del golpe de Estado, con los diplom\u00e1ticos haciendo labores humanitarias, siguiendo los dictados de su conciencia en lugar de las ordenes estrictas de su gobierno.<\/p>\n<p>Su reciente estreno en la plataforma Filmin, es una magn\u00edfica oportunidad para conocer uno de los episodios m\u00e1s oscuros de la historia latinoamericana. como les voy a analizar a continuaci\u00f3n.<\/p>\n<p><strong><img loading=\"lazy\" class=\"aligncenter size-full wp-image-11232\" src=\"https:\/\/static-blogs.diariovasco.com\/wp-content\/uploads\/sites\/37\/2019\/11\/destacada-2.jpg\" alt=\"\" width=\"300\" height=\"168\" \/>Ficha:<\/strong>Invisible Heroes ( Heroes Invisibles) 6 ep 50 min .Abr 2019- .<strong> Idioma:<\/strong> Finland\u00e9s \/ espa\u00f1ol <strong>Cadena:<\/strong> YLE (Fin) \/Chilevisi\u00f3n ( CL) \/ Filmin ( E)<\/p>\n<p><strong>La trama :<\/strong> Tapani Brotherus es el hijo de un veterano diplom\u00e1tico, que sin desearlo, ha acabado siguiendo los pasos de su padre. Es destinado como agregado comercial en Santiago de Chile, dependiendo de la embajada argentina de Buenos Aires, que ostenta la acreditaci\u00f3n de la representaci\u00f3n diplom\u00e1tica en ambos pa\u00edses.<\/p>\n<p>Sus labores son meramente comerciales, ayudando a cerrar acuerdos comerciales entre las empresas finlandesas y chilenas en sectores como el minero o el forestal, mientras que\u00a0 el resto del tiempo\u00a0 disfruta jugando al golf u organizando\u00a0 unas fiestas de lo m\u00e1s animadas en\u00a0su residencia diplom\u00e1tica donde vive junto a\u00a0 su mujer y sus dos hijos.<\/p>\n<p>Todo cambi\u00f3 con el golpe de estado del general Pinochet el 11 de Septiembre de 1973, cuando muchas de las personas del r\u00e9gimen de Salvador Allende con las que ten\u00eda contactos profesionales, empiezan a refugiarse en su residencia pidiendo asilo. Todas ellas huyen de la represi\u00f3n y sobre todo de su m\u00e1s que probable ejecuci\u00f3n o desaparici\u00f3n en caso de ser detenidos, como pueden ver en el trailer oficial de la serie.<br \/>\n<iframe loading=\"lazy\" src=\"https:\/\/www.youtube.com\/embed\/l52uao0VVD0\" width=\"560\" height=\"315\" frameborder=\"0\" allowfullscreen=\"allowfullscreen\"><\/iframe><br \/>\nDesbordado inicialmente por el alud de refugiados, Tapani y su mujer deciden darles cobijo y refugio pero ocult\u00e1ndolo a sus jefes diplom\u00e1ticos finlandeses, que prefieren mantenerse neutrales\u00a0 en plan Poncio Pilatos, lav\u00e1ndose las manos y mirando hacia otro lado.<\/p>\n<p>&#8216;Invisible Heroes&#8217; narra la historia real de Tapani Brotherus y sus labores diplom\u00e1ticas para conseguir salvar al mayor n\u00famero posible de personas de la represi\u00f3n chilena, con muchas soluciones imaginativas e incluso desconcertantes para conseguir salvoconductos de salida del pa\u00eds, para los refugiados y asilados que buscan su protecci\u00f3n.<\/p>\n<p>Destacan la gran interpretaci\u00f3n del matrimonio en la vida real que forman Pelle y Sophia Heikkil\u00e4 que se mimetizan a la perfecci\u00f3n como el matrimonio Brotherus y que no dudan en ning\u00fan momento en seguir los dictados de su conciencia social, incluyendo un buen dominio del castellano para poder comunicarse con todas las instancias del pa\u00eds.<\/p>\n<p><img loading=\"lazy\" class=\"aligncenter size-full wp-image-11230\" src=\"https:\/\/static-blogs.diariovasco.com\/wp-content\/uploads\/sites\/37\/2019\/11\/matrimonio.jpg\" alt=\"\" width=\"782\" height=\"440\" srcset=\"https:\/\/static-blogs.diariovasco.com\/wp-content\/uploads\/sites\/37\/2019\/11\/matrimonio.jpg 782w, https:\/\/static-blogs.diariovasco.com\/wp-content\/uploads\/sites\/37\/2019\/11\/matrimonio-300x169.jpg 300w, https:\/\/static-blogs.diariovasco.com\/wp-content\/uploads\/sites\/37\/2019\/11\/matrimonio-768x432.jpg 768w, https:\/\/static-blogs.diariovasco.com\/wp-content\/uploads\/sites\/37\/2019\/11\/matrimonio-628x353.jpg 628w\" sizes=\"(max-width: 782px) 100vw, 782px\" \/>Esa trama principal tiene historias secundarias derivadas, como poner a salvo a los ciudadanos finlandeses residentes en Chile, en especial si est\u00e1n casados con personas detenidas como es el caso de Seija ( Aksa Kortilla, foto inferior) , una finlandesa casada y con un reci\u00e9n nacido, que lucha denod\u00e1damente por encontrar el paradero de su marido, miembro del partido comunista, con la inestimable ayuda de Tapani.<\/p>\n<p><img loading=\"lazy\" class=\"aligncenter size-full wp-image-11231\" src=\"https:\/\/static-blogs.diariovasco.com\/wp-content\/uploads\/sites\/37\/2019\/11\/seija.jpg\" alt=\"\" width=\"1334\" height=\"750\" srcset=\"https:\/\/static-blogs.diariovasco.com\/wp-content\/uploads\/sites\/37\/2019\/11\/seija.jpg 1334w, https:\/\/static-blogs.diariovasco.com\/wp-content\/uploads\/sites\/37\/2019\/11\/seija-300x169.jpg 300w, https:\/\/static-blogs.diariovasco.com\/wp-content\/uploads\/sites\/37\/2019\/11\/seija-768x432.jpg 768w, https:\/\/static-blogs.diariovasco.com\/wp-content\/uploads\/sites\/37\/2019\/11\/seija-628x353.jpg 628w\" sizes=\"(max-width: 1334px) 100vw, 1334px\" \/>El punto d\u00e9bil de la serie es el personaje del segundo diplom\u00e1tico de la legaci\u00f3n finlandesa en Chile, Ylka Jaamala, que presenta demasiadas contradicciones, ya que a veces se presenta como un claro colaboracionista de los golpistas para no perder negocios para las empresas finlandesas, mientras que en otras ocasiones ayuda a Tapari Brotherus en sus gestiones para salvar a los asilados, desconcert\u00e1ndome en demasiadas ocasiones.<\/p>\n<p>Otro personaje brillante en la historia es el impetuoso embajador sueco interpretado por el potente Mikael Persbrandt ( En un mundo mejor) que es la persona que toma la batuta de la defensa de los derechos humanos de los refugiados pol\u00edticos de sus embajadores, no dudando en enfrentarse abiertamente a las autoridades chilenas, inspirando claramente a su hom\u00f3nimo finland\u00e9s en su doble lucha frente a sus jefes diplom\u00e1ticos y el r\u00e9gimen pinochetista.<\/p>\n<p><img loading=\"lazy\" class=\"aligncenter size-full wp-image-11229\" src=\"https:\/\/static-blogs.diariovasco.com\/wp-content\/uploads\/sites\/37\/2019\/11\/embajador-sueco.jpg\" alt=\"\" width=\"750\" height=\"400\" srcset=\"https:\/\/static-blogs.diariovasco.com\/wp-content\/uploads\/sites\/37\/2019\/11\/embajador-sueco.jpg 750w, https:\/\/static-blogs.diariovasco.com\/wp-content\/uploads\/sites\/37\/2019\/11\/embajador-sueco-300x160.jpg 300w, https:\/\/static-blogs.diariovasco.com\/wp-content\/uploads\/sites\/37\/2019\/11\/embajador-sueco-628x335.jpg 628w\" sizes=\"(max-width: 750px) 100vw, 750px\" \/>&#8216;Invisible Heroes&#8217; es una miniserie cerrada, arriesgada e interesante al mostrarnos la vida y las acciones de Tapani Brotherus, uno de esos h\u00e9roes reales en la retaguardia que han conseguido salvar muchas vidas con la discreci\u00f3n y el oscuro trabajo diplom\u00e1tico, en lugar de buscar la notoriedad medi\u00e1tica mucho m\u00e1s efectista que efectiva en este tipo de situaciones.<\/p>\n<p>Si le interesan estos temas de alto calado pol\u00edtico y m\u00e1s con la que est\u00e1 cayendo ahora en Chile, no duden en buscarla en Filmin que la ha promocionado con el siguiente trailer<br \/>\n<iframe loading=\"lazy\" src=\"https:\/\/www.youtube.com\/embed\/1whFAfW5B-U\" width=\"560\" height=\"315\" frameborder=\"0\" allowfullscreen=\"allowfullscreen\"><\/iframe><\/p>\n<p>Esperamos sus opiniones y comentarios, aqu\u00ed o en nuestra cuenta de twitter (@lmejino). Hasta la pr\u00f3xima<\/p>\n<p>Lorenzo Mejino<\/p>\n<!-- AddThis Advanced Settings generic via filter on the_content --><!-- AddThis Share Buttons generic via filter on the_content -->","protected":false},"excerpt":{"rendered":"<p>Los recientes sucesos tr\u00e1gicos acaecidos en Chile, est\u00e1n record\u00e1ndonos continuamente las im\u00e1genes del golpe de Estado del General Pinochet en 1973, incluso en los peores aspectos como el n\u00famero creciente de muertos y de detenidos. En ese marco, la vigencia de una serie como &#8216;Invisible Heroes&#8217; una comprometida coproducci\u00f3n chileno-finlandesa, se hace completamente imprescindible. &#8216;Invisible [&hellip;]<!-- AddThis Advanced Settings generic via filter on get_the_excerpt --><!-- AddThis Share Buttons generic via filter on get_the_excerpt --><\/p>\n","protected":false},"author":61,"featured_media":11232,"comment_status":"open","ping_status":"closed","sticky":false,"template":"","format":"standard","meta":[],"categories":[5,6,8,32,17],"tags":[5273,5269,5272,5271,5270],"_links":{"self":[{"href":"https:\/\/blogs.diariovasco.com\/series-gourmets\/wp-json\/wp\/v2\/posts\/11228"}],"collection":[{"href":"https:\/\/blogs.diariovasco.com\/series-gourmets\/wp-json\/wp\/v2\/posts"}],"about":[{"href":"https:\/\/blogs.diariovasco.com\/series-gourmets\/wp-json\/wp\/v2\/types\/post"}],"author":[{"embeddable":true,"href":"https:\/\/blogs.diariovasco.com\/series-gourmets\/wp-json\/wp\/v2\/users\/61"}],"replies":[{"embeddable":true,"href":"https:\/\/blogs.diariovasco.com\/series-gourmets\/wp-json\/wp\/v2\/comments?post=11228"}],"version-history":[{"count":4,"href":"https:\/\/blogs.diariovasco.com\/series-gourmets\/wp-json\/wp\/v2\/posts\/11228\/revisions"}],"predecessor-version":[{"id":11274,"href":"https:\/\/blogs.diariovasco.com\/series-gourmets\/wp-json\/wp\/v2\/posts\/11228\/revisions\/11274"}],"wp:featuredmedia":[{"embeddable":true,"href":"https:\/\/blogs.diariovasco.com\/series-gourmets\/wp-json\/wp\/v2\/media\/11232"}],"wp:attachment":[{"href":"https:\/\/blogs.diariovasco.com\/series-gourmets\/wp-json\/wp\/v2\/media?parent=11228"}],"wp:term":[{"taxonomy":"category","embeddable":true,"href":"https:\/\/blogs.diariovasco.com\/series-gourmets\/wp-json\/wp\/v2\/categories?post=11228"},{"taxonomy":"post_tag","embeddable":true,"href":"https:\/\/blogs.diariovasco.com\/series-gourmets\/wp-json\/wp\/v2\/tags?post=11228"}],"curies":[{"name":"wp","href":"https:\/\/api.w.org\/{rel}","templated":true}]}}