{"id":11645,"date":"2020-01-20T06:00:23","date_gmt":"2020-01-20T05:00:23","guid":{"rendered":"https:\/\/blogs.diariovasco.com\/series-gourmets\/?p=11645"},"modified":"2020-01-19T09:33:32","modified_gmt":"2020-01-19T08:33:32","slug":"the-sleepers-rep-checa-el-espionaje-durante-la-liberacion-checa-de-la-urss","status":"publish","type":"post","link":"https:\/\/blogs.diariovasco.com\/series-gourmets\/2020\/01\/20\/the-sleepers-rep-checa-el-espionaje-durante-la-liberacion-checa-de-la-urss\/","title":{"rendered":"The Sleepers (Rep Checa).  El espionaje durante la liberaci\u00f3n checa de la URSS"},"content":{"rendered":"<p>El \u00e9xito inesperado de las series de espionaje ubicadas en la guerra fr\u00eda como <a href=\"https:\/\/blogs.diariovasco.com\/series-gourmets\/2017\/05\/17\/el-mismo-cielo-der-gleiche-himmel-separados-por-el-muro-unidos-por-el-cielo\/\">&#8216;El mismo cielo<\/a>&#8216; y sobre todo <a href=\"https:\/\/blogs.diariovasco.com\/series-gourmets\/2015\/08\/10\/deutschland-83-un-espia-a-la-fuerza-al-final-de-la-guerra-fria\/\">&#8216;Deutschland 83\/86&#8217;<\/a> han abierto las posibilidades para indagar en profundidad en esas \u00e9pocas oscuras y tenebrosas desde diversas perspectivas. En esa linea se puede integrar a la serie checa &#8216;The Sleepers&#8217; una historia de esp\u00edas de sal\u00f3n que se desarrolla en los convulsos momentos de la desintegraci\u00f3n del tel\u00f3n de acero en 1989.<\/p>\n<p>&#8216;The Sleepers&#8217; es una historia ideal para los amantes del genero con todo tipo de esp\u00edas, agentes dobles, traidores, colaboradores o simplemente despistados, en el marco de un conflicto bastante desconocido para nosotros, como fue la independencia checa del yugo sovi\u00e9tico que controlaba el pa\u00eds\u00a0 desde la II Guerra Mundial, como les vamos a analizar a continuaci\u00f3n.<\/p>\n<p><strong><img loading=\"lazy\" class=\"aligncenter size-full wp-image-11647\" src=\"https:\/\/static-blogs.diariovasco.com\/wp-content\/uploads\/sites\/37\/2020\/01\/destacada-3.jpg\" alt=\"\" width=\"300\" height=\"168\" \/>Ficha:<\/strong> Bez v\u011bdom\u00ed \/ The Sleepers 6 ep + 60 min .Nov 2019- . <strong>Idioma:<\/strong> Checo\/ Espa\u00f1ol <strong>Cadena:<\/strong> HBO (CZ) \/ HBO (E)<\/p>\n<p><strong>La trama :\u00a0<\/strong>Tras m\u00e1s de una d\u00e9cada de exilio londinense, la pareja de disidentes con nacionalidad brit\u00e1nica que forman Viktor un analista pol\u00edtico y Marie una prestigiosa violinista, deciden volver a su pa\u00eds en 1989, cuando los vientos de cambio de la revoluci\u00f3n de terciopelo, empezaban a sentirse en Praga, dispuestos a vivir en directo la m\u00e1s que probable inminente liberaci\u00f3n de su pa\u00eds natal de\u00a0 la dominaci\u00f3n sovi\u00e9tica.<\/p>\n<p>A poco de volver, ambos son atropellados por un veh\u00edculo que se da a la fuga. Tras varios d\u00edas en coma, Marie despierta en el hospital y descubre que su marido Victor lleva desaparecido desde el momento del accidente y nadie sabe nada de \u00e9l.<\/p>\n<p>La b\u00fasqueda de Marie le va a\u00a0 introducir en una trama de espionaje de guerra fr\u00eda muy intensa, como si fuera una partida de ajedrez a tres bandas entre los servicios de espionaje checos, sovi\u00e9ticos y brit\u00e1nicos en la que Marie se convierte en una pieza molesta e irritante para todos los antagonistas, al intentar saber lo que le ha sucedido a su marido.<\/p>\n<p>El momento m\u00e1s importante de la historia de la antigua Checoslovaquia, antes de su pacifica escisi\u00f3n entre la Rep Checa y Eslovaquia, fue sin duda alguna su emancipaci\u00f3n de la extinta Uni\u00f3n Sovi\u00e9tica en 1989.<\/p>\n<p>Ese marco pol\u00edtico tan interesante es la base para que &#8216;The Sleepers&#8217; desarrolle una intriga muy intensa, donde las conspiraciones y tejemanejes internos y burocr\u00e1ticos dominan sobre los de acci\u00f3n, al ser los oscuros despachos de los servicios de inteligencia donde se tomaban las decisiones para cambiar el destino de las personas o de los pa\u00edses.<\/p>\n<p>La lucha para tener el mejor posicionamiento tras la ca\u00edda del r\u00e9gimen prosovietico esta narrada de una manera muy vigorosa en su episodio inicial, para ir cayendo un poco en la parsimonia habitual de las series checas, con ese tono melanc\u00f3lico y esa imagen gris\u00e1cea que las caracteriza, pero con una trama muy compleja y adictiva a la que solo le ha faltado alguna velocidad m\u00e1s en el tramo central.<\/p>\n<p><img loading=\"lazy\" class=\"aligncenter size-full wp-image-11649\" src=\"https:\/\/static-blogs.diariovasco.com\/wp-content\/uploads\/sites\/37\/2020\/01\/actriz-checa.png\" alt=\"\" width=\"450\" height=\"300\" srcset=\"https:\/\/static-blogs.diariovasco.com\/wp-content\/uploads\/sites\/37\/2020\/01\/actriz-checa.png 450w, https:\/\/static-blogs.diariovasco.com\/wp-content\/uploads\/sites\/37\/2020\/01\/actriz-checa-300x200.png 300w\" sizes=\"(max-width: 450px) 100vw, 450px\" \/>Un valor seguro en las series checas en contar con el protagonismo de T\u00e1\u0148a Pauhofov\u00e1, una de las mejores actrices checas que nos obsequi\u00f3 con todo un recital en el primer original europeo de HBO <a href=\"https:\/\/blogs.diariovasco.com\/series-gourmets\/2014\/07\/28\/horici-ker-chequia-el-lado-mas-tenebroso-de-la-invasion-rusa-de-praga\/\">&#8216;Ho\u0159\u00edc\u00ed ke\u0159 &#8216;<\/a> y que vuelve a estar a un gran nivel como Marie, una exiliada que ya no se considera ni checa ni brit\u00e1nica y solo quiere encontrar a su marido como muestran en el primer trailer.<br \/>\n<iframe loading=\"lazy\" src=\"https:\/\/www.youtube.com\/embed\/L0LDw2Sjae0\" width=\"560\" height=\"315\" frameborder=\"0\" allowfullscreen=\"allowfullscreen\"><\/iframe><\/p>\n<p>La mejor replica se la da Martin My\u0161i\u010dka, como su enigm\u00e1tico marido Viktor, cuya desaparici\u00f3n tras el atropello, obliga a desarrollar al personaje en continuos flashbacks, para mostrar su relaci\u00f3n con Marie y en especial los acontecimientos pol\u00edticos que les obligaron a exiliarse de su pa\u00eds trece a\u00f1os antes.<\/p>\n<p><img loading=\"lazy\" class=\"aligncenter size-full wp-image-11648\" src=\"https:\/\/static-blogs.diariovasco.com\/wp-content\/uploads\/sites\/37\/2020\/01\/marido.jpg\" alt=\"\" width=\"500\" height=\"214\" srcset=\"https:\/\/static-blogs.diariovasco.com\/wp-content\/uploads\/sites\/37\/2020\/01\/marido.jpg 500w, https:\/\/static-blogs.diariovasco.com\/wp-content\/uploads\/sites\/37\/2020\/01\/marido-300x128.jpg 300w\" sizes=\"(max-width: 500px) 100vw, 500px\" \/>Si les encantan\u00a0 las intrigas de esp\u00edas de sal\u00f3n, un poco en la estela de la francesa\u00a0 &#8216;Oficina de Infiltrados&#8217; o de las otras dos series que les he mencionado en el pr\u00f3logo, &#8216;The Sleepers&#8217; es una magn\u00edfica opci\u00f3n para saciar su sed de contraespionaje y sobre todo de esos agentes durmientes a los que hace referencia el t\u00edtulo de la miniserie, de la que les dejo esta promoci\u00f3n para finalizar el art\u00edculo.<\/p>\n<p><iframe loading=\"lazy\" src=\"https:\/\/www.youtube.com\/embed\/L0LDw2Sjae0\" width=\"560\" height=\"315\" frameborder=\"0\" allowfullscreen=\"allowfullscreen\"><\/iframe><\/p>\n<p>Esperamos sus opiniones y comentarios, aqu\u00ed o en nuestra cuenta de twitter (@lmejino). Hasta la pr\u00f3xima<\/p>\n<p>Lorenzo Mejino<\/p>\n<!-- AddThis Advanced Settings generic via filter on the_content --><!-- AddThis Share Buttons generic via filter on the_content -->","protected":false},"excerpt":{"rendered":"<p>El \u00e9xito inesperado de las series de espionaje ubicadas en la guerra fr\u00eda como &#8216;El mismo cielo&#8216; y sobre todo &#8216;Deutschland 83\/86&#8217; han abierto las posibilidades para indagar en profundidad en esas \u00e9pocas oscuras y tenebrosas desde diversas perspectivas. En esa linea se puede integrar a la serie checa &#8216;The Sleepers&#8217; una historia de esp\u00edas [&hellip;]<!-- AddThis Advanced Settings generic via filter on get_the_excerpt --><!-- AddThis Share Buttons generic via filter on get_the_excerpt --><\/p>\n","protected":false},"author":61,"featured_media":11646,"comment_status":"open","ping_status":"closed","sticky":false,"template":"","format":"standard","meta":[],"categories":[5,10,32,17],"tags":[5445,5447,5446,5382],"_links":{"self":[{"href":"https:\/\/blogs.diariovasco.com\/series-gourmets\/wp-json\/wp\/v2\/posts\/11645"}],"collection":[{"href":"https:\/\/blogs.diariovasco.com\/series-gourmets\/wp-json\/wp\/v2\/posts"}],"about":[{"href":"https:\/\/blogs.diariovasco.com\/series-gourmets\/wp-json\/wp\/v2\/types\/post"}],"author":[{"embeddable":true,"href":"https:\/\/blogs.diariovasco.com\/series-gourmets\/wp-json\/wp\/v2\/users\/61"}],"replies":[{"embeddable":true,"href":"https:\/\/blogs.diariovasco.com\/series-gourmets\/wp-json\/wp\/v2\/comments?post=11645"}],"version-history":[{"count":4,"href":"https:\/\/blogs.diariovasco.com\/series-gourmets\/wp-json\/wp\/v2\/posts\/11645\/revisions"}],"predecessor-version":[{"id":11689,"href":"https:\/\/blogs.diariovasco.com\/series-gourmets\/wp-json\/wp\/v2\/posts\/11645\/revisions\/11689"}],"wp:featuredmedia":[{"embeddable":true,"href":"https:\/\/blogs.diariovasco.com\/series-gourmets\/wp-json\/wp\/v2\/media\/11646"}],"wp:attachment":[{"href":"https:\/\/blogs.diariovasco.com\/series-gourmets\/wp-json\/wp\/v2\/media?parent=11645"}],"wp:term":[{"taxonomy":"category","embeddable":true,"href":"https:\/\/blogs.diariovasco.com\/series-gourmets\/wp-json\/wp\/v2\/categories?post=11645"},{"taxonomy":"post_tag","embeddable":true,"href":"https:\/\/blogs.diariovasco.com\/series-gourmets\/wp-json\/wp\/v2\/tags?post=11645"}],"curies":[{"name":"wp","href":"https:\/\/api.w.org\/{rel}","templated":true}]}}