{"id":11668,"date":"2020-01-27T06:00:02","date_gmt":"2020-01-27T05:00:02","guid":{"rendered":"https:\/\/blogs.diariovasco.com\/series-gourmets\/?p=11668"},"modified":"2020-01-26T12:16:15","modified_gmt":"2020-01-26T11:16:15","slug":"atiye-the-gift-turquia-promocionar-el-star-system-y-los-monumentos-turcos","status":"publish","type":"post","link":"https:\/\/blogs.diariovasco.com\/series-gourmets\/2020\/01\/27\/atiye-the-gift-turquia-promocionar-el-star-system-y-los-monumentos-turcos\/","title":{"rendered":"Atiye\/ The Gift (Turqu\u00eda): promocionar el star-system y los monumentos turcos"},"content":{"rendered":"<p>Uno de mis pasatiempos favoritos es intentar discernir los cambios de estrategia de Netflix, dependiendo de los pa\u00edses donde produce ficciones originales. En el caso de Turqu\u00eda tiene unas caracter\u00edsticas muy peculiares alejadas del modelo del resto de pa\u00edses europeos o asi\u00e1ticos, como sucede con el caso de su reci\u00e9n estrenada &#8216;Atiye&#8217; que aqu\u00ed tiene el nombre de &#8216;The Gift&#8217;.<\/p>\n<p>Con &#8216;Atiye&#8217; han seguido una estrategia similar pero con mucho mejor tino que la que utilizaron en Jordania con <a href=\"https:\/\/blogs.diariovasco.com\/series-gourmets\/2019\/09\/09\/jinn-jordania-dollar-libano-la-primavera-arabe-de-netflix\/\">&#8216;Jinn&#8217;<\/a>\u00a0 donde montaron una trama de corte fant\u00e1stico en torno en un monumento arqueol\u00f3gico de valor incalculable, como fue Petra en el caso jordano.<\/p>\n<p>En esta ocasi\u00f3n han utilizado las impresionantes ruinas de G\u00f6bleki Tepe y de Nemrut para ubicar una historia protagonizada por una de las actrices turcas m\u00e1s conocidas en todo el mundo Beren Saat, gracias al boom que ha sido la fotonovela &#8216;Fatmagul&#8217; .<\/p>\n<p>La elecci\u00f3n de esos ingredientes tan especiales hace que el\u00a0 resultado funcione por encima de la media habitual de Netflix, por esos atractivos tanto a nivel de reparto como de los paisajes que\u00a0 les vamos a analizar seguidamente.<\/p>\n<p><strong><img loading=\"lazy\" class=\"aligncenter size-full wp-image-11669\" src=\"https:\/\/static-blogs.diariovasco.com\/wp-content\/uploads\/sites\/37\/2020\/01\/atiye.jpg\" alt=\"\" width=\"730\" height=\"438\" srcset=\"https:\/\/static-blogs.diariovasco.com\/wp-content\/uploads\/sites\/37\/2020\/01\/atiye.jpg 730w, https:\/\/static-blogs.diariovasco.com\/wp-content\/uploads\/sites\/37\/2020\/01\/atiye-300x180.jpg 300w, https:\/\/static-blogs.diariovasco.com\/wp-content\/uploads\/sites\/37\/2020\/01\/atiye-628x377.jpg 628w\" sizes=\"(max-width: 730px) 100vw, 730px\" \/>Ficha:<\/strong> Atiye \/ The Gift 8 ep + 45 min .Dic 2019- . <strong>Idioma:<\/strong> Turco <strong>Cadena:<\/strong> Netflx (TR\/ E)<\/p>\n<p><strong>La trama :<\/strong> Atiye es una joven aspirante a pintora, prometida y a punto de casarse con el heredero de una adinerada familia de Estambul , que empieza a tener unas visiones relacionadas con un s\u00edmbolo que dibuja de forma inconsciente desde su m\u00e1s tierna infancia.<\/p>\n<p>Su vida cambia cuando descubre de forma accidental que ese s\u00edmbolo ha aparecido en unas excavaciones arqueol\u00f3gicas de las ruinas de G\u00f6bleki Tepe, al Este del pa\u00eds, las m\u00e1s antiguas conocidas de cualquier civilizaci\u00f3n en la tierra.<\/p>\n<p><img loading=\"lazy\" class=\"aligncenter size-full wp-image-11672\" src=\"https:\/\/static-blogs.diariovasco.com\/wp-content\/uploads\/sites\/37\/2020\/01\/gobleki-tepe.jpg\" alt=\"\" width=\"1200\" height=\"720\" srcset=\"https:\/\/static-blogs.diariovasco.com\/wp-content\/uploads\/sites\/37\/2020\/01\/gobleki-tepe.jpg 1200w, https:\/\/static-blogs.diariovasco.com\/wp-content\/uploads\/sites\/37\/2020\/01\/gobleki-tepe-300x180.jpg 300w, https:\/\/static-blogs.diariovasco.com\/wp-content\/uploads\/sites\/37\/2020\/01\/gobleki-tepe-768x461.jpg 768w, https:\/\/static-blogs.diariovasco.com\/wp-content\/uploads\/sites\/37\/2020\/01\/gobleki-tepe-628x377.jpg 628w\" sizes=\"(max-width: 1200px) 100vw, 1200px\" \/>Esa conexi\u00f3n inexplicable va a cambiar completamente su vida y con la ayuda del jefe de arqueolog\u00eda de la excavaci\u00f3n va a intentar desentra\u00f1ar el secreto que se esconde tras esa simbolog\u00eda, con graves consecuencias tanto para su vida personal como profesional, como podemos ver en el trailer promocional.<br \/>\n<iframe loading=\"lazy\" src=\"https:\/\/www.youtube.com\/embed\/IftzSAGUxns\" width=\"560\" height=\"315\" frameborder=\"0\" allowfullscreen=\"allowfullscreen\"><\/iframe><\/p>\n<p>&#8216;Atiye&#8217; o &#8216;The Gift&#8217;, como prefieran, es una historia de aventuras de corte fant\u00e1stico hecha para el exclusivo lucimiento de su actriz protagonista Beren Saat y lo cierto es que demuestra que es un pedazo de actriz, llevando todo el peso de una serie cuya trama est\u00e1 supeditada a su presencia y a los monumentos donde se ha rodado.<\/p>\n<p><img loading=\"lazy\" class=\"aligncenter size-full wp-image-11670\" src=\"https:\/\/static-blogs.diariovasco.com\/wp-content\/uploads\/sites\/37\/2020\/01\/beren-saat.jpg\" alt=\"\" width=\"290\" height=\"174\" \/>Al no haber visto &#8216;Fatmagul&#8217; ( las telenovelas turcas no son mi negociado) no ten\u00eda ninguna idea preconcebida sobre Beren Saat y lo cierto es que me ha encantado la naturalidad con la que act\u00faa, con una capacidad de pasar del drama a momentos m\u00e1s ligeros y una gran capacidad de aguantar primeros planos sin perder expresividad.<\/p>\n<p>Sus protagonistas masculinos Mehmet G\u00fcns\u00fcr y Metin Akd\u00fclger que interpretan al arque\u00f3logo Erhan y al novio Ozan est\u00e1 a buen nivel, pero sobresale especialmente Melisa \u015eenolsun la actriz que interpreta a la hermana de Atiye, Cansu, que podr\u00e1n comprobar que es un clon de nuestra actriz Patricia Conde, como me indic\u00f3 el gran actor gallego Monti Casti\u00f1eiras por redes sociales.<\/p>\n<p>Ese parecido lo pueden comprobar en este curioso v\u00eddeo promocional de la rama turca de Netflix, donde vemos a los cuatro actores principales, destacando los valores de &#8216;Atiye&#8217; .<br \/>\n<iframe loading=\"lazy\" src=\"https:\/\/www.youtube.com\/embed\/ldXvgZa1r5U\" width=\"560\" height=\"315\" frameborder=\"0\" allowfullscreen=\"allowfullscreen\"><\/iframe><\/p>\n<p>El punto m\u00e1s flojo de &#8216;Atiye&#8217; es el gui\u00f3n repleto de todos los t\u00f3picos que nos podemos imaginar en una serie de caracter\u00edsticas arqueol\u00f3gicas, pero realizado de una forma muy profesional para potenciar las maravillas naturales turcas como el mencionado G\u00f6bleki Tepe o la impresionante monta\u00f1a de Nemrut, otro de los lugares que visitar\u00e1 la hero\u00edna en su b\u00fasqueda de conocer la verdad tras ese s\u00edmbolo que ha marcado su vida.<\/p>\n<p><img loading=\"lazy\" class=\"aligncenter size-full wp-image-11673\" src=\"https:\/\/static-blogs.diariovasco.com\/wp-content\/uploads\/sites\/37\/2020\/01\/nemrut.jpg\" alt=\"\" width=\"1024\" height=\"498\" srcset=\"https:\/\/static-blogs.diariovasco.com\/wp-content\/uploads\/sites\/37\/2020\/01\/nemrut.jpg 1024w, https:\/\/static-blogs.diariovasco.com\/wp-content\/uploads\/sites\/37\/2020\/01\/nemrut-300x146.jpg 300w, https:\/\/static-blogs.diariovasco.com\/wp-content\/uploads\/sites\/37\/2020\/01\/nemrut-768x374.jpg 768w, https:\/\/static-blogs.diariovasco.com\/wp-content\/uploads\/sites\/37\/2020\/01\/nemrut-628x305.jpg 628w\" sizes=\"(max-width: 1024px) 100vw, 1024px\" \/>Debo reconocer la habilidad de integrar esas historias para llamar la atenci\u00f3n sobre esos monumentos tan impresionantes pero que se encuentran bastante lejos de los grandes centros urbanos, al situarse al este de Anatolia, bastante cerca de la frontera siria y en pleno Kurdistan turco, un conflicto al que no se hace referencia alguna, al primar la occidentalizaci\u00f3n y el tono apol\u00edtico en todos los aspectos de la serie.<\/p>\n<p>Su estreno durante las pasadas Navidades ha sido un aut\u00e9ntico bombazo en Turqu\u00eda, batiendo todos los r\u00e9cords de Netflix y disparando las visitas a esos dos monumentos por parte de muchos turcos y turistas extranjeros que desconoc\u00edan su existencia hasta la emisi\u00f3n de &#8216;Atiye&#8217;.<\/p>\n<p>&#8216;Atiye&#8217; es una serie m\u00e1s curiosa y ex\u00f3tica que de gran calidad, pero que se deja ver con gran facilidad para disfrutar del trabajo de la gran Beren Saat y de las vistas de esos monumentos que son Patrimonio Mundial de la Unesco, lo que por lo menos en mi caso son un aliciente suficiente para recibir una oportunidad si comparten mi curiosidad.<\/p>\n<p>Para finalizar les dejo con otra promoci\u00f3n de la serie.<\/p>\n<p><iframe loading=\"lazy\" src=\"https:\/\/www.youtube.com\/embed\/RvvVF8sEsNo\" width=\"560\" height=\"315\" frameborder=\"0\" allowfullscreen=\"allowfullscreen\"><\/iframe><\/p>\n<p>Esperamos sus opiniones y comentarios, aqu\u00ed o en nuestra cuenta de twitter (@lmejino). Hasta la pr\u00f3xima<\/p>\n<p>Lorenzo Mejino<\/p>\n<!-- AddThis Advanced Settings generic via filter on the_content --><!-- AddThis Share Buttons generic via filter on the_content -->","protected":false},"excerpt":{"rendered":"<p>Uno de mis pasatiempos favoritos es intentar discernir los cambios de estrategia de Netflix, dependiendo de los pa\u00edses donde produce ficciones originales. En el caso de Turqu\u00eda tiene unas caracter\u00edsticas muy peculiares alejadas del modelo del resto de pa\u00edses europeos o asi\u00e1ticos, como sucede con el caso de su reci\u00e9n estrenada &#8216;Atiye&#8217; que aqu\u00ed tiene [&hellip;]<!-- AddThis Advanced Settings generic via filter on get_the_excerpt --><!-- AddThis Share Buttons generic via filter on get_the_excerpt --><\/p>\n","protected":false},"author":61,"featured_media":11671,"comment_status":"open","ping_status":"closed","sticky":false,"template":"","format":"standard","meta":[],"categories":[3008,5,7,17],"tags":[5452,5454,5455,5457,5456,5453],"_links":{"self":[{"href":"https:\/\/blogs.diariovasco.com\/series-gourmets\/wp-json\/wp\/v2\/posts\/11668"}],"collection":[{"href":"https:\/\/blogs.diariovasco.com\/series-gourmets\/wp-json\/wp\/v2\/posts"}],"about":[{"href":"https:\/\/blogs.diariovasco.com\/series-gourmets\/wp-json\/wp\/v2\/types\/post"}],"author":[{"embeddable":true,"href":"https:\/\/blogs.diariovasco.com\/series-gourmets\/wp-json\/wp\/v2\/users\/61"}],"replies":[{"embeddable":true,"href":"https:\/\/blogs.diariovasco.com\/series-gourmets\/wp-json\/wp\/v2\/comments?post=11668"}],"version-history":[{"count":4,"href":"https:\/\/blogs.diariovasco.com\/series-gourmets\/wp-json\/wp\/v2\/posts\/11668\/revisions"}],"predecessor-version":[{"id":11699,"href":"https:\/\/blogs.diariovasco.com\/series-gourmets\/wp-json\/wp\/v2\/posts\/11668\/revisions\/11699"}],"wp:featuredmedia":[{"embeddable":true,"href":"https:\/\/blogs.diariovasco.com\/series-gourmets\/wp-json\/wp\/v2\/media\/11671"}],"wp:attachment":[{"href":"https:\/\/blogs.diariovasco.com\/series-gourmets\/wp-json\/wp\/v2\/media?parent=11668"}],"wp:term":[{"taxonomy":"category","embeddable":true,"href":"https:\/\/blogs.diariovasco.com\/series-gourmets\/wp-json\/wp\/v2\/categories?post=11668"},{"taxonomy":"post_tag","embeddable":true,"href":"https:\/\/blogs.diariovasco.com\/series-gourmets\/wp-json\/wp\/v2\/tags?post=11668"}],"curies":[{"name":"wp","href":"https:\/\/api.w.org\/{rel}","templated":true}]}}