{"id":11733,"date":"2020-02-07T06:00:25","date_gmt":"2020-02-07T05:00:25","guid":{"rendered":"https:\/\/blogs.diariovasco.com\/series-gourmets\/?p=11733"},"modified":"2020-02-06T09:13:41","modified_gmt":"2020-02-06T08:13:41","slug":"el-hombre-invisible-2000-una-entretenida-recreacion-del-mito-de-la-invisibilidad","status":"publish","type":"post","link":"https:\/\/blogs.diariovasco.com\/series-gourmets\/2020\/02\/07\/el-hombre-invisible-2000-una-entretenida-recreacion-del-mito-de-la-invisibilidad\/","title":{"rendered":"El Hombre Invisible ( 2000) : una entretenida recreaci\u00f3n del mito de la invisibilidad."},"content":{"rendered":"<p>La invisibilidad es uno de los argumentos recurrentes dentro del g\u00e9nero fant\u00e1stico\u00a0 incluso con toques terror\u00edficos, desde que el gran H.G.Wells escribiera en el siglo XIX su gran libro &#8216;El Hombre Invisible&#8217; que es considerado el punto de partida de la invisibilidad literaria y audiovisual.<\/p>\n<p>Se han hecho diversas pel\u00edculas con bastante \u00e9xito y algunas series como &#8216;El Hombre Invisible&#8217;, una versi\u00f3n brit\u00e1nica con David McCallum ( NCIS) en los a\u00f1os 60, que no pasaron de su primera temporada o &#8216;Gemini Man&#8217; en los a\u00f1os 70 con Ben Murphy.<\/p>\n<p>El inter\u00e9s por los hombres invisibles tuvo un gran repunte con el cambio de siglo con el estreno de la pel\u00edcula &#8216;The Hollow Man&#8217; con Kevin Bacon y casi de forma simultanea con el estreno en el a\u00f1o 2000 de una nueva serie con el mismo nombre &#8216;El Hombre Invisible&#8217; que va a ser el objeto de nuestro an\u00e1lisis del rinc\u00f3n del recuerdo de cada viernes.<\/p>\n<p>La principal caracter\u00edstica de esta versi\u00f3n es que huye de la solemnidad y el dramatismo habitual de los seres atormentados por ese don\/maldici\u00f3n de la invisibilidad y opta por hacerlo desde un prisma humor\u00edstico con una pareja protagonista que sigue los esquemas de una &#8216;buddy movie&#8217; pero con uno de los miembros que puede desaparecer con ciertas condiciones y riesgos, como les vamos a analizar a continuaci\u00f3n.<\/p>\n<p><img loading=\"lazy\" class=\"aligncenter size-full wp-image-11734\" src=\"https:\/\/static-blogs.diariovasco.com\/wp-content\/uploads\/sites\/37\/2020\/02\/general-1.jpg\" alt=\"\" width=\"1280\" height=\"720\" srcset=\"https:\/\/static-blogs.diariovasco.com\/wp-content\/uploads\/sites\/37\/2020\/02\/general-1.jpg 1280w, https:\/\/static-blogs.diariovasco.com\/wp-content\/uploads\/sites\/37\/2020\/02\/general-1-300x169.jpg 300w, https:\/\/static-blogs.diariovasco.com\/wp-content\/uploads\/sites\/37\/2020\/02\/general-1-768x432.jpg 768w, https:\/\/static-blogs.diariovasco.com\/wp-content\/uploads\/sites\/37\/2020\/02\/general-1-628x353.jpg 628w\" sizes=\"(max-width: 1280px) 100vw, 1280px\" \/><strong>Ficha:<\/strong> El Hombre Invisible ( The Invisible Man) 46 episodios 2T\u00a0\u00a0 Jun 2000- Feb 2002 <strong>Cadena:<\/strong>\u00a0 Sci-fi (USA)- Sci-fi\/ Syfy (E)<\/p>\n<p><strong>Sinopsis:<\/strong> Darien Fawkes es un ladr\u00f3n de guante blanco, que en el transcurso de un robo rutinario ve como su victima\u00a0 sufre un infarto al descubrir al ladr\u00f3n en su casa y en lugar de huir intenta reanimarlo y salvar su vida.<\/p>\n<p>El problema es que en plena maniobra de reanimaci\u00f3n es descubierto por la polic\u00eda, que no solo le acusa de robo sino de asalto sexual grave, lo que le env\u00eda a la c\u00e1rcel con una cadena perpetua al ser su tercer delito grave.<\/p>\n<p>Su hermano le ofrece una posibilidad de liberaci\u00f3n si participa en una arriesgado experimento para implantarle un dispositivo en su cerebro, que genera una sustancia, &#8216;Quicksilver&#8217;, que le puede hacer invisible durante treinta minutos.<\/p>\n<p>Desesperado y sin opci\u00f3n alguna, decide aceptar la oferta y pronto descubre que no le han dicho toda la verdad, ya que el compuesto es altamente inestable y debe ser contrarrestado con un ant\u00eddoto para evitar da\u00f1os permanentes en su cerebro.<\/p>\n<p>Tras ser arrasado el laboratorio y asesinado su hermano, Darien se ve obligado a aceptar una oferta de una agencia gubernamental, para trabajar con ellos y utilizar sus poderes para detener a delincuentes y villanos de todo pelaje. Tiene la ayuda de su compa\u00f1ero Hobbs, un agente resabiado,\u00a0 al que le han asignado el trabajo de cuidar y proteger al hombre invisible. El equipo lo completa una cient\u00edfica que se encarga de suministrarle ese ant\u00eddoto y\u00a0 controlar sus constantes vitales y evitar su degradaci\u00f3n.<\/p>\n<p>Las aventuras de esta reci\u00e9n formada pareja de detectives son el centro neur\u00e1lgico de &#8216;El Hombre Invisible&#8217;<\/p>\n<p><strong>El inicio:<\/strong> Matt Greenberg era un guionista cinematogr\u00e1fico que estaba especializado en escribir secuelas de pel\u00edculas de terror de gran \u00e9xito como &#8216;Los Chicos del Maiz 3&#8217; . &#8216;Angeles y Demonios 2&#8217; o &#8216;Halloween H20. 20 a\u00f1os despu\u00e9s&#8217; .<\/p>\n<p>Con semejante bagaje no dud\u00f3 en aceptar el encargo de Stu Segall el productor de confianza de la cadena USA Network y su filial Sci-fi, para hacer alguna serie sobre hombres invisibles, en la estela de la pel\u00edcula de Paul Verhoeven &#8216;The Hollow Man&#8217; que estaba en\u00a0 plena fase de producci\u00f3n.<\/p>\n<p><img loading=\"lazy\" class=\"aligncenter size-full wp-image-11735\" src=\"https:\/\/static-blogs.diariovasco.com\/wp-content\/uploads\/sites\/37\/2020\/02\/matt-greenberg.jpg\" alt=\"\" width=\"600\" height=\"584\" srcset=\"https:\/\/static-blogs.diariovasco.com\/wp-content\/uploads\/sites\/37\/2020\/02\/matt-greenberg.jpg 600w, https:\/\/static-blogs.diariovasco.com\/wp-content\/uploads\/sites\/37\/2020\/02\/matt-greenberg-300x292.jpg 300w\" sizes=\"(max-width: 600px) 100vw, 600px\" \/>Su concepto inicial era alejarse del arquetipo del hombre invisible atormentado y solitario que era la forma habitual de representarlo en pel\u00edculas y series para desarrollarlo como un divertimento m\u00e1s ligero, que encajar\u00eda en las pautas televisivas semanales.<\/p>\n<p>Su creador no quer\u00eda cargar las tintas en el dramatismo y\u00a0 quer\u00eda utilizar las \u00faltimas t\u00e9cnicas de efectos especiales de translucidez, para evitar el uso de vendajes o de tropezones continuos para saber por donde anda el personaje invisible en cada momento que era el recurso habitual para representarlo.<\/p>\n<p>El enfoque le gust\u00f3 a la cadena Sci-fi que le encarg\u00f3 una primera temporada de 13 cap\u00edtulos con un piloto de dos horas que iba a ser dirigido por un reputado director publicitario Breck Eisner ( The Expanse) en su primer trabajo como director televisivo.<\/p>\n<p>El estreno en la primavera del a\u00f1o 2000 vino precedido del siguiente trailer, donde el protagonista explica la premisa inicial del caso.<br \/>\n<iframe loading=\"lazy\" src=\"https:\/\/www.youtube.com\/embed\/gOZ2lrq7jm8\" width=\"560\" height=\"315\" frameborder=\"0\" allowfullscreen=\"allowfullscreen\"><\/iframe><br \/>\nSu estreno tuvo una gran acogida, pero apenas escritos tres episodios su creador Matt Greenberg se vio obligado a dejar la serie por un grave problema personal, siendo sustituido por un joven guionista Craig Silverstein en su primer trabajo de responsabilidad de una larga carrera posterior donde ha creado series como <a href=\"https:\/\/blogs.diariovasco.com\/series-gourmets\/2013\/04\/24\/nikita-cuando-las-ideas-escasean-lo-mejor-es-ir-copiando\/\">&#8216;Nikita&#8217;<\/a> o <a href=\"https:\/\/blogs.diariovasco.com\/series-gourmets\/2015\/07\/22\/turn-espias-de-washington-el-nacimiento-de-las-redes-de-espias\/\">&#8216;Turn&#8217;<\/a>.<\/p>\n<p>Por su parte Greenberg, tras superar esos problemas personales, ha seguido escribiendo guiones cinematogr\u00e1ficos de pel\u00edculas de terror como &#8216;Cementerio de Animales&#8217; la adaptaci\u00f3n de la novela de Stephen King que arras\u00f3 en las taquillas en 2019.<\/p>\n<p><strong>La trama:<\/strong> &#8216;El hombre Invisible&#8217; utiliza su piloto de doble duraci\u00f3n para establecer la premisa inicial del origen de la invisibilidad del personaje y las reglas de juego de esa propiedad, desde el robo fallido inicial, hasta la implantaci\u00f3n del dispositivo.<\/p>\n<p>Tras presentar al personaje de Darien Fawkes, la serie plantea la tragedia que le va a obligar a caer en las manos de esa oscura agencia gubernamental, lo que da pie a presentar al segundo protagonista de la historia el agente Hobbs, en una escena tan divertida como la siguiente, donde ambos contactan por primera vez, en el centro de un mercado atiborrado de gente.<br \/>\n<iframe loading=\"lazy\" src=\"https:\/\/www.youtube.com\/embed\/Xs4WvSY0pPo\" width=\"560\" height=\"315\" frameborder=\"0\" allowfullscreen=\"allowfullscreen\"><\/iframe><br \/>\nTras el piloto, &#8216;El Hombre Invisible&#8217; se transforma en un procedimental ligero, donde los dos agentes deben enfrentarse cada semana a alg\u00fan caso de alta prioridad gubernamental como graves amenazas generales o arreglar entuertos experimentales que han salido desastrosos con posibles consecuencias letales para los EEUU.<\/p>\n<p>El resto del equipo lo completan una doctora seria y responsable que da la nota femenina y cient\u00edfica a la vez, a la vez que controla m\u00e9dicamente a Darien,. Finalmente tenemos el agente al mando que todos conocen como &#8216;El Oficial&#8217; un enigm\u00e1tico personaje que no admite la m\u00e1s m\u00ednima discusi\u00f3n de sus ordenes y de la ejecuci\u00f3n de sus misiones semanales. Todos ellos salen en la cabecera de la serie, que tambi\u00e9n incluye una explicaci\u00f3n de la premisa.<br \/>\n<iframe loading=\"lazy\" src=\"https:\/\/www.youtube.com\/embed\/dVQ3DU6apfQ\" width=\"560\" height=\"315\" frameborder=\"0\" allowfullscreen=\"allowfullscreen\"><\/iframe><br \/>\nA pesar de tener esa patena fant\u00e1stica inicial, pronto se centraron en la relaci\u00f3n entre los dos protagonistas en plan &#8216;buddy movie&#8217; con muchos elementos de comed\u00eda que iban intercalando entre el posible dramatismo de la misi\u00f3n semanal. El \u00fanico tenue hilo de continuidad era la aspiraci\u00f3n de Darien de que le extrajeran el dispositivo para poder hacer vida normal sin estar expuesto al peligro inherente a estar invisible demasiado rato sin acceder al ant\u00eddoto que lo regula.<\/p>\n<p>Algunos episodios eran procedimentales autoconclusivos, mientras que otros exploraban esa mitolog\u00eda general y la parte m\u00e1s fant\u00e1stica de la historia que implicaba a una organizaci\u00f3n del mal llamada Chrysalis, pero viendo promociones como la siguiente, ya sab\u00edamos el tipo de historia que \u00edbamos a tener, antes de cada episodio<br \/>\n<iframe loading=\"lazy\" src=\"https:\/\/www.youtube.com\/embed\/cMjqtQ9YlV4\" width=\"560\" height=\"315\" frameborder=\"0\" allowfullscreen=\"allowfullscreen\"><\/iframe><\/p>\n<p>Por supuesto que en todos los casos ten\u00edamos tres o cuatro escenas en la que Darien debe hacer uso de su don, ya sea voluntaria o involuntariamente, como en este caso en una cita en la que descubre que al excitarse tambi\u00e9n puede volverse invisible, lo que no ayuda a las relaciones personales precisamente.<br \/>\n<iframe loading=\"lazy\" src=\"https:\/\/www.youtube.com\/embed\/lD0ckqtvh5w\" width=\"560\" height=\"315\" frameborder=\"0\" allowfullscreen=\"allowfullscreen\"><\/iframe><br \/>\nNo suelo ponerme muy tiquismiquis con las justificaciones cient\u00edficas de historias fant\u00e1sticas con zombies, vampiros o en este caso la invisibilidad, pero si que soy m\u00e1s exigente con la coherencia de la mitolog\u00eda que hayan creado, sea la que sea y con el desarrollo de los personajes.<\/p>\n<p>En este sentido &#8216;El Hombre Invisible&#8217; era una grata sorpresa por la enorme qu\u00edmica de la pareja protagonista que hacia digeribles unas historias tan originales como las quejas a los \u00e1rbitros en cualquier partido de f\u00fatbol.<\/p>\n<p>Los efectos especiales eran bastante resultones y disimulaban la pobreza presupuestaria con la que deb\u00edan crear la serie y el resultado era una serie distra\u00edda y entretenida, que super\u00f3 en mucho mis bajas expectativas iniciales con respecto a la misma.<\/p>\n<p><strong>Los actores:<\/strong> Vincent Ventresca es un actor que tuvo una buena racha en los a\u00f1os noventa desde un memorable secundario en &#8216;Friends&#8217; el gran &#8216;Bobby el Divertido&#8217; , pasando por papeles importantes en dos series &#8216;Boston Common&#8217; y &#8216;Prey&#8217; , casi siempre en personajes como el gal\u00e1n cachondo y despreocupado.<\/p>\n<p>Su gran oportunidad le lleg\u00f3 en esta serie como Darien Fawkes, personaje al que lleg\u00f3 tras superar varias semanas de audiciones, por las dificultades que tiene\u00a0 un actor que va a estar gran parte del tiempo est\u00e1 oculto por los efectos especiales o invisible.<\/p>\n<p><img loading=\"lazy\" class=\"aligncenter size-full wp-image-11737\" src=\"https:\/\/static-blogs.diariovasco.com\/wp-content\/uploads\/sites\/37\/2020\/02\/ventresca.jpg\" alt=\"\" width=\"1200\" height=\"750\" srcset=\"https:\/\/static-blogs.diariovasco.com\/wp-content\/uploads\/sites\/37\/2020\/02\/ventresca.jpg 1200w, https:\/\/static-blogs.diariovasco.com\/wp-content\/uploads\/sites\/37\/2020\/02\/ventresca-300x188.jpg 300w, https:\/\/static-blogs.diariovasco.com\/wp-content\/uploads\/sites\/37\/2020\/02\/ventresca-768x480.jpg 768w, https:\/\/static-blogs.diariovasco.com\/wp-content\/uploads\/sites\/37\/2020\/02\/ventresca-628x393.jpg 628w\" sizes=\"(max-width: 1200px) 100vw, 1200px\" \/>Ventresca hizo la mejor interpretaci\u00f3n de su carrera, divertido o serio seg\u00fan le tocara y sobre todo estableciendo una gran complicidad con su compa\u00f1ero Paul Ben-Victor hasta el punto de improvisar bastantes di\u00e1logos durante el rodaje, en especial en las partes m\u00e1s ligeras, donde deb\u00edan picarse entre ellos.<\/p>\n<p>Su carrera posterior no ha pasado de hacer innumerables papeles de estrella invitada, lo que no deja de ser una lastima, porque pod\u00eda haber tenido un gran recorrido como actor<\/p>\n<p>Paul Ben-Victor es un secundario de raza y largo recorrido que siempre ser\u00e1 recordado como el griego de la 2T de &#8216;The Wire&#8217; el papel que ha marcado su carrera para siempre. Especializado en papeles de hombre duro e implacable a ambos lados de la ley, era el contrapunto perfecto como el agente Hobbs para controlar al hombre invisible.<\/p>\n<p><img loading=\"lazy\" class=\"aligncenter size-full wp-image-11736\" src=\"https:\/\/static-blogs.diariovasco.com\/wp-content\/uploads\/sites\/37\/2020\/02\/paul-ben-victor.jpg\" alt=\"\" width=\"300\" height=\"168\" \/>En la actualidad sigue siendo dif\u00edcil que no aparezca como estrella invitada o en un papel recurrente en algunas de las series que se emiten en la actualidad como &#8216;Goliath&#8217; o &#8216;Preacher&#8217;, pero su qu\u00edmica con Ventresca era tan grande que no han dudado en hacerlos aparecer conjuntamente en series como &#8216;Vegas&#8217; o &#8216;In Plain Sight&#8217; para regocijo de los nost\u00e1lgicos de sus tiempos invisibles.<\/p>\n<p>El equipo lo completaban Eddie Jones ( der) como el oficial al mando de la agencia, un veterano actor secundario que fue el padre adoptivo de Superman en<a href=\"https:\/\/blogs.diariovasco.com\/series-gourmets\/2015\/12\/18\/lois-clark-las-nuevas-aventuras-de-superman-el-lado-romantico-del-superheroe\/\"> &#8216;Lois &amp; Clark, las nuevas aventuras de Superman&#8217;\u00a0<\/a> en el que ha sido su mejor personaje junto con el de esta serie, en la que apenas aparec\u00eda en tres o cuatro escenas por episodio y siempre para mandar o abroncar a sus subordinados.<\/p>\n<p><img loading=\"lazy\" class=\"aligncenter size-full wp-image-11734\" src=\"https:\/\/static-blogs.diariovasco.com\/wp-content\/uploads\/sites\/37\/2020\/02\/general-1.jpg\" alt=\"\" width=\"1280\" height=\"720\" srcset=\"https:\/\/static-blogs.diariovasco.com\/wp-content\/uploads\/sites\/37\/2020\/02\/general-1.jpg 1280w, https:\/\/static-blogs.diariovasco.com\/wp-content\/uploads\/sites\/37\/2020\/02\/general-1-300x169.jpg 300w, https:\/\/static-blogs.diariovasco.com\/wp-content\/uploads\/sites\/37\/2020\/02\/general-1-768x432.jpg 768w, https:\/\/static-blogs.diariovasco.com\/wp-content\/uploads\/sites\/37\/2020\/02\/general-1-628x353.jpg 628w\" sizes=\"(max-width: 1280px) 100vw, 1280px\" \/>Por \u00faltimo mencionar a la australiana Shannon Kenny, que se hizo muy popular en su pa\u00eds con el culebr\u00f3n &#8216;Sons &amp; Daughters&#8217; para dar el salto a los EEUU, donde no consigui\u00f3 destacar mucho siendo este personaje secundario el de mayor renombre de una carrera poco distinguida que abandon\u00f3 poco despu\u00e9s de casarse en 2001 con el actor Nestor Carbonell ( Perdidos, Bates Motel)<\/p>\n<p><strong>Final :<\/strong> En la 2T de la serie, los ejecutivos decidieron hacer algunos cambios en la serie empezando por un ligero cambio de nombre a &#8216; The I-Man&#8217; y siguiendo por la incorporaci\u00f3n de Brandy Ledford, una ex-chica Penthouse del A\u00f1o, con lo que quedaba a las claras la nueva direcci\u00f3n de la serie. Fue introducida como una agente del FBI, Alex Monroe, para que chocara frontalmente con Hobbs en todos los aspectos. Esos cambios se reflejaron en la cabecera de esa segunda temporada.<br \/>\n<iframe loading=\"lazy\" src=\"https:\/\/www.youtube.com\/embed\/8pShIezUVMs\" width=\"560\" height=\"315\" frameborder=\"0\" allowfullscreen=\"allowfullscreen\"><\/iframe><br \/>\nLa entrada de ese nuevo elemento desequilibr\u00f3 por completo la serie al romper la din\u00e1mica inicial de &#8216;buddy movie&#8217; sin aportar nada a cambio, lo que desagrad\u00f3 bastante a los ac\u00e9rrimos seguidores de la serie que empezaron a despotricar de ese nuevo personaje como causa de la ca\u00edda de audiencias, al girar hacia una din\u00e1mica de parejitas, con Darien con la doctora Claire y los dos agentes por otro lado.<\/p>\n<p>Su showrunner Craig Silverstein decidi\u00f3 cuidarse en salud cerrando esta 2T, con la liberaci\u00f3n del dispositivo del cerebro de Darien y de esta forma dejar de depender del ant\u00eddoto que controlaba la agencia gubernamental.<\/p>\n<p>Dejaron abiertas las puertas para una posible continuaci\u00f3n al no haber desmantelado la organizaci\u00f3n Chrysalis, pero en una decisi\u00f3n corporativa USA Network decidi\u00f3 cancelar la serie de su filial sin previo aviso, pero con ese final apa\u00f1adito<\/p>\n<p><strong>Ep\u00edlogo :<\/strong><br \/>\nHoy hemos recordado &#8216;El Hombre Invisible&#8217; una propuesta que no se puede comparar a las grandes series del g\u00e9nero fant\u00e1stico, pero que\u00a0 dentro de su modestia por lo menos ha conseguido ser la mejor serie de hombres invisibles de la historia, que ya es algo.<\/p>\n<p>Esperamos sus opiniones y comentarios, aqu\u00ed o en nuestra cuenta de twitter (@lmejino). Hasta la pr\u00f3xima<\/p>\n<p>Lorenzo Mejino<\/p>\n<!-- AddThis Advanced Settings generic via filter on the_content --><!-- AddThis Share Buttons generic via filter on the_content -->","protected":false},"excerpt":{"rendered":"<p>La invisibilidad es uno de los argumentos recurrentes dentro del g\u00e9nero fant\u00e1stico\u00a0 incluso con toques terror\u00edficos, desde que el gran H.G.Wells escribiera en el siglo XIX su gran libro &#8216;El Hombre Invisible&#8217; que es considerado el punto de partida de la invisibilidad literaria y audiovisual. Se han hecho diversas pel\u00edculas con bastante \u00e9xito y algunas [&hellip;]<!-- AddThis Advanced Settings generic via filter on get_the_excerpt --><!-- AddThis Share Buttons generic via filter on get_the_excerpt --><\/p>\n","protected":false},"author":61,"featured_media":11738,"comment_status":"open","ping_status":"closed","sticky":false,"template":"","format":"standard","meta":[],"categories":[3008,23,7,31,16],"tags":[5486,5482,5484,2134,5487,5483,5485],"_links":{"self":[{"href":"https:\/\/blogs.diariovasco.com\/series-gourmets\/wp-json\/wp\/v2\/posts\/11733"}],"collection":[{"href":"https:\/\/blogs.diariovasco.com\/series-gourmets\/wp-json\/wp\/v2\/posts"}],"about":[{"href":"https:\/\/blogs.diariovasco.com\/series-gourmets\/wp-json\/wp\/v2\/types\/post"}],"author":[{"embeddable":true,"href":"https:\/\/blogs.diariovasco.com\/series-gourmets\/wp-json\/wp\/v2\/users\/61"}],"replies":[{"embeddable":true,"href":"https:\/\/blogs.diariovasco.com\/series-gourmets\/wp-json\/wp\/v2\/comments?post=11733"}],"version-history":[{"count":5,"href":"https:\/\/blogs.diariovasco.com\/series-gourmets\/wp-json\/wp\/v2\/posts\/11733\/revisions"}],"predecessor-version":[{"id":11755,"href":"https:\/\/blogs.diariovasco.com\/series-gourmets\/wp-json\/wp\/v2\/posts\/11733\/revisions\/11755"}],"wp:featuredmedia":[{"embeddable":true,"href":"https:\/\/blogs.diariovasco.com\/series-gourmets\/wp-json\/wp\/v2\/media\/11738"}],"wp:attachment":[{"href":"https:\/\/blogs.diariovasco.com\/series-gourmets\/wp-json\/wp\/v2\/media?parent=11733"}],"wp:term":[{"taxonomy":"category","embeddable":true,"href":"https:\/\/blogs.diariovasco.com\/series-gourmets\/wp-json\/wp\/v2\/categories?post=11733"},{"taxonomy":"post_tag","embeddable":true,"href":"https:\/\/blogs.diariovasco.com\/series-gourmets\/wp-json\/wp\/v2\/tags?post=11733"}],"curies":[{"name":"wp","href":"https:\/\/api.w.org\/{rel}","templated":true}]}}