{"id":12208,"date":"2020-05-08T06:00:07","date_gmt":"2020-05-08T05:00:07","guid":{"rendered":"https:\/\/blogs.diariovasco.com\/series-gourmets\/?p=12208"},"modified":"2020-05-07T10:10:46","modified_gmt":"2020-05-07T09:10:46","slug":"spenser-detective-privado-el-gran-personaje-de-la-novela-negra-bostoniana","status":"publish","type":"post","link":"https:\/\/blogs.diariovasco.com\/series-gourmets\/2020\/05\/08\/spenser-detective-privado-el-gran-personaje-de-la-novela-negra-bostoniana\/","title":{"rendered":"Spenser, detective privado: el gran personaje de la novela negra bostoniana"},"content":{"rendered":"<p>La elecci\u00f3n de las series del rinc\u00f3n del recuerdo de cada viernes suelen venir dictadas por casualidades o coincidencias que me traen a la memoria cosas como &#8216;Spenser, detective privado&#8217;m una estilizada incursi\u00f3n en el genero &#8216;noir&#8217; detectivesco ambientada en un lugar tan poco habitual para las ficciones de este tipo como es Boston, la capital del estado de Massachussets.<\/p>\n<p>En este caso me han coincidido mentalmente, el estreno reciente en Netflix de una pel\u00edcula inspirada en Spenser y haber escrito hace dos semanas sobre la segunda secuela de Star Trek, protagonizada por Avery Brooks, que se dio a conocer con su personaje de Hawk en esta serie.<\/p>\n<p>El universo de Spenser es bastante mayor que el que recordaba a palo seco y comprende secuelas, libros y bastantes pel\u00edculas por lo que poco a poco he ido recordando cosas y detalles sobre una serie bastante notable que tuvo muchos menos reconocimiento del que se merec\u00eda como les vamos a explicar a continuaci\u00f3n.<\/p>\n<p><strong><img loading=\"lazy\" class=\"aligncenter size-full wp-image-12217\" src=\"https:\/\/static-blogs.diariovasco.com\/wp-content\/uploads\/sites\/37\/2020\/05\/general.jpg\" alt=\"\" width=\"276\" height=\"183\" \/>Ficha:<\/strong> Spenser, Detective privado ( Spenser For Hire) 66 ep + 4 pel\u00edculas .\u00a0\u00a0 Sep 1985- May 1988 <strong>Cadena:\u00a0<\/strong> ABC (USA) La 2- la 1 (E)<\/p>\n<p><strong>Sinopsis:<\/strong> Spenser es un excombatiente en la guerra de Vietnam que tras probar diferentes trabajos como una ef\u00edmera carrera de boxeador o ser oficial de polic\u00eda, acaba convirti\u00e9ndose en detective privado en su ciudad natal de Boston, para investigar todo tipo de casos.<\/p>\n<p>En sus trabajos tiene la ayuda de Hawk un enigm\u00e1tico y misterioso mat\u00f3n que se mueve como una anguila por los bajos fondos bostonianos, mientras que mantiene una relaci\u00f3n estable con su novia Susan Silverman. Sus relaciones con el departamento de polic\u00eda son complejas con dos tenientes con reacciones contradictorias hacia Spenser cada vez que se cruzan en su camino, el teniente Quirk amigable y colaborador y el teniente Webster que no lo puede ver ni en pintura.<\/p>\n<p><strong>El inicio:<\/strong> Robert B. Parker era un profesor universitario de la Northeastern University en Boston, cuando en 1973 empez\u00f3 a escribir novelas negras ambientadas en Boston y protagonizadas por un detective privado Spenser, con influencias de Sam Spade y otros figuras literarias.<\/p>\n<p><img loading=\"lazy\" class=\"aligncenter size-full wp-image-12211\" src=\"https:\/\/static-blogs.diariovasco.com\/wp-content\/uploads\/sites\/37\/2020\/05\/ROBERT-F-PARKER.jpg\" alt=\"\" width=\"1173\" height=\"1766\" srcset=\"https:\/\/static-blogs.diariovasco.com\/wp-content\/uploads\/sites\/37\/2020\/05\/ROBERT-F-PARKER.jpg 1173w, https:\/\/static-blogs.diariovasco.com\/wp-content\/uploads\/sites\/37\/2020\/05\/ROBERT-F-PARKER-199x300.jpg 199w, https:\/\/static-blogs.diariovasco.com\/wp-content\/uploads\/sites\/37\/2020\/05\/ROBERT-F-PARKER-768x1156.jpg 768w, https:\/\/static-blogs.diariovasco.com\/wp-content\/uploads\/sites\/37\/2020\/05\/ROBERT-F-PARKER-417x628.jpg 417w\" sizes=\"(max-width: 1173px) 100vw, 1173px\" \/>El \u00e9xito de sus novelas le llev\u00f3 a dejar la ense\u00f1anza para dedicarse de forma exclusiva a escribir novelas que cada vez ten\u00edan m\u00e1s \u00e9xito, por lo que empezaron a llegarle ofertas para adaptar sus novelas al cine o a la televisi\u00f3n.<\/p>\n<p>Finalmente decidi\u00f3 aceptar la oferta de un veterano productor John Wilder para inspirarse en sus personajes para crear una serie televisiva, pero sin adaptar sus novelas al pie de la letra.<\/p>\n<p>John Wilder es todo un personaje de Hollywood al haber tenido tres carreras de forma consecutiva y todas ellas bastante brillantes, primero fue un actor en numerosos westerns de serie B durante los a\u00f1os cincuenta y sesenta, para pasarse al otro de la c\u00e1mara y reconvertirse en escritor, guionista, productor y director de series como &#8216;Las Calles de San Francisco&#8217; y miniseries como &#8216;Centennial&#8217; o &#8216;La Rosa Amarilla&#8217;.<\/p>\n<p><img loading=\"lazy\" class=\"aligncenter size-full wp-image-12218\" src=\"https:\/\/static-blogs.diariovasco.com\/wp-content\/uploads\/sites\/37\/2020\/05\/john-wilder.jpg\" alt=\"\" width=\"600\" height=\"710\" srcset=\"https:\/\/static-blogs.diariovasco.com\/wp-content\/uploads\/sites\/37\/2020\/05\/john-wilder.jpg 600w, https:\/\/static-blogs.diariovasco.com\/wp-content\/uploads\/sites\/37\/2020\/05\/john-wilder-254x300.jpg 254w, https:\/\/static-blogs.diariovasco.com\/wp-content\/uploads\/sites\/37\/2020\/05\/john-wilder-531x628.jpg 531w\" sizes=\"(max-width: 600px) 100vw, 600px\" \/>Wilder era un enorme fan de las novelas de Robert B. Parker e insisti\u00f3 mucho hasta conseguir los derechos audiovisuales para la serie y escribir el episodio piloto de doble duraci\u00f3n que recibi\u00f3 la aprobaci\u00f3n de la cadena ABC, para convertirlo en serie semanal para su estreno en la temporada oto\u00f1al de 1985 con la siguiente promoci\u00f3n inicial.<br \/>\n<iframe loading=\"lazy\" src=\"https:\/\/www.youtube.com\/embed\/0udmf8hlBH8\" width=\"560\" height=\"315\" frameborder=\"0\" allowfullscreen=\"allowfullscreen\"><\/iframe><br \/>\nLa carrera de Wilder dio otro giro brusco a final de la d\u00e9cada de los ochenta, al pasarse al terreno de las novelas tras producir otro gran \u00e9xito como la miniserie &#8216;Lonesome Dove&#8217; y empez\u00f3 a encandenar best-sellers hasta la fecha donde todav\u00eda sigue activo en la escritura a sus 85 a\u00f1os de edad.<\/p>\n<p><strong>La trama:<\/strong> &#8216;Spenser. Detective privado&#8217; se enclavaba plenamente en el subg\u00e9nero de los procedimentales con detective privado imperfecto, claros precursores de los antih\u00e9roes actuales que dominan muchas preferencias televisivas.<\/p>\n<p>El genero siempre se ha movido en unas coordenadas bastante establecidas, con los \u00fanicos hechos diferenciales en forma de peque\u00f1os detalles que imped\u00edan que las historias fuesen intercambiables, como es el tema del veh\u00edculo, la ubicaci\u00f3n y sus compa\u00f1eros de fatigas como principales rasgos novedosos en cada serie.<\/p>\n<p>&#8216;Spenser. Detective privado&#8217; jug\u00f3 bastante h\u00e1bilmente con esos tres factores, primero ubicando la serie en una g\u00e9lida e invernal Boston, donde el protagonista viv\u00eda en un antiguo cuartel de bomberos, que le cedi\u00f3 el cuerpo en agradecimiento a los servicios prestados por salvar a un bombero. Conduc\u00eda un precioso Ford Mustang de los sesenta y ten\u00eda un perfecto compa\u00f1ero de fatigas en el descre\u00eddo mat\u00f3n que era su colega Hawk.<\/p>\n<p>La cabecera de la serie establece r\u00e1pidamente esos factores diferenciales para situar al espectador.<br \/>\n<iframe loading=\"lazy\" src=\"https:\/\/www.youtube.com\/embed\/TY3xEJ4RxcA\" width=\"560\" height=\"315\" frameborder=\"0\" allowfullscreen=\"allowfullscreen\"><\/iframe><br \/>\nLos casos eran los habituales de los cat\u00e1logos de los detectives de novela negra, con las esposas o maridos infieles como plato principal de su dieta, junto a la localizaci\u00f3n de personas desaparecidas o trabajos de protecci\u00f3n personal.<\/p>\n<p>Los encargos eran\u00a0 aparentemente sencillos pero siempre empezaban a complicarse cuando Spenser tiraba de la manta, por lo que acaba necesitando la ayuda de su amigo Hawk para resolverlos.<\/p>\n<p>Sus relaciones con el departamento de polic\u00eda no eran una balsa de aceite, lo que permit\u00eda crear tensiones en las tramas secundarias que derivaban del caso semanal y que ten\u00edan implicaciones con sus contactos policiales.<\/p>\n<p>Spenser era un personaje bastante culto e ilustrado, para los c\u00e1nones del genero, con un gran amor por la poes\u00eda y la cocina. Al tener una buena relaci\u00f3n estable con su novia formal, tampoco era un mujeriego que iba saltando de flor en flor, por lo que no dudaba en introducir a su compa\u00f1era Susan en algunas de sus tramas detectivescas, como pueden ver en el siguiente corte con ambos de paseo por Boston.<br \/>\n<iframe loading=\"lazy\" src=\"https:\/\/www.youtube.com\/embed\/EnyfqvWcr8Y\" width=\"560\" height=\"315\" frameborder=\"0\" allowfullscreen=\"allowfullscreen\"><\/iframe><br \/>\nDe todas formas el eje de la serie era su relaci\u00f3n con su colega Hawk, un personaje hecho a su mismo, desde que empez\u00f3 como un chaval que se buscaba la vida como pod\u00eda por las calles bostonianas, hasta conseguir tener una enorme reputaci\u00f3n como mercenario o mat\u00f3n a sueldo, sin preguntar demasiado sobre las razones de cada trabajo.<\/p>\n<p>Cerrado y herm\u00e9tico, su relaci\u00f3n con Spenser le va a permitir abrirse un poco, pero apenas dejando entrever lo que oculta tras ese impenetrable cascar\u00f3n exterior, que no le imped\u00eda pelearse con su mejor amigo, para saldar alguna cuenta de honor pendiente como en el siguiente v\u00eddeo<br \/>\n<iframe loading=\"lazy\" src=\"https:\/\/www.youtube.com\/embed\/M6zT_4KjwDE\" width=\"560\" height=\"315\" frameborder=\"0\" allowfullscreen=\"allowfullscreen\"><\/iframe><br \/>\n&#8216;Spenser. Detective Privado&#8217; no pudo evitar el habitual baile de productores y showrunners que la cadena iba proponiendo para ajustar la serie a sus preferencias de marketing, por ello John Wilder apenas estuvo involucrado personalmente al inicio de la serie, para ser sustituido por productores jornaleros acostumbrados a cumplir los plazos de entrega de cada episodio, como si fuera una cadena industrial.<\/p>\n<p>En este caso los elegidos fueron los grises Stephen Hattman y William Robert Yates, que cumplieron de forma aseada, aunque por lo menos tuvieron el olfato de dar la primera oportunidad a dos j\u00f3venes e inexpertos guionistas Alex Gansa y Howard Gordon, que aprendieron el oficio en Spenser durante tres a\u00f1os y acabaron creando joyas como &#8217;24&#8217; o &#8216;Homeland&#8217; .<\/p>\n<p>La serie iba dando tumbos, pero siempre anclada en la relaci\u00f3n central de Spenser y Hawk, por lo que no dudaron en despachar a su novia al inicio de la 2T para liarlo con una fiscal del distrito interpretada por la entonces desconocida Carolyn McCormack, que luego estuvo muchos a\u00f1os como psiquiatra en las diferentes franquicias de &#8216;Ley y Orden&#8217; con los consiguientes cambios en la nueva cabecera.<br \/>\n<iframe loading=\"lazy\" src=\"https:\/\/www.youtube.com\/embed\/tS1yh6uCo5c\" width=\"560\" height=\"315\" frameborder=\"0\" allowfullscreen=\"allowfullscreen\"><\/iframe><br \/>\nEl remedio fue peor que la enfermedad y sin cortarse un pelo, volvieron a traer a su primera novia a principios de la 3T, para volver a mejorar la qu\u00edmica que nunca lleg\u00f3 a funcionar en ese cambio de pareja.<\/p>\n<p>Spenser siempre me pareci\u00f3 una serie ligeramente por encima de la media, pero no por su protagonista, sino gracias a Hawk, que se convert\u00eda en el centro de todas las miradas en cuanto aparec\u00eda en la pantalla y en mi caso mi personaje favorito y de lejos, sobretodo cuando empezaron a emitir la serie de forma diaria en la 1 durante las sobremesas, lo que la hac\u00eda de muy buena digesti\u00f3n a esas horas.<\/p>\n<p>Al ser un procedimental sin apenas hilos de continuidad, no pasaba nada si me la perd\u00eda en alguna ocasi\u00f3n, pero siempre la recuerdo como un producto honesto y fiable, muy bien ubicado en Boston y as\u00ed es como he querido trasladarlo.<\/p>\n<p><strong>Los actores:<\/strong><br \/>\nRobert Urich fue un popular actor televisivo que protagoniz\u00f3 nada menos que quince series, durante sus treinta a\u00f1os de carrera que fue cercenada por un c\u00e1ncer en 2002 a los 55 a\u00f1os de edad.<\/p>\n<p>Urich se dio a conocer como el teniente Street en &#8216;Los Hombres de Harrelson&#8217; y fue enlazando series como &#8216;Vega$&#8217; o &#8216;Gavilan&#8217; hasta que fue elegido para el papel de Spenser. En este personaje estaba mejor cuando mostraba su lado mas culto y refinado con su novia, que en las tareas de investigaci\u00f3n, donde era un pel\u00edn blando para mi gusto personal, en especial al lado de su compa\u00f1ero de fatigas Hawk.<\/p>\n<p><img loading=\"lazy\" class=\"aligncenter size-full wp-image-12212\" src=\"https:\/\/static-blogs.diariovasco.com\/wp-content\/uploads\/sites\/37\/2020\/05\/robert-urich.jpg\" alt=\"\" width=\"620\" height=\"418\" srcset=\"https:\/\/static-blogs.diariovasco.com\/wp-content\/uploads\/sites\/37\/2020\/05\/robert-urich.jpg 620w, https:\/\/static-blogs.diariovasco.com\/wp-content\/uploads\/sites\/37\/2020\/05\/robert-urich-300x202.jpg 300w\" sizes=\"(max-width: 620px) 100vw, 620px\" \/>Tras la serie, sigui\u00f3 protagonizando muchas series olvidables que alternaba con las pel\u00edculas televisivas de Spenser, hasta protagonizar el remake de &#8216;Vacaciones en el Mar&#8217; que fue uno de sus \u00faltimos trabajos antes de morir.<\/p>\n<p>No es habitual que un actor desconocido y salido de la nada como Avery Brooks, se convierta en el mejor elemento de una serie, pero con su Hawk, lo consigui\u00f3 y con nota, gracias a su presencia magn\u00e9tica y su manera expeditiva de resolver las cosas, sin que apenas esbozara alguna sonrisa excepto en ocasiones muy especiales.<\/p>\n<p><img loading=\"lazy\" class=\"aligncenter size-full wp-image-12215\" src=\"https:\/\/static-blogs.diariovasco.com\/wp-content\/uploads\/sites\/37\/2020\/05\/avery-brooks.jpg\" alt=\"\" width=\"600\" height=\"450\" srcset=\"https:\/\/static-blogs.diariovasco.com\/wp-content\/uploads\/sites\/37\/2020\/05\/avery-brooks.jpg 600w, https:\/\/static-blogs.diariovasco.com\/wp-content\/uploads\/sites\/37\/2020\/05\/avery-brooks-300x225.jpg 300w\" sizes=\"(max-width: 600px) 100vw, 600px\" \/>La carrera de Brooks llego a su m\u00e1ximo esplendor como el magn\u00edfico capit\u00e1n Sisko en &#8216;Star Trek. Deep Space Nine&#8217; pero luego prefiri\u00f3 apartarse para dedicarse a su vocaci\u00f3n de profesor de arte dram\u00e1tico en la Universidad de Rutgers, donde todav\u00eda sigue dando clases.<\/p>\n<p>Barbara Stock fue la actriz que daba vida a la novia de Spenser, Susan Silverman, una mujer independiente que no estaba dispuesta a ser un mero florero y que complementaba a la perfecci\u00f3n la vertiente humanista de su pareja. Su trayectoria en la serie fue extra\u00f1a al salir tras la 1T por decisi\u00f3n de los productores que no dudaron en traerla de vuelta para la 3T, al darse cuenta de su error.<\/p>\n<p>Stock ha tenido una carrera de lo m\u00e1s discreta con este papel como hito m\u00e1s destacado, junto con un papel regular en la \u00faltima temporada de &#8216;Dallas&#8217; cuando\u00a0 ya era algo\u00a0 irreconocible, por lo que decidi\u00f3 retirarse de la actuaci\u00f3n a principios de siglo para reconvertirse en una prestigiosa decoradora de interiores.<\/p>\n<p><img loading=\"lazy\" class=\"aligncenter size-full wp-image-12209\" src=\"https:\/\/static-blogs.diariovasco.com\/wp-content\/uploads\/sites\/37\/2020\/05\/mclarty-stock.jpg\" alt=\"\" width=\"449\" height=\"294\" srcset=\"https:\/\/static-blogs.diariovasco.com\/wp-content\/uploads\/sites\/37\/2020\/05\/mclarty-stock.jpg 449w, https:\/\/static-blogs.diariovasco.com\/wp-content\/uploads\/sites\/37\/2020\/05\/mclarty-stock-300x196.jpg 300w\" sizes=\"(max-width: 449px) 100vw, 449px\" \/>Ron McLarty ( detras, centro)\u00a0 ha sido un secundario en m\u00faltiples lugares como en esta ocasi\u00f3n donde interpretaba al teniente Quirk, el mejor contacto de Spenser en el departamento de polic\u00eda que ten\u00eda su utilidad en dos o tres escenas por episodio, para ayudar al protagonista y poca cosa mas. Sus mejores trabajos han sido como narrador de innumerables audiolibros y documentales hasta su muerte a principios de este a\u00f1o<\/p>\n<p>Por \u00faltimo mencionar a otro secundario de raza de mil pel\u00edculas como Richard Jaeckel que interpretaba al malhumorado teniente Quirk el principal antagonista de Spenser en el departamento de polic\u00eda y que ten\u00eda que comerse muchas de sus palabras al ser humillado en sus investigaciones por el detective privado hasta que prescindieron de \u00e9l en la tercera temporada como medida para reducir costes.<\/p>\n<p><img loading=\"lazy\" class=\"size-full wp-image-12210\" src=\"https:\/\/static-blogs.diariovasco.com\/wp-content\/uploads\/sites\/37\/2020\/05\/Richard-Jaeckel.jpg\" alt=\"\" width=\"540\" height=\"720\" srcset=\"https:\/\/static-blogs.diariovasco.com\/wp-content\/uploads\/sites\/37\/2020\/05\/Richard-Jaeckel.jpg 540w, https:\/\/static-blogs.diariovasco.com\/wp-content\/uploads\/sites\/37\/2020\/05\/Richard-Jaeckel-225x300.jpg 225w, https:\/\/static-blogs.diariovasco.com\/wp-content\/uploads\/sites\/37\/2020\/05\/Richard-Jaeckel-471x628.jpg 471w\" sizes=\"(max-width: 540px) 100vw, 540px\" \/><\/p>\n<p>Tras finalizar su servicio en la Marina Mercante de los Estados Unidos, durante la Segunda Guerra Mundial, Jaeckel empez\u00f3 a hacer papeles secundarios en pel\u00edculas b\u00e9licas y westerns, ya sea como amigo o mano derecha del protagonista o del villano principal, hasta llegar a su mejor papel en la enorme &#8216;Doce del Pat\u00edbulo&#8217; y en otras pel\u00edculas del gran Robert Aldrich, M\u00e1s adelante se centr\u00f3 en la televisi\u00f3n, hasta llegar a este personaje y posteriormente en una de sus ultimas apariciones como el teniente Ben Edwards en &#8216;Los Vigilantes de la Playa&#8217; hasta su muerte en 1997 a los 70 a\u00f1os.<\/p>\n<p><strong>El final, secuelas y pel\u00edculas;<\/strong><\/p>\n<p>&#8216;Spenser. Detective Privado&#8217; siempre se movi\u00f3 por una zona c\u00f3moda de las audiencias, sin convertirse en un super\u00e9xito pero sin muchos problemas para ir siendo renovada en dos ocasiones. Sus problemas vinieron dados por el tema econ\u00f3mico, debido a que su rodaje en Boston y en exteriores la hacia bastante m\u00e1s cara que si se rodaba en otros lugares m\u00e1s habituales y con mejores acuerdos de impuestos.<\/p>\n<p>Con esos datos, la cadena ABC decidi\u00f3 cancelarla para buscar series mas rentables y m\u00e1s baratas de producir, dejando al pobre Spenser en la estacada en lo referente a la serie, pero dejando abiertas las posibilidades tanto de una secuela como de pel\u00edculas televisivas.<\/p>\n<p><img loading=\"lazy\" class=\"aligncenter size-full wp-image-12214\" src=\"https:\/\/static-blogs.diariovasco.com\/wp-content\/uploads\/sites\/37\/2020\/05\/A-MAN-CALLED-HAWK.jpg\" alt=\"\" width=\"1280\" height=\"720\" srcset=\"https:\/\/static-blogs.diariovasco.com\/wp-content\/uploads\/sites\/37\/2020\/05\/A-MAN-CALLED-HAWK.jpg 1280w, https:\/\/static-blogs.diariovasco.com\/wp-content\/uploads\/sites\/37\/2020\/05\/A-MAN-CALLED-HAWK-300x169.jpg 300w, https:\/\/static-blogs.diariovasco.com\/wp-content\/uploads\/sites\/37\/2020\/05\/A-MAN-CALLED-HAWK-768x432.jpg 768w, https:\/\/static-blogs.diariovasco.com\/wp-content\/uploads\/sites\/37\/2020\/05\/A-MAN-CALLED-HAWK-628x353.jpg 628w\" sizes=\"(max-width: 1280px) 100vw, 1280px\" \/>Lo primero que hicieron de forma inmediata fue crear una secuela centrada en el personaje de Hawk , &#8216;A Man Called Hawk&#8217; que fue estrenada apenas seis meses tras la cancelaci\u00f3n, con la excusa de enviar al protagonista de Boston a Washington ( incluido el rodaje) . La idea era empezar desde cero y cerca de su padre con el que desea retomar su relaci\u00f3n perdida, pero de todas formas en la cabecera solo sale la figura de Hawk y nada m\u00e1s<br \/>\n<iframe loading=\"lazy\" src=\"https:\/\/www.youtube.com\/embed\/vETg7AscoHQ\" width=\"560\" height=\"315\" frameborder=\"0\" allowfullscreen=\"allowfullscreen\"><\/iframe><br \/>\nLa secuela nunca acab\u00f3 de arrancar al intentar convertir al antih\u00e9roe oscuro que era Hawk, en alguien m\u00e1s luminoso y que luchaba por hacer el bien, pero al dejarlo\u00a0 m\u00e1s solo que la una y\u00a0 sin unos personajes secundarios medianamente interesantes, fue cancelada tras apenas trece episodios.<\/p>\n<p>De todas formas la cadena ABC no se resisti\u00f3 a dejar el personaje de Spenser y produjo cuatro pel\u00edculas televisivas a principios de los noventa adaptando de forma fidedigna novelas de Robert B. Parker, incluso con el propio escritor y su mujer adaptando los guiones y\u00a0 con la misma pareja protagonista de actores Urich y Brooks.<\/p>\n<p>A finales de los a\u00f1os noventa el propio Parker insisti\u00f3 con otras tres pel\u00edculas televisivas que adaptaban otras tres novelas suyas, pero con un reparto completamente nuevo con Joe Mantegna como Spenser.<\/p>\n<p>Tras muchos a\u00f1os donde solo vivi\u00f3 el personaje en su versi\u00f3n literaria, Netflix lo resucit\u00f3 con una pel\u00edcula estrenada en Marzo de este a\u00f1o &#8216;Spenser Confidential&#8217; vagamente inspirada en las novelas de Parker, utilizadas como una excusa para colar una\u00a0 vulgar historia de polic\u00edas utilizando al personaje como cebo popular con Mark Wahlberg como el Spenser original y un desastroso Winston Duke como Hawk.<\/p>\n<p><img loading=\"lazy\" class=\"aligncenter size-full wp-image-12213\" src=\"https:\/\/static-blogs.diariovasco.com\/wp-content\/uploads\/sites\/37\/2020\/05\/SPENSER-CONFIDENTIAL.jpg\" alt=\"\" width=\"233\" height=\"216\" \/><\/p>\n<p>&nbsp;<\/p>\n<p>Aqu\u00ed tienen el trailer de la \u00faltima reencarnaci\u00f3n del detective bostoniano<br \/>\n<iframe loading=\"lazy\" src=\"https:\/\/www.youtube.com\/embed\/bgKEoHNi3Uc\" width=\"560\" height=\"315\" frameborder=\"0\" allowfullscreen=\"allowfullscreen\"><\/iframe><br \/>\n<strong>Consideraciones finales:<\/strong><br \/>\nSi solo han conocido al personaje de Spenser por esta reciente pel\u00edcula, espero haberles presentado su enorme y documentada historia en especial como un intento de lavar la historia de ese gran personaje que fue Hawk, absolutamente masacrado en esta \u00faltima versi\u00f3n.<\/p>\n<p>Si lo conoc\u00edan con anterioridad, espero haberles rememorado vivencias de juventud, como siempre es nuestra intenci\u00f3n en este rinc\u00f3n del viernes que hace de preludio del fin de semana.<\/p>\n<p>Esperamos sus opiniones y comentarios, aqu\u00ed o en nuestra cuenta de twitter (@lmejino). Hasta la pr\u00f3xima<\/p>\n<p>Lorenzo Mejino<\/p>\n<!-- AddThis Advanced Settings generic via filter on the_content --><!-- AddThis Share Buttons generic via filter on the_content -->","protected":false},"excerpt":{"rendered":"<p>La elecci\u00f3n de las series del rinc\u00f3n del recuerdo de cada viernes suelen venir dictadas por casualidades o coincidencias que me traen a la memoria cosas como &#8216;Spenser, detective privado&#8217;m una estilizada incursi\u00f3n en el genero &#8216;noir&#8217; detectivesco ambientada en un lugar tan poco habitual para las ficciones de este tipo como es Boston, la [&hellip;]<!-- AddThis Advanced Settings generic via filter on get_the_excerpt --><!-- AddThis Share Buttons generic via filter on get_the_excerpt --><\/p>\n","protected":false},"author":61,"featured_media":12216,"comment_status":"open","ping_status":"closed","sticky":false,"template":"","format":"standard","meta":[],"categories":[2,3008,5,12,16],"tags":[5654,5687,4142,5689,5686,2352,5688,5684,5685],"_links":{"self":[{"href":"https:\/\/blogs.diariovasco.com\/series-gourmets\/wp-json\/wp\/v2\/posts\/12208"}],"collection":[{"href":"https:\/\/blogs.diariovasco.com\/series-gourmets\/wp-json\/wp\/v2\/posts"}],"about":[{"href":"https:\/\/blogs.diariovasco.com\/series-gourmets\/wp-json\/wp\/v2\/types\/post"}],"author":[{"embeddable":true,"href":"https:\/\/blogs.diariovasco.com\/series-gourmets\/wp-json\/wp\/v2\/users\/61"}],"replies":[{"embeddable":true,"href":"https:\/\/blogs.diariovasco.com\/series-gourmets\/wp-json\/wp\/v2\/comments?post=12208"}],"version-history":[{"count":4,"href":"https:\/\/blogs.diariovasco.com\/series-gourmets\/wp-json\/wp\/v2\/posts\/12208\/revisions"}],"predecessor-version":[{"id":12234,"href":"https:\/\/blogs.diariovasco.com\/series-gourmets\/wp-json\/wp\/v2\/posts\/12208\/revisions\/12234"}],"wp:featuredmedia":[{"embeddable":true,"href":"https:\/\/blogs.diariovasco.com\/series-gourmets\/wp-json\/wp\/v2\/media\/12216"}],"wp:attachment":[{"href":"https:\/\/blogs.diariovasco.com\/series-gourmets\/wp-json\/wp\/v2\/media?parent=12208"}],"wp:term":[{"taxonomy":"category","embeddable":true,"href":"https:\/\/blogs.diariovasco.com\/series-gourmets\/wp-json\/wp\/v2\/categories?post=12208"},{"taxonomy":"post_tag","embeddable":true,"href":"https:\/\/blogs.diariovasco.com\/series-gourmets\/wp-json\/wp\/v2\/tags?post=12208"}],"curies":[{"name":"wp","href":"https:\/\/api.w.org\/{rel}","templated":true}]}}