{"id":12483,"date":"2020-06-26T06:00:27","date_gmt":"2020-06-26T05:00:27","guid":{"rendered":"https:\/\/blogs.diariovasco.com\/series-gourmets\/?p=12483"},"modified":"2020-06-25T13:06:50","modified_gmt":"2020-06-25T12:06:50","slug":"ekaterina-rusia-catalina-la-grande-uk-dos-visiones-diferentes-del-mismo-personaje","status":"publish","type":"post","link":"https:\/\/blogs.diariovasco.com\/series-gourmets\/2020\/06\/26\/ekaterina-rusia-catalina-la-grande-uk-dos-visiones-diferentes-del-mismo-personaje\/","title":{"rendered":"Ekaterina ( Rusia) \/ Catalina la Grande (UK) : dos visiones  diferentes del mismo personaje"},"content":{"rendered":"<p>El art\u00edculo del pasado mi\u00e9rcoles sobre la fabulosa serie<a href=\"https:\/\/blogs.diariovasco.com\/series-gourmets\/2020\/06\/24\/the-great-una-gran-satira-historica-basada-en-algun-hecho-real\/\"> &#8216;The Great&#8217;<\/a> me ha abierto las puertas para hablar de otras dos series de or\u00edgenes muy diversos y muy recientes que tratan la biograf\u00eda del mismo personaje de Catalina la Grande.<\/p>\n<p>En principio mi idea era dedicar una semana tem\u00e1tica al personaje pero viendo que pod\u00eda agruparlas por el similar academicismo y rigor hist\u00f3rico con que ambas desarrollan el personaje de la emperatriz Catalina la Grande, finalmente he decidido hacer este art\u00edculo contenedor para poder comparar ambas opciones, con mi inesperada preferencia por la versi\u00f3n rusa por los motivos que les ir\u00e9 analizando en el siguiente art\u00edculo.<\/p>\n<p>Existe otra<a href=\"https:\/\/www.imdb.com\/title\/tt3764724\/?ref_=nv_sr_srsg_3\" rel=\"external nofollow\"> tercera versi\u00f3n reciente sobre Catalina la Grande<\/a> realizada por otra cadena rusa, pero en esta ocasi\u00f3n he decidido apiadarme de los amables lectores y dedicarme a analizar \u00fanicamente estas dos versiones biogr\u00e1ficas realizadas desde el orgullo patri\u00f3tico ruso y la sobria objetividad brit\u00e1nica.<\/p>\n<p><strong>EKATERINA: EL ORGULLO DE LA GRAN RUSIA IMPERIAL<\/strong><\/p>\n<p><strong><img loading=\"lazy\" class=\"aligncenter size-full wp-image-12487\" src=\"https:\/\/static-blogs.diariovasco.com\/wp-content\/uploads\/sites\/37\/2020\/06\/ekaterina.jpg\" alt=\"\" width=\"1280\" height=\"720\" srcset=\"https:\/\/static-blogs.diariovasco.com\/wp-content\/uploads\/sites\/37\/2020\/06\/ekaterina.jpg 1280w, https:\/\/static-blogs.diariovasco.com\/wp-content\/uploads\/sites\/37\/2020\/06\/ekaterina-300x169.jpg 300w, https:\/\/static-blogs.diariovasco.com\/wp-content\/uploads\/sites\/37\/2020\/06\/ekaterina-768x432.jpg 768w, https:\/\/static-blogs.diariovasco.com\/wp-content\/uploads\/sites\/37\/2020\/06\/ekaterina-628x353.jpg 628w\" sizes=\"(max-width: 1280px) 100vw, 1280px\" \/>Ficha:<\/strong> Ekaterina\u00a0 \u00a0 40 ep ( 40 m). Nov 2014-Oct 2019\u00a0\u00a0Rossiya 1 (Rus) \u2013 Amazon\/ Youtube (E)<\/p>\n<p><strong>Sinopsis:<\/strong>\u00a0En el a\u00f1o 1744 la emperatriz Isabel, al carecer de descendencia se ve obligada a nombrar heredero a su sobrino Pedro nacido en Prusia y que apenas habla ruso. Para controlar el destino del pa\u00eds decide buscarle una esposa para que le d\u00e9 un hijo al que podr\u00eda educar como su propio hijo para seguir controlando el destino del pa\u00eds.<\/p>\n<p>La elegida es Sof\u00eda, una joven princesa alemana que viaja encantada e ilusionada a iniciar esa nueva vida con su nuevo marido, cambiando incluso su nombre a Ekaterina, ademas de aprender ruso con gran celeridad. Pero pronto se percata que las cosas no van a ser de color de rosa y se va a ver implicada en todas las intrigas de la corte sovi\u00e9tica ante la total indiferencia de un marido que la desprecia en todos los sentidos.<\/p>\n<p><strong>An\u00e1lisis:<\/strong> Ekaterina es una biograf\u00eda muy can\u00f3nica de la historia de la gran emperatriz rusa, realizada con unos enormes medios de producci\u00f3n y\u00a0 un m\u00e1s que generoso presupuesto con el que no han dudado en reproducir los fastos de la corte sovi\u00e9tica con todo lujo de detalles.<\/p>\n<p><img loading=\"lazy\" class=\"aligncenter size-full wp-image-12485\" src=\"https:\/\/static-blogs.diariovasco.com\/wp-content\/uploads\/sites\/37\/2020\/06\/baile.jpg\" alt=\"\" width=\"512\" height=\"341\" srcset=\"https:\/\/static-blogs.diariovasco.com\/wp-content\/uploads\/sites\/37\/2020\/06\/baile.jpg 512w, https:\/\/static-blogs.diariovasco.com\/wp-content\/uploads\/sites\/37\/2020\/06\/baile-300x200.jpg 300w\" sizes=\"(max-width: 512px) 100vw, 512px\" \/>La primera temporada desarrolla todo el periodo que lleva desde su llegada a la corte de San Petersburgo hasta su ascensi\u00f3n al trono tras derrocar a su propio marido, con la ayuda de todos los estamentos poderosos de la corte rusa, como avanzan en el trailer de esa primera entrega.<br \/>\n<iframe loading=\"lazy\" src=\"https:\/\/www.youtube.com\/embed\/IyU1yIY4rQs\" width=\"560\" height=\"315\" frameborder=\"0\" allowfullscreen=\"allowfullscreen\"><\/iframe><br \/>\nSu 2T estrenada tres a\u00f1os despu\u00e9s, describe con todo lujo de detalles, sus acciones como emperatriz desde el momento que llega al trono hasta que logra conseguir el apelativo de &#8216;La Grande&#8217; con el que ha pasado a los libros de historia, como sin\u00f3nimo del mayor periodo de esplendor de la Rusia Imperial. Aument\u00f3 los limites del imperio, mediante innumerables guerras y alianzas con amigos y enemigos, como muestran en el trailer de la 2T.<br \/>\n<iframe loading=\"lazy\" src=\"https:\/\/www.youtube.com\/embed\/tdRxY9KnRsg\" width=\"560\" height=\"315\" frameborder=\"0\" allowfullscreen=\"allowfullscreen\"><\/iframe><br \/>\nEl \u00e9xito de &#8216;Ekaterina&#8217; fue impresionante, batiendo todos los r\u00e9cords de audiencias en Rusia, al recordarles sus tiempos de m\u00e1ximo esplendor, perfectamente compatibles con los valores de Putin de recuperar esa \u00e9poca en que Rusia dominaba el mundo.<\/p>\n<p>Las presiones fueron tales que se vieron obligados a hacer una tercera temporada, pero en esta ocasi\u00f3n no siguieron la cronolog\u00eda lineal\u00a0 de la 2T que finalizaba en 1782, al desarrollar una historia paralela ubicada entre 1774 y 1776 durante la gran guerra con Turqu\u00eda y que implicaba a sus numerosos amantes y la complicada gesti\u00f3n de su enorme imperio en continua expansi\u00f3n en todas direcciones, como muestra el trailer de su 3T.<br \/>\n<iframe loading=\"lazy\" src=\"https:\/\/www.youtube.com\/embed\/iF5m6fkNl-M\" width=\"560\" height=\"315\" frameborder=\"0\" allowfullscreen=\"allowfullscreen\"><\/iframe><\/p>\n<p>Debo reconocer que me lleve una enorme sorpresa al empezar a ver &#8216;Ekaterina&#8217; por el gran cuidado que ten\u00eda la producci\u00f3n en todos los detalles, como el respetar las lenguas originales de todos los personajes, ya sea la propia Sofia, expres\u00e1ndose en alem\u00e1n al inicio de una forma m\u00e1s fluida que en ruso, como todos los embajadores de una corte, donde el franc\u00e9s era la lengua culta de conversaci\u00f3n.<\/p>\n<p>La lengua inglesa de las otras versiones uniformiza esos detalles, pero en el contexto de una joven chica alemana que llega a la corte rusa, la comprensi\u00f3n ling\u00fc\u00edstica juega un papel muy importante en mostrar esa adaptaci\u00f3n a su nuevo entorno.<\/p>\n<p>Al ser de\u00a0 bastante duraci\u00f3n, no tiene necesidad de quemar tramas a gran velocidad y puede mostrar en profundidad tanto las decisiones pol\u00edticas como las personales que va tomando, en especial en lo referente al numero de amantes que acud\u00edan fielmente a satisfacer sus deseos, con una libertad sexual abierta poco habitual en el S XVIII, por lo menos de puertas afuera.<\/p>\n<p>Destaca especialmente la gran interpretaci\u00f3n de Marina Aleksandrova muy metida en su papel de Ekaterina, siendo convincente incluso en sus momentos como la ingenua adolescente que era Sof\u00eda, sin parecer demasiado mayor para esa edad, pero mucho m\u00e1s c\u00f3moda al ir creciendo y entrar en la treintena que era la edad de la actriz<\/p>\n<p><img loading=\"lazy\" class=\"aligncenter size-full wp-image-12488\" src=\"https:\/\/static-blogs.diariovasco.com\/wp-content\/uploads\/sites\/37\/2020\/06\/familia-real.jpg\" alt=\"\" width=\"447\" height=\"512\" srcset=\"https:\/\/static-blogs.diariovasco.com\/wp-content\/uploads\/sites\/37\/2020\/06\/familia-real.jpg 447w, https:\/\/static-blogs.diariovasco.com\/wp-content\/uploads\/sites\/37\/2020\/06\/familia-real-262x300.jpg 262w\" sizes=\"(max-width: 447px) 100vw, 447px\" \/>En Espa\u00f1a lleg\u00f3 escondida en el catalogo de Amazon, pero tras comprobarlo en la actualidad no la he encontrado, pero si que se encuentran cap\u00edtulos completos en Youtube, por si le quieren echar un vistazo.<\/p>\n<p><strong>CATALINA LA GRANDE : UNA BIOGRAF\u00cdA TAN GLACIAL COMO SIBERIA EN INVIERNO<\/strong><\/p>\n<p><strong><img loading=\"lazy\" class=\"aligncenter size-full wp-image-12486\" src=\"https:\/\/static-blogs.diariovasco.com\/wp-content\/uploads\/sites\/37\/2020\/06\/corte.jpg\" alt=\"\" width=\"700\" height=\"420\" srcset=\"https:\/\/static-blogs.diariovasco.com\/wp-content\/uploads\/sites\/37\/2020\/06\/corte.jpg 700w, https:\/\/static-blogs.diariovasco.com\/wp-content\/uploads\/sites\/37\/2020\/06\/corte-300x180.jpg 300w, https:\/\/static-blogs.diariovasco.com\/wp-content\/uploads\/sites\/37\/2020\/06\/corte-628x377.jpg 628w\" sizes=\"(max-width: 700px) 100vw, 700px\" \/>Ficha:<\/strong> Catalina La Grande 4 ep Oct 2019 . Sky Atlantic (UK)-HBO ( USA\/E)<\/p>\n<p><strong>Sinopsis:<\/strong>\u00a0La historia de Catalina la Grande desde 1764, que empieza en esta ocasi\u00f3n dos a\u00f1os despu\u00e9s de derrocar a su marido y ascender al trono, hasta su muerte en 1796 a los 67 a\u00f1os.<\/p>\n<p><strong>An\u00e1lisis:<\/strong> &#8216;Catalina la Grande&#8217; es una de esas series que al leer la ficha t\u00e9cnica se nos cae la baba de la expectaci\u00f3n, primero a nivel de reparto con la majestuosa Helen Mirren como la protagonista y rodeada de grandes actores como Rory Kinnear, Jason Clarke, Gina McKee o Richard Roxburgh.<\/p>\n<p>En la escritura estaba Nigel Williams creador de la magnifica &#8216;Elisabeth I&#8217; protagonizada tambi\u00e9n por Helen Mirren, mientras que en la direcci\u00f3n estaba Phillip Martin, el director principal de &#8216;The Crown&#8217; y el trailer nos presentaba a todos esos grandes personajes.<br \/>\n<iframe loading=\"lazy\" src=\"https:\/\/www.youtube.com\/embed\/q08YgBZ__N8\" width=\"560\" height=\"315\" frameborder=\"0\" allowfullscreen=\"allowfullscreen\"><\/iframe><br \/>\nTodos esos presagios cayeron en saco roto en cuanto empezamos a ver el primer episodio. La raz\u00f3n m\u00e1s grave es el nefasto gui\u00f3n de Nigel Williams que iba encadenando escenas sueltas con muchos saltos temporales sin contextualizar a los personajes m\u00e1s que con dos pinceladas y a quemar trama se ha dicho.<\/p>\n<p>Algunos se pueden sorprender teniendo en cuenta el trabajo de orfebreria que era &#8216;Elizabeth I&#8217; pero al recordar que\u00a0 Nigel Williams hab\u00eda sido el perpetrador del bodrio que ha sido la nueva y prescindible versi\u00f3n\u00a0 de &#8216;El Nombre de la Rosa&#8217;, tengo claro su declive como guionista.<\/p>\n<p>Otro problema bastante grave es la dificultad de hacer pasar a una actriz tan excepcional como Helen Mirren como una treinta\u00f1era con sus setenta y cinco a\u00f1os de edad, en los primeros episodios de la miniserie. Era una decisi\u00f3n arriesgada pero que no ha funcionado, en especial si la comparamos con los continuos cambios de actrices en &#8216;The Crown&#8217; para hacer m\u00e1s cre\u00edble al personaje, seg\u00fan su edad.<\/p>\n<p><img loading=\"lazy\" class=\"aligncenter size-full wp-image-12489\" src=\"https:\/\/static-blogs.diariovasco.com\/wp-content\/uploads\/sites\/37\/2020\/06\/helen-mirren.jpg\" alt=\"\" width=\"681\" height=\"383\" srcset=\"https:\/\/static-blogs.diariovasco.com\/wp-content\/uploads\/sites\/37\/2020\/06\/helen-mirren.jpg 681w, https:\/\/static-blogs.diariovasco.com\/wp-content\/uploads\/sites\/37\/2020\/06\/helen-mirren-300x169.jpg 300w, https:\/\/static-blogs.diariovasco.com\/wp-content\/uploads\/sites\/37\/2020\/06\/helen-mirren-628x353.jpg 628w\" sizes=\"(max-width: 681px) 100vw, 681px\" \/>El resultado es que estaba viendo a Helen Mirren, pero no al personaje de la emperatriz y en ese momento el castillo de naipes escrito por Nigel Williams se derrumba por todos los lados y &#8216;Catalina de Grande&#8217; se convierte en una serie sin ritmo ni continuidad que va dando tumbos sin rumbo durante los escasos cuatro episodios que dura, que son presentados en otro trailer.<br \/>\n<iframe loading=\"lazy\" src=\"https:\/\/www.youtube.com\/embed\/feFj0AJLpZc\" width=\"560\" height=\"315\" frameborder=\"0\" allowfullscreen=\"allowfullscreen\"><\/iframe><br \/>\nHe finalizado &#8216;Catalina la Grande&#8217; por prurito profesional pero entre los diferentes amor\u00edos de la protagonista que ten\u00eda amantes como zapatos y una historia de amor de fotonovela con el general Potemkin ( s\u00ed, el del acorazado) el resultado ha sido una miniserie completamente fallida de principio a fin y bastante peor que su hom\u00f3nima rusa, donde adem\u00e1s el ingles de Oxford brillaba por su ausencia.<\/p>\n<p><img loading=\"lazy\" class=\"aligncenter size-full wp-image-12484\" src=\"https:\/\/static-blogs.diariovasco.com\/wp-content\/uploads\/sites\/37\/2020\/06\/amor-potemkin.jpg\" alt=\"\" width=\"2000\" height=\"1334\" srcset=\"https:\/\/static-blogs.diariovasco.com\/wp-content\/uploads\/sites\/37\/2020\/06\/amor-potemkin.jpg 2000w, https:\/\/static-blogs.diariovasco.com\/wp-content\/uploads\/sites\/37\/2020\/06\/amor-potemkin-300x200.jpg 300w, https:\/\/static-blogs.diariovasco.com\/wp-content\/uploads\/sites\/37\/2020\/06\/amor-potemkin-768x512.jpg 768w, https:\/\/static-blogs.diariovasco.com\/wp-content\/uploads\/sites\/37\/2020\/06\/amor-potemkin-628x419.jpg 628w\" sizes=\"(max-width: 2000px) 100vw, 2000px\" \/>Nada mejor para finalizar el art\u00edculo que dejarles con las impresiones de la propia Helen Mirren sobre su personaje, que difieren bastante de las m\u00edas.<br \/>\n<iframe loading=\"lazy\" src=\"https:\/\/www.youtube.com\/embed\/fMYykQXPQX0\" width=\"560\" height=\"315\" frameborder=\"0\" allowfullscreen=\"allowfullscreen\"><\/iframe><\/p>\n<p>Las series nos pueden deparar enormes sorpresas, por eso siempre prefiero esperar a verlas antes de hacer sonar las campanas al viento, porque si les llego a decir antes de su estreno que de dos series sobre el mismo personaje la buena es la rusa por encima de una protagonizada por Helen Mirren, me habr\u00edan bloqueado en todas las redes sociales.<\/p>\n<p>Esperamos sus opiniones y comentarios, aqu\u00ed o en nuestra cuenta de twitter (@lmejino). Hasta la pr\u00f3xima<\/p>\n<p>Lorenzo Mejino<\/p>\n<!-- AddThis Advanced Settings generic via filter on the_content --><!-- AddThis Share Buttons generic via filter on the_content -->","protected":false},"excerpt":{"rendered":"<p>El art\u00edculo del pasado mi\u00e9rcoles sobre la fabulosa serie &#8216;The Great&#8217; me ha abierto las puertas para hablar de otras dos series de or\u00edgenes muy diversos y muy recientes que tratan la biograf\u00eda del mismo personaje de Catalina la Grande. En principio mi idea era dedicar una semana tem\u00e1tica al personaje pero viendo que pod\u00eda [&hellip;]<!-- AddThis Advanced Settings generic via filter on get_the_excerpt --><!-- AddThis Share Buttons generic via filter on get_the_excerpt --><\/p>\n","protected":false},"author":61,"featured_media":12487,"comment_status":"open","ping_status":"closed","sticky":false,"template":"","format":"standard","meta":[],"categories":[5,6,8,16],"tags":[5818,5817,5820,5819,5821,5822],"_links":{"self":[{"href":"https:\/\/blogs.diariovasco.com\/series-gourmets\/wp-json\/wp\/v2\/posts\/12483"}],"collection":[{"href":"https:\/\/blogs.diariovasco.com\/series-gourmets\/wp-json\/wp\/v2\/posts"}],"about":[{"href":"https:\/\/blogs.diariovasco.com\/series-gourmets\/wp-json\/wp\/v2\/types\/post"}],"author":[{"embeddable":true,"href":"https:\/\/blogs.diariovasco.com\/series-gourmets\/wp-json\/wp\/v2\/users\/61"}],"replies":[{"embeddable":true,"href":"https:\/\/blogs.diariovasco.com\/series-gourmets\/wp-json\/wp\/v2\/comments?post=12483"}],"version-history":[{"count":6,"href":"https:\/\/blogs.diariovasco.com\/series-gourmets\/wp-json\/wp\/v2\/posts\/12483\/revisions"}],"predecessor-version":[{"id":12519,"href":"https:\/\/blogs.diariovasco.com\/series-gourmets\/wp-json\/wp\/v2\/posts\/12483\/revisions\/12519"}],"wp:featuredmedia":[{"embeddable":true,"href":"https:\/\/blogs.diariovasco.com\/series-gourmets\/wp-json\/wp\/v2\/media\/12487"}],"wp:attachment":[{"href":"https:\/\/blogs.diariovasco.com\/series-gourmets\/wp-json\/wp\/v2\/media?parent=12483"}],"wp:term":[{"taxonomy":"category","embeddable":true,"href":"https:\/\/blogs.diariovasco.com\/series-gourmets\/wp-json\/wp\/v2\/categories?post=12483"},{"taxonomy":"post_tag","embeddable":true,"href":"https:\/\/blogs.diariovasco.com\/series-gourmets\/wp-json\/wp\/v2\/tags?post=12483"}],"curies":[{"name":"wp","href":"https:\/\/api.w.org\/{rel}","templated":true}]}}