{"id":13002,"date":"2020-10-12T06:00:37","date_gmt":"2020-10-12T05:00:37","guid":{"rendered":"https:\/\/blogs.diariovasco.com\/series-gourmets\/?p=13002"},"modified":"2020-10-11T11:45:02","modified_gmt":"2020-10-11T10:45:02","slug":"helvetica-suiza-las-entranas-del-misterioso-consejo-federal-suizo","status":"publish","type":"post","link":"https:\/\/blogs.diariovasco.com\/series-gourmets\/2020\/10\/12\/helvetica-suiza-las-entranas-del-misterioso-consejo-federal-suizo\/","title":{"rendered":"Helv\u00e9tica ( Suiza).  Las entra\u00f1as del misterioso Consejo Federal Suizo"},"content":{"rendered":"<p>La pol\u00edtica de la Confederaci\u00f3n Helv\u00e9tica es una absoluta desconocida al tener un funcionamiento completamente diferente al del resto de los pa\u00edses europeos. Suiza tiene una estructura absolutamente descentralizada en cantones, dejando a los siete miembros del Consejo Federal Suizo ejercer de forma colegiada la presidencia y la jefatura del Estado para aquellos asuntos de \u00edndole nacional como son la defensa y los asuntos exteriores y poca cosa m\u00e1s.<\/p>\n<p>Este misterioso funcionamiento interno, donde los siete miembros son elegidos por un algoritmo matem\u00e1tico denominado la &#8216;f\u00f3rmula m\u00e1gica&#8217; que divide los puestos entre los cuatro partidos principales, es el centro del thriller pol\u00edtico &#8216;Helv\u00e9tica&#8217; que nos muestra los trapos sucios del adalid de la neutralidad mundial, en la primera incursi\u00f3n de la televisi\u00f3n p\u00fablica suiza en el campo de la pol\u00edtica.<\/p>\n<p>A pesar de haberla vista hace un a\u00f1o y formar parte de <a href=\"https:\/\/blogs.diariovasco.com\/series-gourmets\/2019\/12\/30\/world-xv-mis-mejores-series-mundiales-ineditas-de-2019\/\">mi selecci\u00f3n mundial de 2019<\/a>, nunca hab\u00eda escrito sobre ella, por lo que su estreno ma\u00f1ana en Filmin me brinda una magn\u00edfica oportunidad para matar dos p\u00e1jaros de un tiro y analizarles esta curiosa historia ambientada en el seno del Consejo Federal Suizo.<\/p>\n<p><strong><img loading=\"lazy\" class=\"aligncenter size-full wp-image-13005\" src=\"https:\/\/static-blogs.diariovasco.com\/wp-content\/uploads\/sites\/37\/2020\/10\/general-1.jpg\" alt=\"\" width=\"600\" height=\"900\" srcset=\"https:\/\/static-blogs.diariovasco.com\/wp-content\/uploads\/sites\/37\/2020\/10\/general-1.jpg 600w, https:\/\/static-blogs.diariovasco.com\/wp-content\/uploads\/sites\/37\/2020\/10\/general-1-200x300.jpg 200w, https:\/\/static-blogs.diariovasco.com\/wp-content\/uploads\/sites\/37\/2020\/10\/general-1-419x628.jpg 419w\" sizes=\"(max-width: 600px) 100vw, 600px\" \/>Ficha:<\/strong> Helv\u00e9tica 6 ep 55 min .\u00a0\u00a0Nov 2019-. <strong>Idioma:<\/strong> Franc\u00e9s <strong>Cadena:<\/strong> RTS ( CH) \/ estreno 13 Octubre Filmin ( E)<\/p>\n<p><strong>La trama :<\/strong>La\u00a0presidenta del directorio de siete personas que rigen la Confederaci\u00f3n suiza Kathy Kunz ( muy bien interpretada por Ursina Lardi) est\u00e1 en plena negociaci\u00f3n para liberar unos rehenes retenidos en el Yemen, entre los cuales se encuentra un suizo.<\/p>\n<p><img loading=\"lazy\" class=\"aligncenter size-full wp-image-13007\" src=\"https:\/\/static-blogs.diariovasco.com\/wp-content\/uploads\/sites\/37\/2020\/10\/presidenta.jpg\" alt=\"\" width=\"512\" height=\"342\" srcset=\"https:\/\/static-blogs.diariovasco.com\/wp-content\/uploads\/sites\/37\/2020\/10\/presidenta.jpg 512w, https:\/\/static-blogs.diariovasco.com\/wp-content\/uploads\/sites\/37\/2020\/10\/presidenta-300x200.jpg 300w\" sizes=\"(max-width: 512px) 100vw, 512px\" \/>La crisis resultante pone en peligro el precario equilibrio de fuerzas del Consejo Federal Suizo que se mantiene invariable desde 1959 y deja a su presidenta en una posici\u00f3n muy delicada.<\/p>\n<p>En paralelo y a un nivel de clase muy inferior tenemos a Tina ( la actriz belga-albanesa Fiona Kodelji), una limpiadora de origen kosovar que trabaja en el Palacio Federal en Berna, con graves problemas econ\u00f3micos para sacar adelante a su marido y a su hija adolescente.<\/p>\n<p><img loading=\"lazy\" class=\"aligncenter size-full wp-image-13006\" src=\"https:\/\/static-blogs.diariovasco.com\/wp-content\/uploads\/sites\/37\/2020\/10\/limpiadora.jpg\" alt=\"\" width=\"630\" height=\"355\" srcset=\"https:\/\/static-blogs.diariovasco.com\/wp-content\/uploads\/sites\/37\/2020\/10\/limpiadora.jpg 630w, https:\/\/static-blogs.diariovasco.com\/wp-content\/uploads\/sites\/37\/2020\/10\/limpiadora-300x169.jpg 300w, https:\/\/static-blogs.diariovasco.com\/wp-content\/uploads\/sites\/37\/2020\/10\/limpiadora-628x354.jpg 628w\" sizes=\"(max-width: 630px) 100vw, 630px\" \/>A trav\u00e9s de unos contactos familiares es amenazada por una mafia albanesa que la chantajea y se ve obligada a facilitarles el acceso a las oficinas del consejo federal suizo para que esos mafiosos puedan obtener informaci\u00f3n sobre una operaci\u00f3n de venta de armas ilegales relacionada con ese secuestro que tiene en vilo al pa\u00eds.<\/p>\n<p>La tercera persona en discordia es un investigador de la polic\u00eda federal Rainald Mann ( Roland Vouilloz) , que llega a ese mismo caso vigilando las actividades de un grupo terrorista de Oriente Pr\u00f3ximo que tambi\u00e9n quiere meter baza en esa operaci\u00f3n de ventas ilegales y que son los responsables del secuestro inicial.<\/p>\n<p><img loading=\"lazy\" class=\"aligncenter size-full wp-image-13003\" src=\"https:\/\/static-blogs.diariovasco.com\/wp-content\/uploads\/sites\/37\/2020\/10\/vouilloz.jpg\" alt=\"\" width=\"512\" height=\"256\" srcset=\"https:\/\/static-blogs.diariovasco.com\/wp-content\/uploads\/sites\/37\/2020\/10\/vouilloz.jpg 512w, https:\/\/static-blogs.diariovasco.com\/wp-content\/uploads\/sites\/37\/2020\/10\/vouilloz-300x150.jpg 300w\" sizes=\"(max-width: 512px) 100vw, 512px\" \/>\u00a0El creador y director de &#8216;Helv\u00e9tica&#8217;, Romain Graf,\u00a0 desarrolla las historias de esos tres personajes principales que representan al poder pol\u00edtico y policial as\u00ed como una representante del pueblo llano, en tres historias aparentemente independientes que poco a poco van a ir convergiendo y hacen que esas tres personas tengan que colaborar para resolver una situaci\u00f3n que aparentemente les desborda.<\/p>\n<p>&#8216;Helv\u00e9tica&#8217; sacude los cimientos de la neutralidad y la aparente perfecci\u00f3n del sistema democr\u00e1tico helv\u00e9tico, para ver como reaccionan frente a amenazas terroristas exteriores como interiores que pueden destruir el para\u00edso suizo<\/p>\n<p><img loading=\"lazy\" class=\"aligncenter size-full wp-image-13004\" src=\"https:\/\/static-blogs.diariovasco.com\/wp-content\/uploads\/sites\/37\/2020\/10\/atentado.jpg\" alt=\"\" width=\"3840\" height=\"2160\" srcset=\"https:\/\/static-blogs.diariovasco.com\/wp-content\/uploads\/sites\/37\/2020\/10\/atentado.jpg 3840w, https:\/\/static-blogs.diariovasco.com\/wp-content\/uploads\/sites\/37\/2020\/10\/atentado-300x169.jpg 300w, https:\/\/static-blogs.diariovasco.com\/wp-content\/uploads\/sites\/37\/2020\/10\/atentado-768x432.jpg 768w, https:\/\/static-blogs.diariovasco.com\/wp-content\/uploads\/sites\/37\/2020\/10\/atentado-628x353.jpg 628w\" sizes=\"(max-width: 3840px) 100vw, 3840px\" \/>&#8216;Helv\u00e9tica&#8217; tiene un buen episodio inicial que nos permite conocer r\u00e1pidamente a todos los personajes, luego poco a poco va perdiendo fuelle, no tanto en el apartado pol\u00edtico ni policial, sino en el familiar de la limpiadora alejada de su zona de confort.<\/p>\n<p>La trama de la albanesa Tina nunca encuentra el tono adecuado ni en su relaci\u00f3n con su familia albanesa ni con su marido, pero sobre todo con su hija adolescente que es el peor personaje de toda la serie, cargante y como toda adolescente televisiva que se precie haciendo alarde de equivocarse en todas las decisiones que toma.<\/p>\n<p>A pesar de ir perdiendo fuerza, &#8216;Helv\u00e9tica&#8217; es un interesante thriller geopol\u00edtico que nos muestra por primera vez las interioridades y el equilibrio del directorio del Consejo Federal Suizo y lo combina con una historia de terrorismo internacional con bastante acci\u00f3n y poco previsible.<\/p>\n<p>Para finalizar les dejo del trailer de su estreno suizo, invit\u00e1ndoles a echar un vistazo para conocer algo m\u00e1s de la pol\u00edtica helv\u00e9tica, que no suele estrenar muchas ficciones en nuestro pa\u00eds, y que ma\u00f1ana gracias a Filmin, lo podr\u00e1n comprobar personalmente.<\/p>\n<p><iframe loading=\"lazy\" src=\"https:\/\/www.youtube.com\/embed\/4y-8zAj3xPc\" width=\"560\" height=\"315\" frameborder=\"0\" allowfullscreen=\"allowfullscreen\"><\/iframe><br \/>\nEsperamos sus opiniones y comentarios, aqu\u00ed o en nuestra cuenta de twitter (@lmejino). Hasta la pr\u00f3xima<\/p>\n<p>Lorenzo Mejino<\/p>\n<!-- AddThis Advanced Settings generic via filter on the_content --><!-- AddThis Share Buttons generic via filter on the_content -->","protected":false},"excerpt":{"rendered":"<p>La pol\u00edtica de la Confederaci\u00f3n Helv\u00e9tica es una absoluta desconocida al tener un funcionamiento completamente diferente al del resto de los pa\u00edses europeos. Suiza tiene una estructura absolutamente descentralizada en cantones, dejando a los siete miembros del Consejo Federal Suizo ejercer de forma colegiada la presidencia y la jefatura del Estado para aquellos asuntos de [&hellip;]<!-- AddThis Advanced Settings generic via filter on get_the_excerpt --><!-- AddThis Share Buttons generic via filter on get_the_excerpt --><\/p>\n","protected":false},"author":61,"featured_media":13005,"comment_status":"open","ping_status":"closed","sticky":false,"template":"","format":"standard","meta":[],"categories":[5,6,32,17],"tags":[6046,5397,6044,6047,6045],"_links":{"self":[{"href":"https:\/\/blogs.diariovasco.com\/series-gourmets\/wp-json\/wp\/v2\/posts\/13002"}],"collection":[{"href":"https:\/\/blogs.diariovasco.com\/series-gourmets\/wp-json\/wp\/v2\/posts"}],"about":[{"href":"https:\/\/blogs.diariovasco.com\/series-gourmets\/wp-json\/wp\/v2\/types\/post"}],"author":[{"embeddable":true,"href":"https:\/\/blogs.diariovasco.com\/series-gourmets\/wp-json\/wp\/v2\/users\/61"}],"replies":[{"embeddable":true,"href":"https:\/\/blogs.diariovasco.com\/series-gourmets\/wp-json\/wp\/v2\/comments?post=13002"}],"version-history":[{"count":5,"href":"https:\/\/blogs.diariovasco.com\/series-gourmets\/wp-json\/wp\/v2\/posts\/13002\/revisions"}],"predecessor-version":[{"id":13021,"href":"https:\/\/blogs.diariovasco.com\/series-gourmets\/wp-json\/wp\/v2\/posts\/13002\/revisions\/13021"}],"wp:featuredmedia":[{"embeddable":true,"href":"https:\/\/blogs.diariovasco.com\/series-gourmets\/wp-json\/wp\/v2\/media\/13005"}],"wp:attachment":[{"href":"https:\/\/blogs.diariovasco.com\/series-gourmets\/wp-json\/wp\/v2\/media?parent=13002"}],"wp:term":[{"taxonomy":"category","embeddable":true,"href":"https:\/\/blogs.diariovasco.com\/series-gourmets\/wp-json\/wp\/v2\/categories?post=13002"},{"taxonomy":"post_tag","embeddable":true,"href":"https:\/\/blogs.diariovasco.com\/series-gourmets\/wp-json\/wp\/v2\/tags?post=13002"}],"curies":[{"name":"wp","href":"https:\/\/api.w.org\/{rel}","templated":true}]}}