{"id":13113,"date":"2020-11-04T06:00:34","date_gmt":"2020-11-04T05:00:34","guid":{"rendered":"https:\/\/blogs.diariovasco.com\/series-gourmets\/?p=13113"},"modified":"2020-11-03T09:44:59","modified_gmt":"2020-11-03T08:44:59","slug":"la-ley-de-comey-the-comey-rule-la-investigacion-federal-que-decidio-una-presidencia","status":"publish","type":"post","link":"https:\/\/blogs.diariovasco.com\/series-gourmets\/2020\/11\/04\/la-ley-de-comey-the-comey-rule-la-investigacion-federal-que-decidio-una-presidencia\/","title":{"rendered":"La Ley de Comey (The Comey Rule) : la investigaci\u00f3n federal que decidi\u00f3 una presidencia"},"content":{"rendered":"<p>La campa\u00f1a electoral estadounidense finalizada esta madrugada,\u00a0 est\u00e1 acaparando todos los resquicios informativos que acapara la pandemia global y hemos revivido la lucha a cara de perro entre los dos candidatos de una forma similar a lo sucedido en 2016 entre Donald Trump y Hillary Clinton, que acab\u00f3 con la sorprendente victoria del magnate inmobiliario. Un personaje clave en esa campa\u00f1a fue el director del FBI James Comey cuya biograf\u00eda ha dado pie a una miniserie reci\u00e9n estrenada en nuestro pa\u00eds con el nombre de \u2018La Ley de Comey\u2019.<\/p>\n<p>Siguiendo los cauces del thriller pol\u00edtico, \u2018La Ley de Comey\u2019 narra todo el mandato de James Comey al frente de la agencia federal de investigaci\u00f3n, el conocido FBI, con una atenci\u00f3n especial a una investigaci\u00f3n sobre el posible uso incorrecto del correo electr\u00f3nico personal de la candidata dem\u00f3crata y por entonces secretaria de Estado Hillary Clinton, que explot\u00f3 en plena campa\u00f1a electoral y fue utilizada por su rival para desgastarla y desacreditarla.<\/p>\n<p>A pesar de estar basada en hechos reales relativamente recientes, \u2018La Ley de Comey\u2019 deja muy claras desde el principio sus intenciones de blanquear y santificar el comportamiento de James Comey, haciendo un relato completamente de parte que tiene su inter\u00e9s para conocer una versi\u00f3n de los hechos, pero de una forma bastante \u00e1rida y con demasiados personajes que entran y salen en la historia que confunden m\u00e1s que aclaran lo sucedido.<\/p>\n<p>Si son unos obsesos de la pol\u00edtica estadounidense y de las pel\u00edculas setenteras de Alan J. Pakula tipo \u2018Todos los hombres del presidente\u2019 o \u2018The Parallax View\u2019, pueden encontrarle m\u00e1s atractivos que en mi caso, por las reticencias que les voy a analizar a continuaci\u00f3n.<\/p>\n<p><strong><img loading=\"lazy\" class=\"aligncenter size-full wp-image-13116\" src=\"https:\/\/static-blogs.diariovasco.com\/wp-content\/uploads\/sites\/37\/2020\/10\/destacada-9.jpg\" alt=\"\" width=\"1280\" height=\"720\" srcset=\"https:\/\/static-blogs.diariovasco.com\/wp-content\/uploads\/sites\/37\/2020\/10\/destacada-9.jpg 1280w, https:\/\/static-blogs.diariovasco.com\/wp-content\/uploads\/sites\/37\/2020\/10\/destacada-9-300x169.jpg 300w, https:\/\/static-blogs.diariovasco.com\/wp-content\/uploads\/sites\/37\/2020\/10\/destacada-9-768x432.jpg 768w, https:\/\/static-blogs.diariovasco.com\/wp-content\/uploads\/sites\/37\/2020\/10\/destacada-9-628x353.jpg 628w\" sizes=\"(max-width: 1280px) 100vw, 1280px\" \/>Ficha:<\/strong> La Ley de Comey ( The Comey Rule) 4 ep 45 m \u00a0 Sep 2020- <strong>Cadena:<\/strong> Showtime (USA) \/ Movistar Series (E)<\/p>\n<p><strong>Sinopsis:\u00a0<\/strong> En el a\u00f1o 2013 Barack Obama nombr\u00f3 al abogado y antiguo fiscal de Nueva York James Comey como nuevo jefe del FBI. Los primeros a\u00f1os de su mandato fueron relativamente pl\u00e1cidos, hasta que en el a\u00f1o electoral de 2016 se filtr\u00f3 que la candidata dem\u00f3crata Hillary Clinton, pod\u00eda haber utilizado su cuenta privada de correo electr\u00f3nico para enviar mensajes oficiales que pod\u00edan comprometer la seguridad nacional.<\/p>\n<p>En plena campa\u00f1a electoral Comey decide iniciar una investigaci\u00f3n del caso con varios cierres y reaperturas, lo que para muchos dem\u00f3cratas\u00a0 fue una de las causas principales de la inesperada victoria de Donald Trump, que utiliz\u00f3 de forma machacona esa investigaci\u00f3n federal para atacar a su rival, en especial por las redes sociales.<\/p>\n<p>Tras la victoria de Trump, Comey es confirmado en su cargo, pero pronto empieza a tener choques con las formas y el comportamiento del nuevo presidente que van a derivar en graves tensiones que se desarrollan en la segunda parte de la historia.<\/p>\n<p><strong>El inicio:<\/strong> Billy Ray es uno de los guionistas m\u00e1s prestigiosos de Hollywood, con una gran querencia por las historias de personajes reales con una interesante historia detr\u00e1s como en sus guiones de \u2018Capitan Phillips\u2019 o \u2018Richard Jewell\u2019 , aunque no le hacia ascos a escribir un buen blockbuster como \u2018Los Juegos del Hambre\u2019 o la \u00faltima entrega de \u2018Terminator\u2019 .<\/p>\n<p>En cambio sus incursiones televisivas fueron bastante fallidas desde<a href=\"https:\/\/blogs.diariovasco.com\/series-gourmets\/2019\/08\/09\/tierra-2-earth-2-la-primera-protagonista-femenina-de-una-serie-de-ciencia-ficcion\/\"> \u2018Tierra 2\u2019<\/a> hasta la reciente\u2019 The Last Tycoon\u2019 por lo que siempre ten\u00eda esa espinita\u00a0 televisiva clavada. Billy Ray siempre ha sido una persona muy comprometida pol\u00edticamente y cuando James Comey public\u00f3 su autobiograf\u00eda en 2018 titulada &#8216;A Higher Loyalty: Truth, Lies, and Leadership&#8217; no cej\u00f3 hasta conseguir los derechos para adaptar ese libro en un proyecto de lo m\u00e1s personal.<\/p>\n<p><img loading=\"lazy\" class=\"aligncenter size-full wp-image-13119\" src=\"https:\/\/static-blogs.diariovasco.com\/wp-content\/uploads\/sites\/37\/2020\/10\/Billy-Ray-e1601066479505.jpg\" alt=\"\" width=\"2306\" height=\"1296\" srcset=\"https:\/\/static-blogs.diariovasco.com\/wp-content\/uploads\/sites\/37\/2020\/10\/Billy-Ray-e1601066479505.jpg 2306w, https:\/\/static-blogs.diariovasco.com\/wp-content\/uploads\/sites\/37\/2020\/10\/Billy-Ray-e1601066479505-300x169.jpg 300w, https:\/\/static-blogs.diariovasco.com\/wp-content\/uploads\/sites\/37\/2020\/10\/Billy-Ray-e1601066479505-768x432.jpg 768w, https:\/\/static-blogs.diariovasco.com\/wp-content\/uploads\/sites\/37\/2020\/10\/Billy-Ray-e1601066479505-628x353.jpg 628w\" sizes=\"(max-width: 2306px) 100vw, 2306px\" \/>Tras el encargo del conglomerado\u00a0 CBS, para su cadena Showtime, Billy Ray se reserv\u00f3 la escritura y direcci\u00f3n completa de los cuatro episodios de la miniserie que fue rodada en Toronto en oto\u00f1o de 2019, con Jeff Daniels como el protagonista James Comey y un extenso reparto para el resto de los personajes tanto del FBI como de la Casa Blanca.<\/p>\n<p>En principio Showtime ten\u00eda la intenci\u00f3n de estrenarla tras las elecciones presidenciales celebradas ayer. Todo cambi\u00f3 ante las cr\u00edticas de su creador Billy Ray que acab\u00f3 a toda prisa la miniserie durante la pandemia, porque quer\u00eda que su trabajo influyera en la campa\u00f1a electoral al mostrar las cosas que era capaz de hacer Donald Trump en el ejercicio de la presidencia, lo que oblig\u00f3 a que Showtime cediera y la estrenar\u00e1 el mes de septiembre en plena campa\u00f1a con el siguiente tr\u00e1iler.<br \/>\n<iframe loading=\"lazy\" src=\"https:\/\/www.youtube.com\/embed\/Dc8XsWQMcs8\" width=\"560\" height=\"315\" frameborder=\"0\" allowfullscreen=\"allowfullscreen\"><\/iframe><br \/>\nSu estreno fue recibido con\u00a0 bastante frialdad y sin mucho entusiasmo por parte de la cr\u00edtica y sus audiencias fueron bastante bajas sin apenas llegar al medio mill\u00f3n de espectadores, bastante malas incluso\u00a0 para una cadena de pago premium como Showtime<\/p>\n<p><strong>La trama:<\/strong> &#8216;La Ley de Comey&#8217; es una miniserie que se divide claramente en dos partes que corresponden a los dos episodios de 90 minutos con los que se estren\u00f3 en EEUU ( en nuestro pa\u00eds se ha troceado en cuatro partes de 45 m para su estreno).<\/p>\n<p><img loading=\"lazy\" class=\"aligncenter size-full wp-image-13115\" src=\"https:\/\/static-blogs.diariovasco.com\/wp-content\/uploads\/sites\/37\/2020\/10\/con-obama.jpg\" alt=\"\" width=\"2000\" height=\"1379\" srcset=\"https:\/\/static-blogs.diariovasco.com\/wp-content\/uploads\/sites\/37\/2020\/10\/con-obama.jpg 2000w, https:\/\/static-blogs.diariovasco.com\/wp-content\/uploads\/sites\/37\/2020\/10\/con-obama-300x207.jpg 300w, https:\/\/static-blogs.diariovasco.com\/wp-content\/uploads\/sites\/37\/2020\/10\/con-obama-768x530.jpg 768w, https:\/\/static-blogs.diariovasco.com\/wp-content\/uploads\/sites\/37\/2020\/10\/con-obama-628x433.jpg 628w\" sizes=\"(max-width: 2000px) 100vw, 2000px\" \/>Su estructura temporal es lineal, para mostrarnos los eventos a medida que iban pasando, empezando por su nombramiento por Barack Obama, en una de las primeras decisiones discutibles de casting al elegir a un actor joven y treinta\u00f1ero como Kingsley Ben-Adir para interpretar de forma poco cre\u00edble a un presidente veinte a\u00f1os mayor en el momento de ese nombramiento como muestra el siguiente corte.<br \/>\n<iframe loading=\"lazy\" src=\"https:\/\/www.youtube.com\/embed\/2aTpQR_zA94\" width=\"560\" height=\"315\" frameborder=\"0\" allowfullscreen=\"allowfullscreen\"><\/iframe><\/p>\n<p>Poco a poco empiezan a aparecer numerosos personajes como todo su equipo de confianza del FBI, pero presentados de una forma muy somera y en muchas ocasiones con su cargo subtitulado y se van intercalando todo tipo de noticias y declaraciones reales de los principales personajes de la trama, en un peligroso limbo a medio camino entre el docudrama y la ficci\u00f3n pol\u00edtica, con la aridez ganando terreno poco a poco.<\/p>\n<p>El punto \u00e1lgido de la historia es la investigaci\u00f3n por los correos electr\u00f3nicos privados de Hillary Clinton, que carece de\u00a0 potencia dram\u00e1tica para aguantar la miniserie, al quedarse en interminables discusiones \u00e9ticas y legales que confund\u00edan m\u00e1s que aclaraban lo que suced\u00eda en el FBI, en especial al dejar a su director James Comey como una especie de mes\u00edas inmaculado y poseedor de la verdad absoluta.<\/p>\n<p>Esa historia de los correos explicada\u00a0 en formato documental y con un buen montaje, seguramente habr\u00eda funcionado mucho mejor que haciendo una recreaci\u00f3n dram\u00e1tica con actores, para ir metiendo con calzador declaraciones y noticias reales en un lenguaje h\u00edbrido que no me ha convencido.<\/p>\n<p>En la segunda mitad de \u2018La Ley de Comey\u2019 el foco cambia por completo y se centra en la relaci\u00f3n del director del FBI con el presidente Donald Trump que empez\u00f3 con una gran cordialidad, al reconocer Trump el capote que le ech\u00f3 Comey con la investigaci\u00f3n federal para poder llegar a la presidencia.<\/p>\n<p><img loading=\"lazy\" class=\"aligncenter size-full wp-image-13117\" src=\"https:\/\/static-blogs.diariovasco.com\/wp-content\/uploads\/sites\/37\/2020\/10\/general-6.jpg\" alt=\"\" width=\"1200\" height=\"632\" srcset=\"https:\/\/static-blogs.diariovasco.com\/wp-content\/uploads\/sites\/37\/2020\/10\/general-6.jpg 1200w, https:\/\/static-blogs.diariovasco.com\/wp-content\/uploads\/sites\/37\/2020\/10\/general-6-300x158.jpg 300w, https:\/\/static-blogs.diariovasco.com\/wp-content\/uploads\/sites\/37\/2020\/10\/general-6-768x404.jpg 768w, https:\/\/static-blogs.diariovasco.com\/wp-content\/uploads\/sites\/37\/2020\/10\/general-6-628x331.jpg 628w\" sizes=\"(max-width: 1200px) 100vw, 1200px\" \/>En este caso la historia se centra en mostrarnos la degeneraci\u00f3n de esa relaci\u00f3n hasta la hostilidad abierta que deriv\u00f3 en su despido fulminante, a pesar de haber tenido encuentros frecuentes como la tensa cena que se puede ver en el siguiente video.<br \/>\n<iframe loading=\"lazy\" src=\"https:\/\/www.youtube.com\/embed\/Dkvt2WeQ_Qw\" width=\"560\" height=\"315\" frameborder=\"0\" allowfullscreen=\"allowfullscreen\"><\/iframe><\/p>\n<p>En la segunda mitad juega un papel preponderante el actor irland\u00e9s Brendan Gleeson como el presidente Donald Trump, que me ha dejado sensaciones muy encontradas, al parecerme magn\u00edfico en algunas ocasiones, casi siempre en los planos medios y lejanos.<\/p>\n<p>En cambio ni su caracterizaci\u00f3n ni su gestualizaci\u00f3n se sosten\u00edan en los primeros planos de los que Billy Ray ha abusado para mostrar a un Trump que ya de por s\u00ed se presta a esa caricaturizaci\u00f3n sin forzar tanto la mano.<\/p>\n<p>Tampoco ayuda presentar al grupo de asesores de Trump como una banda de pollos sin cabeza, para elevar y blanquear la figura de James Comey como si no hubiera tenido nada que ver en el desaguisado electoral con la coartada moral de hacer su trabajo por encima del bien y del mal, que es el mensaje claro que tiene la miniserie, m\u00e1s all\u00e1 de nuestras percepciones pol\u00edticas al respecto.<\/p>\n<p>En el segundo tr\u00e1iler de la serie pueden ver algunos de esos detalles.<br \/>\n<iframe loading=\"lazy\" src=\"https:\/\/www.youtube.com\/embed\/hVGoXH_C43s\" width=\"560\" height=\"315\" frameborder=\"0\" allowfullscreen=\"allowfullscreen\"><\/iframe><br \/>\n\u2018La Ley de Comey\u2019 es de ese tipo de ficciones que sirven para convencer a los ya convencidos a partir de los mensajes que ven en la pantalla, en especial sobre las maneras y tretas que utiliz\u00f3 Trump para llegar a la presidencia, pero tirando la piedra y escondiendo la mano y sin profundizar en la realidad de los hechos, qued\u00e1ndose en titulares conocidos y poca cosa m\u00e1s.<\/p>\n<p>No hay que dejar de lado su estreno en plena campa\u00f1a electoral, con el claro objetivo de influenciar a los votantes, lo que est\u00e1n completamente en su derecho, pero que no me lo intenten vender como un trabajo de investigaci\u00f3n sobre toda la verdad de lo sucedido, porque en mi caso no ha colado, en especial con respecto a la figura de James Comey.<\/p>\n<p><strong>Los actores:<\/strong> Jeff Daniels es un gran actor, ideal para este tipo de papeles de caballero andante que lucha contra los molinos de viento \u2018trumpianos\u2019 y\u2019\u2019obamianos\u2019, que es como ha sido representado James Comey en la miniserie gracias a la gran credibilidad de la interpretaci\u00f3n de Daniels.<\/p>\n<p><img loading=\"lazy\" class=\"aligncenter size-full wp-image-13118\" src=\"https:\/\/static-blogs.diariovasco.com\/wp-content\/uploads\/sites\/37\/2020\/10\/jeff-daniels.jpg\" alt=\"\" width=\"1200\" height=\"749\" srcset=\"https:\/\/static-blogs.diariovasco.com\/wp-content\/uploads\/sites\/37\/2020\/10\/jeff-daniels.jpg 1200w, https:\/\/static-blogs.diariovasco.com\/wp-content\/uploads\/sites\/37\/2020\/10\/jeff-daniels-300x187.jpg 300w, https:\/\/static-blogs.diariovasco.com\/wp-content\/uploads\/sites\/37\/2020\/10\/jeff-daniels-768x479.jpg 768w, https:\/\/static-blogs.diariovasco.com\/wp-content\/uploads\/sites\/37\/2020\/10\/jeff-daniels-628x392.jpg 628w\" sizes=\"(max-width: 1200px) 100vw, 1200px\" \/>Jeff Daniels siempre ha sido un todoterreno que toca todos los registros, aunque en esta ocasi\u00f3n ha optado por una interpretaci\u00f3n que me recordaba a su Will McAvoy en <a href=\"https:\/\/blogs.diariovasco.com\/series-gourmets\/2012\/12\/12\/the-newsroom-la-controversia-en-el-periodismo-televisivo-esta-servida\/\">\u2018The Newsroom<\/a>\u2019 o la del experto contraterrorista en <a href=\"https:\/\/blogs.diariovasco.com\/series-gourmets\/2018\/07\/18\/the-looming-tower-expiar-las-culpas-por-los-atentados-del-11-s\/\">\u2018The Looming Tower\u2019<\/a> que le dio un Emmy al mejor actor.<\/p>\n<p>Siempre he admirado al gran actor irland\u00e9s Brendan Gleeson desde sus primeros papeles importantes en \u2018Braveheart\u2019 y \u2018 Michael Collins\u2019 hasta su reciente \u2018Mr Mercedes\u2019 pero ya he comentado que en esta ocasi\u00f3n no ha estado a la altura de sus mejores trabajos, en mi opini\u00f3n por una mala direcci\u00f3n de Billy Ray.<\/p>\n<p><img loading=\"lazy\" class=\"size-full wp-image-13114\" src=\"https:\/\/static-blogs.diariovasco.com\/wp-content\/uploads\/sites\/37\/2020\/10\/brendan-gleeson.jpg\" alt=\"\" width=\"1200\" height=\"798\" srcset=\"https:\/\/static-blogs.diariovasco.com\/wp-content\/uploads\/sites\/37\/2020\/10\/brendan-gleeson.jpg 1200w, https:\/\/static-blogs.diariovasco.com\/wp-content\/uploads\/sites\/37\/2020\/10\/brendan-gleeson-300x200.jpg 300w, https:\/\/static-blogs.diariovasco.com\/wp-content\/uploads\/sites\/37\/2020\/10\/brendan-gleeson-768x511.jpg 768w, https:\/\/static-blogs.diariovasco.com\/wp-content\/uploads\/sites\/37\/2020\/10\/brendan-gleeson-628x418.jpg 628w\" sizes=\"(max-width: 1200px) 100vw, 1200px\" \/><\/p>\n<p>Por muy bufonesco que nos parezca un personaje real y lo mal que nos caiga, en una ficci\u00f3n dram\u00e1tica es necesario darle una cierta credibilidad para no caer en el rid\u00edculo, como le sucede en determinadas ocasiones a su interpretaci\u00f3n de Donald Trump.<\/p>\n<p>En especial eso se hace m\u00e1s evidente\u00a0 en algunos primer\u00edsimos planos donde queda reducida a una exagerada colecci\u00f3n de gestos y ga\u00f1otas sin apenas matices y que nos impiden concentrarnos en las burradas que est\u00e1 diciendo.<\/p>\n<p>El reparto es inmenso y lleno de caras conocidas que apenas aparecen en dos o tres escenas y descritos con cuatro brochazos, por lo que voy a abstenerme de hacer una larga relaci\u00f3n de ellos y prefiero dejarles que jueguen a ir descubri\u00e9ndolos durante su visionado.<\/p>\n<p><strong>Final :<\/strong> Si estuviera valorando \u2018La Ley de Comey\u2019 como propaganda electoral anti Trump, es un magn\u00edfico producto que tiene muy claro sus objetivos para intentar convencer a los indecisos en estas elecciones cruciales, adem\u00e1s de elevar a los altares al controvertido James Comey, matando dos p\u00e1jaros de un tiro, por lo que si les interesa ese enfoque, la van a disfrutar y mucho.<\/p>\n<p>El problema es que m\u00e1s all\u00e1 de la coyuntura actual, sus decisiones narrativas tienen una clara fecha de caducidad y si la viera en el transcurso de la campa\u00f1a electoral de 2024, seguro que habr\u00e1 envejecido bastante mal, porque las buenas intenciones no bastan para hacer una gran miniserie como se ha empe\u00f1ado en demostrar \u2018La Ley de Comey\u2019.<\/p>\n<p>Para finalizar les voy a dejar con uno de esos videos, en el que sus creadores y protagonistas, explican la trastienda de la serie.<br \/>\n<iframe loading=\"lazy\" src=\"https:\/\/www.youtube.com\/embed\/DlTXtsJM7IA\" width=\"560\" height=\"315\" frameborder=\"0\" allowfullscreen=\"allowfullscreen\"><\/iframe><\/p>\n<p>Esperamos sus opiniones y comentarios, aqu\u00ed o en nuestra cuenta de twitter (@lmejino). Hasta la pr\u00f3xima<\/p>\n<p>Lorenzo Mejino<\/p>\n<!-- AddThis Advanced Settings generic via filter on the_content --><!-- AddThis Share Buttons generic via filter on the_content -->","protected":false},"excerpt":{"rendered":"<p>La campa\u00f1a electoral estadounidense finalizada esta madrugada,\u00a0 est\u00e1 acaparando todos los resquicios informativos que acapara la pandemia global y hemos revivido la lucha a cara de perro entre los dos candidatos de una forma similar a lo sucedido en 2016 entre Donald Trump y Hillary Clinton, que acab\u00f3 con la sorprendente victoria del magnate inmobiliario. [&hellip;]<!-- AddThis Advanced Settings generic via filter on get_the_excerpt --><!-- AddThis Share Buttons generic via filter on get_the_excerpt --><\/p>\n","protected":false},"author":61,"featured_media":13116,"comment_status":"open","ping_status":"closed","sticky":false,"template":"","format":"standard","meta":[],"categories":[5,6,32,15],"tags":[6100,4305,6101,1280,6098,6099],"_links":{"self":[{"href":"https:\/\/blogs.diariovasco.com\/series-gourmets\/wp-json\/wp\/v2\/posts\/13113"}],"collection":[{"href":"https:\/\/blogs.diariovasco.com\/series-gourmets\/wp-json\/wp\/v2\/posts"}],"about":[{"href":"https:\/\/blogs.diariovasco.com\/series-gourmets\/wp-json\/wp\/v2\/types\/post"}],"author":[{"embeddable":true,"href":"https:\/\/blogs.diariovasco.com\/series-gourmets\/wp-json\/wp\/v2\/users\/61"}],"replies":[{"embeddable":true,"href":"https:\/\/blogs.diariovasco.com\/series-gourmets\/wp-json\/wp\/v2\/comments?post=13113"}],"version-history":[{"count":4,"href":"https:\/\/blogs.diariovasco.com\/series-gourmets\/wp-json\/wp\/v2\/posts\/13113\/revisions"}],"predecessor-version":[{"id":13155,"href":"https:\/\/blogs.diariovasco.com\/series-gourmets\/wp-json\/wp\/v2\/posts\/13113\/revisions\/13155"}],"wp:featuredmedia":[{"embeddable":true,"href":"https:\/\/blogs.diariovasco.com\/series-gourmets\/wp-json\/wp\/v2\/media\/13116"}],"wp:attachment":[{"href":"https:\/\/blogs.diariovasco.com\/series-gourmets\/wp-json\/wp\/v2\/media?parent=13113"}],"wp:term":[{"taxonomy":"category","embeddable":true,"href":"https:\/\/blogs.diariovasco.com\/series-gourmets\/wp-json\/wp\/v2\/categories?post=13113"},{"taxonomy":"post_tag","embeddable":true,"href":"https:\/\/blogs.diariovasco.com\/series-gourmets\/wp-json\/wp\/v2\/tags?post=13113"}],"curies":[{"name":"wp","href":"https:\/\/api.w.org\/{rel}","templated":true}]}}