{"id":13133,"date":"2020-11-09T06:00:48","date_gmt":"2020-11-09T05:00:48","guid":{"rendered":"https:\/\/blogs.diariovasco.com\/series-gourmets\/?p=13133"},"modified":"2020-11-07T12:58:36","modified_gmt":"2020-11-07T11:58:36","slug":"strangled-hungria-el-montaje-del-director-de-una-pelicula-en-formato-miniserie","status":"publish","type":"post","link":"https:\/\/blogs.diariovasco.com\/series-gourmets\/2020\/11\/09\/strangled-hungria-el-montaje-del-director-de-una-pelicula-en-formato-miniserie\/","title":{"rendered":"Strangled ( Hungria ):  el montaje del director de una pel\u00edcula en formato miniserie"},"content":{"rendered":"<p>Las fronteras entre el cine y las miniseries han estado\u00a0 bastante difuminadas en muchos pa\u00edses en ambos sentidos, con miniseries que acaban triunfando en una versi\u00f3n comprimida como pel\u00edculas como fue el\u00a0 caso de <a href=\"https:\/\/blogs.diariovasco.com\/series-gourmets\/2018\/02\/02\/das-boot-el-submarino-una-obra-maestra-del-genero-belico\/\">\u2018Das Boot\u2019<\/a> o \u2018<a href=\"https:\/\/blogs.diariovasco.com\/series-gourmets\/2020\/04\/10\/secretos-de-un-matrimonio-la-primera-gran-miniserie-de-ingmar-bergman\/\">Secretos de un Matrimonio<\/a>. Tambi\u00e9n sucede el caso contrario como en la h\u00fangara &#8216;Strangled&#8217;\u00a0 la serie que vamos a comentar hoy,\u00a0 pel\u00edculas que acaban siendo convertidas en miniserie a\u00f1os m\u00e1s tarde con metraje extra y con los mismos actores y equipo t\u00e9cnico.<\/p>\n<p>Debo aclarar que estos casos no son adaptaciones inspiradas en la obra original, sino que utilizan todo lo que han rodado para hacer diferentes montajes de duraci\u00f3n variable para llegar a diferentes segmentos del p\u00fablico. En el caso de \u2018Strangled\u2019 la miniserie desarrolla y extiende la pel\u00edcula h\u00fangara \u2018A Martf\u00fci Rem\u2019 estrenada en 2016 y que tuvo un buen recorrido en diversos festivales de cine y entre la cr\u00edtica especializada.<\/p>\n<p>La traducci\u00f3n de su t\u00edtulo original \u2018A Martf\u00fci Rem\u2019 ser\u00eda \u2018El Horror de Martf\u00fc\u2019 y es una historia basada en hechos reales sobre un asesino en serie que campaba a sus anchas en medio de la dictadura comunista de los a\u00f1os cincuenta que negaba oficialmente la existencia de ese tipo de delincuentes en su sociedad perfectamente estructurada seg\u00fan los principios socialistas.<\/p>\n<p>El resultado es una serie muy desasosegante y oscura que nos permite conocer aspectos peculiares de la vida h\u00fangara durante el oscuro r\u00e9gimen magiar pro-ruso y que es una buena oportunidad para conocer los productos audiovisuales de un pa\u00eds que apenas se hab\u00eda asomado con<a href=\"https:\/\/blogs.diariovasco.com\/series-gourmets\/2016\/10\/03\/aranyelet-hungria-la-vida-dorada-de-una-familia-muy-peculiar\/\"> \u2018Aranyelet\u2019<\/a> a nuestro espacio de series remotas y ex\u00f3ticas de cada lunes.<\/p>\n<p><strong><img loading=\"lazy\" class=\"aligncenter size-full wp-image-13136\" src=\"https:\/\/static-blogs.diariovasco.com\/wp-content\/uploads\/sites\/37\/2020\/10\/destacada-11.jpg\" alt=\"\" width=\"500\" height=\"267\" srcset=\"https:\/\/static-blogs.diariovasco.com\/wp-content\/uploads\/sites\/37\/2020\/10\/destacada-11.jpg 500w, https:\/\/static-blogs.diariovasco.com\/wp-content\/uploads\/sites\/37\/2020\/10\/destacada-11-300x160.jpg 300w\" sizes=\"(max-width: 500px) 100vw, 500px\" \/>Ficha:<\/strong>Strangled ( A Martf\u00fci Rem. A Sorozat)4 ep 45 min .Ago 2020 .<strong> Idioma:<\/strong> H\u00fangaro subs ingles <strong>Cadena:<\/strong> Netflix (H )\/ In\u00e9dita en la rama espa\u00f1ola de Netflix.<\/p>\n<p><strong>La trama :<\/strong> Martf\u00fc es una apacible y dormida localidad situada a 130 km del sudeste de Budapest que ve sacudida su tranquila rutina por la muerte de dos chicas estranguladas de forma salvaje al salir de trabajar de la f\u00e1brica local que emplea a casi toda la poblaci\u00f3n. La polic\u00eda encontr\u00f3 al culpable r\u00e1pidamente y lo ajustici\u00f3 sin muchos miramientos para devolver la seguridad a la ciudad.<\/p>\n<p>El problema resurge cuando siete a\u00f1os despu\u00e9s vuelven aparecer una serie de muertes con el mismo modus operandi, pero la doctrina oficial pol\u00edtica de la inexistencia de asesinos en serie en la Hungria comunista, intenta enterrar cualquier sospecha con el inspector local Bota como el principal interesado en no remover las aguas de su investigaci\u00f3n inicial.<\/p>\n<p>El inspector solo hace que poner trabas a la investigaci\u00f3n que encabeza un joven y ambicioso fiscal Zolt\u00e1n Szirmai\u00a0 (Peter Barnai, foto inf) que empieza a unir los puntos y descubre un entramado de poderes y chanchullos que son los primeros interesados en no alarmar a la poblaci\u00f3n con la presencia de ese asesino en serie, por mucho que lo nieguen oficialmente.<\/p>\n<p><img loading=\"lazy\" class=\"aligncenter size-full wp-image-13134\" src=\"https:\/\/static-blogs.diariovasco.com\/wp-content\/uploads\/sites\/37\/2020\/10\/inspector.png\" alt=\"\" width=\"1280\" height=\"720\" srcset=\"https:\/\/static-blogs.diariovasco.com\/wp-content\/uploads\/sites\/37\/2020\/10\/inspector.png 1280w, https:\/\/static-blogs.diariovasco.com\/wp-content\/uploads\/sites\/37\/2020\/10\/inspector-300x169.png 300w, https:\/\/static-blogs.diariovasco.com\/wp-content\/uploads\/sites\/37\/2020\/10\/inspector-768x432.png 768w, https:\/\/static-blogs.diariovasco.com\/wp-content\/uploads\/sites\/37\/2020\/10\/inspector-628x353.png 628w\" sizes=\"(max-width: 1280px) 100vw, 1280px\" \/>Poco a poco, el cerco se va ir estrechando para encontrar al asesino, que sigue haciendo de las suyas de una manera muy gr\u00e1fica y violenta que para los m\u00e1s sensibles puede incluso llevarles a retirar la mirada de la pantalla.<\/p>\n<p>La extensi\u00f3n a miniserie no deja de ser una h\u00e1bil maniobra comercial para vender la serie a Netflix, donde se ha estrenado en varios pa\u00edses europeos, pero no en el nuestro. De hecho el primer corte del director Arpad Sospits en 2016 ya duraba tres horas, pero finalmente se recort\u00f3 su metraje para la exhibici\u00f3n en las salas de cine, por lo que de hecho solo han hecho que recuperar y ajustar\u00a0 el primer montaje para seguir explotando el fil\u00f3n de \u2018Strangled\u2019.<\/p>\n<p>A pesar de ser un g\u00e9nero que me gusta y no haber visto la pel\u00edcula, \u2018Strangled\u2019 me ha parecido una serie demasiado s\u00f3rdida y oscura, donde casi todo sucede de noche e intentan abrir demasiados frentes que cierran con mucha celeridad en el tramo final. Un tono que queda establecido desde los t\u00edtulos de cr\u00e9dito de la miniserie.<br \/>\n<iframe loading=\"lazy\" src=\"https:\/\/www.youtube.com\/embed\/FLTsLe-GdH0\" width=\"560\" height=\"315\" frameborder=\"0\" allowfullscreen=\"allowfullscreen\"><\/iframe><br \/>\nSu tono est\u00e1 a mitad de camino entre el thriller y el terror, al no ahorrarse todo tipo de escenas explicitas en los violentos ataques que sufren las desvalidas mujeres de Martf\u00fc, que en alg\u00fan caso debo reconocer que eran hasta desagradables de ver.<\/p>\n<p><img loading=\"lazy\" class=\"aligncenter size-full wp-image-13135\" src=\"https:\/\/static-blogs.diariovasco.com\/wp-content\/uploads\/sites\/37\/2020\/10\/asesino.jpg\" alt=\"\" width=\"1920\" height=\"1080\" srcset=\"https:\/\/static-blogs.diariovasco.com\/wp-content\/uploads\/sites\/37\/2020\/10\/asesino.jpg 1920w, https:\/\/static-blogs.diariovasco.com\/wp-content\/uploads\/sites\/37\/2020\/10\/asesino-300x169.jpg 300w, https:\/\/static-blogs.diariovasco.com\/wp-content\/uploads\/sites\/37\/2020\/10\/asesino-768x432.jpg 768w, https:\/\/static-blogs.diariovasco.com\/wp-content\/uploads\/sites\/37\/2020\/10\/asesino-628x353.jpg 628w\" sizes=\"(max-width: 1920px) 100vw, 1920px\" \/>Me ha interesado\u00a0 por la descripci\u00f3n de la vida en esa peque\u00f1a ciudad h\u00fangara en plena postguerra y con un r\u00e9gimen comunista colaboracionista que se plegaba a todos los deseos rusos, como la negaci\u00f3n plausible de ese tipo de delincuencia abyecta que dec\u00edan que era propia del degradado occidente.<\/p>\n<p>La serie se estren\u00f3 en la rama h\u00fangara de Netflix en agosto de este a\u00f1o y la pude ver por aquel entonces subtitulada en ingl\u00e9s, trasteando por las opciones de idiomas de la plataforma, pero tengo que reconocer que lo he intentado repetir y no la he conseguido encontrar, por lo que si quieren entretener a lo mejor sigue escondida por esos pliegues internacionales, siempre que no prefieran recurrir a otros m\u00e9todos.<\/p>\n<p>Para finalizar les dejo con el trailer oficial de su estreno de lo que podr\u00edamos denominar el montaje del director en forma de miniserie de esa pel\u00edcula h\u00fangara \u2018Strangled\u2019 estrenada hace cuatro a\u00f1os.<br \/>\n<iframe loading=\"lazy\" src=\"https:\/\/www.youtube.com\/embed\/HT7QzuhSIOU\" width=\"560\" height=\"315\" frameborder=\"0\" allowfullscreen=\"allowfullscreen\"><\/iframe><br \/>\nEsperamos sus opiniones y comentarios, aqu\u00ed o en nuestra cuenta de twitter (@lmejino). Hasta la pr\u00f3xima<\/p>\n<p>Lorenzo Mejino<\/p>\n<!-- AddThis Advanced Settings generic via filter on the_content --><!-- AddThis Share Buttons generic via filter on the_content -->","protected":false},"excerpt":{"rendered":"<p>Las fronteras entre el cine y las miniseries han estado\u00a0 bastante difuminadas en muchos pa\u00edses en ambos sentidos, con miniseries que acaban triunfando en una versi\u00f3n comprimida como pel\u00edculas como fue el\u00a0 caso de \u2018Das Boot\u2019 o \u2018Secretos de un Matrimonio. Tambi\u00e9n sucede el caso contrario como en la h\u00fangara &#8216;Strangled&#8217;\u00a0 la serie que vamos [&hellip;]<!-- AddThis Advanced Settings generic via filter on get_the_excerpt --><!-- AddThis Share Buttons generic via filter on get_the_excerpt --><\/p>\n","protected":false},"author":61,"featured_media":13137,"comment_status":"open","ping_status":"closed","sticky":false,"template":"","format":"standard","meta":[],"categories":[10,29,12,17],"tags":[6108,6109,6110,6107],"_links":{"self":[{"href":"https:\/\/blogs.diariovasco.com\/series-gourmets\/wp-json\/wp\/v2\/posts\/13133"}],"collection":[{"href":"https:\/\/blogs.diariovasco.com\/series-gourmets\/wp-json\/wp\/v2\/posts"}],"about":[{"href":"https:\/\/blogs.diariovasco.com\/series-gourmets\/wp-json\/wp\/v2\/types\/post"}],"author":[{"embeddable":true,"href":"https:\/\/blogs.diariovasco.com\/series-gourmets\/wp-json\/wp\/v2\/users\/61"}],"replies":[{"embeddable":true,"href":"https:\/\/blogs.diariovasco.com\/series-gourmets\/wp-json\/wp\/v2\/comments?post=13133"}],"version-history":[{"count":4,"href":"https:\/\/blogs.diariovasco.com\/series-gourmets\/wp-json\/wp\/v2\/posts\/13133\/revisions"}],"predecessor-version":[{"id":13183,"href":"https:\/\/blogs.diariovasco.com\/series-gourmets\/wp-json\/wp\/v2\/posts\/13133\/revisions\/13183"}],"wp:featuredmedia":[{"embeddable":true,"href":"https:\/\/blogs.diariovasco.com\/series-gourmets\/wp-json\/wp\/v2\/media\/13137"}],"wp:attachment":[{"href":"https:\/\/blogs.diariovasco.com\/series-gourmets\/wp-json\/wp\/v2\/media?parent=13133"}],"wp:term":[{"taxonomy":"category","embeddable":true,"href":"https:\/\/blogs.diariovasco.com\/series-gourmets\/wp-json\/wp\/v2\/categories?post=13133"},{"taxonomy":"post_tag","embeddable":true,"href":"https:\/\/blogs.diariovasco.com\/series-gourmets\/wp-json\/wp\/v2\/tags?post=13133"}],"curies":[{"name":"wp","href":"https:\/\/api.w.org\/{rel}","templated":true}]}}