{"id":13169,"date":"2020-11-23T06:00:43","date_gmt":"2020-11-23T05:00:43","guid":{"rendered":"https:\/\/blogs.diariovasco.com\/series-gourmets\/?p=13169"},"modified":"2020-11-22T09:40:51","modified_gmt":"2020-11-22T08:40:51","slug":"the-platform-emiratos-arabes-unidos-un-exotico-thriller-cibernetico-arabe","status":"publish","type":"post","link":"https:\/\/blogs.diariovasco.com\/series-gourmets\/2020\/11\/23\/the-platform-emiratos-arabes-unidos-un-exotico-thriller-cibernetico-arabe\/","title":{"rendered":"The Platform (Emiratos \u00c1rabes Unidos): un ex\u00f3tico thriller cibern\u00e9tico \u00e1rabe"},"content":{"rendered":"<p>Los Emiratos \u00c1rabes Unidos se han convertido en uno de los pa\u00edses de moda durante los \u00faltimos meses en nuestro pa\u00eds y m\u00e1s concretamente el em\u00edrato de Abu Dhabi, por ser el nuevo lugar de residencia del rey em\u00e9rito Juan Carlos I. Atendiendo a esa inusitada expectaci\u00f3n por todo lo proveniente de Abu Dhabi, el estreno en Netflix de su serie \u2018The Platform\u2019 es una magn\u00edfica oportunidad para conocer algo del pa\u00eds a trav\u00e9s de este estreno.<\/p>\n<p>\u2018The Platform\u2019 es la primera serie original de la pen\u00ednsula ar\u00e1biga producida de forma exclusiva para Netflix, que hasta ahora solo se hab\u00eda dedicado a comprar series a otras cadenas locales\u00a0 y colarlas como sus originales, como fue el caso de<a href=\"https:\/\/blogs.diariovasco.com\/series-gourmets\/2019\/03\/25\/justice-qalb-al-adala-emiratos-arabes-unidos-ley-y-orden-abu-dabi\/\"> \u2018Justice\u2019<\/a>. Su intenci\u00f3n es romper el esquema dominante de las series de gama alta que se reservaban para el Ramadan y de esta forma extender el consumo a todo el a\u00f1o.<\/p>\n<p>Sin ser nada del otro mundo, su cuidada producci\u00f3n y calidad de actores ha sido todo un \u00e9xito en esa regi\u00f3n al ser estrenada durante la pandemia en todo el mundo \u00e1rabe y le ha dado su primer gran \u00e9xito al gigante Netflix en esa regi\u00f3n, donde hasta el momento no rascaba mucha bola, pero ya les avanzo que dudo que tenga recorrido fuera de esa regi\u00f3n.<\/p>\n<p>Al estar disponible en nuestro pa\u00eds, con la opci\u00f3n del idioma en ingl\u00e9s, me ha parecido interesante hablarles de esta curiosa producci\u00f3n \u2018The Platform\u2019 por si est\u00e1n pensando en exiliarse pr\u00f3ximamente a Abu Dhabi, para que se lo replanteen seriamente desde el punto de vista audiovisual.<\/p>\n<p><strong><img loading=\"lazy\" class=\"aligncenter size-full wp-image-13171\" src=\"https:\/\/static-blogs.diariovasco.com\/wp-content\/uploads\/sites\/37\/2020\/11\/the-platform-4.jpg\" alt=\"\" width=\"837\" height=\"600\" srcset=\"https:\/\/static-blogs.diariovasco.com\/wp-content\/uploads\/sites\/37\/2020\/11\/the-platform-4.jpg 837w, https:\/\/static-blogs.diariovasco.com\/wp-content\/uploads\/sites\/37\/2020\/11\/the-platform-4-300x215.jpg 300w, https:\/\/static-blogs.diariovasco.com\/wp-content\/uploads\/sites\/37\/2020\/11\/the-platform-4-768x551.jpg 768w, https:\/\/static-blogs.diariovasco.com\/wp-content\/uploads\/sites\/37\/2020\/11\/the-platform-4-628x450.jpg 628w\" sizes=\"(max-width: 837px) 100vw, 837px\" \/>Ficha:<\/strong> The Platform 12 ep 45 min Sep 2020 .<strong> Idioma:<\/strong> \u00c1rabe subs ingles <strong>Cadena<\/strong>: Netflix ( E)\u00a0 en la versi\u00f3n de idioma ingl\u00e9s.<\/p>\n<p><strong>La trama :<\/strong> Karam el Sayed es un brillante programador inform\u00e1tico que ha creado en los EEUU una codiciada aplicaci\u00f3n para detectar y descubrir mensajes y organizaciones extremistas. Tras una complicada infancia en Abu Dhabi. marcada por la detenci\u00f3n de su padre acusado de actividades terroristas, Karam emigr\u00f3 a los EEUU escapando de esos problemas familiares para acabar triunfando tanto como empresario, como en su faceta de escritor con un libro sobre antiextremismos que ha tenido mucho \u00e9xito.<\/p>\n<p>Por una serie de graves circunstancias familiares decide volver a Abu Dhabi, donde recibe una extra\u00f1a oferta de un misterioso magnate local para un trabajo de alta tecnolog\u00eda, entrando en una espiral de conspiraciones de hackers y programadores que van a cambiar por completo su vida.<\/p>\n<p>\u2018The Platform\u2019 se plantea desde el primer momento como un thriller cibern\u00e9tico con un protagonista que al verse envuelto en una enorme tela de ara\u00f1a conspirativa, no sabe de qui\u00e9n fiarse y de qui\u00e9n no, por lo que debe hacer caso\u00a0 de su intuici\u00f3n y conocimientos para tomar las mejores decisiones en solitario y sin la ayuda de nadie.<\/p>\n<p>Nos presenta el aspecto m\u00e1s occidentalizado de Abu Dhabi, donde las mujeres no est\u00e1n obligadas a ir con la cara tapada y realizan tareas de cierta responsabilidad, pero sin olvidar el aspecto m\u00e1s tradicional con muchos personajes masculinos llevando sus indumentarias habituales, como muestra la foto inferior, con ambos mundos conviviendo.<\/p>\n<p><img loading=\"lazy\" class=\"aligncenter size-full wp-image-13173\" src=\"https:\/\/static-blogs.diariovasco.com\/wp-content\/uploads\/sites\/37\/2020\/11\/dos-mundos.jpg\" alt=\"\" width=\"800\" height=\"450\" srcset=\"https:\/\/static-blogs.diariovasco.com\/wp-content\/uploads\/sites\/37\/2020\/11\/dos-mundos.jpg 800w, https:\/\/static-blogs.diariovasco.com\/wp-content\/uploads\/sites\/37\/2020\/11\/dos-mundos-300x169.jpg 300w, https:\/\/static-blogs.diariovasco.com\/wp-content\/uploads\/sites\/37\/2020\/11\/dos-mundos-768x432.jpg 768w, https:\/\/static-blogs.diariovasco.com\/wp-content\/uploads\/sites\/37\/2020\/11\/dos-mundos-628x353.jpg 628w\" sizes=\"(max-width: 800px) 100vw, 800px\" \/>\u2018The Platform\u2019 tiene un gran nivel de producci\u00f3n, donde no han escatimado en gastos, pero la historia que cuenta es demasiado larga para los doce cap\u00edtulos que tiene y poco a poco se va estancando en tramas secundarias de relleno, a la espera del destino de Karam en ese entramado en el que se ha enredado.<\/p>\n<p>El creador de la serie es uno de los guionistas estrellas del mundo \u00e1rabe, el sirio Hozan Akko, que cre\u00f3 el gran \u00e9xito \u2018Al Hayba\u2019 que est\u00e1 tambi\u00e9n disponible en Netflix, pero en esta ocasi\u00f3n no ha estado tan brillante, a pesar de rodearse de buenos actores como el protagonista sirio Maxim Khalil que est\u00e1 muy convincente como el agobiado y atormentado Karam,\u00a0 aunque tenga que defender inacabables escenas mirando al ordenador.<\/p>\n<p><img loading=\"lazy\" class=\"aligncenter size-full wp-image-13170\" src=\"https:\/\/static-blogs.diariovasco.com\/wp-content\/uploads\/sites\/37\/2020\/11\/protagonista.jpg\" alt=\"\" width=\"750\" height=\"563\" srcset=\"https:\/\/static-blogs.diariovasco.com\/wp-content\/uploads\/sites\/37\/2020\/11\/protagonista.jpg 750w, https:\/\/static-blogs.diariovasco.com\/wp-content\/uploads\/sites\/37\/2020\/11\/protagonista-300x225.jpg 300w, https:\/\/static-blogs.diariovasco.com\/wp-content\/uploads\/sites\/37\/2020\/11\/protagonista-628x471.jpg 628w\" sizes=\"(max-width: 750px) 100vw, 750px\" \/>Como curiosidad tengo que mencionar la gran sorpresa de la presencia del actor estadounidense Dean Cain, el conocido Superman de la serie <a href=\"https:\/\/blogs.diariovasco.com\/series-gourmets\/2015\/12\/18\/lois-clark-las-nuevas-aventuras-de-superman-el-lado-romantico-del-superheroe\/\">\u2018 Lois &amp; Clark: las nuevas aventuras de Superman\u2019<\/a> , en un papel secundario como el socio estadounidense del protagonista Karam, hablando siempre por tel\u00e9fono. No se como le han convencido para salir aqu\u00ed, pero no va a ser precisamente un paso adelante en su carrera.<\/p>\n<p>\u2018The Platform\u2019 es una serie para el mercado \u00e1rabe y fuera de all\u00ed solo puede inter\u00e9s para curiosos y seri\u00e9filos que busquen propuestas diferentes. Me ha parecido una serie que m\u00e1s all\u00e1 de su exotismo inicial, intenta replicar en un entorno \u00e1rabe, el genero del thriller cibern\u00e9tico que tan bien dominan los pa\u00edses anglosajones con muchas de las convenciones y giros habituales cuando tenemos a hackers por en medio, pero con una ejecuci\u00f3n bastante floja y sin dar respuestas al final de la 1T, dejando todo colgando para una posible renovaci\u00f3n.<\/p>\n<p>Para finalizar les dejo con el trailer oficial de su estreno en Netflix hace escasamente dos meses.<br \/>\n<iframe loading=\"lazy\" src=\"https:\/\/www.youtube.com\/embed\/w8W8R5XN4Cg\" width=\"560\" height=\"315\" frameborder=\"0\" allowfullscreen=\"allowfullscreen\"><\/iframe><br \/>\nEsperamos sus opiniones y comentarios, aqu\u00ed o en nuestra cuenta de twitter (@lmejino). Hasta la pr\u00f3xima<\/p>\n<p>Lorenzo Mejino<\/p>\n<!-- AddThis Advanced Settings generic via filter on the_content --><!-- AddThis Share Buttons generic via filter on the_content -->","protected":false},"excerpt":{"rendered":"<p>Los Emiratos \u00c1rabes Unidos se han convertido en uno de los pa\u00edses de moda durante los \u00faltimos meses en nuestro pa\u00eds y m\u00e1s concretamente el em\u00edrato de Abu Dhabi, por ser el nuevo lugar de residencia del rey em\u00e9rito Juan Carlos I. Atendiendo a esa inusitada expectaci\u00f3n por todo lo proveniente de Abu Dhabi, el [&hellip;]<!-- AddThis Advanced Settings generic via filter on get_the_excerpt --><!-- AddThis Share Buttons generic via filter on get_the_excerpt --><\/p>\n","protected":false},"author":61,"featured_media":13172,"comment_status":"open","ping_status":"closed","sticky":false,"template":"","format":"standard","meta":[],"categories":[5,6,17],"tags":[716,6120,6121,6119],"_links":{"self":[{"href":"https:\/\/blogs.diariovasco.com\/series-gourmets\/wp-json\/wp\/v2\/posts\/13169"}],"collection":[{"href":"https:\/\/blogs.diariovasco.com\/series-gourmets\/wp-json\/wp\/v2\/posts"}],"about":[{"href":"https:\/\/blogs.diariovasco.com\/series-gourmets\/wp-json\/wp\/v2\/types\/post"}],"author":[{"embeddable":true,"href":"https:\/\/blogs.diariovasco.com\/series-gourmets\/wp-json\/wp\/v2\/users\/61"}],"replies":[{"embeddable":true,"href":"https:\/\/blogs.diariovasco.com\/series-gourmets\/wp-json\/wp\/v2\/comments?post=13169"}],"version-history":[{"count":5,"href":"https:\/\/blogs.diariovasco.com\/series-gourmets\/wp-json\/wp\/v2\/posts\/13169\/revisions"}],"predecessor-version":[{"id":13274,"href":"https:\/\/blogs.diariovasco.com\/series-gourmets\/wp-json\/wp\/v2\/posts\/13169\/revisions\/13274"}],"wp:featuredmedia":[{"embeddable":true,"href":"https:\/\/blogs.diariovasco.com\/series-gourmets\/wp-json\/wp\/v2\/media\/13172"}],"wp:attachment":[{"href":"https:\/\/blogs.diariovasco.com\/series-gourmets\/wp-json\/wp\/v2\/media?parent=13169"}],"wp:term":[{"taxonomy":"category","embeddable":true,"href":"https:\/\/blogs.diariovasco.com\/series-gourmets\/wp-json\/wp\/v2\/categories?post=13169"},{"taxonomy":"post_tag","embeddable":true,"href":"https:\/\/blogs.diariovasco.com\/series-gourmets\/wp-json\/wp\/v2\/tags?post=13169"}],"curies":[{"name":"wp","href":"https:\/\/api.w.org\/{rel}","templated":true}]}}