{"id":13186,"date":"2020-11-16T06:00:26","date_gmt":"2020-11-16T05:00:26","guid":{"rendered":"https:\/\/blogs.diariovasco.com\/series-gourmets\/?p=13186"},"modified":"2020-11-15T10:18:13","modified_gmt":"2020-11-15T09:18:13","slug":"la-investigacion-efterforskningen-dinamarca-una-manera-innovadora-de-narrar-un-caso-mediatico","status":"publish","type":"post","link":"https:\/\/blogs.diariovasco.com\/series-gourmets\/2020\/11\/16\/la-investigacion-efterforskningen-dinamarca-una-manera-innovadora-de-narrar-un-caso-mediatico\/","title":{"rendered":"The Investigation\/ Efterforskningen (Dinamarca). Una manera innovadora de narrar un caso medi\u00e1tico."},"content":{"rendered":"<p>Las miniseries basadas en casos reales y que han tenido un gran impacto medi\u00e1tico son el pan nuestro de cada d\u00eda tanto a nivel de ficci\u00f3n, como especialmente en el formato de documentales \u2018true crime\u2019 que se estrenan con una gran frecuencia. Es dif\u00edcil innovar en este terreno, pero es lo que ha conseguido la gran serie danesa \u2018The Investigation\u2019 que nos disecciona de forma quir\u00fargica la laboriosa investigaci\u00f3n que pudo resolver el popularmente conocido como\u00a0 caso del submarino que dio la vuelta al mundo en 2017.<\/p>\n<p>Su enfoque difiere de todo el anterior al invisibilizar y ningunear por completo al culpable, del que ni se menciona el nombre ni se muestra una foto suya en todo el metraje de los seis cap\u00edtulos que consta la miniserie, para centrarse \u00fanica y exclusivamente en la laboriosa y complicad\u00edsima investigaci\u00f3n policial.<\/p>\n<p>Su segundo gran acierto ha sido alejarse del formato documental o \u2018true crime\u2019 , al apostar por un reparto de grandes actores daneses y suecos, conocidos incluso en nuestro pa\u00eds por series como \u2018Borgen\u2019 o \u2018Wallander\u2019,\u00a0 completamente convincentes al dar vida a personajes reales. El resultado ha sido asistir a la investigaci\u00f3n como si fu\u00e9ramos una mosca en la pared o los ayudantes invisibles de todas las personas implicadas.<\/p>\n<p>El enfoque es arriesgado pero el resultado ha sido impresionante al abrir nuevos caminos narrativos en temas tan manidos como las investigaciones criminales, con la suerte a\u00f1adida que ha sido adquirida por Movistar que la estrenar\u00e1 el viernes 11 de Diciembre, para que puedan disfrutar de una ficci\u00f3n casi documental que engancha y atrapa desde el principio hasta su emotivo\u00a0 final.<\/p>\n<p><strong><img loading=\"lazy\" class=\"aligncenter size-full wp-image-13192\" src=\"https:\/\/static-blogs.diariovasco.com\/wp-content\/uploads\/sites\/37\/2020\/11\/destacada-4.jpg\" alt=\"\" width=\"1722\" height=\"878\" srcset=\"https:\/\/static-blogs.diariovasco.com\/wp-content\/uploads\/sites\/37\/2020\/11\/destacada-4.jpg 1722w, https:\/\/static-blogs.diariovasco.com\/wp-content\/uploads\/sites\/37\/2020\/11\/destacada-4-300x153.jpg 300w, https:\/\/static-blogs.diariovasco.com\/wp-content\/uploads\/sites\/37\/2020\/11\/destacada-4-768x392.jpg 768w, https:\/\/static-blogs.diariovasco.com\/wp-content\/uploads\/sites\/37\/2020\/11\/destacada-4-628x320.jpg 628w\" sizes=\"(max-width: 1722px) 100vw, 1722px\" \/>Ficha:<\/strong> La Investigaci\u00f3n \/ Efterforskningen 6 ep 45 min Sep-Nov 2020 . <strong>Idioma:<\/strong> Danes\/ espa\u00f1ol <strong>Cadena:<\/strong> TV2 (DK)\/ A partir del 11 de Diciembre en Movistar Series.<\/p>\n<p><strong>La trama :<\/strong> Jens M\u00f8ller es el jefe de la brigada de investigaci\u00f3n criminal de la polic\u00eda de Copenhague y debe hacerse cargo del caso de la desaparici\u00f3n de la periodista sueca Kim Wall, que fue vista por \u00faltima vez a bordo de un submarino casero en compa\u00f1\u00eda de un empresario dan\u00e9s. El caso se dispara\u00a0 tras saltar las alarmas al encontrar la nave hundida a pocos metros de la costa danesa.<\/p>\n<p>La investigaci\u00f3n empieza buscando pistas en el submarino sobre el posible paradero de la periodista sueca y poco a poco empieza a ir virando hacia la exhaustiva b\u00fasqueda del cad\u00e1ver o de los restos de Kim Wall, en el amplio y concurrido estrecho de \u00d8resund.<\/p>\n<p>Poco a poco van juntando las piezas del rompecabezas para ir proporcionando al fiscal especial encargado del caso, las pruebas\u00a0 que le\u00a0 permitan una acusaci\u00f3n que pueda condenar sin atisbos de duda razonable al perpetrador de semejante crimen, como pueden ver en el primer tr\u00e1iler de la serie.<br \/>\n<iframe loading=\"lazy\" src=\"https:\/\/www.youtube.com\/embed\/uQEl3o7lqMM\" width=\"560\" height=\"315\" frameborder=\"0\" allowfullscreen=\"allowfullscreen\"><\/iframe><\/p>\n<p>\u2018The Investigation\u2019 es un proyecto muy personal del gran guionista dan\u00e9s Tobias Lindholm que ha escrito grandes pel\u00edculas como \u2018La Caza\u2019, \u2018A War\u2019 o la reciente \u2018Druk\u2019 .<\/p>\n<p>Lindholm ( foto inf) estuvo completamente obsesionado durante los largos meses que dur\u00f3 la investigaci\u00f3n policial y decidi\u00f3 proponer a la segunda televisi\u00f3n danesa TV2 un proyecto para recrear de manera ficcionada toda esa investigaci\u00f3n y conseguir\u00a0 hacer llegar al gran p\u00fablico la enorme dificultad que tuvo la polic\u00eda danesa para resolver el caso, escribiendo, produciendo y dirigiendo personalmente todos los cap\u00edtulos.<\/p>\n<p><img loading=\"lazy\" class=\"aligncenter size-full wp-image-13190\" src=\"https:\/\/static-blogs.diariovasco.com\/wp-content\/uploads\/sites\/37\/2020\/11\/Tobias-Lindholm-Efterforskningen.jpg\" alt=\"\" width=\"3543\" height=\"2363\" srcset=\"https:\/\/static-blogs.diariovasco.com\/wp-content\/uploads\/sites\/37\/2020\/11\/Tobias-Lindholm-Efterforskningen.jpg 3543w, https:\/\/static-blogs.diariovasco.com\/wp-content\/uploads\/sites\/37\/2020\/11\/Tobias-Lindholm-Efterforskningen-300x200.jpg 300w, https:\/\/static-blogs.diariovasco.com\/wp-content\/uploads\/sites\/37\/2020\/11\/Tobias-Lindholm-Efterforskningen-768x512.jpg 768w, https:\/\/static-blogs.diariovasco.com\/wp-content\/uploads\/sites\/37\/2020\/11\/Tobias-Lindholm-Efterforskningen-628x419.jpg 628w\" sizes=\"(max-width: 3543px) 100vw, 3543px\" \/>Los dos personajes principales de la investigaci\u00f3n son el inspector Jens M\u00f8ller y el fiscal Jakob Buch-Jepsen para los que no dud\u00f3 en llamar a sus dos grandes amigos, los maravillosos S\u00f8ren Malling ( der) y Pilou Asb\u00e6k, dos fijos en todos los proyectos donde ha trabajado\u00a0 Tobias Lindholm, desde los tiempos de <a href=\"https:\/\/blogs.diariovasco.com\/series-gourmets\/2014\/12\/03\/borgen-una-obra-maestra-sobre-los-entresijos-de-la-politica\/\">\u2018Borgen\u2019.<\/a><\/p>\n<p><img loading=\"lazy\" class=\"aligncenter size-full wp-image-13189\" src=\"https:\/\/static-blogs.diariovasco.com\/wp-content\/uploads\/sites\/37\/2020\/11\/pareja-principal.jpg\" alt=\"\" width=\"720\" height=\"349\" srcset=\"https:\/\/static-blogs.diariovasco.com\/wp-content\/uploads\/sites\/37\/2020\/11\/pareja-principal.jpg 720w, https:\/\/static-blogs.diariovasco.com\/wp-content\/uploads\/sites\/37\/2020\/11\/pareja-principal-300x145.jpg 300w, https:\/\/static-blogs.diariovasco.com\/wp-content\/uploads\/sites\/37\/2020\/11\/pareja-principal-628x304.jpg 628w\" sizes=\"(max-width: 720px) 100vw, 720px\" \/><\/p>\n<p>Ambos representan a la perfecci\u00f3n los dos lados de la investigaci\u00f3n, como el fiscal exigiendo pruebas contundentes y fiables mientras que el equipo del inspector intenta proporcionarlas.<\/p>\n<p>Destaca sobre todo un deslumbrante S\u00f8ren Malling como el inspector persistente que busca resolver ese enorme rompecabezas con todos los medios que pueda recabar. Su tes\u00f3n\u00a0 provoca una enorme empat\u00eda en el espectador al ver como lucha de una forma natural y sin aspavientos, sacrificando incluso su vida personal para llevar la paz a la familia de la periodista Kim Wall.\u00a0 Su conciencia le obliga a\u00a0 estar en permanente contacto con los desesperados padres de la chica, interpretados por dos pesos pesados de la interpretaci\u00f3n sueca como Rolf Lassg\u00e5rd ( Wallander)\u00a0 y Pernilla August.<\/p>\n<p><img loading=\"lazy\" class=\"aligncenter size-full wp-image-13188\" src=\"https:\/\/static-blogs.diariovasco.com\/wp-content\/uploads\/sites\/37\/2020\/11\/images.jpg\" alt=\"\" width=\"300\" height=\"168\" \/><\/p>\n<p>Es necesario avisar que \u2018The\u00a0 Investigation\u2019 prescinde absolutamente del sospechoso, con todos sus interrogatorios fuera de c\u00e1mara, por lo que si est\u00e1n esperando algo m\u00e1s convencional, como conocer su lado de la historia,\u00a0 un descarte de posibles sospechosos o un juego del gato y del rat\u00f3n para acabar atrap\u00e1ndolo, la miniserie no va de ese palo y para m\u00ed es su mayor acierto.<\/p>\n<p>En este sentido he decidido obviar el nombre del acusado en el art\u00edculo como muestra de respeto hacia \u2018The Investigation\u2019 que si ha podido desarrollar toda la trama sin decirlo, creo que puedo hacer lo mismo en mi an\u00e1lisis.<\/p>\n<p>Lindholm no duda en mostrarnos hasta el m\u00e1s m\u00ednimo detalle de la investigaci\u00f3n policial y forense , con un \u00e9nfasis especial en la b\u00fasqueda del cuerpo en el mar, con numerosos buceadores e incluso perros especializados para encontrar los restos de la pobre Kim Wall en\u00a0 pleno Mar B\u00e1ltico.<\/p>\n<p><img loading=\"lazy\" class=\"aligncenter size-full wp-image-13191\" src=\"https:\/\/static-blogs.diariovasco.com\/wp-content\/uploads\/sites\/37\/2020\/11\/busqueda-perros.jpg\" alt=\"\" width=\"1240\" height=\"492\" srcset=\"https:\/\/static-blogs.diariovasco.com\/wp-content\/uploads\/sites\/37\/2020\/11\/busqueda-perros.jpg 1240w, https:\/\/static-blogs.diariovasco.com\/wp-content\/uploads\/sites\/37\/2020\/11\/busqueda-perros-300x119.jpg 300w, https:\/\/static-blogs.diariovasco.com\/wp-content\/uploads\/sites\/37\/2020\/11\/busqueda-perros-768x305.jpg 768w, https:\/\/static-blogs.diariovasco.com\/wp-content\/uploads\/sites\/37\/2020\/11\/busqueda-perros-628x249.jpg 628w\" sizes=\"(max-width: 1240px) 100vw, 1240px\" \/>El caso real tuvo una enorme repercusi\u00f3n medi\u00e1tica incluso en nuestro pa\u00eds, por las extra\u00f1as circunstancias del mismo, con ese submarino casero como eje central del misterio de la desaparici\u00f3n de la periodista, por lo que seguramente les suena de haberlo visto en los noticiarios que siempre disfrutan mostrando\u00a0 este tipo de historias escabrosas.<\/p>\n<p>\u2018The Investigation\u2019 nos obliga a abrir la mente para dejar al acusado completamente al margen de la trama, lo que para algunos igual es un problema, pero\u00a0 que en mi caso no lo ha sido, porque era la forma en que quer\u00edan hacerlo y el resultado ha sido excelente, incluyendo un gran ep\u00edlogo realmente emotivo para cerrar a lo grande una de las mejores series escandinavas de 2020.<\/p>\n<p>Para finalizar les dejo con el segundo tr\u00e1iler oficial de una serie, que ha sido anunciada como un pr\u00f3ximo estreno de Movistar, para el d\u00eda 11 de Diciembre.<br \/>\n<iframe loading=\"lazy\" src=\"https:\/\/www.youtube.com\/embed\/tToL5ITm3Dc\" width=\"560\" height=\"315\" frameborder=\"0\" allowfullscreen=\"allowfullscreen\"><\/iframe><\/p>\n<p>Esperamos sus opiniones y comentarios, aqu\u00ed o en nuestra cuenta de twitter (@lmejino). Hasta la pr\u00f3xima<\/p>\n<p>Lorenzo Mejino<\/p>\n<!-- AddThis Advanced Settings generic via filter on the_content --><!-- AddThis Share Buttons generic via filter on the_content -->","protected":false},"excerpt":{"rendered":"<p>Las miniseries basadas en casos reales y que han tenido un gran impacto medi\u00e1tico son el pan nuestro de cada d\u00eda tanto a nivel de ficci\u00f3n, como especialmente en el formato de documentales \u2018true crime\u2019 que se estrenan con una gran frecuencia. Es dif\u00edcil innovar en este terreno, pero es lo que ha conseguido la [&hellip;]<!-- AddThis Advanced Settings generic via filter on get_the_excerpt --><!-- AddThis Share Buttons generic via filter on get_the_excerpt --><\/p>\n","protected":false},"author":61,"featured_media":13187,"comment_status":"open","ping_status":"closed","sticky":false,"template":"","format":"standard","meta":[],"categories":[5,6,28,12,17],"tags":[6132,6131,6134,2196,2373,2530,6133],"_links":{"self":[{"href":"https:\/\/blogs.diariovasco.com\/series-gourmets\/wp-json\/wp\/v2\/posts\/13186"}],"collection":[{"href":"https:\/\/blogs.diariovasco.com\/series-gourmets\/wp-json\/wp\/v2\/posts"}],"about":[{"href":"https:\/\/blogs.diariovasco.com\/series-gourmets\/wp-json\/wp\/v2\/types\/post"}],"author":[{"embeddable":true,"href":"https:\/\/blogs.diariovasco.com\/series-gourmets\/wp-json\/wp\/v2\/users\/61"}],"replies":[{"embeddable":true,"href":"https:\/\/blogs.diariovasco.com\/series-gourmets\/wp-json\/wp\/v2\/comments?post=13186"}],"version-history":[{"count":4,"href":"https:\/\/blogs.diariovasco.com\/series-gourmets\/wp-json\/wp\/v2\/posts\/13186\/revisions"}],"predecessor-version":[{"id":13238,"href":"https:\/\/blogs.diariovasco.com\/series-gourmets\/wp-json\/wp\/v2\/posts\/13186\/revisions\/13238"}],"wp:featuredmedia":[{"embeddable":true,"href":"https:\/\/blogs.diariovasco.com\/series-gourmets\/wp-json\/wp\/v2\/media\/13187"}],"wp:attachment":[{"href":"https:\/\/blogs.diariovasco.com\/series-gourmets\/wp-json\/wp\/v2\/media?parent=13186"}],"wp:term":[{"taxonomy":"category","embeddable":true,"href":"https:\/\/blogs.diariovasco.com\/series-gourmets\/wp-json\/wp\/v2\/categories?post=13186"},{"taxonomy":"post_tag","embeddable":true,"href":"https:\/\/blogs.diariovasco.com\/series-gourmets\/wp-json\/wp\/v2\/tags?post=13186"}],"curies":[{"name":"wp","href":"https:\/\/api.w.org\/{rel}","templated":true}]}}