{"id":13252,"date":"2020-12-09T06:00:59","date_gmt":"2020-12-09T05:00:59","guid":{"rendered":"https:\/\/blogs.diariovasco.com\/series-gourmets\/?p=13252"},"modified":"2020-12-08T12:23:23","modified_gmt":"2020-12-08T11:23:23","slug":"el-tercer-dia-experimentos-audiovisuales-en-una-isla-semiaislada","status":"publish","type":"post","link":"https:\/\/blogs.diariovasco.com\/series-gourmets\/2020\/12\/09\/el-tercer-dia-experimentos-audiovisuales-en-una-isla-semiaislada\/","title":{"rendered":"El Tercer D\u00eda :  experimentos audiovisuales en una isla semiaislada"},"content":{"rendered":"<p>La innovaci\u00f3n narrativa audiovisual es una necesidad del propio medio para ir buscando nuevas formas de contar historias con los riesgos inherentes que eso conlleva. En ese marco experimental podemos enclavar perfectamente el reciente estreno \u2018El Tercer D\u00eda\u2019, un extra\u00f1a mezcla de miniserie televisiva y performance teatral con dos creadores muy inquietos que han intentado hacer algo diferente.<\/p>\n<p>Una propuesta tan arriesgada ten\u00eda ciertos peligros y en el caso de \u2018El Tercer D\u00eda\u2019 ha alternado ideas brillantes como la ubicaci\u00f3n elegida para desarrollar la historia, con otras que no han acabado de funcionar m\u00e1s relacionadas con la historia que con la est\u00e9tica elegida, como voy a intentar explicar en la presente entrada sobre una de las series m\u00e1s extra\u00f1as y desconcertantes de 2020.<\/p>\n<p><img loading=\"lazy\" class=\"aligncenter size-full wp-image-13253\" src=\"https:\/\/static-blogs.diariovasco.com\/wp-content\/uploads\/sites\/37\/2020\/11\/general-6.jpg\" alt=\"\" width=\"533\" height=\"300\" srcset=\"https:\/\/static-blogs.diariovasco.com\/wp-content\/uploads\/sites\/37\/2020\/11\/general-6.jpg 533w, https:\/\/static-blogs.diariovasco.com\/wp-content\/uploads\/sites\/37\/2020\/11\/general-6-300x169.jpg 300w\" sizes=\"(max-width: 533px) 100vw, 533px\" \/><\/p>\n<p><strong>Ficha:<\/strong> El Tercer D\u00eda\/ The Third Day 6 ep + 1 especial 45 m \u00a0 Sep-Oct 2020- <strong>Cadena:<\/strong> Sky Atlantic (UK)\/ HBO (USA) \/ HBO (E)<\/p>\n<p><strong>Sinopsis:<\/strong>\u00a0 Sam es incapaz de sobreponerse a\u00a0 una enorme tragedia\u00a0 personal y para intentar sobrellevar su duelo\u00a0 siente una irresistible\u00a0 atracci\u00f3n por la remota situaci\u00f3n de la isla de Osea, a la que solo se puede llegar por un camino empedrado durante la marea baja. Osea est\u00e1 habitada por una comunidad muy aislada del resto del pa\u00eds, con sus propias tradiciones y peculiaridades llena de ritos y costumbres extra\u00f1as que acogen a Sam como una especie de refugiado para permitirle que cure sus heridas psicol\u00f3gicas en ese lugar tan aislado, en la primera parte de la historia.<\/p>\n<p><strong>El inicio:<\/strong> Felix Barrett es el fundador y director de la compa\u00f1\u00eda Punchdrunk dedicada al teatro alternativo y de vanguardia y especializada en performances inmersivas donde el p\u00fablico puede interactuar y moverse entre los actores y actrices en grandes espacios abiertos y lejos de las convenciones de los espacios puramente teatrales.<\/p>\n<p><img loading=\"lazy\" class=\"aligncenter size-full wp-image-13259\" src=\"https:\/\/static-blogs.diariovasco.com\/wp-content\/uploads\/sites\/37\/2020\/11\/felix-barrett.jpg\" alt=\"\" width=\"700\" height=\"617\" srcset=\"https:\/\/static-blogs.diariovasco.com\/wp-content\/uploads\/sites\/37\/2020\/11\/felix-barrett.jpg 700w, https:\/\/static-blogs.diariovasco.com\/wp-content\/uploads\/sites\/37\/2020\/11\/felix-barrett-300x264.jpg 300w, https:\/\/static-blogs.diariovasco.com\/wp-content\/uploads\/sites\/37\/2020\/11\/felix-barrett-628x554.jpg 628w\" sizes=\"(max-width: 700px) 100vw, 700px\" \/>Hace seis a\u00f1os, al final de una de sus representaciones, la cadena que lo transmit\u00eda le pregunt\u00f3 si estar\u00eda interesado en hacer alguna serie sobre el backstage de sus representaciones. Al principio rechaz\u00f3 la idea porque la consideraba aburrida y con poco recorrido, pero le dio pie para empezar a pensar en alguna forma narrativa que le permitiera ir del formato de grabaci\u00f3n televisiva al de la performance teatral en vivo y volver posteriormente al formato televisivo.<\/p>\n<p>Para dise\u00f1ar ese viaje de ida y vuelta entre la televisi\u00f3n y el teatro, Barrett contact\u00f3 con el brillante guionista y dramaturgo Dennis Kelly (<a href=\"https:\/\/blogs.diariovasco.com\/series-gourmets\/2013\/05\/20\/utopia-la-serie-que-haria-tarantino\/\">Utopia<\/a>, el musical Matilda) por ser la persona que pod\u00eda aunar mejor esos dos campos, el televisivo y el teatral respetando las esencias de ambos. Kelly acept\u00f3 encantado el reto, al estar buscando siempre nuevos desaf\u00edos narrativos.<\/p>\n<p><img loading=\"lazy\" class=\"aligncenter size-full wp-image-13261\" src=\"https:\/\/static-blogs.diariovasco.com\/wp-content\/uploads\/sites\/37\/2020\/11\/dennis-kelly.jpg\" alt=\"\" width=\"800\" height=\"800\" srcset=\"https:\/\/static-blogs.diariovasco.com\/wp-content\/uploads\/sites\/37\/2020\/11\/dennis-kelly.jpg 800w, https:\/\/static-blogs.diariovasco.com\/wp-content\/uploads\/sites\/37\/2020\/11\/dennis-kelly-150x150.jpg 150w, https:\/\/static-blogs.diariovasco.com\/wp-content\/uploads\/sites\/37\/2020\/11\/dennis-kelly-300x300.jpg 300w, https:\/\/static-blogs.diariovasco.com\/wp-content\/uploads\/sites\/37\/2020\/11\/dennis-kelly-768x768.jpg 768w, https:\/\/static-blogs.diariovasco.com\/wp-content\/uploads\/sites\/37\/2020\/11\/dennis-kelly-628x628.jpg 628w\" sizes=\"(max-width: 800px) 100vw, 800px\" \/>El punto de partida fue ese concepto de combinar la miniserie televisiva con la performance teatral con la presencia como protagonista del actor Jude Law, que se apunta a un bombardero siempre y cuando le parezca estimulante.<\/p>\n<p>A partir de ese punto Kelly cre\u00f3 un personaje, para seguir con la creaci\u00f3n de un entorno con \u00e9l\u00a0 que pudiera interaccionar. Posteriormente vino el universo y la mitolog\u00eda de la historia y para finalizar con la ubicaci\u00f3n perfecta para desarrollar la historia, en una comunidad completamente aislada y sin apenas contacto con el resto del mundo.<\/p>\n<p>La soluci\u00f3n lleg\u00f3 cuando Felix Barrett descubri\u00f3 la isla de Osea en el estuario del rio Blackwater en el condado de Essex, con esa peculiaridad de estar aislada de la isla de\u00a0 Gran Breta\u00f1a, durante los periodos de marea alta. El lugar maravill\u00f3 a Dennis Kelly que solo tuvo que ensamblar las piezas para el rodaje de la miniserie televisiva, mientras que Felix Barrett se dedicaba a los preparativos del evento central que iba a ser la pieza teatral en vivo de \u2018El Tercer D\u00eda\u2019<\/p>\n<p><img loading=\"lazy\" class=\"aligncenter size-full wp-image-13255\" src=\"https:\/\/static-blogs.diariovasco.com\/wp-content\/uploads\/sites\/37\/2020\/11\/osea-island.jpg\" alt=\"\" width=\"480\" height=\"239\" srcset=\"https:\/\/static-blogs.diariovasco.com\/wp-content\/uploads\/sites\/37\/2020\/11\/osea-island.jpg 480w, https:\/\/static-blogs.diariovasco.com\/wp-content\/uploads\/sites\/37\/2020\/11\/osea-island-300x149.jpg 300w\" sizes=\"(max-width: 480px) 100vw, 480px\" \/>El concepto fue comprado por HBO y Sky, por lo que tras obtener los permisos de los lugare\u00f1os empezaron el complicado rodaje en esa remota isla, a las ordenes como director de Mark Munden, que ya hab\u00eda trabajado con Dennis Kelly en \u2018Utopia\u2019 .<\/p>\n<p>La sugerente promoci\u00f3n inicial de la serie ya nos hacia presagiar que est\u00e1bamos delante de algo muy diferente a lo que estamos acostumbrados.<br \/>\n<iframe loading=\"lazy\" src=\"https:\/\/www.youtube.com\/embed\/CzDydJbLGTk\" width=\"560\" height=\"315\" frameborder=\"0\" allowfullscreen=\"allowfullscreen\"><\/iframe><\/p>\n<p><strong>La trama:<\/strong> &#8216;El Tercer D\u00eda&#8217; tiene una estructura muy poco convencional ya que est\u00e1 dividida en dos miniseries de tres cap\u00edtulos titulados \u2018Verano\u2019 e \u2018Invierno\u2019 y protagonizadas por dos personajes diferentes, mientras que entre ellas y como bisagra central y con el t\u00edtulo de \u2018Oto\u00f1o\u2019 tenemos el espect\u00e1culo teatral que transmitieron en vivo durante doce horas seguidas.<\/p>\n<p>La primera mitad est\u00e1 protagonizada por Sam, una persona que llega completamente desorientada a la isla de Osea en busca de respuestas sobre la muerte de su hijo Nathan en la regi\u00f3n costera cercana a la isla. La primera escena de la serie es una excelente presentaci\u00f3n del personaje atormentado.<br \/>\n<iframe loading=\"lazy\" src=\"https:\/\/www.youtube.com\/embed\/CJwHPsOhm-Y\" width=\"560\" height=\"315\" frameborder=\"0\" allowfullscreen=\"allowfullscreen\"><\/iframe><br \/>\nEsa b\u00fasqueda de respuestas est\u00e1 muy relacionada con la gesti\u00f3n del duelo\u00a0 por lo que mediante sus interacciones con los pintorescos y extra\u00f1os lugare\u00f1os puede ir avanzando en su propia curaci\u00f3n a la vez que empieza a adentrarse y verse cautivado por los numerosos secretos que guarda la isla, que le van hacer sacar a relucir los suyos propios.<\/p>\n<p>Ese primer tramo desarrolla esa evoluci\u00f3n de su integraci\u00f3n a las costumbres de Osea, incluyendo una serie de ritos religiosos paganos que desembocan en el punto fuerte que es el festival anual de Osea, que iba a ser utilizado para el episodio teatral en vivo.<\/p>\n<p>La primera intenci\u00f3n de sus autores era realizar un macroconcierto en vivo con 10.000 espectadores para permitir multitud de interacciones entre la gente de la isla, los m\u00fasicos y los asistentes, pero la aparici\u00f3n de la pandemia de la COVID-19 trastoc\u00f3 todos esos planes del concierto multitudinario y se vieron obligados a adaptarlo a un festival local con muchos menos asistentes y con la c\u00e1mara como testigo principal de la performance teatral.<\/p>\n<p>El domingo cuatro de octubre se realiz\u00f3 la retransmisi\u00f3n en directo durante doce horas de esa performance teatral con todos los actores empezando por Jude Law, participando de forma activa en ese experimento que adem\u00e1s est\u00e1 rodado en una sola toma. El siguiente video sobre el rodaje de la serie hace hincapi\u00e9 sobre las dificultades de rodar en ese lugar semiaislado.<br \/>\n<iframe loading=\"lazy\" src=\"https:\/\/www.youtube.com\/embed\/q7caa58Mgt0\" width=\"560\" height=\"315\" frameborder=\"0\" allowfullscreen=\"allowfullscreen\"><\/iframe><br \/>\nPara facilitar el visionado, posteriormente han realizado un montaje de noventa minutos sobre toda la performance teatral, porque bastantes de las cosas que suceden tienen una cierta continuidad en la segunda mitad de \u2018El Tercer D\u00eda\u2019. No es imprescindible su visionado previo, pero forma parte de la experiencia y por lo menos el resumen si que es recomendable que le echen un vistazo.<\/p>\n<p>La segunda mitad cambia el eje completamente, al centrarse en la historia de Helen, una mujer que llega a la isla con sus dos hijas peque\u00f1as, dispuesta a celebrar el cumplea\u00f1os de la mayor de ellas. A su llegada son recibidas con una manifiesta hostilidad por los lugare\u00f1as, que les bloquean cualquier intento de encontrar alojamiento, lo que desemboca en una tensa situaci\u00f3n familiar con la cumplea\u00f1era que no entiende porque han venido a celebrarlo a un lugar tan remoto y sin apenas nada.<\/p>\n<p>Poco a poco se ir\u00e1n desvelando las razones de la visita de Helen a la isla, que va a provocar un aut\u00e9ntico cisma entre los lugare\u00f1os con consecuencias absolutamente imprevisibles que ocupan el episodio final de la serie.<\/p>\n<p>\u2018El Tercer d\u00eda\u2019\u00a0 juega\u00a0desde el punto de vista narrativo, con el recurso habitual de la llegada de un extra\u00f1o a una comunidad aislada y la alteraci\u00f3n que causa del orden establecido por su mera presencia. En esta ocasi\u00f3n la historia se ve duplicada por la llegada de esos dos extra\u00f1os para tener dos puntos de vista diferentes sobre ese colectivo aislado con su propia mitolog\u00eda y ritos que est\u00e1n dispuestos a defender hasta las \u00faltimas consecuencias.<\/p>\n<p>Como suele ser habitual en este tipo de llegadas a lugares remotos, van a haber personas abiertamente hostiles hacia el reci\u00e9n llegado y otros que intentaran acercarse y ser m\u00e1s amigables, aunque nada es lo que parece y los cambios de humor de los isle\u00f1os son tan frecuentes como las mareas que abren el camino de acceso cada doce horas.<\/p>\n<p>\u2018El Tercer D\u00eda\u2019 es una serie que desde el punto de vista narrativo es bastante mas convencional que desde el punto de vista est\u00e9tico, con una historia que intenta sorprender al espectador pero que no siempre lo consigue al centrarse de forma casi exclusiva en los extra\u00f1os sin apenas profundizar en muchos de los personajes de la isla, que a priori me parec\u00edan mucho m\u00e1s interesantes que los dramas personales del primer mundo de los protagonistas.<\/p>\n<p>El mayor acierto es indudablemente utilizar la isla de Osea para dar esa sensaci\u00f3n de aislamiento completo y para ubicar la historia. He tenido la suerte de haber visitado la isla, para vivir esa sensaci\u00f3n de circular por ese camino sumergible que solo hab\u00eda visto en algunos lugares de la costa francesa ( Passage du Gois) o inglesa ( Shell Island, Lindisfarne) y he de reconocer que \u2018El Tercer D\u00eda\u2019 ha recogido a la perfecci\u00f3n el esp\u00edritu de Osea.<\/p>\n<p>\u2018El Tercer D\u00eda\u2019 me ha interesado bastante m\u00e1s por todas las circunstancias externas que por las propias dos miniseries en s\u00ed, en especial en su segunda mitad, donde la historia de la madre con las dos ni\u00f1as carece de la fuerza esc\u00e9nica que por lo menos ten\u00eda Jude Law en solitario en la primera mitad. Tampoco me ha convencido mucho el cierre de la historia donde se les ha ido un poco la mano en bastantes momentos, al descontrolarse mucho m\u00e1s de lo deseable, traicionando incluso el esp\u00edritu de la historia.<\/p>\n<p>Si son esp\u00edritus curiosos y quieren ver cosas diferentes, \u2018El Tercer D\u00eda\u2019 es una posibilidad interesante, aunque me voy a guardar de recomendarla abiertamente, porque depender\u00e1 mucho de su predisposici\u00f3n inicial a dejarse llevar por esta propuesta, de la que destaco principalmente su parte teatral, por jugar con los espacios abiertos de una forma innovadora como muestra su tr\u00e1iler oficial.<br \/>\n<iframe loading=\"lazy\" src=\"https:\/\/www.youtube.com\/embed\/T43V6z9wYyE\" width=\"560\" height=\"315\" frameborder=\"0\" allowfullscreen=\"allowfullscreen\"><\/iframe><\/p>\n<p><strong>Los actores:<\/strong> Jude Law es toda una estrella audiovisual gracias especialmente a sus trabajos en cine y en televisi\u00f3n donde ha destacado recientemente como el irreverente papa Lenny Belardo en <a href=\"https:\/\/blogs.diariovasco.com\/series-gourmets\/2017\/02\/08\/the-young-pope-dimensiones-paralelas-vaticanas-2\/\">\u2018The Young Pope\u2019<\/a> y \u2018The New Pope\u2019.<\/p>\n<p><img loading=\"lazy\" class=\"aligncenter size-full wp-image-13254\" src=\"https:\/\/static-blogs.diariovasco.com\/wp-content\/uploads\/sites\/37\/2020\/11\/jude-law.png\" alt=\"\" width=\"780\" height=\"485\" srcset=\"https:\/\/static-blogs.diariovasco.com\/wp-content\/uploads\/sites\/37\/2020\/11\/jude-law.png 780w, https:\/\/static-blogs.diariovasco.com\/wp-content\/uploads\/sites\/37\/2020\/11\/jude-law-300x187.png 300w, https:\/\/static-blogs.diariovasco.com\/wp-content\/uploads\/sites\/37\/2020\/11\/jude-law-768x478.png 768w, https:\/\/static-blogs.diariovasco.com\/wp-content\/uploads\/sites\/37\/2020\/11\/jude-law-628x390.png 628w\" sizes=\"(max-width: 780px) 100vw, 780px\" \/>Su inquietud art\u00edstica le llev\u00f3 a apuntarse al proyecto de \u2018El Tercer D\u00eda\u2019 cuando apenas era un boceto inicial, para poder afrontar el reto como actor de integrar esa parte teatral con la televisiva, con el personaje de Sam. Law daba en todo momento la sensaci\u00f3n de estar pas\u00e1ndoselo en grande en especial en la representaci\u00f3n teatral, dando rienda a sus instintos de actuar libremente y era una verdadera delicia verlo.<\/p>\n<p>No puedo decir lo mismo de Naomie Harris que interpreta a Helen la protagonista de la segunda parte de la historia. Harris empez\u00f3 su carrera como actriz infantil en numerosas series brit\u00e1nicas para ni\u00f1os, pero pronto hizo la transici\u00f3n cinematogr\u00e1fica, con una lista de grandes personajes como su Paula en \u2018Moonlight\u2019, Winnie Mandela o la \u00faltima encarnaci\u00f3n de Moneypenny, la secretaria de James Bond.<\/p>\n<p><img loading=\"lazy\" class=\"aligncenter size-full wp-image-13257\" src=\"https:\/\/static-blogs.diariovasco.com\/wp-content\/uploads\/sites\/37\/2020\/11\/the-third-day-hbo-naomie-harris-helen-1593693468.jpg\" alt=\"\" width=\"4000\" height=\"2667\" srcset=\"https:\/\/static-blogs.diariovasco.com\/wp-content\/uploads\/sites\/37\/2020\/11\/the-third-day-hbo-naomie-harris-helen-1593693468.jpg 4000w, https:\/\/static-blogs.diariovasco.com\/wp-content\/uploads\/sites\/37\/2020\/11\/the-third-day-hbo-naomie-harris-helen-1593693468-300x200.jpg 300w, https:\/\/static-blogs.diariovasco.com\/wp-content\/uploads\/sites\/37\/2020\/11\/the-third-day-hbo-naomie-harris-helen-1593693468-768x512.jpg 768w, https:\/\/static-blogs.diariovasco.com\/wp-content\/uploads\/sites\/37\/2020\/11\/the-third-day-hbo-naomie-harris-helen-1593693468-628x419.jpg 628w\" sizes=\"(max-width: 4000px) 100vw, 4000px\" \/>Harris siempre me ha parecido una gran actriz, pero en esta ocasi\u00f3n no la he visto nada c\u00f3moda, tras haber aceptado su vuelta a la televisi\u00f3n tras diez a\u00f1os de ausencia para trabajar a las ordenes de la directora Phillipa Lowthorpe a la que admira.<\/p>\n<p>Tuvo muchos problemas para adaptarse al rodaje en la isla, al ser un lugar que detestaba por su aislamiento y esa incomodidad se ha trasladado a su actuaci\u00f3n, fr\u00eda y poco emp\u00e1tica, excepto en los \u00faltimos veinte minutos, como si estuviera contando las horas para no volver a Osea.<\/p>\n<p>No conoc\u00eda de nada a Katherine Waterston que interpreta a Jess, una enigm\u00e1tica lugare\u00f1a que se convierte en una pieza clave de la historia en ambas miniseries. La raz\u00f3n de mi desconocimiento cabe achacarla a que ha trabajado de forma casi exclusiva en el cine, por lo que me ha sorprendido hasta conocer que es la hija del gran actor Sam Waterston ( Ley y Orden, The Newsroom)<\/p>\n<p><img loading=\"lazy\" class=\"aligncenter size-full wp-image-13260\" src=\"https:\/\/static-blogs.diariovasco.com\/wp-content\/uploads\/sites\/37\/2020\/11\/katherine-waterston.jpg\" alt=\"\" width=\"800\" height=\"534\" srcset=\"https:\/\/static-blogs.diariovasco.com\/wp-content\/uploads\/sites\/37\/2020\/11\/katherine-waterston.jpg 800w, https:\/\/static-blogs.diariovasco.com\/wp-content\/uploads\/sites\/37\/2020\/11\/katherine-waterston-300x200.jpg 300w, https:\/\/static-blogs.diariovasco.com\/wp-content\/uploads\/sites\/37\/2020\/11\/katherine-waterston-768x513.jpg 768w, https:\/\/static-blogs.diariovasco.com\/wp-content\/uploads\/sites\/37\/2020\/11\/katherine-waterston-628x419.jpg 628w\" sizes=\"(max-width: 800px) 100vw, 800px\" \/>Su personaje era bastante complicado y complejo al tener una gran evoluci\u00f3n durante las dos miniseries y lo cierto es que me ha demostrado que tiene muchos recursos para salir airosa de todas las cosas que se ha visto obligada a realizar.<\/p>\n<p>Por \u00faltimo mencionar a Emily Watson ( Apple Tree Yard, Chernobyl) y Paddy Considine ( Red Riding, The Outsider) dos actores impresionantes que han protagonizado numerosas series y pel\u00edculas y que han accedido a hacer dos peque\u00f1os papeles secundarios como el Sr y la Sra Martin, los propietarios del pub de la isla, el centro neur\u00e1lgico de la peque\u00f1a comunidad y donde intentan imponer un poco de orden y criterio frente a la virulencia de algunos isle\u00f1os.<\/p>\n<p><img loading=\"lazy\" class=\"aligncenter size-full wp-image-13256\" src=\"https:\/\/static-blogs.diariovasco.com\/wp-content\/uploads\/sites\/37\/2020\/11\/The-Third-Day-cast-emily-watson-paddy-considine-2666483.jpg\" alt=\"\" width=\"590\" height=\"350\" srcset=\"https:\/\/static-blogs.diariovasco.com\/wp-content\/uploads\/sites\/37\/2020\/11\/The-Third-Day-cast-emily-watson-paddy-considine-2666483.jpg 590w, https:\/\/static-blogs.diariovasco.com\/wp-content\/uploads\/sites\/37\/2020\/11\/The-Third-Day-cast-emily-watson-paddy-considine-2666483-300x178.jpg 300w\" sizes=\"(max-width: 590px) 100vw, 590px\" \/><\/p>\n<p><strong>Final :<\/strong> El dicho popular \u2018 Por probar no se pierde nada\u2019 es una buena manera de empezar a ver \u2018El Tercer D\u00eda\u2019, a ver que les inspira y si entran en la mitolog\u00eda local, pueden\u00a0 acabar entusiasmados y si como en mi caso no entran plenamente\u00a0 en la misma, se quedar\u00e1n bastante m\u00e1s indiferentes o incluso indignados.<\/p>\n<p>Esa diversidad de reacciones forma parte integral de los experimentos audiovisuales y solo falta que descubra la suya propia con su visionado en la rama espa\u00f1ola de HBO, por lo que voy a finalizar el art\u00edculo con un video del interesante making-off de la serie.<br \/>\n<iframe loading=\"lazy\" src=\"https:\/\/www.youtube.com\/embed\/81E9-Uu-HvM\" width=\"560\" height=\"315\" frameborder=\"0\" allowfullscreen=\"allowfullscreen\"><\/iframe><br \/>\nEsperamos sus opiniones y comentarios, aqu\u00ed o en nuestra cuenta de twitter (@lmejino). Hasta la pr\u00f3xima<\/p>\n<p>Lorenzo Mejino<\/p>\n<!-- AddThis Advanced Settings generic via filter on the_content --><!-- AddThis Share Buttons generic via filter on the_content -->","protected":false},"excerpt":{"rendered":"<p>La innovaci\u00f3n narrativa audiovisual es una necesidad del propio medio para ir buscando nuevas formas de contar historias con los riesgos inherentes que eso conlleva. En ese marco experimental podemos enclavar perfectamente el reciente estreno \u2018El Tercer D\u00eda\u2019, un extra\u00f1a mezcla de miniserie televisiva y performance teatral con dos creadores muy inquietos que han intentado [&hellip;]<!-- AddThis Advanced Settings generic via filter on get_the_excerpt --><!-- AddThis Share Buttons generic via filter on get_the_excerpt --><\/p>\n","protected":false},"author":61,"featured_media":0,"comment_status":"open","ping_status":"closed","sticky":false,"template":"","format":"standard","meta":[],"categories":[5,6,7,15],"tags":[737,6162,3360,6164,2985,6165,6166,3531,6163],"_links":{"self":[{"href":"https:\/\/blogs.diariovasco.com\/series-gourmets\/wp-json\/wp\/v2\/posts\/13252"}],"collection":[{"href":"https:\/\/blogs.diariovasco.com\/series-gourmets\/wp-json\/wp\/v2\/posts"}],"about":[{"href":"https:\/\/blogs.diariovasco.com\/series-gourmets\/wp-json\/wp\/v2\/types\/post"}],"author":[{"embeddable":true,"href":"https:\/\/blogs.diariovasco.com\/series-gourmets\/wp-json\/wp\/v2\/users\/61"}],"replies":[{"embeddable":true,"href":"https:\/\/blogs.diariovasco.com\/series-gourmets\/wp-json\/wp\/v2\/comments?post=13252"}],"version-history":[{"count":4,"href":"https:\/\/blogs.diariovasco.com\/series-gourmets\/wp-json\/wp\/v2\/posts\/13252\/revisions"}],"predecessor-version":[{"id":13360,"href":"https:\/\/blogs.diariovasco.com\/series-gourmets\/wp-json\/wp\/v2\/posts\/13252\/revisions\/13360"}],"wp:attachment":[{"href":"https:\/\/blogs.diariovasco.com\/series-gourmets\/wp-json\/wp\/v2\/media?parent=13252"}],"wp:term":[{"taxonomy":"category","embeddable":true,"href":"https:\/\/blogs.diariovasco.com\/series-gourmets\/wp-json\/wp\/v2\/categories?post=13252"},{"taxonomy":"post_tag","embeddable":true,"href":"https:\/\/blogs.diariovasco.com\/series-gourmets\/wp-json\/wp\/v2\/tags?post=13252"}],"curies":[{"name":"wp","href":"https:\/\/api.w.org\/{rel}","templated":true}]}}