{"id":13265,"date":"2020-12-04T06:00:59","date_gmt":"2020-12-04T05:00:59","guid":{"rendered":"https:\/\/blogs.diariovasco.com\/series-gourmets\/?p=13265"},"modified":"2020-12-03T13:24:08","modified_gmt":"2020-12-03T12:24:08","slug":"automan-el-intento-fallido-de-vivir-de-las-rentas-de-tron","status":"publish","type":"post","link":"https:\/\/blogs.diariovasco.com\/series-gourmets\/2020\/12\/04\/automan-el-intento-fallido-de-vivir-de-las-rentas-de-tron\/","title":{"rendered":"Automan:  el intento fallido de vivir de las rentas de &#8216;Tron&#8217;"},"content":{"rendered":"<p>La creaci\u00f3n de series televisivas a partir de pel\u00edculas de \u00e9xito es uno de los fen\u00f3menos m\u00e1s viejos de la industria televisiva, al jugar sobre seguro esperando que los espectadores cinematogr\u00e1ficos seguir\u00e1n viendo esos subproductos televisivos. El rey de ese terreno en los a\u00f1os ochenta fue sin lugar a dudas el productor Glen A. Larson que no dud\u00f3 en contactar con los productores de \u2018Tron\u2019 para crear conjuntamente \u2018Automan\u2019, nuestra propuesta del\u00a0 recuerdo de este viernes.<\/p>\n<p>La historia de un holograma cibern\u00e9tico que cobraba vida propia para ayudar a un polic\u00eda en su lucha contra el crimen era solo una excusa para mostrar toda una serie de efectos especiales provocados por su inseparable compa\u00f1ero, un min\u00fasculo dispositivo juguet\u00f3n llamado &#8216;Cursor&#8217; que ten\u00eda hasta su propio nombre en los t\u00edtulos de cr\u00e9dito.<\/p>\n<p>\u2018Automan\u2019 no disimulaba sus intentos de distraer a un p\u00fablico principalmente juvenil, amante de la pel\u00edcula \u2018Tron\u2019 y que solo quer\u00eda ver una y otra vez ese traje deslumbrante y las cosas que pod\u00eda crear &#8216;Cursor&#8217; de la nada. El problema es que ha envejecido fatal y al revisarla para escribir el art\u00edculo me he re\u00eddo m\u00e1s de una vez al convertirse en una comedia involuntaria por la obsolescencia de su tecnolog\u00eda como les voy a analizar a continuaci\u00f3n.<\/p>\n<p><strong><img loading=\"lazy\" class=\"aligncenter size-full wp-image-13271\" src=\"https:\/\/static-blogs.diariovasco.com\/wp-content\/uploads\/sites\/37\/2020\/11\/automan.jpg\" alt=\"\" width=\"600\" height=\"338\" srcset=\"https:\/\/static-blogs.diariovasco.com\/wp-content\/uploads\/sites\/37\/2020\/11\/automan.jpg 600w, https:\/\/static-blogs.diariovasco.com\/wp-content\/uploads\/sites\/37\/2020\/11\/automan-300x169.jpg 300w\" sizes=\"(max-width: 600px) 100vw, 600px\" \/>Ficha:<\/strong> Automan 13 episodios.\u00a0\u00a0 Dic 1983-Abr 1984 . <strong>Cadena:\u00a0<\/strong> ABC (USA)- Telecinco (E)<\/p>\n<p><strong>Sinopsis:\u00a0<\/strong> Walter Nebicher es un agente de polic\u00eda de Los \u00c1ngeles que es un experto programador inform\u00e1tico, por lo que su jefe directo lo tiene anclado en la sala de ordenadores del departamento de polic\u00eda, con la prohibici\u00f3n expresa de no pisar las calles.<\/p>\n<p>Nebicher estaba realizando un programa de inteligencia artificial para luchar contra el crimen, con el resultado inesperado de crear un holograma real que se convierte en un\u00a0 arma muy eficaz, elevando el prestigio de su compa\u00f1ero que es el \u00fanico que conoce su verdadero origen.<\/p>\n<p>Ambos luchan en secreto contra los delincuentes que se encuentran cada semana, con la inestimable ayuda de &#8216;Cursor&#8217;, un poliedro flotante que puede dibujar y generar de forma autom\u00e1tica, cualquier elemento en cuesti\u00f3n de segundos.<\/p>\n<p><strong>El inicio:<\/strong> Glenn A. Larson fue\u00a0 uno de los m\u00e1s prol\u00edficos guionistas de Hollywood, con innumerables \u00e9xitos televisivos, de entre los que podemos destacar \u2018McCloud\u2019, \u2018Battlestar Galactica&#8217; o <a href=\"https:\/\/blogs.diariovasco.com\/series-gourmets\/2014\/02\/28\/magnum-la-serie-que-tiene-en-comun-a-tom-selleck-y-orson-welles\/\">\u2018Magnum. P.I.\u2019<\/a> entre muchas otras series de los 70 y los 80.<\/p>\n<p><img loading=\"lazy\" class=\"aligncenter size-full wp-image-13270\" src=\"https:\/\/static-blogs.diariovasco.com\/wp-content\/uploads\/sites\/37\/2020\/11\/glen-a.-larson.jpg\" alt=\"\" width=\"1200\" height=\"630\" srcset=\"https:\/\/static-blogs.diariovasco.com\/wp-content\/uploads\/sites\/37\/2020\/11\/glen-a.-larson.jpg 1200w, https:\/\/static-blogs.diariovasco.com\/wp-content\/uploads\/sites\/37\/2020\/11\/glen-a.-larson-300x158.jpg 300w, https:\/\/static-blogs.diariovasco.com\/wp-content\/uploads\/sites\/37\/2020\/11\/glen-a.-larson-768x403.jpg 768w, https:\/\/static-blogs.diariovasco.com\/wp-content\/uploads\/sites\/37\/2020\/11\/glen-a.-larson-628x330.jpg 628w\" sizes=\"(max-width: 1200px) 100vw, 1200px\" \/>En 1982 tras crear su gran \u00e9xito <a href=\"https:\/\/blogs.diariovasco.com\/series-gourmets\/2013\/08\/16\/el-coche-fantastico-fenomenos-paranormales-de-los-anos-ochenta\/\">\u2018El Coche Fant\u00e1stico\u2019<\/a> y ver la pel\u00edcula \u2018Tron\u2019 no tard\u00f3 ni un momento en contactar con los productores de \u2018Tron\u2019 Donald Kushner y Peter Locke, para crear una serie de televisi\u00f3n en la que poder seguir usando sus innovadores efectos gr\u00e1ficos de la pel\u00edcula.<\/p>\n<p>Ambos productores estuvieron encantados de seguir trabajando en esa l\u00ednea de efectos especiales y no dudaron en asociarse con Larson para crear alguna serie de ese estilo. Larson aprovech\u00f3 la naciente computerizaci\u00f3n de principios de los a\u00f1os ochenta para dise\u00f1ar ese personaje cibern\u00e9tico que era absolutamente invencible siempre y cuando tuviera un punto cercano de recarga el\u00e9ctrica.<\/p>\n<p>Con todo su prestigio intacto, no le cost\u00f3 convencer a la cadena ABC para producir un piloto de 75 minutos, para plantear la premisa inicial que empezaba con la siguiente escena explicativa que en apenas tres minutos se ventilaba la creaci\u00f3n de Automan, para pasar directamente a la acci\u00f3n, lo que se llama ir directamente al grano.<br \/>\n<iframe loading=\"lazy\" src=\"https:\/\/www.youtube.com\/embed\/xBuJun8_LIo\" width=\"560\" height=\"315\" frameborder=\"0\" allowfullscreen=\"allowfullscreen\"><\/iframe><br \/>\nEl piloto gust\u00f3 a los ejecutivos que le hicieron un encargo para una temporada corta de trece episodios que por razones estrat\u00e9gicas estrenaron cerca de las Navidades de 1983, buscando el p\u00fablico juvenil y familiar que suele estar m\u00e1s en casa en el periodo invernal.<\/p>\n<p><strong>La trama:<\/strong><\/p>\n<p>\u2018Automan\u2019 se puede describir perfectamente como un procedimental ochentero con m\u00e1quina, en la estela de series de la \u00e9poca como <a href=\"https:\/\/blogs.diariovasco.com\/series-gourmets\/2018\/12\/21\/airwolf-el-helicoptero-de-combate-mas-espectacular\/\">\u2018Airwolf\u2019<\/a>, <a href=\"https:\/\/blogs.diariovasco.com\/series-gourmets\/2018\/10\/12\/el-halcon-callejero-quiero-una-motocicleta-que-me-sirva-para-correr\/\">\u2018El Halc\u00f3n callejero\u2019<\/a> y por supuesto \u2018El Coche Fant\u00e1stico\u2019 en la que un elemento con poderes singulares y muy especial sirve a la polic\u00eda en su lucha contra el crimen.<\/p>\n<p>En este caso, al ser un organismo completamente cibern\u00e9tico pero con forma humana, su principal caracter\u00edstica diferencial era ese traje luminoso que brillaba continuamente como las bombillas del ferial de Sevilla que desconcertaba por completo a sus enemigos que no sab\u00edan a lo que se estaban enfrentando.<\/p>\n<p>Por supuesto, su origen deb\u00eda mantenerse en secreto para el resto de personas de la comisaria, en especial para su capit\u00e1n, un gru\u00f1\u00f3n antitecnol\u00f3gico que era lo m\u00e1s parecido a un antagonista que ten\u00eda la pareja protagonista con piques semanales que siempre acababan dej\u00e1ndolo en evidencia. El truco estaba en hacer pasar\u00a0 a Automan por un amigo exc\u00e9ntrico de Walter Nebicher de nombre, Otto J.Man y la excusa colaba sin apenas problemas.<\/p>\n<p>La \u00fanica persona que era conocedora del origen tan especial de \u2018Automan\u2019 era una joven y dulce detective Roxanne Caldwell, que serv\u00eda adem\u00e1s para poner la \u00fanica nota femenina en el grupo protagonista.<\/p>\n<p>La cabecera de la serie era toda una declaraci\u00f3n de intenciones, empezando por la habitual m\u00fasica de sintetizador de Stu Philips, el compositor habitual de las series de Glen A. Larson. A destacar esa sorprendente introducci\u00f3n en los cr\u00e9ditos de Cursor, como si fuera un actor m\u00e1s, como si el poderoso Sindicato de Actores no estuviera mucho por la labor precisamente.<br \/>\n<iframe loading=\"lazy\" src=\"https:\/\/www.youtube.com\/embed\/kA1NT4I0s34\" width=\"560\" height=\"315\" frameborder=\"0\" allowfullscreen=\"allowfullscreen\"><\/iframe><br \/>\nAl principio \u2018Automan\u2019 estaba muy centrada en la adaptaci\u00f3n de ese holograma cibern\u00e9tico en el ambiente humano, donde intentaba pasar desapercibido, algo que con ese traje no es que sea una tarea muy sencilla. El problema recurrente en esos primeros episodios era encontrar un punto de energ\u00eda para recargarse, por lo que era habitual que se desvaneciera en medio de una misi\u00f3n al agotarse su bater\u00eda, lo que obligaba a nuestro protagonista humano a buscar alg\u00fan ordenador para poder reactivar de nuevo su programa.<\/p>\n<p>En esa adaptaci\u00f3n al entorno para cada misi\u00f3n, no dudaba en programarle la informaci\u00f3n necesaria para su misi\u00f3n, que en el caso del segundo episodio era los bailes disco de \u2018Fiebre de S\u00e1bado Noche\u2019 como pueden ver en esta escena.<br \/>\n<iframe loading=\"lazy\" src=\"https:\/\/www.youtube.com\/embed\/VwLDxH1CVI8\" width=\"560\" height=\"315\" frameborder=\"0\" allowfullscreen=\"allowfullscreen\"><\/iframe><br \/>\nPoco a poco, la cosa fue derivando en el show de &#8216;Cursor&#8217;, para adaptarse a lo que consideraban que era el elemento m\u00e1s interesante de la serie y esa capacidad de convertir en realidad cualquier dibujo. Un ejemplo de los m\u00e1s sorprendentes es el siguiente video, donde pueden ver como convierten una guitarra en un Lamborghini como qui\u00e9n no quiere la cosa.<br \/>\n<iframe loading=\"lazy\" src=\"https:\/\/www.youtube.com\/embed\/2h7kr6HRXQY\" width=\"560\" height=\"315\" frameborder=\"0\" allowfullscreen=\"allowfullscreen\"><\/iframe><br \/>\nEntre el comod\u00edn de Cursor y las funciones que Automan se iba sacando de la manga, no ten\u00edan ning\u00fan problema para resolver los casos semanales y poner a buen recaudo a los malos de la semana, incluyendo persecuciones a lo \u2018Tron\u2019 con el coche girando 90\u00ba en \u00e1ngulo recto sin preocuparse por nimiedades como la fuerza centrifuga o la inercia.<\/p>\n<p>En el siguiente video pueden ver algunas de las habilidades que demostraba &#8216;Cursor&#8217; en \u2018Automan\u2019<br \/>\n<iframe loading=\"lazy\" src=\"https:\/\/www.youtube.com\/embed\/J98Kb55ZWLM\" width=\"560\" height=\"315\" frameborder=\"0\" allowfullscreen=\"allowfullscreen\"><\/iframe><br \/>\n\u2018Automan\u2019 en su momento ya me la tom\u00e9 como un divertimento sin pretensiones, aunque no le hizo mucho bien que tardar\u00e1 siete a\u00f1os en estrenarse en Espa\u00f1a, hasta 1990 en los primeros tiempos de Telecinco, como una de sus primeras apuestas para el p\u00fablico juvenil.<\/p>\n<p>En esa franja de edad me consta que tuvo cierto \u00e9xito, obnubilados ante todos esos efectos especiales luminosos que todav\u00eda eran poco habituales en esas \u00e9pocas, en especial para los adoradores de \u2018Tron\u2019, una pel\u00edcula que me gust\u00f3 mucho en su momento.<\/p>\n<p><img loading=\"lazy\" class=\"aligncenter size-full wp-image-13267\" src=\"https:\/\/static-blogs.diariovasco.com\/wp-content\/uploads\/sites\/37\/2020\/11\/cochazo.jpg\" alt=\"\" width=\"600\" height=\"304\" srcset=\"https:\/\/static-blogs.diariovasco.com\/wp-content\/uploads\/sites\/37\/2020\/11\/cochazo.jpg 600w, https:\/\/static-blogs.diariovasco.com\/wp-content\/uploads\/sites\/37\/2020\/11\/cochazo-300x152.jpg 300w\" sizes=\"(max-width: 600px) 100vw, 600px\" \/>Como he comentado en el pr\u00f3logo lo que no me ha sorprendido es lo p\u00e9simamente que ha envejecido, tanto a nivel narrativo como de efectos especiales, lo que la ha convertido en una comedia involuntaria si tienen las ganas de revivir esos recuerdos. Tienen los episodios completos\u00a0 por Youtube, aunque si tiene buenos recuerdos, lo mejor es que los mantenga y no los mancille con un revisionado.<\/p>\n<p><strong>Los actores:<\/strong> La pareja protagonista estaba formada por Chuck Wagner como Automan y Desi Arnaz, Jr ( der)\u00a0 como el detective Walter Nevichek, una pareja muy poco convencional en la lucha contra el crimen.<\/p>\n<p>Desi Arnaz, Jr ha sido una figura popular desde que estaba en el vientre de su madre Lucille Ball durante el embarazo de la actriz en su serie \u2018I Love Lucy\u2019 y su nacimiento coincidi\u00f3 con el del bebe en la ficci\u00f3n.<\/p>\n<p><img loading=\"lazy\" class=\"aligncenter size-full wp-image-13269\" src=\"https:\/\/static-blogs.diariovasco.com\/wp-content\/uploads\/sites\/37\/2020\/11\/general-7.jpg\" alt=\"\" width=\"683\" height=\"266\" srcset=\"https:\/\/static-blogs.diariovasco.com\/wp-content\/uploads\/sites\/37\/2020\/11\/general-7.jpg 683w, https:\/\/static-blogs.diariovasco.com\/wp-content\/uploads\/sites\/37\/2020\/11\/general-7-300x117.jpg 300w, https:\/\/static-blogs.diariovasco.com\/wp-content\/uploads\/sites\/37\/2020\/11\/general-7-628x245.jpg 628w\" sizes=\"(max-width: 683px) 100vw, 683px\" \/>M\u00e1s adelante interpret\u00f3 al hijo de Lucille Ball junto a su madre en la comedia \u2018Here\u2019s Lucy\u2019 y de una forma u otra nunca ha podido desembarazarse del peso de su apellido y de su madre. Nunca fue un gran actor y el intento m\u00e1s importante de volar por cuenta propia fue en \u2018Automan\u2019 pero tras su r\u00e1pida cancelaci\u00f3n se fue desvaneciendo poco a poco de las pantallas hasta desaparecer en 1992 y dedicarse a gestionar el importante patrimonio y legado familiar hasta la fecha.<\/p>\n<p>Mucho m\u00e1s oscura ha sido la carrera de Chuck Wagner cuyo momento m\u00e1s luminoso en todos los sentidos fue embutirse en el traje de Automan e interpretar a su alter ego humano que respond\u00eda a ese curioso nombre de Otto J. Mann. Nunca se le puede pedir expresividad a un organismo cibern\u00e9tico, algo que cumpl\u00eda a la perfecci\u00f3n Chuck Wagner, aunque tengo ser\u00edas dudas de si era capaz de poner otra cara que no fuera de pasmarote intensito.<\/p>\n<p><img loading=\"lazy\" class=\"aligncenter size-full wp-image-13266\" src=\"https:\/\/static-blogs.diariovasco.com\/wp-content\/uploads\/sites\/37\/2020\/11\/chuck-wagner.jpg\" alt=\"\" width=\"1050\" height=\"576\" srcset=\"https:\/\/static-blogs.diariovasco.com\/wp-content\/uploads\/sites\/37\/2020\/11\/chuck-wagner.jpg 1050w, https:\/\/static-blogs.diariovasco.com\/wp-content\/uploads\/sites\/37\/2020\/11\/chuck-wagner-300x165.jpg 300w, https:\/\/static-blogs.diariovasco.com\/wp-content\/uploads\/sites\/37\/2020\/11\/chuck-wagner-768x421.jpg 768w, https:\/\/static-blogs.diariovasco.com\/wp-content\/uploads\/sites\/37\/2020\/11\/chuck-wagner-628x345.jpg 628w\" sizes=\"(max-width: 1050px) 100vw, 1050px\" \/>El resto de personajes eran meros secundarios arquet\u00edpicos como la irrelevante Heather McNair como la rubia detective de polic\u00eda y dos ilustres veteranos como Gerard S. O\u2019Loughlin ( The Rookies) que interpretaba al malhumorado capit\u00e1n Boyd y Robert Lansing (El Ecualizador) que hacia lo que pod\u00eda como el enigm\u00e1tico teniente Curtis y poco se puede decir de las escasas escenas en que aparec\u00edan en pantalla.<\/p>\n<p><strong>El Final:<\/strong><\/p>\n<p>\u2018Automan\u2019 no consigui\u00f3 llegar nunca al gran p\u00fablico y nunca sali\u00f3 de la zona baja de las audiencias en comparaci\u00f3n con el resto de la parrilla, por lo que la cadena ABC, no dud\u00f3 en cancelarla dejando hasta de emitir el \u00faltimo episodio, que tampoco es que cerrara gran cosa, como pudieron ver cuando se incluy\u00f3 entre los extras de la edici\u00f3n en DVD, de la que pueden ver el tr\u00e1iler a continuaci\u00f3n.<br \/>\n<iframe loading=\"lazy\" src=\"https:\/\/www.youtube.com\/embed\/Fo-wVRiXqnU\" width=\"560\" height=\"315\" frameborder=\"0\" allowfullscreen=\"allowfullscreen\"><\/iframe><br \/>\nA lo mejor les he despertado alguna neurona memor\u00edstica aletargada en su cerebro al recordarles \u2018Automan\u2019 y su corto recorrido, pero hay im\u00e1genes ic\u00f3nicas que no se olvidan y ese traje luminiscente es una de ellas.<\/p>\n<p>Esperamos sus opiniones y comentarios, aqu\u00ed o en nuestra cuenta de twitter (@lmejino). Hasta la pr\u00f3xima<\/p>\n<p>Lorenzo Mejino<\/p>\n<!-- AddThis Advanced Settings generic via filter on the_content --><!-- AddThis Share Buttons generic via filter on the_content -->","protected":false},"excerpt":{"rendered":"<p>La creaci\u00f3n de series televisivas a partir de pel\u00edculas de \u00e9xito es uno de los fen\u00f3menos m\u00e1s viejos de la industria televisiva, al jugar sobre seguro esperando que los espectadores cinematogr\u00e1ficos seguir\u00e1n viendo esos subproductos televisivos. El rey de ese terreno en los a\u00f1os ochenta fue sin lugar a dudas el productor Glen A. Larson [&hellip;]<!-- AddThis Advanced Settings generic via filter on get_the_excerpt --><!-- AddThis Share Buttons generic via filter on get_the_excerpt --><\/p>\n","protected":false},"author":61,"featured_media":0,"comment_status":"open","ping_status":"closed","sticky":false,"template":"","format":"standard","meta":[],"categories":[5,6,7,16],"tags":[6167,6169,6168,6171,1043,6170,2343],"_links":{"self":[{"href":"https:\/\/blogs.diariovasco.com\/series-gourmets\/wp-json\/wp\/v2\/posts\/13265"}],"collection":[{"href":"https:\/\/blogs.diariovasco.com\/series-gourmets\/wp-json\/wp\/v2\/posts"}],"about":[{"href":"https:\/\/blogs.diariovasco.com\/series-gourmets\/wp-json\/wp\/v2\/types\/post"}],"author":[{"embeddable":true,"href":"https:\/\/blogs.diariovasco.com\/series-gourmets\/wp-json\/wp\/v2\/users\/61"}],"replies":[{"embeddable":true,"href":"https:\/\/blogs.diariovasco.com\/series-gourmets\/wp-json\/wp\/v2\/comments?post=13265"}],"version-history":[{"count":4,"href":"https:\/\/blogs.diariovasco.com\/series-gourmets\/wp-json\/wp\/v2\/posts\/13265\/revisions"}],"predecessor-version":[{"id":13338,"href":"https:\/\/blogs.diariovasco.com\/series-gourmets\/wp-json\/wp\/v2\/posts\/13265\/revisions\/13338"}],"wp:attachment":[{"href":"https:\/\/blogs.diariovasco.com\/series-gourmets\/wp-json\/wp\/v2\/media?parent=13265"}],"wp:term":[{"taxonomy":"category","embeddable":true,"href":"https:\/\/blogs.diariovasco.com\/series-gourmets\/wp-json\/wp\/v2\/categories?post=13265"},{"taxonomy":"post_tag","embeddable":true,"href":"https:\/\/blogs.diariovasco.com\/series-gourmets\/wp-json\/wp\/v2\/tags?post=13265"}],"curies":[{"name":"wp","href":"https:\/\/api.w.org\/{rel}","templated":true}]}}