{"id":13279,"date":"2020-11-30T06:00:51","date_gmt":"2020-11-30T05:00:51","guid":{"rendered":"https:\/\/blogs.diariovasco.com\/series-gourmets\/?p=13279"},"modified":"2021-02-02T13:46:25","modified_gmt":"2021-02-02T12:46:25","slug":"radherann-the-minister-islandia-la-politica-islandesa-puede-ser-fascinante","status":"publish","type":"post","link":"https:\/\/blogs.diariovasco.com\/series-gourmets\/2020\/11\/30\/radherann-the-minister-islandia-la-politica-islandesa-puede-ser-fascinante\/","title":{"rendered":"R\u00e1\u0111herann  \/ The Minister  (Islandia).  La pol\u00edtica islandesa puede ser fascinante."},"content":{"rendered":"<p>A pesar de su min\u00fascula poblaci\u00f3n, Islandia se ha conseguido hacer un hueco en la producci\u00f3n audiovisual europea desde que<a href=\"https:\/\/blogs.diariovasco.com\/series-gourmets\/2016\/02\/29\/offaerd-trapped-islandia-la-serie-polar-que-arrasa-en-toda-europa\/\"> \u2018Atrapados\u2019<\/a>\u00a0 abri\u00f3 las puertas hace cinco a\u00f1os y que ha conseguido su mejor continuidad en su reciente estreno,\u00a0 \u00a0&#8216;R\u00e1\u0111herann \u2019, sobre la tumultuosa vida de un reci\u00e9n nombrado primer ministro del pa\u00eds y que se estrenar\u00e1 internacionalmente con el t\u00edtulo de \u2018The Minister\u2019.<\/p>\n<p>Islandia es un pa\u00eds cuyas decisiones pol\u00edticas han sido portada incluso en nuestro pa\u00eds, cuando decidieron procesar y condenar a los banqueros que causaron la quiebra t\u00e9cnica financiera de su sistema bancario, pero en muchos aspectos es una autentica desconocida a pesar de contar con el Parlamento m\u00e1s antiguo del mundo, el Althing creado en el a\u00f1o 930 y que sigue rigiendo los destinos de la isla.<\/p>\n<p>\u2018R\u00e1\u0111herann\u2019 nos permite conocer todos los mecanismos pol\u00edticos de Islandia de la mano de un primer ministro nada convencional y enormemente querido y apreciado. El problema es que poco a poco y por razones que iremos conociendo se convierte en un aut\u00e9ntico verso libre e incontrolado que pone en peligro la estabilidad y las relaciones internacionales islandesas.<\/p>\n<p>De la misma forma que <a href=\"https:\/\/blogs.diariovasco.com\/series-gourmets\/2014\/12\/03\/borgen-una-obra-maestra-sobre-los-entresijos-de-la-politica\/\">\u2018Borgen\u2019<\/a> nos demostr\u00f3 que la pol\u00edtica danesa pod\u00eda ser apasionante, \u2018 R\u00e1\u0111herann\u2019 consigue unos objetivos parecidos con la pol\u00edtica islandesa, algo que van a disfrutar mucho si son amantes de los thrillers pol\u00edticos en las esferas del poder y que sin poder confirm\u00e1rselo con total seguridad, parece que llegar\u00e1 pronto a nuestras pantallas.<\/p>\n<p><strong><img loading=\"lazy\" class=\"aligncenter size-full wp-image-13282\" src=\"https:\/\/static-blogs.diariovasco.com\/wp-content\/uploads\/sites\/37\/2020\/11\/The-Minister\u00a9-RUV.jpg\" alt=\"\" width=\"1200\" height=\"630\" srcset=\"https:\/\/static-blogs.diariovasco.com\/wp-content\/uploads\/sites\/37\/2020\/11\/The-Minister\u00a9-RUV.jpg 1200w, https:\/\/static-blogs.diariovasco.com\/wp-content\/uploads\/sites\/37\/2020\/11\/The-Minister\u00a9-RUV-300x158.jpg 300w, https:\/\/static-blogs.diariovasco.com\/wp-content\/uploads\/sites\/37\/2020\/11\/The-Minister\u00a9-RUV-768x403.jpg 768w, https:\/\/static-blogs.diariovasco.com\/wp-content\/uploads\/sites\/37\/2020\/11\/The-Minister\u00a9-RUV-628x330.jpg 628w\" sizes=\"(max-width: 1200px) 100vw, 1200px\" \/>Ficha:<\/strong> R\u00e1\u0111herann \/ The Minister 8 ep 50 min Sep-Nov 2020 .<strong> Idioma:<\/strong> Island\u00e9s subs espa\u00f1ol<strong> Cadena:<\/strong> R\u00daV (Isl)\/ 8 de marzo en AMC<\/p>\n<p><strong>La trama :<\/strong> Benedikt Rickhardsson es un catedr\u00e1tico universitario de teolog\u00eda que es elegido por el Partido de la Independencia, miembro de la coalici\u00f3n gobernante, como su candidato a Primer Ministro de Islandia.<\/p>\n<p>Benedikt est\u00e1 casado con Steinunn, la hija de uno de los capitostes del partido y propietaria de uno de los diarios m\u00e1s influyentes del pa\u00eds, que est\u00e1 dispuesta a ayudar con todos sus recursos a su marido para alcanzar esa meta pol\u00edtica.<\/p>\n<p>El primer golpe de efecto lo proporciona Benedikt en el primer debate televisado de todos los candidatos, cuando propone una serie de medidas impactantes que cogen por sorpresa a todos sus rivales y a su propio partido, pero que condiciona a conseguir una elevad\u00edsima participaci\u00f3n en las urnas, en un arriesgado \u00f3rdago a la grande.<\/p>\n<p><img loading=\"lazy\" class=\"aligncenter size-full wp-image-13280\" src=\"https:\/\/static-blogs.diariovasco.com\/wp-content\/uploads\/sites\/37\/2020\/11\/debate.jpg\" alt=\"\" width=\"960\" height=\"439\" srcset=\"https:\/\/static-blogs.diariovasco.com\/wp-content\/uploads\/sites\/37\/2020\/11\/debate.jpg 960w, https:\/\/static-blogs.diariovasco.com\/wp-content\/uploads\/sites\/37\/2020\/11\/debate-300x137.jpg 300w, https:\/\/static-blogs.diariovasco.com\/wp-content\/uploads\/sites\/37\/2020\/11\/debate-768x351.jpg 768w, https:\/\/static-blogs.diariovasco.com\/wp-content\/uploads\/sites\/37\/2020\/11\/debate-628x287.jpg 628w\" sizes=\"(max-width: 960px) 100vw, 960px\" \/>El primer episodio se centra en el proceso electoral que desemboca en su llegada al cargo, para seguir en su primera mitad con un tratamiento tipo \u2018Borgen\u2019 con una crisis pol\u00edtica semanal que Benedikt intenta resolver sali\u00e9ndose de los cauces habituales, lo que provoca un elevado nerviosismo en las filas de su propio partido, incapaces de controlar al Primer Ministro.<\/p>\n<p>En la segunda mitad, \u2018 R\u00e1\u0111herann\u2019 hace un giro sorprendente y brillante para centrarse en la escalada de esas excentricidades del primer ministro que trascienden el \u00e1mbito pol\u00edtico para adentrarse en terrenos muchos m\u00e1s inexplorados, como muestran en la primera promoci\u00f3n de la serie.<br \/>\n<iframe loading=\"lazy\" src=\"https:\/\/www.youtube.com\/embed\/9PLmRInJX6c\" width=\"560\" height=\"315\" frameborder=\"0\" allowfullscreen=\"allowfullscreen\"><\/iframe><br \/>\nCreada por dos abogados (Birkir Bl\u00e6r Ingo\u0301lfsson, Jo\u0301nas Margeir Ingo\u0301lfsson) y una periodista (Bjo\u0308rg Magnu\u0301sdo\u0301ttir), con muy poca experiencia televisiva, en \u2018 R\u00e1\u0111herann\u2019 no huyen de la realidad, utilizando los nombres de los partidos pol\u00edticos reales, para hacer las figuras m\u00e1s cercanas al espectador.<\/p>\n<p>Con esa habilidad se cuidan mucho para no mostrar a Benedikt como un populista y demagogo,\u00a0 en comparaci\u00f3n con alguno de los l\u00edderes mundiales que nos vienen inmediatamente a la cabeza por esos comportamientos exc\u00e9ntricos.<\/p>\n<p>Su enorme popularidad se debe a su honestidad y transparencia en plantear los problemas a la naci\u00f3n, ante la desesperaci\u00f3n de los viejos lobos de su partido, envidiosos de la enorme empat\u00eda que los actos iniciales de Benedikt generan en el pueblo island\u00e9s, aunque los cuentos de hadas en pol\u00edtica no suelen durar mucho, como podr\u00e1n comprobar en su segunda mitad.<\/p>\n<p>La clave de la brillantez de la propuesta de \u2018 R\u00e0\u0111herann\u2019 est\u00e1 en la elecci\u00f3n del mejor actor island\u00e9s de la historia, Olafur Darri Olafsson ( centro, el gran Andri de \u2018Atrapados\u2019 ) para interpretar al muy complejo personaje de Benedikt Rickhardsson, encontrando en todo momento el tono justo para los cambiantes estados de \u00e1nimo que va mostrando a lo largo de los ocho episodios de que consta su primera temporada, que cierra las tramas de una forma brillante.<\/p>\n<p><img loading=\"lazy\" class=\"aligncenter size-full wp-image-13281\" src=\"https:\/\/static-blogs.diariovasco.com\/wp-content\/uploads\/sites\/37\/2020\/11\/reunion-gabinete.jpg\" alt=\"\" width=\"1114\" height=\"625\" srcset=\"https:\/\/static-blogs.diariovasco.com\/wp-content\/uploads\/sites\/37\/2020\/11\/reunion-gabinete.jpg 1114w, https:\/\/static-blogs.diariovasco.com\/wp-content\/uploads\/sites\/37\/2020\/11\/reunion-gabinete-300x168.jpg 300w, https:\/\/static-blogs.diariovasco.com\/wp-content\/uploads\/sites\/37\/2020\/11\/reunion-gabinete-768x431.jpg 768w, https:\/\/static-blogs.diariovasco.com\/wp-content\/uploads\/sites\/37\/2020\/11\/reunion-gabinete-628x352.jpg 628w\" sizes=\"(max-width: 1114px) 100vw, 1114px\" \/>A su lado brilla con luz propia, Anita Briem ( Los Tudor) , una actriz islandesa afincada en California, que hace una gran interpretaci\u00f3n de Steinunn, la ambiciosa mujer de Benedikt,\u00a0 que desde peque\u00f1a se ha sabido mover mucho mejor que su marido en las procelosas aguas de la pol\u00edtica islandesa.<\/p>\n<p><img loading=\"lazy\" class=\"aligncenter size-full wp-image-13283\" src=\"https:\/\/static-blogs.diariovasco.com\/wp-content\/uploads\/sites\/37\/2020\/11\/anita-briem.jpg\" alt=\"\" width=\"720\" height=\"404\" srcset=\"https:\/\/static-blogs.diariovasco.com\/wp-content\/uploads\/sites\/37\/2020\/11\/anita-briem.jpg 720w, https:\/\/static-blogs.diariovasco.com\/wp-content\/uploads\/sites\/37\/2020\/11\/anita-briem-300x168.jpg 300w, https:\/\/static-blogs.diariovasco.com\/wp-content\/uploads\/sites\/37\/2020\/11\/anita-briem-628x352.jpg 628w\" sizes=\"(max-width: 720px) 100vw, 720px\" \/>\u2018R\u00e1\u0111herann\u2019 puede hacernos interesar por la pol\u00edtica islandesa de una manera similar igual que \u2018Borgen\u2019 hizo por la danesa, con la que guarda bastante similitudes en el terreno pol\u00edtico, algo l\u00f3gico teniendo que fue colonia danesa hasta su independencia en 1944.<\/p>\n<p>Me consta que ha sido adquirida internacionalmente como \u2018The Minister\u2019 por una gran corporaci\u00f3n mundial con rama espa\u00f1ola, por lo que espero que llegue m\u00e1s pronto que m\u00e1s tarde durante el a\u00f1o 2021, para que puedan disfrutar de esta gran serie pol\u00edtica, de la que les dejo su tr\u00e1iler oficial, para finalizar el art\u00edculo.<\/p>\n<p><iframe loading=\"lazy\" src=\"https:\/\/player.vimeo.com\/video\/455774525\" width=\"640\" height=\"360\" frameborder=\"0\" allowfullscreen=\"allowfullscreen\"><\/iframe><\/p>\n<p>Esperamos sus opiniones y comentarios, aqu\u00ed o en nuestra cuenta de twitter (@lmejino). Hasta la pr\u00f3xima<\/p>\n<p>Lorenzo Mejino<\/p>\n<!-- AddThis Advanced Settings generic via filter on the_content --><!-- AddThis Share Buttons generic via filter on the_content -->","protected":false},"excerpt":{"rendered":"<p>A pesar de su min\u00fascula poblaci\u00f3n, Islandia se ha conseguido hacer un hueco en la producci\u00f3n audiovisual europea desde que \u2018Atrapados\u2019\u00a0 abri\u00f3 las puertas hace cinco a\u00f1os y que ha conseguido su mejor continuidad en su reciente estreno,\u00a0 \u00a0&#8216;R\u00e1\u0111herann \u2019, sobre la tumultuosa vida de un reci\u00e9n nombrado primer ministro del pa\u00eds y que se [&hellip;]<!-- AddThis Advanced Settings generic via filter on get_the_excerpt --><!-- AddThis Share Buttons generic via filter on get_the_excerpt --><\/p>\n","protected":false},"author":61,"featured_media":13282,"comment_status":"open","ping_status":"closed","sticky":false,"template":"","format":"standard","meta":[],"categories":[5,6,32,17],"tags":[6173,6174,6176,6175,2078,6172,6177],"_links":{"self":[{"href":"https:\/\/blogs.diariovasco.com\/series-gourmets\/wp-json\/wp\/v2\/posts\/13279"}],"collection":[{"href":"https:\/\/blogs.diariovasco.com\/series-gourmets\/wp-json\/wp\/v2\/posts"}],"about":[{"href":"https:\/\/blogs.diariovasco.com\/series-gourmets\/wp-json\/wp\/v2\/types\/post"}],"author":[{"embeddable":true,"href":"https:\/\/blogs.diariovasco.com\/series-gourmets\/wp-json\/wp\/v2\/users\/61"}],"replies":[{"embeddable":true,"href":"https:\/\/blogs.diariovasco.com\/series-gourmets\/wp-json\/wp\/v2\/comments?post=13279"}],"version-history":[{"count":7,"href":"https:\/\/blogs.diariovasco.com\/series-gourmets\/wp-json\/wp\/v2\/posts\/13279\/revisions"}],"predecessor-version":[{"id":13819,"href":"https:\/\/blogs.diariovasco.com\/series-gourmets\/wp-json\/wp\/v2\/posts\/13279\/revisions\/13819"}],"wp:featuredmedia":[{"embeddable":true,"href":"https:\/\/blogs.diariovasco.com\/series-gourmets\/wp-json\/wp\/v2\/media\/13282"}],"wp:attachment":[{"href":"https:\/\/blogs.diariovasco.com\/series-gourmets\/wp-json\/wp\/v2\/media?parent=13279"}],"wp:term":[{"taxonomy":"category","embeddable":true,"href":"https:\/\/blogs.diariovasco.com\/series-gourmets\/wp-json\/wp\/v2\/categories?post=13279"},{"taxonomy":"post_tag","embeddable":true,"href":"https:\/\/blogs.diariovasco.com\/series-gourmets\/wp-json\/wp\/v2\/tags?post=13279"}],"curies":[{"name":"wp","href":"https:\/\/api.w.org\/{rel}","templated":true}]}}