{"id":14089,"date":"2021-04-02T06:00:43","date_gmt":"2021-04-02T05:00:43","guid":{"rendered":"https:\/\/blogs.diariovasco.com\/series-gourmets\/?p=14089"},"modified":"2021-04-01T09:55:37","modified_gmt":"2021-04-01T08:55:37","slug":"el-arca-de-noe-agujerear-el-arca-con-reinvenciones-biblicas","status":"publish","type":"post","link":"https:\/\/blogs.diariovasco.com\/series-gourmets\/2021\/04\/02\/el-arca-de-noe-agujerear-el-arca-con-reinvenciones-biblicas\/","title":{"rendered":"El arca de No\u00e9: agujerear  el arca con reinvenciones b\u00edblicas"},"content":{"rendered":"<p>Las adaptaciones libres e irreverentes de periodos hist\u00f3ricos son una de las pol\u00e9micas recurrentes cada vez que se estrena alguna de estas reinvenciones como tenemos los casos recientes de &#8216;Los Bridgerton&#8217; o &#8216;Dickinson&#8217;. Pero este tipo de maniobras viene de mucho m\u00e1s lejos como vamos a recordar hoy con \u2018El Arca de No\u00e9\u2019 una miniserie que reconstruy\u00f3 el pasaje b\u00edblico con mucha controversia y que es una propuesta ideal para el d\u00eda del Viernes Santo.<\/p>\n<p>\u2018El Arca de No\u00e9\u2019 es un buen ejemplo de esas miniseries de finales del Siglo XX, plagadas de estrellas y nombres populares que sirven como reclamo para adaptar grandes momentos de la historia como hicieron los mismos productores en<a href=\"https:\/\/blogs.diariovasco.com\/series-gourmets\/2021\/01\/29\/la-odisea-la-gran-version-audiovisual-del-clasico-de-homero\/\"> \u2018La Odisea\u2019<\/a>.<\/p>\n<p>Pero en esta ocasi\u00f3n ya puedo avanzar que se les fue bastante la mano en el terreno de la creatividad b\u00edblica al unir la historia de Lot con la de No\u00e9 para desespero de los estudiosos del G\u00e9nesis que se estiraban de los pelos viendo lo que hab\u00edan perpetrado con esas dos figuras b\u00edblicas, en especial con la de Lot que acabo trasmutado en un pirata corsario digno del reparto de \u2018Waterworld\u2019, como les voy a analizar a continuaci\u00f3n.<\/p>\n<p><img loading=\"lazy\" class=\"aligncenter size-full wp-image-14090\" src=\"https:\/\/static-blogs.diariovasco.com\/wp-content\/uploads\/sites\/37\/2021\/03\/general-8.jpg\" alt=\"\" width=\"2560\" height=\"1920\" srcset=\"https:\/\/static-blogs.diariovasco.com\/wp-content\/uploads\/sites\/37\/2021\/03\/general-8.jpg 2560w, https:\/\/static-blogs.diariovasco.com\/wp-content\/uploads\/sites\/37\/2021\/03\/general-8-300x225.jpg 300w, https:\/\/static-blogs.diariovasco.com\/wp-content\/uploads\/sites\/37\/2021\/03\/general-8-768x576.jpg 768w, https:\/\/static-blogs.diariovasco.com\/wp-content\/uploads\/sites\/37\/2021\/03\/general-8-628x471.jpg 628w\" sizes=\"(max-width: 2560px) 100vw, 2560px\" \/><\/p>\n<p><strong>Ficha:\u00a0<\/strong>El Arca de No\u00e9 ( Noah\u2019s Ark) 2 episodios 90 m May 1999 <strong>Cadena:<\/strong> NBC (USA) -Telecinco (E)<\/p>\n<p><strong>Sinopsis:<\/strong> Tras haber escapado por los pelos de la destrucci\u00f3n de Sodoma y Gomorra, No\u00e9 lleva diez a\u00f1os trabajando como granjero junto a sus tres hijos intentando llevar una vida piadosa y siguiendo los dictados de Dios que se le aparece de vez en cuando.<\/p>\n<p>Tras un importante incidente en un templo, Dios le comunica a No\u00e9\u00a0 que debe construir un arca grandiosa para poder escapar de las enormes inundaciones con que va a castigar a los humanos por sus comportamientos cada vez m\u00e1s alejados de sus ense\u00f1anzas.<\/p>\n<p>Obediente No\u00e9, se dedica en cuerpo y alma a la construcci\u00f3n de esa grandiosa arca as\u00ed como a seleccionar un par de animales de cada raza para proteger la preservaci\u00f3n de cada especie y cuando llegan los cuarenta d\u00edas y cuarenta noches de lluvia continua, puede salvarse gracias al arca que ha construido, aunque tras pasar graves peligros y vicisitudes en su viaje marino con destino desconocido.<\/p>\n<p><strong>Inicio:<\/strong><\/p>\n<p>Robert Halmi Sr, ha sido de los principales productores estadounidenses y fundador de la productora Hallmark.<\/p>\n<p>A principios de los a\u00f1os noventa descubri\u00f3 el fil\u00f3n que le proporcionaban las adaptaciones de cl\u00e1sicos literarios en forma de miniseries de corta duraci\u00f3n y tras hacer \u2018Scarlett\u2019 una secuela de \u2018Lo que el viento se llevo\u2019 ,\u2018Los Viajes de Gulliver\u2019 y \u2018La Odisea\u2019 intent\u00f3 seguir la racha con la historia del arca de No\u00e9 siempre en la misma cadena NBC, encantada de las brutales audiencias que les proporcionaban estas miniseries en periodos concretos.<\/p>\n<p>En esta ocasi\u00f3n decidi\u00f3 encargarle la escritura del guion al reputado dramaturgo Peter Barnes que ya le hab\u00eda escrito previamente las adaptaciones televisivas de\u00a0 \u2018Las Mil y una noches\u2019 y \u2018Merl\u00edn\u2019<\/p>\n<p><img loading=\"lazy\" class=\"aligncenter size-full wp-image-14093\" src=\"https:\/\/static-blogs.diariovasco.com\/wp-content\/uploads\/sites\/37\/2021\/03\/peter-barnes.jpeg\" alt=\"\" width=\"1280\" height=\"890\" srcset=\"https:\/\/static-blogs.diariovasco.com\/wp-content\/uploads\/sites\/37\/2021\/03\/peter-barnes.jpeg 1280w, https:\/\/static-blogs.diariovasco.com\/wp-content\/uploads\/sites\/37\/2021\/03\/peter-barnes-300x209.jpeg 300w, https:\/\/static-blogs.diariovasco.com\/wp-content\/uploads\/sites\/37\/2021\/03\/peter-barnes-768x534.jpeg 768w, https:\/\/static-blogs.diariovasco.com\/wp-content\/uploads\/sites\/37\/2021\/03\/peter-barnes-628x437.jpeg 628w\" sizes=\"(max-width: 1280px) 100vw, 1280px\" \/><\/p>\n<p>Peter Barnes tom\u00f3 el concepto b\u00e1sico de la figura b\u00edblica de Noe y su arca, pero d\u00e1ndole un contexto b\u00edblico m\u00e1s amplio al introducir en la primera parte de la miniserie, toda la historia de Sodoma y Gomorra con Lot al frente, estando Noe un poco de estrella invitada de las pugnas y desvar\u00edos de ambas ciudades antes de ser castigadas de forma brutal por el Se\u00f1or, incluyendo la conversi\u00f3n en estatua de sal de la mujer de Lot.<\/p>\n<p>Esa adici\u00f3n le permit\u00eda rellenar el metraje requerido para la miniserie que con un viaje en barco con pocos personajes y muchos animales no le daba para mucho, pero como veremos posteriormente el remedio fue peor que la enfermedad.<\/p>\n<p>La cadena NBC sigui\u00f3 el ejemplo de \u2018La Odisea\u2019 y la estren\u00f3 en dos d\u00edas consecutivos del mes de mayo de 1999, arrasando como su predecesora en las audiencias de uno de los meses clave para fijar las tarifas publicitarias, siendo promocionada con el siguiente tr\u00e1iler.<br \/>\n<iframe loading=\"lazy\" title=\"YouTube video player\" src=\"https:\/\/www.youtube.com\/embed\/MBX7TaE39HU\" width=\"560\" height=\"315\" frameborder=\"0\" allowfullscreen=\"allowfullscreen\"><\/iframe><\/p>\n<p><strong>La trama:<\/strong> \u2018El Arca de No\u00e9\u2019 est\u00e1 claramente dividida en dos partes, la primera dedicada a la ca\u00edda en desgracia y posterior destrucci\u00f3n de Sodoma y Gomorra por el descontrolado comportamiento\u00a0 de sus habitantes entre los que se encuentra No\u00e9, su mujer y sus tres hijos.<\/p>\n<p>En este primer tramo, vemos las guerras y luchas entre ambos pueblos que no llevan a ning\u00fan sitio excepto a la destrucci\u00f3n mutua, por lo que cuando Dios le revela a No\u00e9 sus planes, \u00e9ste decide huir de Sodoma junto a Lot y su mujer, las \u00fanicas personas piadosas que ha conseguido encontrar en esas dos ciudades.<\/p>\n<p>A partir de ese largu\u00edsimo pre\u00e1mbulo que ocupa casi una tercera parte de la historia, \u2018El Arca de No\u00e9\u2019 salta diez a\u00f1os al futuro para entrar en todo el tema del diluvio universal y la construcci\u00f3n del arca, pero con un Lot que se ha pasado completamente al lado oscuro tras la conversi\u00f3n salina de su mujer y que se ha convertido en un forajido que siembra el terror por esas tierras con un grupo de ac\u00f3litos.<\/p>\n<p>Las tareas de construcci\u00f3n naval y de recolecci\u00f3n animal consumen el segundo tercio, dejando el tramo final para la navegaci\u00f3n sin rumbo y la b\u00fasqueda de una nueva tierra donde empezar de nuevo junto a su mujer, sus tres hijos, Set, Cam y Jafet y sus respectivas esposas.<\/p>\n<p>Esas tres partes se resumen en la siguiente promoci\u00f3n de la serie.<br \/>\n<iframe loading=\"lazy\" title=\"YouTube video player\" src=\"https:\/\/www.youtube.com\/embed\/ADp8XIW-RxA\" width=\"560\" height=\"315\" frameborder=\"0\" allowfullscreen=\"allowfullscreen\"><\/iframe><\/p>\n<p>\u2018El arca de Noe\u2019 se toma tantas libertades creativas que empieza a caer r\u00e1pidamente en el terreno del rid\u00edculo de muchos personajes, en especial del de Lot, al haberse inspirado muy someramente en algunos personajes b\u00edblicos reinvent\u00e1ndose todo lo dem\u00e1s.<\/p>\n<p>A pesar de contar con un director cinematogr\u00e1fico de cierto prestigio como John Irvin ( Los perros de la guerra, La colina de la hamburguesa) la puesta en escena llena de colorines, luminosidad y muy de dise\u00f1o, ha envejecido desastrosamente, a pesar de que era lo m\u00e1s destacable en el momento de su estreno.<\/p>\n<p>La narrativa era tan deslavazada que el principal aliciente era ir reconociendo a las estrellas invitadas que iban apareciendo por all\u00ed como el caso de James Coburn, como un vendedor ambulante que compagina con un trabajo de profeta de Dios.<\/p>\n<p>Con la perspectiva del tiempo, vamos a descubrir la juventud de muchos actores que han tenido ciertas carreras interesantes como las tres nueras de No\u00e9,\u00a0 Emily Mortimer ( centro, The Newsroom), , Sonya Walger ( der, Tell me that you love me), Sydney Tamila Poitier ( der, Death Proof), acompa\u00f1adas por Alexis Denisof ( Buffy) y Jonathan Cake (Mujeres desesperadas) como dos de sus hijos<\/p>\n<p><img loading=\"lazy\" class=\"aligncenter size-full wp-image-14092\" src=\"https:\/\/static-blogs.diariovasco.com\/wp-content\/uploads\/sites\/37\/2021\/03\/noe-y-sus-nueras.jpg\" alt=\"\" width=\"1280\" height=\"720\" srcset=\"https:\/\/static-blogs.diariovasco.com\/wp-content\/uploads\/sites\/37\/2021\/03\/noe-y-sus-nueras.jpg 1280w, https:\/\/static-blogs.diariovasco.com\/wp-content\/uploads\/sites\/37\/2021\/03\/noe-y-sus-nueras-300x169.jpg 300w, https:\/\/static-blogs.diariovasco.com\/wp-content\/uploads\/sites\/37\/2021\/03\/noe-y-sus-nueras-768x432.jpg 768w, https:\/\/static-blogs.diariovasco.com\/wp-content\/uploads\/sites\/37\/2021\/03\/noe-y-sus-nueras-628x353.jpg 628w\" sizes=\"(max-width: 1280px) 100vw, 1280px\" \/><\/p>\n<p>La pareja protagonista funcionaba gracias a dos actores tan solventes como Jon Voight y Mary Steenburgen, curtidos en mil y un personajes y que hac\u00edan lo que pod\u00edan en medio de semejante desbarajuste hist\u00f3rico, donde al pobre F.Murray Abraham le toc\u00f3 la peor parte con un Lot impresentable en todos los aspectos.<\/p>\n<p>No soy ning\u00fan experto en religi\u00f3n ni en el libro del G\u00e9nesis, pero algunas nociones me quedan en la memoria y recuerdo que al verla poco antes de finalizar el siglo XX, no entend\u00eda las razones de ese \u2018enriquecimiento \u2018 b\u00edblico mezclando dos historias como la de No\u00e9 con la de Sodoma y Gomorra que no pegaban ni con una cola ultrarr\u00e1pida.<\/p>\n<p>La revisi\u00f3n ha sido todav\u00eda peor, puesto que los efectos especiales utilizados para meter a todos los animales en el arca, han quedado totalmente obsoletos y lo que en su momento pod\u00eda impactar ahora parecen hechos con un Iphone recogiendo im\u00e1genes de Tik Tok, como pueden comprobar en el siguiente video que relata precisamente el &#8216;making of&#8217; de la serie rodada principalmente en Australia.<br \/>\n<iframe loading=\"lazy\" title=\"YouTube video player\" src=\"https:\/\/www.youtube.com\/embed\/Z_xDNm-mgN8\" width=\"560\" height=\"315\" frameborder=\"0\" allowfullscreen=\"allowfullscreen\"><\/iframe><\/p>\n<p><strong>Los actores:<\/strong><br \/>\nJon Voight salt\u00f3 a la fama al protagonizar la pel\u00edcula de culto \u2018Cowboy de Medianoche\u2019 lo que le permiti\u00f3 establecerse como una gran estrella cinematogr\u00e1fica durante varias d\u00e9cadas, en papeles dram\u00e1ticos y complejos, como un veterano parapl\u00e9jico en \u2018Coming Home\u2019 que le proporcion\u00f3 el \u00fanico Oscar de su carrera<\/p>\n<p><img loading=\"lazy\" class=\"aligncenter size-full wp-image-14091\" src=\"https:\/\/static-blogs.diariovasco.com\/wp-content\/uploads\/sites\/37\/2021\/03\/jon-voight.jpg\" alt=\"\" width=\"1280\" height=\"720\" srcset=\"https:\/\/static-blogs.diariovasco.com\/wp-content\/uploads\/sites\/37\/2021\/03\/jon-voight.jpg 1280w, https:\/\/static-blogs.diariovasco.com\/wp-content\/uploads\/sites\/37\/2021\/03\/jon-voight-300x169.jpg 300w, https:\/\/static-blogs.diariovasco.com\/wp-content\/uploads\/sites\/37\/2021\/03\/jon-voight-768x432.jpg 768w, https:\/\/static-blogs.diariovasco.com\/wp-content\/uploads\/sites\/37\/2021\/03\/jon-voight-628x353.jpg 628w\" sizes=\"(max-width: 1280px) 100vw, 1280px\" \/>Con el paso del tiempo fue trabajando cada vez m\u00e1s en la televisi\u00f3n como en el caso de su No\u00e9, seguido por m\u00faltiples apariciones como robaescenas secundario como en su \u00faltimo gran personaje el impresentable padre de <a href=\"https:\/\/blogs.diariovasco.com\/series-gourmets\/2013\/11\/12\/ray-donovan-en-la-mejor-tradicion-del-cine-negro-con-un-reparto-de-lujo\/\">\u2018Ray Donovan\u2019<\/a> con el que sigue al pie de la brecha.<\/p>\n<p>Mary Steenburgen ha tenido una trayectoria similar, tras debutar de la mano de Jack Nicholson en el western \u2018Goin\u2019 South\u2019, arras\u00f3 con todos los premios a la mejor actriz secundaria en 1980 gracias a \u2018Melvin y Howard\u2019\u00a0 lo que le permiti\u00f3 una buena carrera cinematogr\u00e1fica en las dos \u00faltimas d\u00e9cadas del siglo XX.<\/p>\n<p><img loading=\"lazy\" class=\"aligncenter size-full wp-image-14094\" src=\"https:\/\/static-blogs.diariovasco.com\/wp-content\/uploads\/sites\/37\/2021\/03\/steenburgen.jpg\" alt=\"\" width=\"1200\" height=\"900\" srcset=\"https:\/\/static-blogs.diariovasco.com\/wp-content\/uploads\/sites\/37\/2021\/03\/steenburgen.jpg 1200w, https:\/\/static-blogs.diariovasco.com\/wp-content\/uploads\/sites\/37\/2021\/03\/steenburgen-300x225.jpg 300w, https:\/\/static-blogs.diariovasco.com\/wp-content\/uploads\/sites\/37\/2021\/03\/steenburgen-768x576.jpg 768w, https:\/\/static-blogs.diariovasco.com\/wp-content\/uploads\/sites\/37\/2021\/03\/steenburgen-628x471.jpg 628w\" sizes=\"(max-width: 1200px) 100vw, 1200px\" \/>Con el nuevo siglo encontr\u00f3 cobijo televisivo donde la hemos visto recientemente con grandes personajes en <a href=\"https:\/\/blogs.diariovasco.com\/series-gourmets\/2019\/11\/15\/joan-of-arcadia-el-efecto-mariposa-de-los-pequenos-actos-por-mandato-divino\/\">\u2018Joan of Arcadia\u2019<\/a>, \u2018El \u00faltimo hombre en la tierra\u2019 o \u2018La extraordinaria lista de Zoey\u2019 o en papeles m\u00e1s\u00a0 lucrativos como esta\u00a0 Naamah, la fiel esposa de No\u00e9.<\/p>\n<p><strong>Ep\u00edlogo:<\/strong><\/p>\n<p>Su estreno en nuestro pa\u00eds de la mano de Telecinco tuvo una buena acogida dentro de aquel contenedor \u2018Grandes Relatos\u2019 que serv\u00eda para este tipo de miniseries, para pasar posteriormente al ciclo de pel\u00edculas b\u00edblicas y c\u00edclicas de Semana Santa, como este Viernes Santo al que le he dedicado el art\u00edculo.<\/p>\n<p>La he visto entera en diferentes versiones en Youtube, por lo que si desean recordar o poner a prueba sus conocimientos del libro del G\u00e9nesis, lo pueden hacer sin mayores problemas, pero me van a permitir cerrar el art\u00edculo con un divertido anuncio sobre el arca de No\u00e9.<br \/>\n<iframe loading=\"lazy\" title=\"YouTube video player\" src=\"https:\/\/www.youtube.com\/embed\/OPRJ42Z0g7g\" width=\"560\" height=\"315\" frameborder=\"0\" allowfullscreen=\"allowfullscreen\"><\/iframe><br \/>\nSi desean exponer sus opiniones y comentarios, lo pueden hacer aqu\u00ed o en nuestra cuenta de twitter (@lmejino). Hasta la pr\u00f3xima<\/p>\n<p>Lorenzo Mejino<\/p>\n<!-- AddThis Advanced Settings generic via filter on the_content --><!-- AddThis Share Buttons generic via filter on the_content -->","protected":false},"excerpt":{"rendered":"<p>Las adaptaciones libres e irreverentes de periodos hist\u00f3ricos son una de las pol\u00e9micas recurrentes cada vez que se estrena alguna de estas reinvenciones como tenemos los casos recientes de &#8216;Los Bridgerton&#8217; o &#8216;Dickinson&#8217;. Pero este tipo de maniobras viene de mucho m\u00e1s lejos como vamos a recordar hoy con \u2018El Arca de No\u00e9\u2019 una miniserie [&hellip;]<!-- AddThis Advanced Settings generic via filter on get_the_excerpt --><!-- AddThis Share Buttons generic via filter on get_the_excerpt --><\/p>\n","protected":false},"author":61,"featured_media":14095,"comment_status":"open","ping_status":"closed","sticky":false,"template":"","format":"standard","meta":[],"categories":[5,6,8,16],"tags":[6469,6472,1393,5277,6470,6471,6319],"_links":{"self":[{"href":"https:\/\/blogs.diariovasco.com\/series-gourmets\/wp-json\/wp\/v2\/posts\/14089"}],"collection":[{"href":"https:\/\/blogs.diariovasco.com\/series-gourmets\/wp-json\/wp\/v2\/posts"}],"about":[{"href":"https:\/\/blogs.diariovasco.com\/series-gourmets\/wp-json\/wp\/v2\/types\/post"}],"author":[{"embeddable":true,"href":"https:\/\/blogs.diariovasco.com\/series-gourmets\/wp-json\/wp\/v2\/users\/61"}],"replies":[{"embeddable":true,"href":"https:\/\/blogs.diariovasco.com\/series-gourmets\/wp-json\/wp\/v2\/comments?post=14089"}],"version-history":[{"count":4,"href":"https:\/\/blogs.diariovasco.com\/series-gourmets\/wp-json\/wp\/v2\/posts\/14089\/revisions"}],"predecessor-version":[{"id":14118,"href":"https:\/\/blogs.diariovasco.com\/series-gourmets\/wp-json\/wp\/v2\/posts\/14089\/revisions\/14118"}],"wp:featuredmedia":[{"embeddable":true,"href":"https:\/\/blogs.diariovasco.com\/series-gourmets\/wp-json\/wp\/v2\/media\/14095"}],"wp:attachment":[{"href":"https:\/\/blogs.diariovasco.com\/series-gourmets\/wp-json\/wp\/v2\/media?parent=14089"}],"wp:term":[{"taxonomy":"category","embeddable":true,"href":"https:\/\/blogs.diariovasco.com\/series-gourmets\/wp-json\/wp\/v2\/categories?post=14089"},{"taxonomy":"post_tag","embeddable":true,"href":"https:\/\/blogs.diariovasco.com\/series-gourmets\/wp-json\/wp\/v2\/tags?post=14089"}],"curies":[{"name":"wp","href":"https:\/\/api.w.org\/{rel}","templated":true}]}}