{"id":14135,"date":"2021-04-19T06:00:48","date_gmt":"2021-04-19T05:00:48","guid":{"rendered":"https:\/\/blogs.diariovasco.com\/series-gourmets\/?p=14135"},"modified":"2021-04-18T09:58:27","modified_gmt":"2021-04-18T08:58:27","slug":"we-got-this-suecia-misterios-del-pasado-con-colgados-actuales","status":"publish","type":"post","link":"https:\/\/blogs.diariovasco.com\/series-gourmets\/2021\/04\/19\/we-got-this-suecia-misterios-del-pasado-con-colgados-actuales\/","title":{"rendered":"We Got This ( Suecia): misterios del pasado con colgados actuales"},"content":{"rendered":"<p>El asesinato sin resolver de Olof Palme sigue siendo el principal misterio escandinavo que ha generado libros, ensayos, pel\u00edculas e incluso series televisivas como<a href=\"https:\/\/blogs.diariovasco.com\/series-gourmets\/2014\/02\/24\/en-pilgrims-dod-muerte-de-un-peregrino-la-miniserie-sueca-que-teoriza-sobre-el-magnicidio-de-olof-palme\/\"> \u2018En Pilgrims D\u00f6d\u2019<\/a> que han escudri\u00f1ado hasta el m\u00e1s m\u00ednimo detalle lo sucedido a la salida de ese cine de Estocolmo donde fue asesinado. \u2018We Got This\u2019 es otra vuelta de tuerca sobre ese misterio al enfocarlo desde una perspectiva de comedia negra bastante cafre con un protagonista inclasificable.<\/p>\n<p>La historia de George English y su imaginativo m\u00e9todo para intentar resolver todos sus problemas econ\u00f3micos da pie a la historia de un grupo de desarrapados que intentan conseguir el dinero que pueda resolver sus problemas econ\u00f3micos para siempre, resolviendo el misterio de la muerte de Olof Palme.<\/p>\n<p>La premisa est\u00e1 planteada de forma brillante gracias a la arrebatadora personalidad de su protagonista Schiaffino Musarra (uno de los mejores\u00a0 nombre art\u00edsticos\u00a0 que conozco), pero poco a poco va perdiendo fuelle al enredarse en su propia madeja conspirativa, pero la calidad de su inicio le hizo ser merecedora del galard\u00f3n a la mejor serie del pasado festival Serielizados.<\/p>\n<p>Estaba esperando a ver si la estrenaban por estos lares, pero como no me consta que haya muchas novedades, prefiero hablar sobre la serie a ver si despierto las ganas de alguno de los posibles compradores para emitir \u2018We Got This\u2019<\/p>\n<p><img loading=\"lazy\" class=\"aligncenter size-full wp-image-14136\" src=\"https:\/\/static-blogs.diariovasco.com\/wp-content\/uploads\/sites\/37\/2021\/04\/destacada-1.jpg\" alt=\"\" width=\"600\" height=\"400\" srcset=\"https:\/\/static-blogs.diariovasco.com\/wp-content\/uploads\/sites\/37\/2021\/04\/destacada-1.jpg 600w, https:\/\/static-blogs.diariovasco.com\/wp-content\/uploads\/sites\/37\/2021\/04\/destacada-1-300x200.jpg 300w\" sizes=\"(max-width: 600px) 100vw, 600px\" \/><\/p>\n<p><strong>Ficha:<\/strong> We Got This 6 ep+ 45 min .\u00a0\u00a0May 2020-. <strong>Idioma:<\/strong> sueco Cadena: SVT ( S) \/ In\u00e9dita en Espa\u00f1a<\/p>\n<p><strong>La trama<\/strong> :George English es un estadounidense que vive en Suecia desde hace muchos a\u00f1os con una compa\u00f1era sueca y una hija adolescente, pero que siempre ha llevado una vida bastante al margen de la sociedad sueca, tanto por sus pintas reminiscentes del Nota del \u2018Gran Lebowski\u2019 como por ir busc\u00e1ndose la vida con todo tipo de trabajos y formas de sobrevivir.<\/p>\n<p>Su precaria existencia se ve completamente convulsionada por una notificaci\u00f3n del Ministerio de Hacienda sueco, en la que le reclaman una abundante deuda fiscal que no puede ni imaginarse en poder pagarla, so pena de perder todo lo que tiene y tendr\u00e1 durante muchos a\u00f1os.<\/p>\n<p>Por un golpe de suerte, se entera de la existencia de una recompensa de 50 millones de coronas suecas para cualquier persona que pueda proporcionar informaci\u00f3n relevante para descubrir al asesino de Olof Palme y decide que ese puede su pasaporte para saldar su deuda de forma r\u00e1pida y eficiente.<\/p>\n<p>La inconsciencia que demuestra al pensar que va a ser sencillo ganar todo ese dinero, tras casi cuarenta a\u00f1os sin resolver ese crimen,\u00a0 hace que embarque en su cruzada a tres colegas, un periodista amigo suyo Alex ( el siempre solvente Alexander Karim, derecha) y dos conspiranoicos que disfrutan con todo tipo de teor\u00edas sobre ese magnicidio.<\/p>\n<p><img loading=\"lazy\" class=\"aligncenter size-full wp-image-14138\" src=\"https:\/\/static-blogs.diariovasco.com\/wp-content\/uploads\/sites\/37\/2021\/04\/desarrapados.jpg\" alt=\"\" width=\"960\" height=\"600\" srcset=\"https:\/\/static-blogs.diariovasco.com\/wp-content\/uploads\/sites\/37\/2021\/04\/desarrapados.jpg 960w, https:\/\/static-blogs.diariovasco.com\/wp-content\/uploads\/sites\/37\/2021\/04\/desarrapados-300x188.jpg 300w, https:\/\/static-blogs.diariovasco.com\/wp-content\/uploads\/sites\/37\/2021\/04\/desarrapados-768x480.jpg 768w, https:\/\/static-blogs.diariovasco.com\/wp-content\/uploads\/sites\/37\/2021\/04\/desarrapados-628x393.jpg 628w\" sizes=\"(max-width: 960px) 100vw, 960px\" \/>Con esa premisa tan alocada, la comedia negra y cafre es el \u00fanico recurso para ir desarrollando esa historia de cuatro perdedores de manual en busca del Santo Grial sueco. La ventaja de tener un enfoque tan disparatado y diferente es que les permite encontrar pistas por m\u00e9todos nada habituales y que empiezan a poner nerviosos a ciertos estamentos suecos, dejando entrever que oficialmente saben mucho m\u00e1s de lo que han dicho, como muestran en el tr\u00e1iler oficial de \u2018We Got This\u2019.<br \/>\n<iframe loading=\"lazy\" title=\"YouTube video player\" src=\"https:\/\/www.youtube.com\/embed\/g7ub5nD_jKE\" width=\"560\" height=\"315\" frameborder=\"0\" allowfullscreen=\"allowfullscreen\"><\/iframe><br \/>\nLa serie ha sido creada por su estrafalario protagonista Schiaffino Musarra junto a dos habituales de la comedia negra sueca como Santiago Gil y Patrik Eklund, creadores de otra comedia negra sobre un reputado director de cine dan\u00e9s que se pasa al porno sueco en <a href=\"https:\/\/blogs.diariovasco.com\/series-gourmets\/2018\/04\/09\/viva-hate-fallet-enkelstoten-veni-vidi-vici-suecia-el-auge-de-la-comedia-negra-sueca\/\">\u2018Veni, vidi, Vici\u2019<\/a>.<\/p>\n<p>Como en la anterior creaci\u00f3n de esos guionistas, \u2018We Got This\u2019 va perdiendo fuelle a medida que los giros de guion se hacen cada vez m\u00e1s inveros\u00edmiles y pierde el buen trazo de sus dos primeros episodios, en especial en lo referente a las conspiraciones oficiales.<\/p>\n<p>Por suerte la presencia de Schiaffino Musarra y su curiosa asimilaci\u00f3n sueca es fuente de numerosos contrastes y de los momentos m\u00e1s inspirados de \u2018We Got This\u2019, que compensa en parte una cierta tendencia a la astracanada en su tramo final, incluyendo un cierre un poco apresurado y en falso.<\/p>\n<p><img loading=\"lazy\" class=\"aligncenter size-full wp-image-14137\" src=\"https:\/\/static-blogs.diariovasco.com\/wp-content\/uploads\/sites\/37\/2021\/04\/schiaffino-musarra.png\" alt=\"\" width=\"1366\" height=\"689\" srcset=\"https:\/\/static-blogs.diariovasco.com\/wp-content\/uploads\/sites\/37\/2021\/04\/schiaffino-musarra.png 1366w, https:\/\/static-blogs.diariovasco.com\/wp-content\/uploads\/sites\/37\/2021\/04\/schiaffino-musarra-300x151.png 300w, https:\/\/static-blogs.diariovasco.com\/wp-content\/uploads\/sites\/37\/2021\/04\/schiaffino-musarra-768x387.png 768w, https:\/\/static-blogs.diariovasco.com\/wp-content\/uploads\/sites\/37\/2021\/04\/schiaffino-musarra-628x317.png 628w\" sizes=\"(max-width: 1366px) 100vw, 1366px\" \/>Schiaffino Musarra no duda en re\u00edrse de su propia sombra, haciendo un video promocional con un colega por las calles de Estocolmo para el estreno de \u2018We Got This\u2019 el pasado oto\u00f1o en la rama estadounidense de SundanceTV, que pueden ver a continuaci\u00f3n.<br \/>\n<iframe loading=\"lazy\" title=\"YouTube video player\" src=\"https:\/\/www.youtube.com\/embed\/U7PtJ4jH21A\" width=\"560\" height=\"315\" frameborder=\"0\" allowfullscreen=\"allowfullscreen\"><\/iframe><br \/>\nEl mayor atractivo de \u2018We Got This\u2019 es su estilo diferente a la inmensa mayor\u00eda de las producciones escandinavas que nos llegan, por lo que solo espero que un d\u00eda de estos acabe apareciendo por estos lares pero por lo menos en mi caso ya tengo los deberes hechos.<\/p>\n<p>Esperamos sus opiniones y comentarios, aqu\u00ed o en nuestra cuenta de twitter (@lmejino). Hasta la pr\u00f3xima<\/p>\n<p>Lorenzo Mejino<\/p>\n<!-- AddThis Advanced Settings generic via filter on the_content --><!-- AddThis Share Buttons generic via filter on the_content -->","protected":false},"excerpt":{"rendered":"<p>El asesinato sin resolver de Olof Palme sigue siendo el principal misterio escandinavo que ha generado libros, ensayos, pel\u00edculas e incluso series televisivas como \u2018En Pilgrims D\u00f6d\u2019 que han escudri\u00f1ado hasta el m\u00e1s m\u00ednimo detalle lo sucedido a la salida de ese cine de Estocolmo donde fue asesinado. \u2018We Got This\u2019 es otra vuelta de [&hellip;]<!-- AddThis Advanced Settings generic via filter on get_the_excerpt --><!-- AddThis Share Buttons generic via filter on get_the_excerpt --><\/p>\n","protected":false},"author":61,"featured_media":14139,"comment_status":"open","ping_status":"closed","sticky":false,"template":"","format":"standard","meta":[],"categories":[25,6,29,17],"tags":[4131,6491,6490,6489,6488],"_links":{"self":[{"href":"https:\/\/blogs.diariovasco.com\/series-gourmets\/wp-json\/wp\/v2\/posts\/14135"}],"collection":[{"href":"https:\/\/blogs.diariovasco.com\/series-gourmets\/wp-json\/wp\/v2\/posts"}],"about":[{"href":"https:\/\/blogs.diariovasco.com\/series-gourmets\/wp-json\/wp\/v2\/types\/post"}],"author":[{"embeddable":true,"href":"https:\/\/blogs.diariovasco.com\/series-gourmets\/wp-json\/wp\/v2\/users\/61"}],"replies":[{"embeddable":true,"href":"https:\/\/blogs.diariovasco.com\/series-gourmets\/wp-json\/wp\/v2\/comments?post=14135"}],"version-history":[{"count":3,"href":"https:\/\/blogs.diariovasco.com\/series-gourmets\/wp-json\/wp\/v2\/posts\/14135\/revisions"}],"predecessor-version":[{"id":14201,"href":"https:\/\/blogs.diariovasco.com\/series-gourmets\/wp-json\/wp\/v2\/posts\/14135\/revisions\/14201"}],"wp:featuredmedia":[{"embeddable":true,"href":"https:\/\/blogs.diariovasco.com\/series-gourmets\/wp-json\/wp\/v2\/media\/14139"}],"wp:attachment":[{"href":"https:\/\/blogs.diariovasco.com\/series-gourmets\/wp-json\/wp\/v2\/media?parent=14135"}],"wp:term":[{"taxonomy":"category","embeddable":true,"href":"https:\/\/blogs.diariovasco.com\/series-gourmets\/wp-json\/wp\/v2\/categories?post=14135"},{"taxonomy":"post_tag","embeddable":true,"href":"https:\/\/blogs.diariovasco.com\/series-gourmets\/wp-json\/wp\/v2\/tags?post=14135"}],"curies":[{"name":"wp","href":"https:\/\/api.w.org\/{rel}","templated":true}]}}