{"id":14356,"date":"2021-06-02T06:00:56","date_gmt":"2021-06-02T05:00:56","guid":{"rendered":"https:\/\/blogs.diariovasco.com\/series-gourmets\/?p=14356"},"modified":"2021-06-01T11:25:26","modified_gmt":"2021-06-01T10:25:26","slug":"them-nada-mas-terrorifico-que-una-vecina-aburrida","status":"publish","type":"post","link":"https:\/\/blogs.diariovasco.com\/series-gourmets\/2021\/06\/02\/them-nada-mas-terrorifico-que-una-vecina-aburrida\/","title":{"rendered":"Them :  nada m\u00e1s terror\u00edfico que una vecina aburrida"},"content":{"rendered":"<p>El racismo se puede manifestar de muchas maneras tanto de forma directa como latente como suced\u00eda en la representaci\u00f3n de la poblaci\u00f3n negra en las pel\u00edculas de terror, donde siempre eran los primeros en morir en una especie de regla no escrita que era seguida a rajatabla en todas las sagas del g\u00e9nero. Esa tendencia cambi\u00f3 con el estreno de la pel\u00edcula de Jordan Peele \u2018D\u00e9jame salir\u2019, y ha pasado al terreno televisivo con negros como protagonistas de grandes series como <a href=\"https:\/\/blogs.diariovasco.com\/series-gourmets\/2021\/02\/03\/territorio-lovecraft-racismo-y-terror\/\">\u2018Territorio Lovecraft\u2019<\/a> o \u2018Them\u2019 que vamos a analizar hoy.<\/p>\n<p>\u2018Them\u2019 narra de una forma dur\u00edsima y sin contemplaciones los brutales prejuicios raciales a los que se debe enfrentar una familia negra de clase media-alta cuando se muda a un barrio completamente blanco de los suburbios de Los \u00c1ngeles en los a\u00f1os cincuenta, pero utilizando elementos fant\u00e1sticos y de terror puro y duro para narrar la epopeya de dicha familia que tiene un salvaje pr\u00f3logo en su pueblo de origen en Carolina de Norte.<\/p>\n<p>\u2018Them\u2019 dista mucho de ser una serie complaciente y alg\u00fan episodio es de lo m\u00e1s duro que se ha visto en televisi\u00f3n, pero la historia que cuenta es subyugante y nos permite conocer una de las \u00e9pocas mas desconocidas de la historia reciente de los EEUU, la denominada gran migraci\u00f3n, en la que millones de negros del sur del pa\u00eds se trasladaron al Oeste en busca de mejores condiciones laborales y sociales, aunque no todo el monte fue or\u00e9gano.<\/p>\n<p><strong><img loading=\"lazy\" class=\"aligncenter size-full wp-image-14359\" src=\"https:\/\/static-blogs.diariovasco.com\/wp-content\/uploads\/sites\/37\/2021\/05\/general-5.jpg\" alt=\"\" width=\"913\" height=\"514\" srcset=\"https:\/\/static-blogs.diariovasco.com\/wp-content\/uploads\/sites\/37\/2021\/05\/general-5.jpg 913w, https:\/\/static-blogs.diariovasco.com\/wp-content\/uploads\/sites\/37\/2021\/05\/general-5-300x169.jpg 300w, https:\/\/static-blogs.diariovasco.com\/wp-content\/uploads\/sites\/37\/2021\/05\/general-5-768x432.jpg 768w, https:\/\/static-blogs.diariovasco.com\/wp-content\/uploads\/sites\/37\/2021\/05\/general-5-628x354.jpg 628w\" sizes=\"(max-width: 913px) 100vw, 913px\" \/>Ficha:<\/strong> Them 10 ep 50m Abr 2021- <strong>Cadena:<\/strong> Amazon (USA)-Amazon (E)<\/p>\n<p><strong>Sinopsis:<\/strong> La familia Emory compuesta por los padres y dos hijas se traslada desde su casa en una zona rural de Carolina del Norte al barrio de Compton en Los \u00c1ngeles donde son la primera familia negra en ese barrio suburbano.<\/p>\n<p>Las razones del traslado son dos, en primer lugar el trabajo de ingeniero aeron\u00e1utico que le han ofrecido en una empresa del sector, pero sobre todo\u00a0 escapar de una brutal tragedia que sufri\u00f3 la familia en Carolina del Norte y que tiene sobre todo a la madre completamente traumatizada por lo sucedido, buscando que ese nuevo comienzo pueda cicatrizar las heridas familiares abiertas.<\/p>\n<p>Por desgracia su recibimiento va a ser muy hostil a todos los niveles, tanto en la empresa aeron\u00e1utica para el padre, como por las vecinas hacia la madre y llegando incluso al nivel escolar para las dos ni\u00f1as, lo que complica mucho su integraci\u00f3n en esa zona aparentemente libre de tensiones raciales.<\/p>\n<p><strong>El inicio:<\/strong> Little Marvin era un ejecutivo de marketing y director creativo publicitario que hab\u00eda abandonado su sue\u00f1o de ser guionista con veintipocos a\u00f1os al ver que no consegu\u00eda progresar en ese campo y buscar algo m\u00e1s seguro.<\/p>\n<p><img loading=\"lazy\" class=\"aligncenter size-full wp-image-14360\" src=\"https:\/\/static-blogs.diariovasco.com\/wp-content\/uploads\/sites\/37\/2021\/05\/little-marvin.jpg\" alt=\"\" width=\"900\" height=\"600\" srcset=\"https:\/\/static-blogs.diariovasco.com\/wp-content\/uploads\/sites\/37\/2021\/05\/little-marvin.jpg 900w, https:\/\/static-blogs.diariovasco.com\/wp-content\/uploads\/sites\/37\/2021\/05\/little-marvin-300x200.jpg 300w, https:\/\/static-blogs.diariovasco.com\/wp-content\/uploads\/sites\/37\/2021\/05\/little-marvin-768x512.jpg 768w, https:\/\/static-blogs.diariovasco.com\/wp-content\/uploads\/sites\/37\/2021\/05\/little-marvin-628x419.jpg 628w\" sizes=\"(max-width: 900px) 100vw, 900px\" \/>Con el paso de los a\u00f1os, su sue\u00f1o de escribir volvi\u00f3 a hacerse importante y tom\u00f3 la decisi\u00f3n de presentarse a un ascenso laboral y si no lo consegu\u00eda dejaba todo y se iba a Los \u00c1ngeles para perseguir su sue\u00f1o de escritor, que es lo que finalmente acab\u00f3 pasando.<\/p>\n<p>Gran amante del genero de terror, hace tres a\u00f1os estaba viendo las enormes protestas raciales que inundaron EEUU de costa a costa y decidi\u00f3 combinar ambos aspectos, el del racismo y el del terror en un proyecto de serie.<\/p>\n<p>El contexto hist\u00f3rico se lo dio la gran migraci\u00f3n de poblaci\u00f3n negra en los a\u00f1os cincuenta y el hecho de centrarse en la primera familia negra que se estableci\u00f3 en Compton,\u00a0 el primer paso de la evoluci\u00f3n social que convirti\u00f3 con el paso de los a\u00f1os a Compton en un barrio exclusivamente negro en apenas unas pocas d\u00e9cadas.<\/p>\n<p>El concepto de Little Marvin despert\u00f3 el inter\u00e9s en una personalidad negra como Lena Waithe (Master of None, The Chi) que le apoy\u00f3 como productora ejecutiva para vender la serie a Amazon en un formato de serie antol\u00f3gica con dos temporadas iniciales con dos historias de terror y racismo.<\/p>\n<p>Su estreno tuvo cr\u00edticas de todo tipo centradas especialmente en la crudeza de algunas im\u00e1genes y momentos que pod\u00edan\u00a0 herir las sensibilidades de algunos espectadores, como avisaban en el tr\u00e1iler de la serie.<br \/>\n<iframe loading=\"lazy\" title=\"YouTube video player\" src=\"https:\/\/www.youtube.com\/embed\/ixFyyG4CWY0\" width=\"560\" height=\"315\" frameborder=\"0\" allowfullscreen=\"allowfullscreen\"><\/iframe><\/p>\n<p><strong>La trama:<\/strong> \u2018Them\u2019 es una serie de g\u00e9nero terror\u00edfico pero que juega con la perspectiva de que las cosas y las personas m\u00e1s terror\u00edficas pueden ser las de apariencia m\u00e1s inofensiva como la vecina aburrida a la que hago referencia en el t\u00edtulo.<\/p>\n<p>A pesar de iniciarse con el traslado de la familia desde Carolina del Norte a California, poco a poco y en forma de flashbacks se nos va a ir revelando lo que sucedi\u00f3 en el pasado de la familia Emory con el punto culminante en el quinto episodio, no apto para gente sensible.<\/p>\n<p>Tras llegar a su nuevo destino, \u2018Them\u2019 muestra que el racismo en California es mucho m\u00e1s sutil y subyacente, ya que mientras vemos que pueden entrar sin problemas en tiendas y establecimientos comerciales donde son atendidos amablemente y sin ser segregados, a sus espaldas las cosas cambiaban completamente de color.<\/p>\n<p>Ese contraste entre la postura oficial de igualdad racial y el comportamiento real de muchas personas es la que alimenta el odio hacia los reci\u00e9n llegados en los tres \u00e1mbitos en que se mueven, el laboral, el vecinal y el escolar.<\/p>\n<p>El mejor ejemplo lo tenemos en su vecina de enfrente, Betty Wendell, un ama de casa aburrida e infeliz en su matrimonio que estalla en c\u00f3lera al ver la llegada de los primeros negros a su vecindario, por lo que eso puede representar en el futuro de ese barrio, con un hipot\u00e9tico descenso del precio de las casas y la perdida de sus esencias blancas, en un ejercicio de puro racismo.<\/p>\n<p>El choque entre Betty, como la cabecilla del grupo vecinal\u00a0 y Lucky la madre coraje de los Emory va a convertirse en una escalada brutal de hostilidades como pueden comprobar en el siguiente video que describe esa tensi\u00f3n vecinal, en el para\u00edso suburbano angelino.<br \/>\n<iframe loading=\"lazy\" title=\"YouTube video player\" src=\"https:\/\/www.youtube.com\/embed\/rQVs7Dxt6L4\" width=\"560\" height=\"315\" frameborder=\"0\" allowfullscreen=\"allowfullscreen\"><\/iframe><br \/>\nLa entrada de elementos sobrenaturales y terror\u00edficos en esa contienda vecinal va a desequilibrar mucho la balanza pero con consecuencias inesperadas para todos los implicados al no poder controlar las fuerzas que empiezan a actuar mezclando alucinaciones y realidad como es el caso del siguiente video donde vemos que en una aparente actividad como peinar a su hija peque\u00f1a puede suceder lo m\u00e1s inesperado.<br \/>\n<iframe loading=\"lazy\" title=\"YouTube video player\" src=\"https:\/\/www.youtube.com\/embed\/rMV6KC74GeA\" width=\"560\" height=\"315\" frameborder=\"0\" allowfullscreen=\"allowfullscreen\"><\/iframe><br \/>\nPoco a poco se van introduciendo elementos racistas como el denominado \u2018blackface\u2019,\u00a0 el termino que describe cuando un actor blanco se pinta la cara de negro para representar a un personaje de esa raza, presentando incluso la variante del \u2018whiteface\u2019 que significa que un negro se pinta la cara de blanco, buscando una mejor aceptaci\u00f3n.<\/p>\n<p>Una presencia recurrente en las alucinaciones de la figura del padre es un bailar\u00edn de claqu\u00e9 con la cara pintada de negro que le reta continuamente a toda serie de desaf\u00edos.<\/p>\n<p><img loading=\"lazy\" class=\"aligncenter size-full wp-image-14358\" src=\"https:\/\/static-blogs.diariovasco.com\/wp-content\/uploads\/sites\/37\/2021\/05\/destacada.jpeg\" alt=\"\" width=\"1250\" height=\"750\" srcset=\"https:\/\/static-blogs.diariovasco.com\/wp-content\/uploads\/sites\/37\/2021\/05\/destacada.jpeg 1250w, https:\/\/static-blogs.diariovasco.com\/wp-content\/uploads\/sites\/37\/2021\/05\/destacada-300x180.jpeg 300w, https:\/\/static-blogs.diariovasco.com\/wp-content\/uploads\/sites\/37\/2021\/05\/destacada-768x461.jpeg 768w, https:\/\/static-blogs.diariovasco.com\/wp-content\/uploads\/sites\/37\/2021\/05\/destacada-628x377.jpeg 628w\" sizes=\"(max-width: 1250px) 100vw, 1250px\" \/>\u2018Them\u2019 es bastante ambiciosa en su planteamiento al tener una historia personalizada para cada uno de los miembros de la familia Emory, adem\u00e1s de las de la vecina, lo que obliga a tener una cierta paciencia porque va construyendo poco a poco su mitolog\u00eda fant\u00e1stica para ir decantando la balanza del racismo de su primera mitad al terror de la segunda parte, hasta llegar al gran cl\u00edmax final.<\/p>\n<p>No soy un fan\u00e1tico del genero del terror pero me ha gustado mucho el enfoque que han tenido, mezclando ese g\u00e9nero con la denuncia del racismo que sufr\u00eda la poblaci\u00f3n negra incluso en lugares supuestamente igualitarios.<\/p>\n<p>Todas las historias de la familia Emory tienen un gran poso y empaque, pero en cambio flojea bastante en la trama particular de la vecina Betty que poco a poco va desvariando bastante como si fuera una serie paralela sin apenas relaci\u00f3n con su papel inicial y con un desenlace que no me ha convencido en absoluto.<\/p>\n<p>Por el contrario la tensi\u00f3n racial con la familia Emory y la resoluci\u00f3n de la mitolog\u00eda es muy coherente y funciona de una manera muy eficaz, por lo que si son amantes del g\u00e9nero del terror con \u2018Them\u2019 pueden tener una agradable sorpresa.<\/p>\n<p><strong>Los actores:<\/strong> El reparto es un conjunto de actores poco conocidos con solo una excepci\u00f3n, pero lo cierto es que cumplen de forma magn\u00edfica con sus complicados personajes con la curiosidad de tener una pareja de brit\u00e1nicos en los papeles protagonistas.\u00a0 Deborah Ayorinde, nacida en Londres pero criada en los EEUU,\u00a0 hace una desgarradora interpretaci\u00f3n de una madre atormentada por su pasado pero que va a luchar hasta donde sea necesaria para proteger a los suyos.<\/p>\n<p><img loading=\"lazy\" class=\"aligncenter size-full wp-image-14357\" src=\"https:\/\/static-blogs.diariovasco.com\/wp-content\/uploads\/sites\/37\/2021\/05\/debora-ayorinde.jpg\" alt=\"\" width=\"1200\" height=\"600\" srcset=\"https:\/\/static-blogs.diariovasco.com\/wp-content\/uploads\/sites\/37\/2021\/05\/debora-ayorinde.jpg 1200w, https:\/\/static-blogs.diariovasco.com\/wp-content\/uploads\/sites\/37\/2021\/05\/debora-ayorinde-300x150.jpg 300w, https:\/\/static-blogs.diariovasco.com\/wp-content\/uploads\/sites\/37\/2021\/05\/debora-ayorinde-768x384.jpg 768w, https:\/\/static-blogs.diariovasco.com\/wp-content\/uploads\/sites\/37\/2021\/05\/debora-ayorinde-628x314.jpg 628w\" sizes=\"(max-width: 1200px) 100vw, 1200px\" \/><\/p>\n<p>Lucky Emory es el primer papel de importancia para Ayorinde que solo hab\u00eda tenido peque\u00f1os personajes recurrentes en series como \u2018Luke Cage\u2019 o en la 3T de \u2018True detective\u2019 pero en esta ocasi\u00f3n ha tenido una actuaci\u00f3n que puede lanzar una carrera art\u00edstica.<\/p>\n<p>A un nivel similar se encuentra Ashley Thomas, un rapero conocido por su nombre artr\u00edtico Bashy que poco a poco se ha ido reciclando como actor en series como la secuela de \u201824.Legacy\u2019 o en \u2018Top Boy\u2019.<\/p>\n<p><img loading=\"lazy\" class=\"aligncenter size-full wp-image-14363\" src=\"https:\/\/static-blogs.diariovasco.com\/wp-content\/uploads\/sites\/37\/2021\/05\/ashleythomas.jpg\" alt=\"\" width=\"640\" height=\"415\" srcset=\"https:\/\/static-blogs.diariovasco.com\/wp-content\/uploads\/sites\/37\/2021\/05\/ashleythomas.jpg 640w, https:\/\/static-blogs.diariovasco.com\/wp-content\/uploads\/sites\/37\/2021\/05\/ashleythomas-300x195.jpg 300w, https:\/\/static-blogs.diariovasco.com\/wp-content\/uploads\/sites\/37\/2021\/05\/ashleythomas-628x407.jpg 628w\" sizes=\"(max-width: 640px) 100vw, 640px\" \/>Esa experiencia palidece en comparaci\u00f3n a su personaje de Henry Emory que huye del fuego de su pasado para caer en las brasas de su presente y se va a tener que enfrentar a todos sus demonios reales y fant\u00e1sticos.<\/p>\n<p>La cara conocida del reparto, por lo menos en mi caso, es Alison Pill que interpreta a Betty la vecina racista que es la desencadenante de todo el odio del vecindario hacia la familia Emory. Posteriormente interpreta su propia trama alejada del centro neur\u00e1lgico de la serie y bastante mal resuelta, a pesar de su convincente interpretaci\u00f3n como la peligrosa rubia vecinita de al lado.<\/p>\n<p><img loading=\"lazy\" class=\"aligncenter size-full wp-image-14362\" src=\"https:\/\/static-blogs.diariovasco.com\/wp-content\/uploads\/sites\/37\/2021\/05\/allison-pill.jpg\" alt=\"\" width=\"1280\" height=\"720\" srcset=\"https:\/\/static-blogs.diariovasco.com\/wp-content\/uploads\/sites\/37\/2021\/05\/allison-pill.jpg 1280w, https:\/\/static-blogs.diariovasco.com\/wp-content\/uploads\/sites\/37\/2021\/05\/allison-pill-300x169.jpg 300w, https:\/\/static-blogs.diariovasco.com\/wp-content\/uploads\/sites\/37\/2021\/05\/allison-pill-768x432.jpg 768w, https:\/\/static-blogs.diariovasco.com\/wp-content\/uploads\/sites\/37\/2021\/05\/allison-pill-628x353.jpg 628w\" sizes=\"(max-width: 1280px) 100vw, 1280px\" \/><\/p>\n<p>La carrera de Pill es muy interesante desde su revelaci\u00f3n en \u2018En Terapia\u2019 para tener buenos personajes en series importantes como \u2018The Newsroom\u2019, \u2018Star Trek. Picard\u2019 o \u2018Devs\u2019 por lo que este personaje no le va a suponer un salto cualitativo como a sus compa\u00f1eros de reparto.<\/p>\n<p>Por \u00faltimo mencionar la gran interpretaci\u00f3n de las dos ni\u00f1as actrices Shahadi Wright Joseph ( izq) y Melody Hurd ( der) que encarnan a las dos hijas de la familia, la adolescente Ruby Lee y la peque\u00f1aja Gracie con una gran naturalidad poco habitual en dos casi debutantes y con esas edades<\/p>\n<p><img loading=\"lazy\" class=\"aligncenter size-full wp-image-14361\" src=\"https:\/\/static-blogs.diariovasco.com\/wp-content\/uploads\/sites\/37\/2021\/05\/ni\u00f1as.jpg\" alt=\"\" width=\"1300\" height=\"800\" srcset=\"https:\/\/static-blogs.diariovasco.com\/wp-content\/uploads\/sites\/37\/2021\/05\/ni\u00f1as.jpg 1300w, https:\/\/static-blogs.diariovasco.com\/wp-content\/uploads\/sites\/37\/2021\/05\/ni\u00f1as-300x185.jpg 300w, https:\/\/static-blogs.diariovasco.com\/wp-content\/uploads\/sites\/37\/2021\/05\/ni\u00f1as-768x473.jpg 768w, https:\/\/static-blogs.diariovasco.com\/wp-content\/uploads\/sites\/37\/2021\/05\/ni\u00f1as-628x386.jpg 628w\" sizes=\"(max-width: 1300px) 100vw, 1300px\" \/><\/p>\n<p><strong>Ep\u00edlogo:<\/strong> \u2018Them\u2019 est\u00e1 planteada como una serie antol\u00f3gica y mientras la primera ha tenido el subt\u00edtulo de \u2018Covenant\u2019, no sabemos todav\u00eda ni el tema ni el reparto de la 2T que fue encargada por Amazon en el momento de aprobar la serie. Para finalizar les dejo con otra promoci\u00f3n de \u2018Them\u2019 una serie interesante y curiosa por combinar esos dos aspectos del terror y el racismo.<br \/>\n<iframe loading=\"lazy\" title=\"YouTube video player\" src=\"https:\/\/www.youtube.com\/embed\/YULbffrh9aM\" width=\"560\" height=\"315\" frameborder=\"0\" allowfullscreen=\"allowfullscreen\"><\/iframe><br \/>\nEsperamos sus opiniones y comentarios, aqu\u00ed o en nuestra cuenta de twitter (@lmejino). Hasta la pr\u00f3xima<\/p>\n<p>Lorenzo Mejino<\/p>\n<!-- AddThis Advanced Settings generic via filter on the_content --><!-- AddThis Share Buttons generic via filter on the_content -->","protected":false},"excerpt":{"rendered":"<p>El racismo se puede manifestar de muchas maneras tanto de forma directa como latente como suced\u00eda en la representaci\u00f3n de la poblaci\u00f3n negra en las pel\u00edculas de terror, donde siempre eran los primeros en morir en una especie de regla no escrita que era seguida a rajatabla en todas las sagas del g\u00e9nero. Esa tendencia [&hellip;]<!-- AddThis Advanced Settings generic via filter on get_the_excerpt --><!-- AddThis Share Buttons generic via filter on get_the_excerpt --><\/p>\n","protected":false},"author":61,"featured_media":14358,"comment_status":"open","ping_status":"closed","sticky":false,"template":"","format":"standard","meta":[],"categories":[5,7,15,19],"tags":[6596,6598,6597,6595,6594],"_links":{"self":[{"href":"https:\/\/blogs.diariovasco.com\/series-gourmets\/wp-json\/wp\/v2\/posts\/14356"}],"collection":[{"href":"https:\/\/blogs.diariovasco.com\/series-gourmets\/wp-json\/wp\/v2\/posts"}],"about":[{"href":"https:\/\/blogs.diariovasco.com\/series-gourmets\/wp-json\/wp\/v2\/types\/post"}],"author":[{"embeddable":true,"href":"https:\/\/blogs.diariovasco.com\/series-gourmets\/wp-json\/wp\/v2\/users\/61"}],"replies":[{"embeddable":true,"href":"https:\/\/blogs.diariovasco.com\/series-gourmets\/wp-json\/wp\/v2\/comments?post=14356"}],"version-history":[{"count":4,"href":"https:\/\/blogs.diariovasco.com\/series-gourmets\/wp-json\/wp\/v2\/posts\/14356\/revisions"}],"predecessor-version":[{"id":14423,"href":"https:\/\/blogs.diariovasco.com\/series-gourmets\/wp-json\/wp\/v2\/posts\/14356\/revisions\/14423"}],"wp:featuredmedia":[{"embeddable":true,"href":"https:\/\/blogs.diariovasco.com\/series-gourmets\/wp-json\/wp\/v2\/media\/14358"}],"wp:attachment":[{"href":"https:\/\/blogs.diariovasco.com\/series-gourmets\/wp-json\/wp\/v2\/media?parent=14356"}],"wp:term":[{"taxonomy":"category","embeddable":true,"href":"https:\/\/blogs.diariovasco.com\/series-gourmets\/wp-json\/wp\/v2\/categories?post=14356"},{"taxonomy":"post_tag","embeddable":true,"href":"https:\/\/blogs.diariovasco.com\/series-gourmets\/wp-json\/wp\/v2\/tags?post=14356"}],"curies":[{"name":"wp","href":"https:\/\/api.w.org\/{rel}","templated":true}]}}