{"id":14386,"date":"2021-06-07T06:00:32","date_gmt":"2021-06-07T05:00:32","guid":{"rendered":"https:\/\/blogs.diariovasco.com\/series-gourmets\/?p=14386"},"modified":"2021-06-06T09:41:25","modified_gmt":"2021-06-06T08:41:25","slug":"fragile-canada-laetitia-la-mentira-francia-historias-francofonas-con-finales-conocidos","status":"publish","type":"post","link":"https:\/\/blogs.diariovasco.com\/series-gourmets\/2021\/06\/07\/fragile-canada-laetitia-la-mentira-francia-historias-francofonas-con-finales-conocidos\/","title":{"rendered":"Fragile (Canad\u00e1)\/La\u00ebtitia\/ La Mentira  (Francia) : historias franc\u00f3fonas con finales conocidos"},"content":{"rendered":"<p>Los lectores asiduos del blog ya conocen mi querencia por agrupar series que coinciden en el tiempo y que comparten tem\u00e1ticas similares como en el caso de esta ocasi\u00f3n, en que voy a hablarles de tres series de habla francesa y que curiosamente en todas conocemos el final ya sea en la primera escena como en el caso de \u2018Fragile\u2019 o por estar basadas en hechos reales muy medi\u00e1ticos, por lo menos en Francia, como sucede con \u2018La\u00ebtitia\u2019 o \u2018La Mentira\u2019, con nombres importantes delante y detr\u00e1s de la c\u00e1mara.<\/p>\n<p>Por casualidades del destino las tres series se han estrenado recientemente en nuestro pa\u00eds, por lo que no van a tener ning\u00fan problema en visionarlas en las cadenas y plataformas que han apostado por ellas, en esta entrada algo especial sobre la forma en narrar misterios franc\u00f3fonos con un final conocido.<\/p>\n<p><strong>FRAGILE ( QUEBEC): UN MISTERIO PARA DEJARNOS BOQUIABIERTOS.<\/strong><\/p>\n<p><strong>Ficha:<\/strong> Fragile 10 ep 40 min .\u00a0 Sep-nov 2020 . <strong>Idioma:<\/strong> Franc\u00e9s\/ espa\u00f1ol <strong>Cadena:<\/strong> Ici Tou.Tv (CAN)\/ Filmin (E)<\/p>\n<p><img loading=\"lazy\" class=\"aligncenter size-full wp-image-14390\" src=\"https:\/\/static-blogs.diariovasco.com\/wp-content\/uploads\/sites\/37\/2021\/05\/fragile.jpg\" alt=\"\" width=\"1920\" height=\"1080\" srcset=\"https:\/\/static-blogs.diariovasco.com\/wp-content\/uploads\/sites\/37\/2021\/05\/fragile.jpg 1920w, https:\/\/static-blogs.diariovasco.com\/wp-content\/uploads\/sites\/37\/2021\/05\/fragile-300x169.jpg 300w, https:\/\/static-blogs.diariovasco.com\/wp-content\/uploads\/sites\/37\/2021\/05\/fragile-768x432.jpg 768w, https:\/\/static-blogs.diariovasco.com\/wp-content\/uploads\/sites\/37\/2021\/05\/fragile-628x353.jpg 628w\" sizes=\"(max-width: 1920px) 100vw, 1920px\" \/><\/p>\n<p>Dominique Couture y Felix Blanchard son dos j\u00f3venes que mueren en un grave accidente de tr\u00e1fico en un peque\u00f1o pueblo del Quebec. Ambos\u00a0 tienen or\u00edgenes y extracciones muy diferentes y ninguno de sus familiares, amigos y allegados entienden que hac\u00edan los dos juntos en ese veh\u00edculo, como se llegaron a conocer y cual es el tipo de relaci\u00f3n que manten\u00edan.<\/p>\n<p>Con ese punto de partida, \u2018Fragile\u2019 rebobina para mostrarnos desde cinco meses antes del accidente mortal las historias de Dom y Felix y las circunstancias que han provocado ese tr\u00e1gico final.<\/p>\n<p>De esta forma nos presentan a sus familias, a sus novias y a sus amigos para ir completando el rompecabezas del que hemos visto la imagen final, pero sin tener de idea de las piezas que lo componen.<\/p>\n<p>La estructura narrativa es toda una delicia ya que ese juego en diferentes l\u00edneas temporales viene acompa\u00f1ado de unas enormes sorpresas al final de cada cap\u00edtulo, que en alg\u00fan caso puedo asegurar que me dejaron con la boca abierta, ante el riesgo que han tomado y la delicadeza con la que han encajado la historia.<\/p>\n<p>Todos los personajes, incluyendo los dos protagonistas, tienen muchos secretos guardados y sus revelaciones les van acercando a los acontecimientos de la primera escena de la serie.<\/p>\n<p>\u2018Fragile\u2019 ha sido creada por uno de los mejores dramaturgos franco-canadienses Serge Boucher que se hizo muy popular con sus dos primeras series, los misterios psicol\u00f3gicos \u2018Aveux\u2019 y sobre todo la genial\u00a0 \u2018Apparences\u2019 y que se ha superado gracias a la inestimable colaboraci\u00f3n de los dos actores protagonistas, Marc-Andr\u00e9 Grondin ( der) como Felix y Pier-Luc Funk como Dom.<\/p>\n<p><img loading=\"lazy\" class=\"aligncenter size-full wp-image-14388\" src=\"https:\/\/static-blogs.diariovasco.com\/wp-content\/uploads\/sites\/37\/2021\/05\/protagonistas.jpg\" alt=\"\" width=\"600\" height=\"600\" srcset=\"https:\/\/static-blogs.diariovasco.com\/wp-content\/uploads\/sites\/37\/2021\/05\/protagonistas.jpg 600w, https:\/\/static-blogs.diariovasco.com\/wp-content\/uploads\/sites\/37\/2021\/05\/protagonistas-150x150.jpg 150w, https:\/\/static-blogs.diariovasco.com\/wp-content\/uploads\/sites\/37\/2021\/05\/protagonistas-300x300.jpg 300w\" sizes=\"(max-width: 600px) 100vw, 600px\" \/>En este caso tengo que reconocer que no conoc\u00eda la serie hasta que me enter\u00e9 con un mes de antelaci\u00f3n que Filmin la hab\u00eda adquirido para emitirla en Espa\u00f1a, por lo que me apresur\u00e9 a verla antes de su estreno y tengo que reconocer que ha sido toda una sorpresa y que me consta que ha sido refrendada por unas cifras sorprendentes de audiencia para una humilde serie del Quebec.<br \/>\n<iframe loading=\"lazy\" title=\"YouTube video player\" src=\"https:\/\/www.youtube.com\/embed\/fVLWUhnPHzA\" width=\"560\" height=\"315\" frameborder=\"0\" allowfullscreen=\"allowfullscreen\"><\/iframe><\/p>\n<p><strong>LA\u00cbTITIA . UN CASO REAL DONDE INTERVINO HASTA NICHOLAS SARKOZY<\/strong><\/p>\n<p><strong>Ficha:<\/strong> La\u00ebtitia 6 ep 50 min .\u00a0Sep 2020. <strong>Idioma:<\/strong> Franc\u00e9s\/ espa\u00f1ol <strong>Cadena:<\/strong> France 2 (F)\/ Filmin (E)<\/p>\n<p><strong><img loading=\"lazy\" class=\"aligncenter size-full wp-image-14387\" src=\"https:\/\/static-blogs.diariovasco.com\/wp-content\/uploads\/sites\/37\/2021\/05\/laetitia.jpg\" alt=\"\" width=\"3000\" height=\"2000\" srcset=\"https:\/\/static-blogs.diariovasco.com\/wp-content\/uploads\/sites\/37\/2021\/05\/laetitia.jpg 3000w, https:\/\/static-blogs.diariovasco.com\/wp-content\/uploads\/sites\/37\/2021\/05\/laetitia-300x200.jpg 300w, https:\/\/static-blogs.diariovasco.com\/wp-content\/uploads\/sites\/37\/2021\/05\/laetitia-768x512.jpg 768w, https:\/\/static-blogs.diariovasco.com\/wp-content\/uploads\/sites\/37\/2021\/05\/laetitia-628x419.jpg 628w\" sizes=\"(max-width: 3000px) 100vw, 3000px\" \/><\/strong><\/p>\n<p><strong>La trama :<\/strong><br \/>\nLa\u00ebtitia Perrais es una joven de dieciocho a\u00f1os que desaparece misteriosamente en un poblaci\u00f3n costera del oeste de Francia, cercana a Nantes, un d\u00eda de enero de 2011,\u00a0 encontrando su moto abandonada a escasos cincuenta metros de la puerta de su casa<\/p>\n<p>Las autoridades inician una b\u00fasqueda fren\u00e9tica de La\u00ebtitia, con la ayuda de sus familiares y en especial de su hermana melliza Jessica, con la que ha compartido una infancia y una adolescencia de lo m\u00e1s complicada por los problemas conyugales de sus padres, con numerosos episodios de violencia dom\u00e9stica que acabaron con las chicas en diversos hogares de acogida.<\/p>\n<p>El caso va creciendo como la espuma hasta llegar a la intervenci\u00f3n directa del mismo presidente de la rep\u00fablica Nicholas Sarkozy, desplazado al lugar de los hechos para presionar en la investigaci\u00f3n policial para conocer el paradero de La\u00ebtitia lo m\u00e1s r\u00e1pidamente posible, en un caso que acapar\u00f3 todas las portadas de ese a\u00f1o 2011.<\/p>\n<p>\u2018La\u00ebtitia\u2019 tiene un tono a mitad de camino del true-crime y de la ficci\u00f3n televisiva, como corresponde a la trayectoria de su creador Jean-Xavier de Lestrade que con su obra \u2018The Staircase\u2019 hizo el primer gran true-crime de la historia televisiva, tras\u00a0 ganar el Oscar al mejor documental en 2002 con \u2018Un culpable ideal\u2019.<\/p>\n<p>Lestrade no juega en ning\u00fan momento con el espectador y de hecho conocemos bastante r\u00e1pido el destino de La\u00ebtitia y el responsable del mismo, por lo que se dedica a mostrarnos todos los detalles de la vida de La\u00ebtitia y de su hermana gemela, para poder entender mejor el contexto de la vida de ambas chicas, con un tono m\u00e1s documentalista y realista que los habituales polares franceses, en especial durante las tareas de b\u00fasqueda.<\/p>\n<p><img loading=\"lazy\" class=\"aligncenter size-full wp-image-14392\" src=\"https:\/\/static-blogs.diariovasco.com\/wp-content\/uploads\/sites\/37\/2021\/05\/busqueda.png\" alt=\"\" width=\"900\" height=\"506\" srcset=\"https:\/\/static-blogs.diariovasco.com\/wp-content\/uploads\/sites\/37\/2021\/05\/busqueda.png 900w, https:\/\/static-blogs.diariovasco.com\/wp-content\/uploads\/sites\/37\/2021\/05\/busqueda-300x169.png 300w, https:\/\/static-blogs.diariovasco.com\/wp-content\/uploads\/sites\/37\/2021\/05\/busqueda-768x432.png 768w, https:\/\/static-blogs.diariovasco.com\/wp-content\/uploads\/sites\/37\/2021\/05\/busqueda-628x353.png 628w\" sizes=\"(max-width: 900px) 100vw, 900px\" \/><\/p>\n<p>Su minuciosidad y el retrato de esas dos mellizas que no han tenido mucha suerte en la vida son las mejores bazas para quedar atrapados no tanto en el propio misterio sino en la forma de contarlo, como pueden comprobar en Filmin que la acaba de estrenar hace dos semanas en nuestro pa\u00eds<\/p>\n<p>Este fue el tr\u00e1iler de su estreno franc\u00e9s<br \/>\n<iframe loading=\"lazy\" title=\"YouTube video player\" src=\"https:\/\/www.youtube.com\/embed\/chWcUooH_Hs\" width=\"560\" height=\"315\" frameborder=\"0\" allowfullscreen=\"allowfullscreen\"><\/iframe><\/p>\n<p><strong>LA MENTIRA ( FRANCIA). LAS DUDAS SOBER LAS GRAVES ACUSACIONES DE UN NI\u00d1O<\/strong><\/p>\n<p><strong>Ficha:<\/strong> La Mentira\/ La mensonge 4 ep 50 min .Oct 2020 . <strong>Cadena:<\/strong> France 2 (F)\/Cosmopolitan ( E)<\/p>\n<p><strong><img loading=\"lazy\" class=\"aligncenter size-full wp-image-14389\" src=\"https:\/\/static-blogs.diariovasco.com\/wp-content\/uploads\/sites\/37\/2021\/05\/abuelo-ni\u00f1o.png\" alt=\"\" width=\"850\" height=\"478\" srcset=\"https:\/\/static-blogs.diariovasco.com\/wp-content\/uploads\/sites\/37\/2021\/05\/abuelo-ni\u00f1o.png 850w, https:\/\/static-blogs.diariovasco.com\/wp-content\/uploads\/sites\/37\/2021\/05\/abuelo-ni\u00f1o-300x169.png 300w, https:\/\/static-blogs.diariovasco.com\/wp-content\/uploads\/sites\/37\/2021\/05\/abuelo-ni\u00f1o-768x432.png 768w, https:\/\/static-blogs.diariovasco.com\/wp-content\/uploads\/sites\/37\/2021\/05\/abuelo-ni\u00f1o-628x353.png 628w\" sizes=\"(max-width: 850px) 100vw, 850px\" \/><\/strong><\/p>\n<p><strong>La trama :<\/strong> Claude Arbona es el alcalde de Castel-sur-Mer, una localidad costera de la Costa Azul francesa, m\u00e9dico de profesi\u00f3n, es una persona querida y respetada en su poblaci\u00f3n hasta el punto que est\u00e1 calibrando la posibilidad de presentarse a senador por su circunscripci\u00f3n.<\/p>\n<p>Todo ese mundo se derrumba cuando su nieto le acusa de haberle violado en repetidas ocasiones cuando su abuelo le cuidaba, lo que hace que sea detenido y tenga que pasar por un calvario judicial para intentar probar su inocencia frente al testimonio firme de su nieto, con el apoyo de su padre que no tiene precisamente una gran relaci\u00f3n con el alcalde.<\/p>\n<p>\u2018La mentira\u2019 est\u00e1 basada en el caso real de Christian Iacono, el alcalde de la poblaci\u00f3n de Vence en los Alpes Mar\u00edtimos franceses que fue acusado por su nieto de violaci\u00f3n, lo que revolucion\u00f3 los medios de comunicaci\u00f3n franceses de principios de\u00a0 este siglo.<\/p>\n<p>Su creador Vincent Garecq ha tenido el acierto de huir del sensacionalismo y la casquer\u00eda emocional, para mostrar desde el principio una duda razonable sobre si el abuelo ha sido capaz de violar su nieto, en un claro caso de una palabra contra la otra sin testigos que pudieran corroborarlo.<\/p>\n<p>En este tipo de historias la elecci\u00f3n del actor protagonista supone un gran porcentaje de la credibilidad de la historia y la elecci\u00f3n del ilustre Daniel Auteil para encarnar a Claude Arbona, le da una enorme verosimilitud a su personaje, en especial al mostrar su desesperaci\u00f3n\u00a0 y su\u00a0 impotencia para demostrar su inocencia que clama a los cuatro vientos.<\/p>\n<p><img loading=\"lazy\" class=\"aligncenter size-full wp-image-14391\" src=\"https:\/\/static-blogs.diariovasco.com\/wp-content\/uploads\/sites\/37\/2021\/05\/la-mentira.jpg\" alt=\"\" width=\"1123\" height=\"624\" srcset=\"https:\/\/static-blogs.diariovasco.com\/wp-content\/uploads\/sites\/37\/2021\/05\/la-mentira.jpg 1123w, https:\/\/static-blogs.diariovasco.com\/wp-content\/uploads\/sites\/37\/2021\/05\/la-mentira-300x167.jpg 300w, https:\/\/static-blogs.diariovasco.com\/wp-content\/uploads\/sites\/37\/2021\/05\/la-mentira-768x427.jpg 768w, https:\/\/static-blogs.diariovasco.com\/wp-content\/uploads\/sites\/37\/2021\/05\/la-mentira-628x349.jpg 628w\" sizes=\"(max-width: 1123px) 100vw, 1123px\" \/>En este caso, tenemos una cierta ventaja sobre los espectadores franceses ya que no es un caso muy conocido en nuestro pa\u00eds, por lo que el desenlace final nos puede sorprender, aunque debo a\u00f1adir que no ha sido lo mejor al cerrarlo un poco apresuradamente y sin la minuciosidad que hab\u00eda seguido el caso hasta ese momento. De todas formas,\u00a0 eso no empa\u00f1a el valor de una historia de apenas cuatro episodios y que solo por ver a Daniel Auteil, ya merece absolutamente la pena.<\/p>\n<p><iframe loading=\"lazy\" title=\"YouTube video player\" src=\"https:\/\/www.youtube.com\/embed\/38OUoqzbqa0\" width=\"560\" height=\"315\" frameborder=\"0\" allowfullscreen=\"allowfullscreen\"><\/iframe><\/p>\n<p><strong>Epilogo<\/strong> :Hoy hemos presentado tres apuestas bastante ambiciosas y todas ellas con un marchamo de calidad, en especial \u2018Fragile\u2019 por lo que ya disponen de munici\u00f3n franc\u00f3fona para las pr\u00f3ximas semanas para ir practicando el idioma de Moliere en sus diferentes variantes ling\u00fc\u00edsticas.<\/p>\n<p>Esperamos sus opiniones y comentarios, aqu\u00ed o en nuestra cuenta de twitter (@lmejino). Hasta la pr\u00f3xima<\/p>\n<p>Lorenzo Mejino<\/p>\n<!-- AddThis Advanced Settings generic via filter on the_content --><!-- AddThis Share Buttons generic via filter on the_content -->","protected":false},"excerpt":{"rendered":"<p>Los lectores asiduos del blog ya conocen mi querencia por agrupar series que coinciden en el tiempo y que comparten tem\u00e1ticas similares como en el caso de esta ocasi\u00f3n, en que voy a hablarles de tres series de habla francesa y que curiosamente en todas conocemos el final ya sea en la primera escena como [&hellip;]<!-- AddThis Advanced Settings generic via filter on get_the_excerpt --><!-- AddThis Share Buttons generic via filter on get_the_excerpt --><\/p>\n","protected":false},"author":61,"featured_media":14390,"comment_status":"open","ping_status":"closed","sticky":false,"template":"","format":"standard","meta":[],"categories":[5,28,10,12,17],"tags":[6610,6606,6612,6609,6608,6607,6611],"_links":{"self":[{"href":"https:\/\/blogs.diariovasco.com\/series-gourmets\/wp-json\/wp\/v2\/posts\/14386"}],"collection":[{"href":"https:\/\/blogs.diariovasco.com\/series-gourmets\/wp-json\/wp\/v2\/posts"}],"about":[{"href":"https:\/\/blogs.diariovasco.com\/series-gourmets\/wp-json\/wp\/v2\/types\/post"}],"author":[{"embeddable":true,"href":"https:\/\/blogs.diariovasco.com\/series-gourmets\/wp-json\/wp\/v2\/users\/61"}],"replies":[{"embeddable":true,"href":"https:\/\/blogs.diariovasco.com\/series-gourmets\/wp-json\/wp\/v2\/comments?post=14386"}],"version-history":[{"count":5,"href":"https:\/\/blogs.diariovasco.com\/series-gourmets\/wp-json\/wp\/v2\/posts\/14386\/revisions"}],"predecessor-version":[{"id":14451,"href":"https:\/\/blogs.diariovasco.com\/series-gourmets\/wp-json\/wp\/v2\/posts\/14386\/revisions\/14451"}],"wp:featuredmedia":[{"embeddable":true,"href":"https:\/\/blogs.diariovasco.com\/series-gourmets\/wp-json\/wp\/v2\/media\/14390"}],"wp:attachment":[{"href":"https:\/\/blogs.diariovasco.com\/series-gourmets\/wp-json\/wp\/v2\/media?parent=14386"}],"wp:term":[{"taxonomy":"category","embeddable":true,"href":"https:\/\/blogs.diariovasco.com\/series-gourmets\/wp-json\/wp\/v2\/categories?post=14386"},{"taxonomy":"post_tag","embeddable":true,"href":"https:\/\/blogs.diariovasco.com\/series-gourmets\/wp-json\/wp\/v2\/tags?post=14386"}],"curies":[{"name":"wp","href":"https:\/\/api.w.org\/{rel}","templated":true}]}}