{"id":15142,"date":"2021-11-01T06:00:20","date_gmt":"2021-11-01T05:00:20","guid":{"rendered":"https:\/\/blogs.diariovasco.com\/series-gourmets\/?p=15142"},"modified":"2021-10-31T10:15:34","modified_gmt":"2021-10-31T09:15:34","slug":"radebank-noruega-la-inmadurez-prolongada-en-el-tiempo","status":"publish","type":"post","link":"https:\/\/blogs.diariovasco.com\/series-gourmets\/2021\/11\/01\/radebank-noruega-la-inmadurez-prolongada-en-el-tiempo\/","title":{"rendered":"R\u00e5debank (Noruega): la inmadurez prolongada en el tiempo"},"content":{"rendered":"<p>No es sencillo elegir entre todas las propuestas que se estrenan en todo el firmamento mundial televisivo, pero una buena fuente de selecci\u00f3n que me gusta utilizar son los premios televisivos nacionales al ponerme sobre la pista de series como la noruega \u2018R\u00e5debank\u2019 que acaba de ganar el Gullrutten ( el Emmy noruego) a la mejor serie hace pocas semanas, por lo que entr\u00f3 definitivamente en mi radar.<\/p>\n<p>La escuela de<a href=\"https:\/\/serielizados.com\/las-hijas-de-skam\/\" rel=\"external nofollow\"> \u2018Skam\u2019<\/a> sigue perfectamente vigente en las propuestas de la televisi\u00f3n p\u00fablica noruega buscando historias cercanas a los segmentos m\u00e1s j\u00f3venes de la poblaci\u00f3n, ya sea con comedias juveniles como \u2018Lovleg\u2019 o con dramas costumbristas como en el caso de \u2018R\u00e5debank\u2019 centrada en un joven veintea\u00f1ero G.T con graves problemas de madurez al entrar en una grave crisis tras cortar con su novia de toda la vida.<\/p>\n<p><img loading=\"lazy\" class=\"aligncenter size-full wp-image-15146\" src=\"https:\/\/static-blogs.diariovasco.com\/wp-content\/uploads\/sites\/37\/2021\/10\/destacada-6.jpg\" alt=\"\" width=\"1920\" height=\"1080\" srcset=\"https:\/\/static-blogs.diariovasco.com\/wp-content\/uploads\/sites\/37\/2021\/10\/destacada-6.jpg 1920w, https:\/\/static-blogs.diariovasco.com\/wp-content\/uploads\/sites\/37\/2021\/10\/destacada-6-300x169.jpg 300w, https:\/\/static-blogs.diariovasco.com\/wp-content\/uploads\/sites\/37\/2021\/10\/destacada-6-768x432.jpg 768w, https:\/\/static-blogs.diariovasco.com\/wp-content\/uploads\/sites\/37\/2021\/10\/destacada-6-628x353.jpg 628w\" sizes=\"(max-width: 1920px) 100vw, 1920px\" \/><strong>Ficha:<\/strong> R\u00e5debank 16 ep 25 min .\u00a0\u00a0Mar 2020-. <strong>Idioma:<\/strong> noruego <strong>Cadena:<\/strong> NRK ( N) \/ in\u00e9dita en Espa\u00f1a<\/p>\n<p><strong>La trama :<\/strong> Glenn-Tore ( G.T.) Klevstul es un joven veintea\u00f1ero completamente apasionado por los coches y que trabaja en un taller mec\u00e1nico del pueblo de B\u00f8 a unos 100 km al oeste de Oslo, en plena regi\u00f3n del Telemark noruego,<\/p>\n<p>Su vida placentera con sus amigos y sus coches en su pueblo se ve completamente trastocada cuando su novia y amor de toda la vida Ine ( la encantadora\u00a0Mathilde Thomine Hummervoll Storm ) , decide cortar su relaci\u00f3n para irse a estudiar enfermer\u00eda a Porsgrunn a unos setenta kil\u00f3metros de su pueblo natal, dejando a G.T. completamente desolado, por lo que va a hacer todo lo que sea necesario para intentar reconquistarla.<\/p>\n<p><img loading=\"lazy\" class=\"aligncenter size-full wp-image-15144\" src=\"https:\/\/static-blogs.diariovasco.com\/wp-content\/uploads\/sites\/37\/2021\/10\/novieta.jpg\" alt=\"\" width=\"1920\" height=\"1080\" srcset=\"https:\/\/static-blogs.diariovasco.com\/wp-content\/uploads\/sites\/37\/2021\/10\/novieta.jpg 1920w, https:\/\/static-blogs.diariovasco.com\/wp-content\/uploads\/sites\/37\/2021\/10\/novieta-300x169.jpg 300w, https:\/\/static-blogs.diariovasco.com\/wp-content\/uploads\/sites\/37\/2021\/10\/novieta-768x432.jpg 768w, https:\/\/static-blogs.diariovasco.com\/wp-content\/uploads\/sites\/37\/2021\/10\/novieta-628x353.jpg 628w\" sizes=\"(max-width: 1920px) 100vw, 1920px\" \/>\u2018R\u00e5debank\u2019 desarrolla de una forma sutil y muy inteligente esa inmadurez de G.T. que es incapaz de aceptar que las personas de su entorno no bailen a su son y cuando su novia Ine se independiza, coge una rabieta de ni\u00f1o mal criado, que no hace m\u00e1s que dejar rienda suelta a su masculinidad t\u00f3xica con sus amigas del grupo y otras chicas del pueblo.<\/p>\n<p><img loading=\"lazy\" class=\"aligncenter size-full wp-image-15143\" src=\"https:\/\/static-blogs.diariovasco.com\/wp-content\/uploads\/sites\/37\/2021\/10\/grupo-de-colegas.jpg\" alt=\"\" width=\"1900\" height=\"1267\" srcset=\"https:\/\/static-blogs.diariovasco.com\/wp-content\/uploads\/sites\/37\/2021\/10\/grupo-de-colegas.jpg 1900w, https:\/\/static-blogs.diariovasco.com\/wp-content\/uploads\/sites\/37\/2021\/10\/grupo-de-colegas-300x200.jpg 300w, https:\/\/static-blogs.diariovasco.com\/wp-content\/uploads\/sites\/37\/2021\/10\/grupo-de-colegas-768x512.jpg 768w, https:\/\/static-blogs.diariovasco.com\/wp-content\/uploads\/sites\/37\/2021\/10\/grupo-de-colegas-628x419.jpg 628w\" sizes=\"(max-width: 1900px) 100vw, 1900px\" \/>Su creadora Linn-Jeanethe Kyed fue una de las guionistas principales de <a href=\"https:\/\/blogs.diariovasco.com\/series-gourmets\/2018\/05\/07\/heimebane-noruega-un-alegato-magistral-contra-el-machismo-en-el-futbol\/\">\u2018Heimebane\u2019<\/a> y en esta ocasi\u00f3n ha querido captar la atm\u00f3sfera opresiva de los peque\u00f1os pueblos rurales noruegos, donde el culto a los coches es la principal actividad de muchos de los j\u00f3venes que deciden abandonar los estudios y buscarse la vida en su pueblo. De hecho el t\u00edtulo noruego de la serie \u2018 R\u00e5debank\u2019 es el nombre de los cojinetes de los coches que repara el protagonista \u2018G.T\u2019.<\/p>\n<p>La autora no presenta de una forma amable a su protagonista G.T., pero\u00a0 no duda\u00a0 en compensar sus aspectos negativos\u00a0 con otros m\u00e1s positivos causados por esa inmadurez que le impide hacerse responsable de sus actos tanto profesionales como personales, a pesar de que sus amigos intentan ayudarle en la medida de lo posible, como muestran en el tr\u00e1iler de la primera temporada.<br \/>\n<iframe loading=\"lazy\" title=\"YouTube video player\" src=\"https:\/\/www.youtube.com\/embed\/v473U_ah7K4\" width=\"560\" height=\"315\" frameborder=\"0\" allowfullscreen=\"allowfullscreen\"><\/iframe><br \/>\nLa estrella absoluta de la serie es Odin Waage, uno de los mejores actores juveniles noruegos desde su primer papel protagonista en<a href=\"https:\/\/blogs.diariovasco.com\/series-gourmets\/2015\/05\/25\/oyevitne-testigo-ocular-dos-chavales-inocentes-y-un-abyecto-crimen\/\"> \u2018\u00d8yevitne\u2019<\/a> que est\u00e1 magnifico como el desbordado \u2018G.T.\u2019 enredado en una especie de arenas movedizas personales en las que cada acci\u00f3n que realiza le hunden todav\u00eda m\u00e1s en su crisis personal.<\/p>\n<p><img loading=\"lazy\" class=\"aligncenter size-full wp-image-15145\" src=\"https:\/\/static-blogs.diariovasco.com\/wp-content\/uploads\/sites\/37\/2021\/10\/odin-waage.jpg\" alt=\"\" width=\"2000\" height=\"1333\" srcset=\"https:\/\/static-blogs.diariovasco.com\/wp-content\/uploads\/sites\/37\/2021\/10\/odin-waage.jpg 2000w, https:\/\/static-blogs.diariovasco.com\/wp-content\/uploads\/sites\/37\/2021\/10\/odin-waage-300x200.jpg 300w, https:\/\/static-blogs.diariovasco.com\/wp-content\/uploads\/sites\/37\/2021\/10\/odin-waage-768x512.jpg 768w, https:\/\/static-blogs.diariovasco.com\/wp-content\/uploads\/sites\/37\/2021\/10\/odin-waage-628x419.jpg 628w\" sizes=\"(max-width: 2000px) 100vw, 2000px\" \/>Aunque su primera temporada fue buena, en la segunda entrega ha subido mucho el nivel gracias a la entrada en la trama principal del padre de G.T. Arvid, interpretado por el gran Sven Nordin ( <a href=\"https:\/\/blogs.diariovasco.com\/series-gourmets\/2017\/03\/06\/valkyrien-noruega-montar-una-clinica-clandestina-en-el-subsuelo-de-oslo\/\">Valkyrien<\/a>, Wisting) que tiene una complicad\u00edsima relaci\u00f3n con su hijo lo que enriquece mucho m\u00e1s sus tramas personales.<\/p>\n<p>El resultado de esa subida de nivel ha sido arrasar con siete galardones de los premios Gullruten 2021, ganando todos los premios principales, adem\u00e1s de cuatro nominaciones m\u00e1s, lo que no deja de ser una prueba fehaciente de la enorme aceptaci\u00f3n popular que ha tenido \u2018 R\u00e5debank\u2019 en su pa\u00eds, batiendo r\u00e9cords de audiencia en su segunda entrega y que personalmente me ha parecido una peque\u00f1a joya.<\/p>\n<p>Por ahora no me consta que ninguna plataforma haya adquirido sus derechos, pero no me extra\u00f1ar\u00eda que con ese salto de calidad que ha tenido en su segunda entrega acabe llegando a nuestro pa\u00eds por cualquier resquicio de las plataformas existentes.<\/p>\n<p>Para cerrar les dejo con el tr\u00e1iler del estreno de su 2T a principios de 2021.<br \/>\n<iframe loading=\"lazy\" src=\"https:\/\/player.vimeo.com\/video\/515320738?h=3a6dc1cbc4&amp;title=0&amp;byline=0&amp;portrait=0\" width=\"640\" height=\"360\" frameborder=\"0\" allowfullscreen=\"allowfullscreen\"><\/iframe><\/p>\n<p>Esperamos sus opiniones y comentarios, aqu\u00ed o en nuestra cuenta de twitter (@lmejino). Hasta la pr\u00f3xima<\/p>\n<p>Lorenzo Mejino<\/p>\n<!-- AddThis Advanced Settings generic via filter on the_content --><!-- AddThis Share Buttons generic via filter on the_content -->","protected":false},"excerpt":{"rendered":"<p>No es sencillo elegir entre todas las propuestas que se estrenan en todo el firmamento mundial televisivo, pero una buena fuente de selecci\u00f3n que me gusta utilizar son los premios televisivos nacionales al ponerme sobre la pista de series como la noruega \u2018R\u00e5debank\u2019 que acaba de ganar el Gullrutten ( el Emmy noruego) a la [&hellip;]<!-- AddThis Advanced Settings generic via filter on get_the_excerpt --><!-- AddThis Share Buttons generic via filter on get_the_excerpt --><\/p>\n","protected":false},"author":61,"featured_media":15146,"comment_status":"open","ping_status":"closed","sticky":false,"template":"","format":"standard","meta":[],"categories":[5,28,9,17],"tags":[6947,6949,6948,6946],"_links":{"self":[{"href":"https:\/\/blogs.diariovasco.com\/series-gourmets\/wp-json\/wp\/v2\/posts\/15142"}],"collection":[{"href":"https:\/\/blogs.diariovasco.com\/series-gourmets\/wp-json\/wp\/v2\/posts"}],"about":[{"href":"https:\/\/blogs.diariovasco.com\/series-gourmets\/wp-json\/wp\/v2\/types\/post"}],"author":[{"embeddable":true,"href":"https:\/\/blogs.diariovasco.com\/series-gourmets\/wp-json\/wp\/v2\/users\/61"}],"replies":[{"embeddable":true,"href":"https:\/\/blogs.diariovasco.com\/series-gourmets\/wp-json\/wp\/v2\/comments?post=15142"}],"version-history":[{"count":4,"href":"https:\/\/blogs.diariovasco.com\/series-gourmets\/wp-json\/wp\/v2\/posts\/15142\/revisions"}],"predecessor-version":[{"id":15203,"href":"https:\/\/blogs.diariovasco.com\/series-gourmets\/wp-json\/wp\/v2\/posts\/15142\/revisions\/15203"}],"wp:featuredmedia":[{"embeddable":true,"href":"https:\/\/blogs.diariovasco.com\/series-gourmets\/wp-json\/wp\/v2\/media\/15146"}],"wp:attachment":[{"href":"https:\/\/blogs.diariovasco.com\/series-gourmets\/wp-json\/wp\/v2\/media?parent=15142"}],"wp:term":[{"taxonomy":"category","embeddable":true,"href":"https:\/\/blogs.diariovasco.com\/series-gourmets\/wp-json\/wp\/v2\/categories?post=15142"},{"taxonomy":"post_tag","embeddable":true,"href":"https:\/\/blogs.diariovasco.com\/series-gourmets\/wp-json\/wp\/v2\/tags?post=15142"}],"curies":[{"name":"wp","href":"https:\/\/api.w.org\/{rel}","templated":true}]}}