{"id":15173,"date":"2021-11-05T06:00:27","date_gmt":"2021-11-05T05:00:27","guid":{"rendered":"https:\/\/blogs.diariovasco.com\/series-gourmets\/?p=15173"},"modified":"2021-11-04T11:20:09","modified_gmt":"2021-11-04T10:20:09","slug":"viaje-al-fondo-del-mar-un-submarino-como-protagonista-absoluto","status":"publish","type":"post","link":"https:\/\/blogs.diariovasco.com\/series-gourmets\/2021\/11\/05\/viaje-al-fondo-del-mar-un-submarino-como-protagonista-absoluto\/","title":{"rendered":"Viaje al fondo del mar: un submarino como protagonista absoluto"},"content":{"rendered":"<p>Hoy ha llegado el turno de cerrar la tetralog\u00eda de series de corte fant\u00e1stico creadas por Irvin Allen en los a\u00f1os sesenta, con el an\u00e1lisis de \u2018Viaje al Fondo del mar\u2019 su primer gran \u00e9xito y que le abri\u00f3 las puertas para que posteriormente se estrenaran <a href=\"https:\/\/blogs.diariovasco.com\/series-gourmets\/2018\/03\/02\/perdidos-en-el-espacio-colonizar-el-espacio-antes-de-llegar-a-la-luna\/\">\u2018 Perdidos en el espacio\u2019<\/a> , <a href=\"https:\/\/blogs.diariovasco.com\/series-gourmets\/2015\/02\/27\/el-tunel-del-tiempo-una-de-las-fuentes-de-inspiracion-de-el-ministerio-del-tiempo\/\">\u2018El t\u00fanel del tiempo\u2019<\/a> y finalmente <a href=\"https:\/\/blogs.diariovasco.com\/series-gourmets\/2021\/09\/24\/tierra-de-gigantes-aventuras-en-una-realidad-muy-aumentada\/\">\u2018Tierra de Gigantes\u2019<\/a> de todas las cuales ya he podido hablarles en el blog y que conforman esa tetralog\u00eda.<\/p>\n<p>Inspirada en una pel\u00edcula inicial con el mismo nombre que tuvo un relativo \u00e9xito, \u2018Viaje al fondo del mar\u2019 nos permit\u00eda viajar cada semana a bordo del submarino Seaview y enfrentarnos a todo tipo de misiones y peligros, desde las tramas de espionaje de la guerra fr\u00eda con malvados enemigos comunistas hasta invasiones extraterrestres pasando por monstruos abisales, sacando petr\u00f3leo de los reducidos presupuestos televisivos de la \u00e9poca.<\/p>\n<p>Su emisi\u00f3n nacional en la televisi\u00f3n \u00fanica de la \u00e9poca, fue todo un acontecimiento que todav\u00eda perdura en la mente de las personas que la pudieron ver en su momento como voy a recordarles en este nuevo pre\u00e1mbulo del fin de semana.<\/p>\n<p><img loading=\"lazy\" class=\"aligncenter size-full wp-image-15174\" src=\"https:\/\/static-blogs.diariovasco.com\/wp-content\/uploads\/sites\/37\/2021\/10\/general-5.jpg\" alt=\"\" width=\"1053\" height=\"1500\" srcset=\"https:\/\/static-blogs.diariovasco.com\/wp-content\/uploads\/sites\/37\/2021\/10\/general-5.jpg 1053w, https:\/\/static-blogs.diariovasco.com\/wp-content\/uploads\/sites\/37\/2021\/10\/general-5-211x300.jpg 211w, https:\/\/static-blogs.diariovasco.com\/wp-content\/uploads\/sites\/37\/2021\/10\/general-5-768x1094.jpg 768w, https:\/\/static-blogs.diariovasco.com\/wp-content\/uploads\/sites\/37\/2021\/10\/general-5-441x628.jpg 441w\" sizes=\"(max-width: 1053px) 100vw, 1053px\" \/><\/p>\n<p><strong>Ficha:<\/strong> Viaje al fondo del mar (Voyage to the bottom of the sea) 110 episodios ( 4T) \u00a0\u00a0 Sep 1964- Mar 1968 <strong>Cadena:<\/strong> ABC (USA) La 1 (E)<\/p>\n<p><strong>Sinopsis:<\/strong>\u00a0 El submarino ultramoderno Seaview es un pilar fundamental en la defensa de los EEUU, mucho m\u00e1s all\u00e1 de su tapadera de nave de investigaci\u00f3n marina. Al frente de la tripulaci\u00f3n se encuentra su dise\u00f1ador y constructor el almirante Harriman Nelson y el comandante Lee Crane, encargado de capitanear su experta tripulaci\u00f3n de marineros, dispuestos a enfrentarse a todo tipo de peligros por las profundidades de los siete mares.<\/p>\n<p><strong>El inicio:<\/strong> Irwin Allen fue uno de los productores televisivos y cinematogr\u00e1ficos mas importantes en las d\u00e9cadas de los sesenta y setenta. Allen inici\u00f3 su carrera cinematogr\u00e1fica como director de pel\u00edculas fant\u00e1sticas y de monstruos\u00a0 de serie B en los a\u00f1os cincuenta, ideales para ver en los auto-cines de la \u00e9poca en sesiones dobles.<\/p>\n<p>Entre ellas se cuenta \u201cViaje al Fondo del Mar\u201d en 1961 interpretada por Walter Pidgeon y\u00a0 Robert Sterling en los papeles principales, con el submarino enfrent\u00e1ndose a la inminente llegada de un meteoro a la tierra, siendo la \u00fanica esperanza para salvar a la tierra, como muestran en el tr\u00e1iler de su estreno.<\/p>\n<p><iframe loading=\"lazy\" title=\"YouTube video player\" src=\"https:\/\/www.youtube.com\/embed\/h4fOHsL9d2s\" width=\"560\" height=\"315\" frameborder=\"0\" allowfullscreen=\"allowfullscreen\"><\/iframe><\/p>\n<p>El \u00e9xito que tuvo la pel\u00edcula despert\u00f3 el inter\u00e9s de los ejecutivos de la cadena ABC para hacer una versi\u00f3n televisiva de esas aventuras de un submarino, a lo que Irwin Allen accedi\u00f3 encantado, cambiando la premisa de la pel\u00edcula, para iniciar la historia con la botadura del \u2018Seaview\u2019, presentando\u00a0 su base secreta de operaciones y a su tripulaci\u00f3n.<\/p>\n<p><img loading=\"lazy\" class=\"aligncenter size-full wp-image-15175\" src=\"https:\/\/static-blogs.diariovasco.com\/wp-content\/uploads\/sites\/37\/2021\/10\/irwinallen.jpg\" alt=\"\" width=\"620\" height=\"250\" srcset=\"https:\/\/static-blogs.diariovasco.com\/wp-content\/uploads\/sites\/37\/2021\/10\/irwinallen.jpg 620w, https:\/\/static-blogs.diariovasco.com\/wp-content\/uploads\/sites\/37\/2021\/10\/irwinallen-300x121.jpg 300w\" sizes=\"(max-width: 620px) 100vw, 620px\" \/>El episodio piloto se rod\u00f3 en color pero fue emitido en blanco y negro, siendo estrenado en la temporada oto\u00f1al de 1964 con la siguiente promoci\u00f3n.<br \/>\n<iframe loading=\"lazy\" title=\"YouTube video player\" src=\"https:\/\/www.youtube.com\/embed\/hFLmxLW5PUc\" width=\"560\" height=\"315\" frameborder=\"0\" allowfullscreen=\"allowfullscreen\"><\/iframe><\/p>\n<p>Como he comentado en todas las series anteriores del mismo creador, Allen se limit\u00f3 a escribir y dirigir el piloto, establecer las reglas generales, para pasar a realizar funciones de supervisi\u00f3n, delegando en gente de su equipo el control de los guionistas y directores jornaleros, que eran los encargados de escribir las historias y dirigir los episodios.<\/p>\n<p>El \u00e9xito de la serie le convirti\u00f3 en el ni\u00f1o mimado de la\u00a0 cadena ABC, creando esa tetralog\u00eda de series fant\u00e1sticas que he comentado de los a\u00f1os sesenta, antes de convertirse en el maestro del cine de cat\u00e1strofes de los a\u00f1os setenta, lo que le vali\u00f3 el sobrenombre de \u201cEl Maestro del desastre\u201d, y sigui\u00f3 produciendo pel\u00edculas hasta su muerte en 1991 a los 75 a\u00f1os<\/p>\n<p><strong>La trama:<\/strong> Todas las series de Irwin Allen, se centraban en un grupo de personas en circunstancias excepcionales que se ven obligadas a enfrentarse semanalmente a todo tipo de peligros, ya sea en un submarino ( Viaje al fondo del mar) , en una nave especial (<a href=\"https:\/\/blogs.diariovasco.com\/series-gourmets\/2018\/03\/02\/perdidos-en-el-espacio-colonizar-el-espacio-antes-de-llegar-a-la-luna\/\"> Perdidos en el espacio<\/a>) , en un v\u00f3rtice temporal ( <a href=\"https:\/\/blogs.diariovasco.com\/series-gourmets\/2015\/02\/27\/el-tunel-del-tiempo-una-de-las-fuentes-de-inspiracion-de-el-ministerio-del-tiempo\/\">El t\u00fanel del tiempo<\/a>) o en un mundo donde todo era gigantesco (<a href=\"https:\/\/blogs.diariovasco.com\/series-gourmets\/2021\/09\/24\/tierra-de-gigantes-aventuras-en-una-realidad-muy-aumentada\/\"> Tierra de Gigantes<\/a>).<\/p>\n<p>En su primera creaci\u00f3n, a diferencia del resto que hizo posteriormente, el grupo en peligro era muy numeroso al ser toda una tripulaci\u00f3n de un submarino, lo que le evitaba estar limitado a una familia perdida en el espacio, a dos hombres viajando por el tiempo o a un grupo de supervivientes, siempre por causas ajenas que les han puesto en esas tesituras.<\/p>\n<p>En \u2018Viaje al fondo del mar\u2019 son marineros que est\u00e1n en una misi\u00f3n de forma voluntaria y desde una perspectiva mucho m\u00e1s activa que reactiva y dentro de un contexto de guerra fr\u00eda que marca gran parte de la temporada inicial, con la particularidad de la ausencia absoluta de mujeres a bordo del submarino y por supuesto en el reparto.<\/p>\n<p>Para solventar ese desequilibrio ten\u00edan que recurrir a estrellas invitadas femeninas que se encontraban por sus misiones para que hubiera algo de presencia de mujeres en la serie, pero era algo espor\u00e1dico y sin continuidad.<\/p>\n<p>La bulliciosa cabecera de la serie era una gran introducci\u00f3n a las historias que \u00edbamos a ver a continuaci\u00f3n, incluyendo el sonido de un sonar en la misma.<\/p>\n<p><iframe loading=\"lazy\" title=\"YouTube video player\" src=\"https:\/\/www.youtube.com\/embed\/r5J_DgaKeyc\" width=\"560\" height=\"315\" frameborder=\"0\" allowfullscreen=\"allowfullscreen\"><\/iframe><br \/>\nEl esquema de los episodios era bastante repetitivo con la presentaci\u00f3n de la misi\u00f3n semanal, los peligros que deb\u00edan superar incluyendo dos o tres momentos de gran peligro que eran salvados por la pericia de los dos mandos y la experiencia de la tripulaci\u00f3n para seguir finalmente con su viaje.<\/p>\n<p>Las misiones\u00a0 fueron evolucionando a lo largo de las cuatro temporadas. En su entrega inicial, las tramas de espionaje geopol\u00edtico eran las m\u00e1s importantes con distop\u00edas totalitarias o comunistas como sus principales enemigos a combatir. Su recurso principal era el avanzado arsenal de armas incluso nucleares de que dispon\u00eda el submarino Seaview, muy \u00fatiles para disuadir a esos reg\u00edmenes enemigos.<\/p>\n<p><img loading=\"lazy\" class=\"aligncenter size-full wp-image-15178\" src=\"https:\/\/static-blogs.diariovasco.com\/wp-content\/uploads\/sites\/37\/2021\/10\/seaview.jpg\" alt=\"\" width=\"1280\" height=\"720\" srcset=\"https:\/\/static-blogs.diariovasco.com\/wp-content\/uploads\/sites\/37\/2021\/10\/seaview.jpg 1280w, https:\/\/static-blogs.diariovasco.com\/wp-content\/uploads\/sites\/37\/2021\/10\/seaview-300x169.jpg 300w, https:\/\/static-blogs.diariovasco.com\/wp-content\/uploads\/sites\/37\/2021\/10\/seaview-768x432.jpg 768w, https:\/\/static-blogs.diariovasco.com\/wp-content\/uploads\/sites\/37\/2021\/10\/seaview-628x353.jpg 628w\" sizes=\"(max-width: 1280px) 100vw, 1280px\" \/>En la segunda temporada y a petici\u00f3n de la cadena ABC\u00a0 \u2018Viaje al fondo del mar\u2019 vir\u00f3 hacia una estructura de monstruo de la semana, mucho m\u00e1s ligera y con menos episodios dedicados a las tramas de espionaje que dominaron su temporada inicial.<\/p>\n<p>De esta forma empezaron a aparecer monstruos extraterrestres de excursi\u00f3n por las profundidades marinas que pon\u00edan en peligro al Seaview de la forma que muestra el siguiente video, que deben ver en Youtube por una\u00a0 obsesi\u00f3n por las visitas del agon\u00edas que la debe haber colgado, como en otros videos del art\u00edculo.<br \/>\n<iframe loading=\"lazy\" title=\"YouTube video player\" src=\"https:\/\/www.youtube.com\/embed\/hhrtW12-WmI\" width=\"560\" height=\"315\" frameborder=\"0\" allowfullscreen=\"allowfullscreen\"><\/iframe><br \/>\nOtra caracter\u00edstica importante era la alternancia entre episodios que transcurr\u00edan de forma exclusiva en el interior del submarino y los que interaccionaban con el exterior, un buen ejemplo del primer caso es su lucha contra un fantasma que intenta controlar el submarino y que acab\u00f3 convirti\u00e9ndose en un personaje recurrente.<br \/>\n<iframe loading=\"lazy\" title=\"YouTube video player\" src=\"https:\/\/www.youtube.com\/embed\/5Nb_u4lsnvc\" width=\"560\" height=\"315\" frameborder=\"0\" allowfullscreen=\"allowfullscreen\"><\/iframe><br \/>\nEsos episodios enclaustrados en el submarino, permit\u00edan poner a prueba la gran camarader\u00eda existente entre los miembros del submarino, cuando un virus, un bichito o una posesi\u00f3n extra\u00f1a de alg\u00fan marinero, generaba\u00a0 enfrentamientos entre los miembros de la tripulaci\u00f3n con el recurso habitual de irse extendiendo poco a poco entre todos, hasta que los \u00faltimos supervivientes consiguen encontrar la soluci\u00f3n para que todo vuelva a la casilla inicial.<\/p>\n<p>En sus dos \u00faltimas temporadas \u2018Viaje al fondo del mar\u2019 se entreg\u00f3 a las tramas paranormales, con todo tipo de monstruos habituales del g\u00e9nero como hombres lobo, momias, mu\u00f1ecos diab\u00f3licos o nazis que acababan poniendo en peligro al submarino con cualquier excusa peregrina para montar el monstruo de la semana, sin cortarse un pelo.<\/p>\n<p>Vi\u00e9ndola con perspectiva me ha sorprendido la enorme calidad de sus efectos especiales teniendo en cuenta que tienen la friolera de casi sesenta a\u00f1os, en especial en todo lo referente al submarino, como en este video donde vemos una impresionante salida a la superficie del Seaview.<br \/>\n<iframe loading=\"lazy\" title=\"YouTube video player\" src=\"https:\/\/www.youtube.com\/embed\/ShtCdgQMqW0\" width=\"560\" height=\"315\" frameborder=\"0\" allowfullscreen=\"allowfullscreen\"><\/iframe><\/p>\n<p>\u2018Viaje al fondo del mar\u2019 viene irremisiblemente ligado a mis primeros recuerdos infantiles frente a un televisor al ver cada semana a esa tripulaci\u00f3n enfrentarse a todo tipo de peligros que no pod\u00eda ni imaginarme en otro contexto, algo parecido a lo que est\u00e1 pasando ahora con algunos ni\u00f1os y <a href=\"https:\/\/www.elagoradiario.com\/agora-forum\/a-style\/agoraseries\/juego-calamar-corea\/\" rel=\"external nofollow\">\u2018El Juego del Calamar\u2019 .<\/a><\/p>\n<p>En mi caso es una nostalgia de recordar los momentos de aquella \u00e9poca con personas que ya no est\u00e1n en mi vida y\u00a0 no deja de ser una manera de tenerlos siempre presentes al venir a la memoria los comentarios que hac\u00edan avisando a la tripulaci\u00f3n a grito pelado que llegaba el monstruo por detr\u00e1s y otros detalles relativos al visionado familiar.<\/p>\n<p>Probablemente es la serie que mejor ha envejecido de todas las de Irvin Allen, porque el interior de un submarino no ha sufrido tantas variaciones y es un entorno mucho m\u00e1s reconocible ahora, que los espaciales o futuristas de sus otras propuestas. La\u00a0 ausencia completa de mujeres puede jugar en su contra en las auditorias actualizadas que pueden hacer porque la serie est\u00e1 completa en Youtube, que es como he podido recordar muchos de esos aspectos.<\/p>\n<p><strong>Los actores:<\/strong><br \/>\nRichard Basehart fue un gran actor todoterreno que apareci\u00f3 en numerosas pel\u00edculas tan prestigiosas como \u2018La Strada\u2019 de Federico Fellini, donde interpretaba al memorable payaso \u2018Il Matto\u2019, para seguir haciendo muchos personajes de estrella invitada, hasta que Irvin Allen lo eligi\u00f3 para el personaje del almirante Nelson, en sustituci\u00f3n de Walter Pidgeon, que lo interpret\u00f3 en la pel\u00edcula original.<\/p>\n<p><img loading=\"lazy\" class=\"aligncenter size-full wp-image-15177\" src=\"https:\/\/static-blogs.diariovasco.com\/wp-content\/uploads\/sites\/37\/2021\/10\/richard-basehart.jpg\" alt=\"\" width=\"640\" height=\"480\" srcset=\"https:\/\/static-blogs.diariovasco.com\/wp-content\/uploads\/sites\/37\/2021\/10\/richard-basehart.jpg 640w, https:\/\/static-blogs.diariovasco.com\/wp-content\/uploads\/sites\/37\/2021\/10\/richard-basehart-300x225.jpg 300w, https:\/\/static-blogs.diariovasco.com\/wp-content\/uploads\/sites\/37\/2021\/10\/richard-basehart-628x471.jpg 628w\" sizes=\"(max-width: 640px) 100vw, 640px\" \/>El personaje le hizo extremadamente popular y se convirti\u00f3 en uno de los narradores m\u00e1s solicitados para documentales y ficciones hasta el punto que fue el elegido para ser el narrador de la introducci\u00f3n y el final de \u2018El Coche Fant\u00e1stico\u2019 , incluso despu\u00e9s de su muerte en 1984, respetando su voz en la serie durante los dos a\u00f1os posteriores a su fallecimiento.<\/p>\n<p>David Hedison era un actor que hab\u00eda ganado un cierto estatus de culto tras protagonizar la genial pel\u00edcula original de \u2018La Mosca\u2019 y posteriormente una pel\u00edcula de Irwin Allen \u2018El Mundo Perdido\u2019. De hecho el propio Allen le ofreci\u00f3 encarnar al comandante Lee Crane en la pel\u00edcula original, pero tras declinarlo, no dudo en aceptarlo cuando le fue ofrecido de nuevo para la serie.<\/p>\n<p><img loading=\"lazy\" class=\"size-full wp-image-15179\" src=\"https:\/\/static-blogs.diariovasco.com\/wp-content\/uploads\/sites\/37\/2021\/10\/david-hedison.jpg\" alt=\"\" width=\"1296\" height=\"730\" srcset=\"https:\/\/static-blogs.diariovasco.com\/wp-content\/uploads\/sites\/37\/2021\/10\/david-hedison.jpg 1296w, https:\/\/static-blogs.diariovasco.com\/wp-content\/uploads\/sites\/37\/2021\/10\/david-hedison-300x169.jpg 300w, https:\/\/static-blogs.diariovasco.com\/wp-content\/uploads\/sites\/37\/2021\/10\/david-hedison-768x433.jpg 768w, https:\/\/static-blogs.diariovasco.com\/wp-content\/uploads\/sites\/37\/2021\/10\/david-hedison-628x354.jpg 628w\" sizes=\"(max-width: 1296px) 100vw, 1296px\" \/><\/p>\n<p>Tras el final de la serie, se mud\u00f3 a Londres y tuvo peque\u00f1os papeles como un agente secreto en dos pel\u00edculas setenteras de James Bond, para volver a su pa\u00eds para trabajar durante varios a\u00f1os en el culebr\u00f3n \u2018Another World\u2019 hasta su muerte en 2019 a los 92 a\u00f1os<\/p>\n<p>El resto de la tripulaci\u00f3n estaba compuesta por actores secundarios muy poco conocidos, pero entre todos ellos mi favorito era indudablemente el marinero Kowalski, interpretado por Del Monroe, que fue el \u00fanico personaje de la pel\u00edcula que sigui\u00f3 en la serie. Kowalski era el t\u00edpico arreglalotodo, ideal para resolver muchos de los embolados en que se met\u00edan.<\/p>\n<p><img loading=\"lazy\" class=\"aligncenter size-full wp-image-15176\" src=\"https:\/\/static-blogs.diariovasco.com\/wp-content\/uploads\/sites\/37\/2021\/10\/kowalski.jpg\" alt=\"\" width=\"720\" height=\"536\" srcset=\"https:\/\/static-blogs.diariovasco.com\/wp-content\/uploads\/sites\/37\/2021\/10\/kowalski.jpg 720w, https:\/\/static-blogs.diariovasco.com\/wp-content\/uploads\/sites\/37\/2021\/10\/kowalski-300x223.jpg 300w, https:\/\/static-blogs.diariovasco.com\/wp-content\/uploads\/sites\/37\/2021\/10\/kowalski-628x468.jpg 628w\" sizes=\"(max-width: 720px) 100vw, 720px\" \/>Del Monroe es recordado casi de forma exclusiva por su personaje de Kowalski y curiosamente a un nivel similar a los dos protagonistas, pero a pesar de ello, su carrera posterior no pas\u00f3 de multitud de apariciones como estrella invitada en episodios televisivos y poca cosa m\u00e1s.<\/p>\n<p><strong>El final :<\/strong><br \/>\n\u2018Viaje al fondo del mar\u2019 fue sufriendo un progresivo desgaste de las audiencias, en parte por la infantilizaci\u00f3n creciente de las historias con esos monstruos de la semana que cada vez eran m\u00e1s disparatados, por lo que decidieron que las misiones del Seaview acabar\u00edan al final de la 4T.<\/p>\n<p>En este caso al no tener la necesidad de volver a la tierra o a su tiempo, el final no presentaba grandes complicaciones, aunque no dudaron en destruir la nave Seaview, para poner a su protagonista en un bucle temporal para intentar salvar su nave, encontr\u00e1ndose en su viaje al pasado al hist\u00f3rico traidor de la guerra de la Independencia, Benedict Arnold, en su submarino, en otra astracanada habitual de sus postreras temporadas.<\/p>\n<p><strong>Ep\u00edlogo :<\/strong><\/p>\n<p>Espero que hayan disfrutando del recuerdo de una serie que nadie que la pudo ver en su momento la ha olvidado, tenga la edad que tenga y que me ha permitido cerrar esa tetralog\u00eda de series fant\u00e1sticas creadas por Irvin Allen, por lo que para finalizar les voy a dejar con una recopilaci\u00f3n de algunos de sus mejores efectos especiales utilizados en \u2018Viaje al Fondo del Mar\u2019.<br \/>\n<iframe loading=\"lazy\" title=\"YouTube video player\" src=\"https:\/\/www.youtube.com\/embed\/QXJM0eVrGbY\" width=\"560\" height=\"315\" frameborder=\"0\" allowfullscreen=\"allowfullscreen\"><\/iframe><br \/>\nEsperamos sus opiniones y comentarios, aqu\u00ed o en nuestra cuenta de twitter (@lmejino). Hasta la pr\u00f3xima<\/p>\n<p>Lorenzo Mejino<\/p>\n<!-- AddThis Advanced Settings generic via filter on the_content --><!-- AddThis Share Buttons generic via filter on the_content -->","protected":false},"excerpt":{"rendered":"<p>Hoy ha llegado el turno de cerrar la tetralog\u00eda de series de corte fant\u00e1stico creadas por Irvin Allen en los a\u00f1os sesenta, con el an\u00e1lisis de \u2018Viaje al Fondo del mar\u2019 su primer gran \u00e9xito y que le abri\u00f3 las puertas para que posteriormente se estrenaran \u2018 Perdidos en el espacio\u2019 , \u2018El t\u00fanel del [&hellip;]<!-- AddThis Advanced Settings generic via filter on get_the_excerpt --><!-- AddThis Share Buttons generic via filter on get_the_excerpt --><\/p>\n","protected":false},"author":61,"featured_media":15180,"comment_status":"open","ping_status":"closed","sticky":false,"template":"","format":"standard","meta":[],"categories":[23,5,7,27,16],"tags":[6964,6965,1191,6963,6961,6962],"_links":{"self":[{"href":"https:\/\/blogs.diariovasco.com\/series-gourmets\/wp-json\/wp\/v2\/posts\/15173"}],"collection":[{"href":"https:\/\/blogs.diariovasco.com\/series-gourmets\/wp-json\/wp\/v2\/posts"}],"about":[{"href":"https:\/\/blogs.diariovasco.com\/series-gourmets\/wp-json\/wp\/v2\/types\/post"}],"author":[{"embeddable":true,"href":"https:\/\/blogs.diariovasco.com\/series-gourmets\/wp-json\/wp\/v2\/users\/61"}],"replies":[{"embeddable":true,"href":"https:\/\/blogs.diariovasco.com\/series-gourmets\/wp-json\/wp\/v2\/comments?post=15173"}],"version-history":[{"count":4,"href":"https:\/\/blogs.diariovasco.com\/series-gourmets\/wp-json\/wp\/v2\/posts\/15173\/revisions"}],"predecessor-version":[{"id":15230,"href":"https:\/\/blogs.diariovasco.com\/series-gourmets\/wp-json\/wp\/v2\/posts\/15173\/revisions\/15230"}],"wp:featuredmedia":[{"embeddable":true,"href":"https:\/\/blogs.diariovasco.com\/series-gourmets\/wp-json\/wp\/v2\/media\/15180"}],"wp:attachment":[{"href":"https:\/\/blogs.diariovasco.com\/series-gourmets\/wp-json\/wp\/v2\/media?parent=15173"}],"wp:term":[{"taxonomy":"category","embeddable":true,"href":"https:\/\/blogs.diariovasco.com\/series-gourmets\/wp-json\/wp\/v2\/categories?post=15173"},{"taxonomy":"post_tag","embeddable":true,"href":"https:\/\/blogs.diariovasco.com\/series-gourmets\/wp-json\/wp\/v2\/tags?post=15173"}],"curies":[{"name":"wp","href":"https:\/\/api.w.org\/{rel}","templated":true}]}}