{"id":15242,"date":"2021-11-22T06:00:54","date_gmt":"2021-11-22T05:00:54","guid":{"rendered":"https:\/\/blogs.diariovasco.com\/series-gourmets\/?p=15242"},"modified":"2021-11-21T10:44:15","modified_gmt":"2021-11-21T09:44:15","slug":"asesino-del-olvido-mexico-el-alzheimer-como-la-coartada-perfecta","status":"publish","type":"post","link":"https:\/\/blogs.diariovasco.com\/series-gourmets\/2021\/11\/22\/asesino-del-olvido-mexico-el-alzheimer-como-la-coartada-perfecta\/","title":{"rendered":"Asesino del olvido (M\u00e9xico). El Alzheimer como la coartada perfecta"},"content":{"rendered":"<p>La globalizaci\u00f3n est\u00e1 teniendo como\u00a0 consecuencia interesante el hecho que cualquier pa\u00eds puede adaptar cualquier serie de otro pa\u00eds, como sucede en el caso de la mexicana \u2018Asesino del Olvido\u2019 adaptaci\u00f3n de la excelente serie turca \u2018Sahsiyet\u2019, in\u00e9dita todav\u00eda por estos lares.<\/p>\n<p>\u2018Asesino del olvido\u2019 nos muestra la desesperaci\u00f3n del protagonista, un jubilado honrado y responsable que al enfrentarse a la desaparici\u00f3n de sus recuerdos al serle diagnosticado un Alzheimer en grado avanzado, decide ajustar todas las cuentas pendientes antes de olvidarse de todo lo que le ha obsesionado durante toda su vida, mientras es perseguido de forma implacable por una medi\u00e1tica agente de polic\u00eda.<\/p>\n<p>Esa angustia de ver a una persona en un callej\u00f3n sin salida mental y que decide huir hacia adelante asesinando en plan justiciero, provoca en el espectador toda una serie de preguntas y cuestiones interesantes, que espero que puedan ver sin mucha demora en el nuevo servicio espa\u00f1ol de HBOMax, al ser una producci\u00f3n original de su rama latinoamericana.<\/p>\n<p><img loading=\"lazy\" class=\"aligncenter size-full wp-image-15244\" src=\"https:\/\/static-blogs.diariovasco.com\/wp-content\/uploads\/sites\/37\/2021\/11\/GENERAL.jpg\" alt=\"\" width=\"1280\" height=\"720\" srcset=\"https:\/\/static-blogs.diariovasco.com\/wp-content\/uploads\/sites\/37\/2021\/11\/GENERAL.jpg 1280w, https:\/\/static-blogs.diariovasco.com\/wp-content\/uploads\/sites\/37\/2021\/11\/GENERAL-300x169.jpg 300w, https:\/\/static-blogs.diariovasco.com\/wp-content\/uploads\/sites\/37\/2021\/11\/GENERAL-768x432.jpg 768w, https:\/\/static-blogs.diariovasco.com\/wp-content\/uploads\/sites\/37\/2021\/11\/GENERAL-628x353.jpg 628w\" sizes=\"(max-width: 1280px) 100vw, 1280px\" \/><\/p>\n<p><strong>Ficha:<\/strong> Asesino del Olvido 10 ep 45 min .\u00a0\u00a0oct 2020-. <strong>Idioma:<\/strong> espa\u00f1ol Cadena: HBOMax ( Mex) \/ in\u00e9dita en Espa\u00f1a<\/p>\n<p><strong>La trama :<\/strong> Pascual Le\u00f3n ( Damian Alcazar) es un secretario de juzgado jubilado y que vive una pl\u00e1cida existencia solitaria pero\u00a0 alejado de su hija y su nieto. Todo cambi\u00f3 cuando a sus 65 a\u00f1os le diagnostican un estado avanzado de Alzheimer por lo que decide tomar cartas en el asunto de una investigaci\u00f3n personal que tiene abierta desde hace muchos a\u00f1os sobre un delito que le tiene obsesionado con mucha gente implicada y nunca resuelto en los juzgados.<\/p>\n<p>Al ser consciente de que el tiempo se le acaba y que el delito puede quedar impune, decide empezar a asesinar a la gente que considera responsable del caso, aprovechando su invisibilidad como un apacible jubilado que le permite ir haciendo su tarea de forma minuciosa y sin acordarse apenas de lo que ha hecho, una vez consumada su justicia tan particular.<\/p>\n<p>Pascual no act\u00faa como un vengador justiciero por m\u00faltiples causas, sino que b\u00e1sicamente quiere acabar con los responsables de ese grav\u00edsimo delito del pasado, pero que escaparon por la incompetencia judicial y la corrupci\u00f3n generalizada, por lo que va a empezar su cruzada particular por lo m\u00e1s alto, como muestran en una promoci\u00f3n de \u2018Asesino del olvido\u2019 .<br \/>\n<iframe loading=\"lazy\" title=\"YouTube video player\" src=\"https:\/\/www.youtube.com\/embed\/y6AnVFuUbNs\" width=\"560\" height=\"315\" frameborder=\"0\" allowfullscreen=\"allowfullscreen\"><\/iframe><br \/>\nEn el otro lado tenemos a una joven detective de polic\u00eda. Jimena Guerra (Paulina Gaitan) que es la cara p\u00fablica de una nueva unidad policial de \u00e9lite y que empieza a investigar el caso, adem\u00e1s de tener que lidiar con el machismo estructural y enquistado de la sociedad mexicana y en especial del cuerpo policial.<\/p>\n<p><img loading=\"lazy\" class=\"aligncenter size-full wp-image-15245\" src=\"https:\/\/static-blogs.diariovasco.com\/wp-content\/uploads\/sites\/37\/2021\/11\/PAULINA-GAITAN.jpg\" alt=\"\" width=\"1600\" height=\"1066\" srcset=\"https:\/\/static-blogs.diariovasco.com\/wp-content\/uploads\/sites\/37\/2021\/11\/PAULINA-GAITAN.jpg 1600w, https:\/\/static-blogs.diariovasco.com\/wp-content\/uploads\/sites\/37\/2021\/11\/PAULINA-GAITAN-300x200.jpg 300w, https:\/\/static-blogs.diariovasco.com\/wp-content\/uploads\/sites\/37\/2021\/11\/PAULINA-GAITAN-768x512.jpg 768w, https:\/\/static-blogs.diariovasco.com\/wp-content\/uploads\/sites\/37\/2021\/11\/PAULINA-GAITAN-628x418.jpg 628w\" sizes=\"(max-width: 1600px) 100vw, 1600px\" \/>El tercer personaje en discordia es un periodista sensacionalista Francisco Pira (Erik Hauser) que ha elegido como diana de sus ataques televisivos a la pobre Jimena para acabar de presionarle desde el flanco social y p\u00fablico.<\/p>\n<p>\u2018Asesino del olvido\u2019 es una adaptaci\u00f3n casi calcada del original turco \u2018Sahsiyet\u2019 con la implicaci\u00f3n de los propios creadores turcos Hakan Gunday y Onur Saylak, en su adaptaci\u00f3n mexicana supervisada por Jorge Tijerina, por lo que si ya han visto el original, no tiene mucho sentido volver a repetirlo, a no ser que como en mi caso sea por imperativo laboral.<\/p>\n<p>Pero el hecho de estar in\u00e9dito el original turco en nuestro pa\u00eds, hace m\u00e1s probable que cuando llegue \u2018Asesino del olvido\u2019 a la secci\u00f3n espa\u00f1ola de HBOMax, no est\u00e9n influenciados por conocer la historia y la van a poder disfrutar sin mayores problemas.<\/p>\n<p>Lo m\u00e1s destacable es la gran interpretaci\u00f3n de Damian Alcazar como el protagonista aquejado de Alzheimer, trasladando a la perfecci\u00f3n toda su angustia y desesperaci\u00f3n, al ver que la vida se le escapa por los dedos de las manos, pero antes necesita acabar con su cruzada personal.<\/p>\n<p><img loading=\"lazy\" class=\"aligncenter size-full wp-image-15246\" src=\"https:\/\/static-blogs.diariovasco.com\/wp-content\/uploads\/sites\/37\/2021\/11\/DAMIAN-ALCAZAR.jpg\" alt=\"\" width=\"1200\" height=\"675\" srcset=\"https:\/\/static-blogs.diariovasco.com\/wp-content\/uploads\/sites\/37\/2021\/11\/DAMIAN-ALCAZAR.jpg 1200w, https:\/\/static-blogs.diariovasco.com\/wp-content\/uploads\/sites\/37\/2021\/11\/DAMIAN-ALCAZAR-300x169.jpg 300w, https:\/\/static-blogs.diariovasco.com\/wp-content\/uploads\/sites\/37\/2021\/11\/DAMIAN-ALCAZAR-768x432.jpg 768w, https:\/\/static-blogs.diariovasco.com\/wp-content\/uploads\/sites\/37\/2021\/11\/DAMIAN-ALCAZAR-628x353.jpg 628w\" sizes=\"(max-width: 1200px) 100vw, 1200px\" \/><\/p>\n<p>La serie es excelente cuando se centra en el personaje principal de Pascual Le\u00f3n y\u00a0 se mantiene bastante con las historias de la polic\u00eda y el periodista.<\/p>\n<p>El problema es que baja bastantes enteros con el resto de secundarios metidos con calzador con unas tramas de relleno que no aportan casi nada, empezando por el constructor villano de opereta y siguiendo por las historias de la hija y el nieto de Pascual Le\u00f3n que si hubieran hecho solo seis u ocho episodios, se las podr\u00edan haber ahorrado perfectamente.<\/p>\n<p>En este caso si pueden ver el original turco \u2018Sahsiyet\u2019 es una mejor opci\u00f3n, pero si desean atenerse a la legalidad deber\u00e1n esperar a que sea incluida en el catalogo espa\u00f1ol de HBOMax, para conocer como el Alzheimer puede ser una coartada para un asesino en serie, como muestra el tr\u00e1iler oficial de \u2018Asesino del olvido\u2019<\/p>\n<p><iframe loading=\"lazy\" title=\"YouTube video player\" src=\"https:\/\/www.youtube.com\/embed\/1c5vj1INySA\" width=\"560\" height=\"315\" frameborder=\"0\" allowfullscreen=\"allowfullscreen\"><\/iframe><br \/>\nEsperamos sus opiniones y comentarios, aqu\u00ed o en nuestra cuenta de twitter (@lmejino). Hasta la pr\u00f3xima<\/p>\n<p>Lorenzo Mejino<\/p>\n<!-- AddThis Advanced Settings generic via filter on the_content --><!-- AddThis Share Buttons generic via filter on the_content -->","protected":false},"excerpt":{"rendered":"<p>La globalizaci\u00f3n est\u00e1 teniendo como\u00a0 consecuencia interesante el hecho que cualquier pa\u00eds puede adaptar cualquier serie de otro pa\u00eds, como sucede en el caso de la mexicana \u2018Asesino del Olvido\u2019 adaptaci\u00f3n de la excelente serie turca \u2018Sahsiyet\u2019, in\u00e9dita todav\u00eda por estos lares. \u2018Asesino del olvido\u2019 nos muestra la desesperaci\u00f3n del protagonista, un jubilado honrado y [&hellip;]<!-- AddThis Advanced Settings generic via filter on get_the_excerpt --><!-- AddThis Share Buttons generic via filter on get_the_excerpt --><\/p>\n","protected":false},"author":61,"featured_media":15243,"comment_status":"open","ping_status":"closed","sticky":false,"template":"","format":"standard","meta":[],"categories":[5,12,14,17],"tags":[6989,6990,6991,6992,4048],"_links":{"self":[{"href":"https:\/\/blogs.diariovasco.com\/series-gourmets\/wp-json\/wp\/v2\/posts\/15242"}],"collection":[{"href":"https:\/\/blogs.diariovasco.com\/series-gourmets\/wp-json\/wp\/v2\/posts"}],"about":[{"href":"https:\/\/blogs.diariovasco.com\/series-gourmets\/wp-json\/wp\/v2\/types\/post"}],"author":[{"embeddable":true,"href":"https:\/\/blogs.diariovasco.com\/series-gourmets\/wp-json\/wp\/v2\/users\/61"}],"replies":[{"embeddable":true,"href":"https:\/\/blogs.diariovasco.com\/series-gourmets\/wp-json\/wp\/v2\/comments?post=15242"}],"version-history":[{"count":4,"href":"https:\/\/blogs.diariovasco.com\/series-gourmets\/wp-json\/wp\/v2\/posts\/15242\/revisions"}],"predecessor-version":[{"id":15319,"href":"https:\/\/blogs.diariovasco.com\/series-gourmets\/wp-json\/wp\/v2\/posts\/15242\/revisions\/15319"}],"wp:featuredmedia":[{"embeddable":true,"href":"https:\/\/blogs.diariovasco.com\/series-gourmets\/wp-json\/wp\/v2\/media\/15243"}],"wp:attachment":[{"href":"https:\/\/blogs.diariovasco.com\/series-gourmets\/wp-json\/wp\/v2\/media?parent=15242"}],"wp:term":[{"taxonomy":"category","embeddable":true,"href":"https:\/\/blogs.diariovasco.com\/series-gourmets\/wp-json\/wp\/v2\/categories?post=15242"},{"taxonomy":"post_tag","embeddable":true,"href":"https:\/\/blogs.diariovasco.com\/series-gourmets\/wp-json\/wp\/v2\/tags?post=15242"}],"curies":[{"name":"wp","href":"https:\/\/api.w.org\/{rel}","templated":true}]}}