{"id":15357,"date":"2021-11-29T06:00:37","date_gmt":"2021-11-29T05:00:37","guid":{"rendered":"https:\/\/blogs.diariovasco.com\/series-gourmets\/?p=15357"},"modified":"2021-12-04T11:42:48","modified_gmt":"2021-12-04T10:42:48","slug":"anna-italia-un-fascinante-cuento-distopico-postapocaliptico","status":"publish","type":"post","link":"https:\/\/blogs.diariovasco.com\/series-gourmets\/2021\/11\/29\/anna-italia-un-fascinante-cuento-distopico-postapocaliptico\/","title":{"rendered":"Anna (Italia). Un fascinante cuento dist\u00f3pico postapocal\u00edptico"},"content":{"rendered":"<p>En unos tiempos donde los algoritmos parecen dise\u00f1ar la inmensa mayor\u00eda de las series a partir de la recopilaci\u00f3n de datos, es de agradecer la presencia de un aut\u00e9ntico verso libre como el escritor italiano Niccol\u00f2 Ammaniti que en su primera incursi\u00f3n televisiva ya nos maravill\u00f3 con el realismo m\u00e1gico de <a href=\"https:\/\/blogs.diariovasco.com\/series-gourmets\/2018\/06\/18\/il-miracolo-italia-fellini-haciendo-the-leftovers\/\">\u2018Il Miracolo\u2019<\/a> para continuar ahora con la bell\u00edsima \u2018Anna\u2019 .<\/p>\n<p>Como el mismo escritor aclara previamente al inicio de cada episodio, \u2018Anna\u2019 es una adaptaci\u00f3n de una novela suya escrita en 2015 y cuyo rodaje empez\u00f3 seis meses antes de la pandemia para dejar bien a las claras, que ese paisaje postapocal\u00edptico que ha creado no ha nacido de la crisis del COVID-19, como muchas otras series recientes, sino que proviene de un trabajo previo.<\/p>\n<p>De forma sorprendente \u2018Anna\u2019 ha llegado a nuestro pa\u00eds de forma casi simult\u00e1nea a su estreno en el resto del mundo en la plataforma Disney+, pero completamente clandestina y sin promoci\u00f3n alguna. A pesar de estar protagonizada por ni\u00f1os, es una serie para adultos y de hecho como le ha sucedido a algunas personas, han debido quitar de la aplicaci\u00f3n la protecci\u00f3n parental de catorce a\u00f1os, para poder disfrutar de la serie m\u00e1s original a nivel mundial de 2021.<\/p>\n<p><img loading=\"lazy\" class=\"aligncenter size-full wp-image-15362\" src=\"https:\/\/static-blogs.diariovasco.com\/wp-content\/uploads\/sites\/37\/2021\/11\/destacada-8.jpg\" alt=\"\" width=\"681\" height=\"383\" srcset=\"https:\/\/static-blogs.diariovasco.com\/wp-content\/uploads\/sites\/37\/2021\/11\/destacada-8.jpg 681w, https:\/\/static-blogs.diariovasco.com\/wp-content\/uploads\/sites\/37\/2021\/11\/destacada-8-300x169.jpg 300w, https:\/\/static-blogs.diariovasco.com\/wp-content\/uploads\/sites\/37\/2021\/11\/destacada-8-628x353.jpg 628w\" sizes=\"(max-width: 681px) 100vw, 681px\" \/><\/p>\n<p><strong>Ficha:<\/strong> Anna 6 ep 50 min .\u00a0Nov 2021-. <strong>Idioma:<\/strong> italiano <strong>Cadena:<\/strong> Sky ( It) \/ Disney + ( E)<\/p>\n<p><strong>La trama :<\/strong> Anna es una chica siciliana de trece a\u00f1os que vive con su hermano peque\u00f1o Astor en su desvencijada mansi\u00f3n familiar aislada y solitaria, situada en medio de un bosque frondoso.<\/p>\n<p>Anna vive en un mundo postapocal\u00edptico en el que una enfermedad conocida como la fiebre roja, ha acabado con toda la poblaci\u00f3n mayor de catorce a\u00f1os como una plaga incurable y de rapid\u00edsima propagaci\u00f3n, excepto para los ni\u00f1os que son inmunes a la fiebre roja, como muestra la presentaci\u00f3n.<br \/>\n<iframe loading=\"lazy\" title=\"YouTube video player\" src=\"https:\/\/www.youtube.com\/embed\/BomOlYrcLr0\" width=\"560\" height=\"315\" frameborder=\"0\" allowfullscreen=\"allowfullscreen\"><\/iframe><br \/>\nEn ese mundo sin orden ni concierto, Anna intenta cumplir la promesa que le hizo a su madre moribunda de cuidar a su hermano peque\u00f1o sobre todas las cosas y se dedica a buscarse la vida, por los alrededores para buscar comida y utensilios que pueda utilizar en su casa.<\/p>\n<p>El descontrol exterior ha degenerado en la creaci\u00f3n de bandas infantiles con colores como ense\u00f1as que campan a sus anchas, saqueando todo lo que encuentran sin importarles nada ni nadie, como una especie de protecci\u00f3n frente al miedo de lo desconocido.<\/p>\n<p><img loading=\"lazy\" class=\"aligncenter size-full wp-image-15360\" src=\"https:\/\/static-blogs.diariovasco.com\/wp-content\/uploads\/sites\/37\/2021\/11\/grupo.jpg\" alt=\"\" width=\"990\" height=\"660\" srcset=\"https:\/\/static-blogs.diariovasco.com\/wp-content\/uploads\/sites\/37\/2021\/11\/grupo.jpg 990w, https:\/\/static-blogs.diariovasco.com\/wp-content\/uploads\/sites\/37\/2021\/11\/grupo-300x200.jpg 300w, https:\/\/static-blogs.diariovasco.com\/wp-content\/uploads\/sites\/37\/2021\/11\/grupo-768x512.jpg 768w, https:\/\/static-blogs.diariovasco.com\/wp-content\/uploads\/sites\/37\/2021\/11\/grupo-628x419.jpg 628w\" sizes=\"(max-width: 990px) 100vw, 990px\" \/>Tras la presentaci\u00f3n en el episodio piloto de ese mundo postapocaliptico, el precario equilibrio de Anna se rompe cuando en una de sus salidas su hermano peque\u00f1o se escapa y acaba en una de esas bandas, lo que es el inicio de una verdadera odisea en la que Anna va a buscar a su hermano por todos los rincones de Sicilia, incluyendo las faldas del monte Etna.<\/p>\n<p>Niccol\u00f3 Ammaniti ha creado una distopia postapocal\u00edptica donde los ni\u00f1os carecen de toda esperanza ante lo que les espera en cuanto lleguen a los catorce a\u00f1os y sufran el destino de sus mayores, un panorama desolador ante el que Anna se rebela por lo menos para encontrar a su hermano, en una narraci\u00f3n muy dura y llena de momentos muy angustiosos y salvajes.<\/p>\n<p>El creador no duda en introducir elementos on\u00edricos para reforzar ese viaje de Anna, con algunas sorpresas que me han dejado con la boca abierta, por lo inesperado de algunas revelaciones.<\/p>\n<p>Adem\u00e1s ha tenido el incre\u00edble acierto de descubrir el talento excepcional de la joven debutante palermitana Giulia Dragotto para el personaje central de Anna con una mirada que se clava directamente en el espectador cada vez que se dirige a la c\u00e1mara, siendo la causa principal de hacer cre\u00edble todas las cosas que le suceden.<\/p>\n<p><img loading=\"lazy\" class=\"aligncenter size-full wp-image-15359\" src=\"https:\/\/static-blogs.diariovasco.com\/wp-content\/uploads\/sites\/37\/2021\/11\/giulia-dragotto.jpg\" alt=\"\" width=\"681\" height=\"383\" srcset=\"https:\/\/static-blogs.diariovasco.com\/wp-content\/uploads\/sites\/37\/2021\/11\/giulia-dragotto.jpg 681w, https:\/\/static-blogs.diariovasco.com\/wp-content\/uploads\/sites\/37\/2021\/11\/giulia-dragotto-300x169.jpg 300w, https:\/\/static-blogs.diariovasco.com\/wp-content\/uploads\/sites\/37\/2021\/11\/giulia-dragotto-628x353.jpg 628w\" sizes=\"(max-width: 681px) 100vw, 681px\" \/>En el papel de su hermanastro, el peque\u00f1ajo Astor tambi\u00e9n cumple a la perfecci\u00f3n Alessandro Peccorella, mucho mas rebelde y travieso que su hermana mayor que debe cargar con toda la responsabilidad familiar.<\/p>\n<p><img loading=\"lazy\" class=\"aligncenter size-full wp-image-15361\" src=\"https:\/\/static-blogs.diariovasco.com\/wp-content\/uploads\/sites\/37\/2021\/11\/hermanos.jpg\" alt=\"\" width=\"1200\" height=\"800\" srcset=\"https:\/\/static-blogs.diariovasco.com\/wp-content\/uploads\/sites\/37\/2021\/11\/hermanos.jpg 1200w, https:\/\/static-blogs.diariovasco.com\/wp-content\/uploads\/sites\/37\/2021\/11\/hermanos-300x200.jpg 300w, https:\/\/static-blogs.diariovasco.com\/wp-content\/uploads\/sites\/37\/2021\/11\/hermanos-768x512.jpg 768w, https:\/\/static-blogs.diariovasco.com\/wp-content\/uploads\/sites\/37\/2021\/11\/hermanos-628x419.jpg 628w\" sizes=\"(max-width: 1200px) 100vw, 1200px\" \/><\/p>\n<p>Como en su serie precedente <a href=\"https:\/\/blogs.diariovasco.com\/series-gourmets\/2018\/06\/18\/il-miracolo-italia-fellini-haciendo-the-leftovers\/\">\u2018Il Miracolo\u2019<\/a> , \u2018Anna\u2019 no es una serie nada convencional ni para todos los p\u00fablicos, pero en mi caso me encantan los mundos tan personales y creativos de Niccol\u00f2 Ammaniti y en este caso si que debo avisar que no la vean con ni\u00f1os, porque est\u00e1 completamente desaconsejada para ellos, a pesar de su exclusivo protagonismo.<\/p>\n<p>Si buscan sacarle un mejor partido desde el punto de visto adulto a su suscripci\u00f3n a Disney+, \u2018Anna\u2019 es una de las mejores opciones que van a encontrar en ese catalogo, por lo que voy a finalizar el art\u00edculo con su tr\u00e1iler original.<br \/>\n<iframe loading=\"lazy\" title=\"YouTube video player\" src=\"https:\/\/www.youtube.com\/embed\/fKn3FVhvtX4\" width=\"560\" height=\"315\" frameborder=\"0\" allowfullscreen=\"allowfullscreen\"><\/iframe><br \/>\nEsperamos sus opiniones y comentarios, aqu\u00ed o en nuestra cuenta de twitter (@lmejino). Hasta la pr\u00f3xima<\/p>\n<p>Lorenzo Mejino<\/p>\n<!-- AddThis Advanced Settings generic via filter on the_content --><!-- AddThis Share Buttons generic via filter on the_content -->","protected":false},"excerpt":{"rendered":"<p>En unos tiempos donde los algoritmos parecen dise\u00f1ar la inmensa mayor\u00eda de las series a partir de la recopilaci\u00f3n de datos, es de agradecer la presencia de un aut\u00e9ntico verso libre como el escritor italiano Niccol\u00f2 Ammaniti que en su primera incursi\u00f3n televisiva ya nos maravill\u00f3 con el realismo m\u00e1gico de \u2018Il Miracolo\u2019 para continuar [&hellip;]<!-- AddThis Advanced Settings generic via filter on get_the_excerpt --><!-- AddThis Share Buttons generic via filter on get_the_excerpt --><\/p>\n","protected":false},"author":61,"featured_media":15358,"comment_status":"open","ping_status":"closed","sticky":false,"template":"","format":"standard","meta":[],"categories":[5,7,28,17],"tags":[7033,7031,7032,4071],"_links":{"self":[{"href":"https:\/\/blogs.diariovasco.com\/series-gourmets\/wp-json\/wp\/v2\/posts\/15357"}],"collection":[{"href":"https:\/\/blogs.diariovasco.com\/series-gourmets\/wp-json\/wp\/v2\/posts"}],"about":[{"href":"https:\/\/blogs.diariovasco.com\/series-gourmets\/wp-json\/wp\/v2\/types\/post"}],"author":[{"embeddable":true,"href":"https:\/\/blogs.diariovasco.com\/series-gourmets\/wp-json\/wp\/v2\/users\/61"}],"replies":[{"embeddable":true,"href":"https:\/\/blogs.diariovasco.com\/series-gourmets\/wp-json\/wp\/v2\/comments?post=15357"}],"version-history":[{"count":5,"href":"https:\/\/blogs.diariovasco.com\/series-gourmets\/wp-json\/wp\/v2\/posts\/15357\/revisions"}],"predecessor-version":[{"id":15379,"href":"https:\/\/blogs.diariovasco.com\/series-gourmets\/wp-json\/wp\/v2\/posts\/15357\/revisions\/15379"}],"wp:featuredmedia":[{"embeddable":true,"href":"https:\/\/blogs.diariovasco.com\/series-gourmets\/wp-json\/wp\/v2\/media\/15358"}],"wp:attachment":[{"href":"https:\/\/blogs.diariovasco.com\/series-gourmets\/wp-json\/wp\/v2\/media?parent=15357"}],"wp:term":[{"taxonomy":"category","embeddable":true,"href":"https:\/\/blogs.diariovasco.com\/series-gourmets\/wp-json\/wp\/v2\/categories?post=15357"},{"taxonomy":"post_tag","embeddable":true,"href":"https:\/\/blogs.diariovasco.com\/series-gourmets\/wp-json\/wp\/v2\/tags?post=15357"}],"curies":[{"name":"wp","href":"https:\/\/api.w.org\/{rel}","templated":true}]}}