{"id":15674,"date":"2022-01-24T06:00:07","date_gmt":"2022-01-24T05:00:07","guid":{"rendered":"https:\/\/blogs.diariovasco.com\/series-gourmets\/?p=15674"},"modified":"2022-01-23T10:19:00","modified_gmt":"2022-01-23T09:19:00","slug":"the-tourist-australia-norirlandes-amnesico-en-el-outback","status":"publish","type":"post","link":"https:\/\/blogs.diariovasco.com\/series-gourmets\/2022\/01\/24\/the-tourist-australia-norirlandes-amnesico-en-el-outback\/","title":{"rendered":"The Tourist (Australia):  Norirland\u00e9s amn\u00e9sico en el outback"},"content":{"rendered":"<p>Una de las mejores tradiciones de los d\u00edas iniciales de cada a\u00f1o, es el estreno estrella de la plataforma australiana Stan que echa toda la carne en el asador en su primer estreno anual coincidiendo con el verano austral, con t\u00edtulos como \u2018Romper Stomper\u2019, <a href=\"https:\/\/blogs.diariovasco.com\/series-gourmets\/2016\/01\/18\/glitch-australia-un-brillante-drama-sobrenatural-ambientado-en-el-outback\/\">\u2018Glitch\u2019<\/a>, <a href=\"https:\/\/blogs.diariovasco.com\/series-gourmets\/2019\/01\/21\/bloom-australia-brillantes-e-inesperadas-segundas-oportunidades\/\">\u2018Bloom\u2019<\/a> o<a href=\"https:\/\/revista.tviso.com\/bump-el-bombo-inesperado-de-una-adolescente\/\" rel=\"external nofollow\"> \u2018Bump\u2019<\/a> a los que se une este a\u00f1o \u2018The Tourist\u2019 una ambiciosa historia centrada en la presencia de un personaje amn\u00e9sico en pleno outback australiano.<\/p>\n<p>\u2018The Tourist\u2019 tiene un inicio espectacular que m\u00e1s o menos mantiene el tipo durante la primera mitad de sus episodios, para perderse completamente en su segunda mitad en la que intenta convertirse de forma bastante torpe en un \u2018Fargo\u2019 en el outback, con una galer\u00eda de personajes que compiten por ser los m\u00e1s raros y exc\u00e9ntricos, pero sin aportar nada a un misterio que tal como estaba planteado, hubiera casi preferido no conocer el final que le han dado.<\/p>\n<p>En su haber tiene la presencia de un gran grupo de actores y actrices que intentan levantar una historia que como suele ser habitual en muchas de las obras de sus creadores, los prol\u00edficos gemelos Henry y Jack Williams ( Liar. <a href=\"https:\/\/www.elagoradiario.com\/agora-forum\/a-style\/agoraseries\/viuda-widow-guerra-multinacional-coltan\/\" rel=\"external nofollow\">The Widow<\/a>, Angela Black) tiene un final atropellado y que no est\u00e1 a a altura del desarrollo previo, como les voy a analizar a continuaci\u00f3n.<\/p>\n<p><img loading=\"lazy\" class=\"aligncenter size-full wp-image-15675\" src=\"https:\/\/static-blogs.diariovasco.com\/wp-content\/uploads\/sites\/37\/2022\/01\/destacada-4.jpg\" alt=\"\" width=\"480\" height=\"270\" srcset=\"https:\/\/static-blogs.diariovasco.com\/wp-content\/uploads\/sites\/37\/2022\/01\/destacada-4.jpg 480w, https:\/\/static-blogs.diariovasco.com\/wp-content\/uploads\/sites\/37\/2022\/01\/destacada-4-300x169.jpg 300w\" sizes=\"(max-width: 480px) 100vw, 480px\" \/><\/p>\n<p><strong>Ficha:<\/strong> The Tourist 8 ep 60 ene 2022 . <strong>Idioma:<\/strong> Ingles <strong>Cadena:<\/strong> Stan (AUS)\/ BBC(UK) \/In\u00e9dita E)<\/p>\n<p><strong>La trama<\/strong> : Un hombre est\u00e1 conduciendo por el outback australiano cuando tras una parada en una estaci\u00f3n de servicio empieza a ser perseguido de forma implacable por un gran cami\u00f3n que lo saca de la carretera de forma violenta. Al despertarse en la cama de un hospital no recuerda absolutamente nada, ni su nombre ni lo que est\u00e1 haciendo en ese lugar mas all\u00e1 de su acento irland\u00e9s.<\/p>\n<p>A partir de ese momento todos sus esfuerzos van encaminados a reconstruir todas las piezas de su vida que le faltan y poco a poco van a ir apareciendo personajes de su pasado, casi siempre con objetivos vengativos y de ajuste de cuentas ante la desesperaci\u00f3n y la impotencia del pobre turista amn\u00e9sico que no sabe las razones por las que es un objetivo tan codiciado, como muestran en el primer tr\u00e1iler de la serie.<br \/>\n<iframe loading=\"lazy\" title=\"YouTube video player\" src=\"https:\/\/www.youtube.com\/embed\/oIjbxpFvAzs\" width=\"560\" height=\"315\" frameborder=\"0\" allowfullscreen=\"allowfullscreen\"><\/iframe><\/p>\n<p>El planteamiento inicial es excelente y provoca que el espectador entre de forma casi inmediata en el misterio que rodea a ese enigm\u00e1tico personaje bien interpretado por Jamie Dornan, un actor ideal para este tipo de papeles misteriosos como demostr\u00f3 en \u2018The Fall\u2019 y posteriormente en la trilog\u00eda cinematogr\u00e1fica de las \u201850 sombras de Grey\u2019.<\/p>\n<p><img loading=\"lazy\" class=\"aligncenter size-full wp-image-15679\" src=\"https:\/\/static-blogs.diariovasco.com\/wp-content\/uploads\/sites\/37\/2022\/01\/jamie-dorman.jpg\" alt=\"\" width=\"920\" height=\"613\" srcset=\"https:\/\/static-blogs.diariovasco.com\/wp-content\/uploads\/sites\/37\/2022\/01\/jamie-dorman.jpg 920w, https:\/\/static-blogs.diariovasco.com\/wp-content\/uploads\/sites\/37\/2022\/01\/jamie-dorman-300x200.jpg 300w, https:\/\/static-blogs.diariovasco.com\/wp-content\/uploads\/sites\/37\/2022\/01\/jamie-dorman-768x512.jpg 768w, https:\/\/static-blogs.diariovasco.com\/wp-content\/uploads\/sites\/37\/2022\/01\/jamie-dorman-628x418.jpg 628w\" sizes=\"(max-width: 920px) 100vw, 920px\" \/>En ese desfile de personajes de su pasado pronto aparece un salvaje cowboy Billy Nixon de los de disparar primero y preguntar despu\u00e9s, interpretado de forma sorprendente por el enorme grandull\u00f3n island\u00e9s Olafur Darri Olafsson (Atrapados, El ministro)<\/p>\n<p><img loading=\"lazy\" class=\"aligncenter size-full wp-image-15676\" src=\"https:\/\/static-blogs.diariovasco.com\/wp-content\/uploads\/sites\/37\/2022\/01\/olafur-darri-olaffson.jpeg\" alt=\"\" width=\"780\" height=\"439\" srcset=\"https:\/\/static-blogs.diariovasco.com\/wp-content\/uploads\/sites\/37\/2022\/01\/olafur-darri-olaffson.jpeg 780w, https:\/\/static-blogs.diariovasco.com\/wp-content\/uploads\/sites\/37\/2022\/01\/olafur-darri-olaffson-300x169.jpeg 300w, https:\/\/static-blogs.diariovasco.com\/wp-content\/uploads\/sites\/37\/2022\/01\/olafur-darri-olaffson-768x432.jpeg 768w, https:\/\/static-blogs.diariovasco.com\/wp-content\/uploads\/sites\/37\/2022\/01\/olafur-darri-olaffson-628x353.jpeg 628w\" sizes=\"(max-width: 780px) 100vw, 780px\" \/>Los \u00fanicos apoyos que tienen el pobre amn\u00e9sico son una joven y voluntariosa agente de polic\u00eda Helen Chambers que se apiada de su situaci\u00f3n y empieza a investigar la identidad del amn\u00e9sico, en una interpretaci\u00f3n de Danielle McDonald ( Creedme. izq) , que parece un aut\u00e9ntico clon australiano de la gran Merrit Weaver tanto en f\u00edsico como en gestos y en dulzura.<\/p>\n<p><img loading=\"lazy\" class=\"aligncenter size-full wp-image-15678\" src=\"https:\/\/static-blogs.diariovasco.com\/wp-content\/uploads\/sites\/37\/2022\/01\/Danielle.jpg\" alt=\"\" width=\"667\" height=\"558\" srcset=\"https:\/\/static-blogs.diariovasco.com\/wp-content\/uploads\/sites\/37\/2022\/01\/Danielle.jpg 667w, https:\/\/static-blogs.diariovasco.com\/wp-content\/uploads\/sites\/37\/2022\/01\/Danielle-300x251.jpg 300w, https:\/\/static-blogs.diariovasco.com\/wp-content\/uploads\/sites\/37\/2022\/01\/Danielle-628x525.jpg 628w\" sizes=\"(max-width: 667px) 100vw, 667px\" \/><\/p>\n<p>A su lado tambi\u00e9n cuenta con Luci una camarera que conoce al\u00a0 principio de su odisea y que decide ayudarle en su viaje de reencuentro de su pasado, muy bien interpretada por la gran revelaci\u00f3n de la \u00faltima temporada de \u2018Line of Duty\u2019 la actriz anglo-australiana Shalom Brune-Frankiyn ( der)<\/p>\n<p>Por \u00faltimo toda producci\u00f3n australiana que se precie debe contar con la presencia del genial Damon Herriman, aunque en este caso fuera como el sustituto en el \u00faltimo minuto de Hugo Weaving que tuvo que renunciar por problemas de agenda. Herriman encarna al detective de polic\u00eda encargado de investigar el caso inicial y el rastro criminal que va dejando a su caso el amn\u00e9sico y sus perseguidores en busca de conocer su pasado.<\/p>\n<p><img loading=\"lazy\" class=\"aligncenter size-full wp-image-15677\" src=\"https:\/\/static-blogs.diariovasco.com\/wp-content\/uploads\/sites\/37\/2022\/01\/damon-herriman.jpg\" alt=\"\" width=\"2000\" height=\"1334\" srcset=\"https:\/\/static-blogs.diariovasco.com\/wp-content\/uploads\/sites\/37\/2022\/01\/damon-herriman.jpg 2000w, https:\/\/static-blogs.diariovasco.com\/wp-content\/uploads\/sites\/37\/2022\/01\/damon-herriman-300x200.jpg 300w, https:\/\/static-blogs.diariovasco.com\/wp-content\/uploads\/sites\/37\/2022\/01\/damon-herriman-768x512.jpg 768w, https:\/\/static-blogs.diariovasco.com\/wp-content\/uploads\/sites\/37\/2022\/01\/damon-herriman-628x419.jpg 628w\" sizes=\"(max-width: 2000px) 100vw, 2000px\" \/><\/p>\n<p>Tras una primera mitad impecable, las cosas se tuercen cuando precisamente empezamos a conocer el pasado del amn\u00e9sico, con unos villanos absolutamente rid\u00edculos que mezclan realidad con diarreas mentales que hunden la credibilidad de la historia inicial con unas opciones narrativas p\u00e9simas,<\/p>\n<p>En ese aspecto negativo destacan momentos que solo buscan epatar al espectador porqu\u00e9 pueden y sin ninguna justificaci\u00f3n narrativa, a pesar de lo que promet\u00eda el segundo tr\u00e1iler de la serie rodada en escenarios naturales de la zona de Adelaida al sur de Australia.<br \/>\n<iframe loading=\"lazy\" title=\"YouTube video player\" src=\"https:\/\/www.youtube.com\/embed\/KMz6GrShXhs\" width=\"560\" height=\"315\" frameborder=\"0\" allowfullscreen=\"allowfullscreen\"><\/iframe><\/p>\n<p>No deja de ser una lastima que \u2018The Tourist\u2019 tras un inicio tan prometedor acabe de la forma que lo ha hecho, aunque espero que llegue a estrenarse pronto en nuestro pa\u00eds para que puedan comprobar si est\u00e1n de acuerdo o no con mi apreciaci\u00f3n tan personal. Para finalizar les dejo con un video en el que los responsables y protagonistas de \u2018The Tourist\u2019 explican detalles internos sobre la misma.<br \/>\n<iframe loading=\"lazy\" title=\"YouTube video player\" src=\"https:\/\/www.youtube.com\/embed\/Rn-vuiSVp10\" width=\"560\" height=\"315\" frameborder=\"0\" allowfullscreen=\"allowfullscreen\"><\/iframe><br \/>\nEsperamos sus opiniones y comentarios, aqu\u00ed o en nuestra cuenta de twitter (@lmejino). Hasta la pr\u00f3xima<\/p>\n<p>Lorenzo Mejino<\/p>\n<!-- AddThis Advanced Settings generic via filter on the_content --><!-- AddThis Share Buttons generic via filter on the_content -->","protected":false},"excerpt":{"rendered":"<p>Una de las mejores tradiciones de los d\u00edas iniciales de cada a\u00f1o, es el estreno estrella de la plataforma australiana Stan que echa toda la carne en el asador en su primer estreno anual coincidiendo con el verano austral, con t\u00edtulos como \u2018Romper Stomper\u2019, \u2018Glitch\u2019, \u2018Bloom\u2019 o \u2018Bump\u2019 a los que se une este a\u00f1o [&hellip;]<!-- AddThis Advanced Settings generic via filter on get_the_excerpt --><!-- AddThis Share Buttons generic via filter on get_the_excerpt --><\/p>\n","protected":false},"author":61,"featured_media":15675,"comment_status":"open","ping_status":"closed","sticky":false,"template":"","format":"standard","meta":[],"categories":[3008,5,10,29,17],"tags":[619,7168,7171,7170,1242,2078,7169,7167],"_links":{"self":[{"href":"https:\/\/blogs.diariovasco.com\/series-gourmets\/wp-json\/wp\/v2\/posts\/15674"}],"collection":[{"href":"https:\/\/blogs.diariovasco.com\/series-gourmets\/wp-json\/wp\/v2\/posts"}],"about":[{"href":"https:\/\/blogs.diariovasco.com\/series-gourmets\/wp-json\/wp\/v2\/types\/post"}],"author":[{"embeddable":true,"href":"https:\/\/blogs.diariovasco.com\/series-gourmets\/wp-json\/wp\/v2\/users\/61"}],"replies":[{"embeddable":true,"href":"https:\/\/blogs.diariovasco.com\/series-gourmets\/wp-json\/wp\/v2\/comments?post=15674"}],"version-history":[{"count":4,"href":"https:\/\/blogs.diariovasco.com\/series-gourmets\/wp-json\/wp\/v2\/posts\/15674\/revisions"}],"predecessor-version":[{"id":15738,"href":"https:\/\/blogs.diariovasco.com\/series-gourmets\/wp-json\/wp\/v2\/posts\/15674\/revisions\/15738"}],"wp:featuredmedia":[{"embeddable":true,"href":"https:\/\/blogs.diariovasco.com\/series-gourmets\/wp-json\/wp\/v2\/media\/15675"}],"wp:attachment":[{"href":"https:\/\/blogs.diariovasco.com\/series-gourmets\/wp-json\/wp\/v2\/media?parent=15674"}],"wp:term":[{"taxonomy":"category","embeddable":true,"href":"https:\/\/blogs.diariovasco.com\/series-gourmets\/wp-json\/wp\/v2\/categories?post=15674"},{"taxonomy":"post_tag","embeddable":true,"href":"https:\/\/blogs.diariovasco.com\/series-gourmets\/wp-json\/wp\/v2\/tags?post=15674"}],"curies":[{"name":"wp","href":"https:\/\/api.w.org\/{rel}","templated":true}]}}