{"id":15831,"date":"2022-02-23T06:00:48","date_gmt":"2022-02-23T05:00:48","guid":{"rendered":"https:\/\/blogs.diariovasco.com\/series-gourmets\/?p=15831"},"modified":"2022-02-22T11:35:44","modified_gmt":"2022-02-22T10:35:44","slug":"station-eleven-shakespeare-el-principal-superviviente-de-un-apocalipsis","status":"publish","type":"post","link":"https:\/\/blogs.diariovasco.com\/series-gourmets\/2022\/02\/23\/station-eleven-shakespeare-el-principal-superviviente-de-un-apocalipsis\/","title":{"rendered":"Station Eleven : Shakespeare, el principal superviviente de un apocalipsis"},"content":{"rendered":"<p>Las circunstancias actuales de la pandemia del COVID-19 han hecho que las series apocal\u00edpticas nos parezcan mucho m\u00e1s cercanas que hace apenas dos a\u00f1os, aunque como en el caso de la estimulante miniserie \u2018Station Eleven\u2019 el origen sea un libro publicado hace diez a\u00f1os, por lo que no puede ser tildada precisamente de oportunista.<\/p>\n<p>\u2018Station Eleven\u2019 narra la historia de un grupo teatral formado por los\u00a0 supervivientes de una fiebre pand\u00e9mica que ha diezmado casi la totalidad de la poblaci\u00f3n terrestre de forma fulminante, con la particularidad de que se aferran a la cultura y concretamente a la divulgaci\u00f3n de las obras de William Shakespeare, como su aportaci\u00f3n a esa supervivencia de la raza humana mientras intenta renacer de sus cenizas.<\/p>\n<p>Narrada en dos l\u00edneas temporales que coinciden con el momento de la pandemia y la gira del grupo veinte a\u00f1os despu\u00e9s, \u2018Station Eleven\u2019 es una propuesta muy diferente a todo lo habitual y bastante inclasificable y en eso radica su atractivo porque si se entra en su juego post-apocal\u00edptico, el resultado puede ser muy satisfactorio como voy a analizar en el presente art\u00edculo.<\/p>\n<p><img loading=\"lazy\" class=\"aligncenter size-full wp-image-15836\" src=\"https:\/\/static-blogs.diariovasco.com\/wp-content\/uploads\/sites\/37\/2022\/02\/destacada-3.jpg\" alt=\"\" width=\"1200\" height=\"675\" srcset=\"https:\/\/static-blogs.diariovasco.com\/wp-content\/uploads\/sites\/37\/2022\/02\/destacada-3.jpg 1200w, https:\/\/static-blogs.diariovasco.com\/wp-content\/uploads\/sites\/37\/2022\/02\/destacada-3-300x169.jpg 300w, https:\/\/static-blogs.diariovasco.com\/wp-content\/uploads\/sites\/37\/2022\/02\/destacada-3-768x432.jpg 768w, https:\/\/static-blogs.diariovasco.com\/wp-content\/uploads\/sites\/37\/2022\/02\/destacada-3-628x353.jpg 628w\" sizes=\"(max-width: 1200px) 100vw, 1200px\" \/><\/p>\n<p><strong>Ficha<\/strong>: Station Eleven 10 ep 60m dic 2021-ene 2022 \u2013 HBO Max ( USA) \/ HBO Max ( E)<\/p>\n<p><strong>Sinopsis:<\/strong> Los primeros estertores de una fiebre pand\u00e9mica enormemente contagiosa en los EEUU, une de forma fortuita los destinos de Jeevan, un aspirante a param\u00e9dico y Kirsten, una joven actriz infantil que est\u00e1 actuando en la representaci\u00f3n de una obra de Shakespeare en Chicago, protagonizada por un famoso actor, Arthur Leander.<\/p>\n<p>En paralelo, tras un salto temporal vemos a la joven Kirsten convertida en toda una mujer, veinte a\u00f1os m\u00e1s tarde, formando parte de la compa\u00f1\u00eda teatral \u2018The Travelling Symphony\u2019 que en medio de toda esa desolaci\u00f3n, est\u00e1 de gira continua intentando llevar a las comunidades supervivientes en la zona de los Grandes Lagos, un halo de esperanza cultural mediante las representaciones teatrales de las obras del gran William Shakespeare.<\/p>\n<p>La convergencia de esas dos l\u00edneas temporales es el hilo principal de la trama de \u2018Station Eleven\u2019.<\/p>\n<p><strong>El inicio:<\/strong> Emily St John Mandel es un joven escritora canadiense que tras publicar tres novelas sin mucho \u00e9xito, con su cuarta publicaci\u00f3n \u2018Station Eleven\u2019 alcanz\u00f3 un gran \u00e9xito de ventas y de premios, abri\u00e9ndole las puertas de la fama literaria.<\/p>\n<p><img loading=\"lazy\" class=\"aligncenter size-full wp-image-15837\" src=\"https:\/\/static-blogs.diariovasco.com\/wp-content\/uploads\/sites\/37\/2022\/02\/emily-st-john-mandel.jpg\" alt=\"\" width=\"600\" height=\"437\" srcset=\"https:\/\/static-blogs.diariovasco.com\/wp-content\/uploads\/sites\/37\/2022\/02\/emily-st-john-mandel.jpg 600w, https:\/\/static-blogs.diariovasco.com\/wp-content\/uploads\/sites\/37\/2022\/02\/emily-st-john-mandel-300x219.jpg 300w\" sizes=\"(max-width: 600px) 100vw, 600px\" \/>El tono postapocal\u00edptico de la novela despert\u00f3 el inter\u00e9s del productor Scott Steindorf que adquiri\u00f3 r\u00e1pidamente los derechos para su producci\u00f3n audiovisual, sin saber si ser\u00eda en forma de pel\u00edcula o de miniserie.<\/p>\n<p>Durante sus duros inicios literarios, Emily St John Mandel coincidi\u00f3 en Chicago en un acto literario con otro joven escritor Patrick Somerville, que tampoco consegu\u00eda sacar la cabeza con sus novelas y\u00a0 que estaba ponderando pasarse a la escritura televisiva, algo que hizo al entrar en la sala de guionistas de \u2018The Bridge\u2019 la adaptaci\u00f3n USA de la genial \u2018Bron\u2019 .<\/p>\n<p><img loading=\"lazy\" class=\"aligncenter size-full wp-image-15835\" src=\"https:\/\/static-blogs.diariovasco.com\/wp-content\/uploads\/sites\/37\/2022\/02\/patrick-somerville.jpg\" alt=\"\" width=\"681\" height=\"383\" srcset=\"https:\/\/static-blogs.diariovasco.com\/wp-content\/uploads\/sites\/37\/2022\/02\/patrick-somerville.jpg 681w, https:\/\/static-blogs.diariovasco.com\/wp-content\/uploads\/sites\/37\/2022\/02\/patrick-somerville-300x169.jpg 300w, https:\/\/static-blogs.diariovasco.com\/wp-content\/uploads\/sites\/37\/2022\/02\/patrick-somerville-628x353.jpg 628w\" sizes=\"(max-width: 681px) 100vw, 681px\" \/><\/p>\n<p>Ese trabajo le abri\u00f3 a Somerville las puertas para trabajar en <a href=\"https:\/\/blogs.diariovasco.com\/series-gourmets\/2014\/09\/17\/the-leftovers-la-satisfaccion-instantanea-no-es-un-objetivo-imprescindible\/\">\u2018The Leftovers\u2019<\/a> y crear posteriormente \u2018Maniac\u2019, cuando para su sorpresa descubri\u00f3 que \u2018Station Eleven\u2019 la nueva novela de su conocida Emily St John Mandel, estaba arrasando en las listas de ventas.<\/p>\n<p>Tras haber finalizado \u2018Maniac\u2019, se enter\u00f3 que hab\u00eda fracasado el intento inicial de convertirla en pel\u00edcula, por lo que no dud\u00f3 en ofrecerse al productor poseedor de los derechos para adaptar la obra de su amiga,<\/p>\n<p>Su planteamiento convenci\u00f3 al productor Scott Steindorf y se puso manos a la obra para adaptar una novela bastante compleja, realizando algunos cambios conceptuales como ubicar la historia en Chicago en lugar de en Toronto, porque es la zona donde Patrick Somerville creci\u00f3 y conoce mucho mejor.<\/p>\n<p>HBO adquiri\u00f3 r\u00e1pidamente la miniserie, tanto por la tem\u00e1tica como por la presencia de Patrick Somerville, pero el rodaje fue de lo m\u00e1s accidentado por el tema COVID y su estreno se retras\u00f3 casi un a\u00f1o, hasta hacerlo poco antes de las Navidades pasadas, promocionando la serie con un video a modo de gu\u00eda de principiantes que pueden ver a continuaci\u00f3n.<br \/>\n<iframe loading=\"lazy\" title=\"YouTube video player\" src=\"https:\/\/www.youtube.com\/embed\/bv_EgTQvKsM\" width=\"560\" height=\"315\" frameborder=\"0\" allowfullscreen=\"allowfullscreen\"><\/iframe><br \/>\nSu estreno tuvo una buena recepci\u00f3n por parte de la cr\u00edtica y a pesar de no estar dirigida a un p\u00fablico mayoritario consigui\u00f3 intrigar a bastantes personas durante su emisi\u00f3n semanal, gracias a la siguiente promoci\u00f3n inicial.<\/p>\n<p><iframe loading=\"lazy\" title=\"YouTube video player\" src=\"https:\/\/www.youtube.com\/embed\/KqsR0hPIVl8\" width=\"560\" height=\"315\" frameborder=\"0\" allowfullscreen=\"allowfullscreen\"><\/iframe><\/p>\n<p><strong>La trama:<\/strong> \u2018Station Eleven\u2019 tiene una estructura narrativa fragmentada en la que los episodios impares hablan del momento del estallido de la pandemia y los episodios pares se centran en el futuro de dos d\u00e9cadas despu\u00e9s con las historias de la compa\u00f1\u00eda teatral, con el \u00fanico nexo\u00a0 que representa la protagonista Kirsten, primero como una ni\u00f1a de doce a\u00f1os y posteriormente como una mujer de treinta y dos a\u00f1os en las dos partes principales de la historia.<\/p>\n<p>Los episodios est\u00e1n completamente compartimentados en su fase inicial, aunque en la segunda mitad poco a poco empiezan a converger para resolver las dos grandes preguntas que plantea \u2018Station Eleven\u2019.<\/p>\n<p>La primera inc\u00f3gnita es\u00a0 el posible destino de todos los personajes con que interacciona la joven Kirsten en Chicago, durante el inicio de la pandemia, en especial del voluntarioso param\u00e9dico Jeevan que se convierte en su protector al estallar la pandemia y llevarse a la ni\u00f1a para refugiarse atrincherado\u00a0 en casa de su hermano.<\/p>\n<p>En segundo lugar tenemos las preguntas sobre el pasado de las personas que forman la compa\u00f1\u00eda \u2018Travelling Symphony\u2019 y sobre todo de algunos de los variopintos personajes que se cruzan en su camino, incluyendo sectas y cultos de todo tipo nacidos del caos post-pand\u00e9mico<\/p>\n<p>Para complicar todav\u00eda m\u00e1s las cosas, algunos episodios se dedican de forma exclusiva a personajes que apenas han sido mencionados hasta el momento en que toman protagonismo y que gracias a\u00a0 sus acciones hacen avanzar la historia en direcciones imprevistas, como es el caso de la misteriosa autora de una novela gr\u00e1fica titulada \u2018Station eleven\u2019 que es un poco la biblia de la protagonista Kirsten, como muestra el tr\u00e1iler oficial de la serie.<br \/>\n<iframe loading=\"lazy\" title=\"YouTube video player\" src=\"https:\/\/www.youtube.com\/embed\/6ir2EBEkTZc\" width=\"560\" height=\"315\" frameborder=\"0\" allowfullscreen=\"allowfullscreen\"><\/iframe><br \/>\nA pesar de todos esos saltos temporales y espacios diferentes, \u2018Station Eleven\u2019 evita bastante la confusi\u00f3n al no estar saltando continuamente de \u00e9poca y escenario lo que nos\u00a0 permite introducirnos de lleno en el personaje central de cada episodio y conocer su historia en profundidad, aunque posteriormente apenas vuelva a aparecer.<\/p>\n<p>La trama del pasado se centra especialmente en mostrar la estupefacci\u00f3n inicial frente a la propagaci\u00f3n mete\u00f3rica de esa fiebre mortal, para pasar a mostrar las dif\u00edciles condiciones de supervivencia en medio de un caos social de una enorme magnitud.<\/p>\n<p>Por el contrario la trama del futuro, utiliza la compa\u00f1\u00eda teatral como una especie de met\u00e1fora de la reconstrucci\u00f3n de nuestra sociedad, utilizando como base la cultura inmortal de un autor como William Shakespeare, para llevar la esperanza a todos los rincones que visitan una cada vez cada dos a\u00f1os en sus giras por la regi\u00f3n de los Grandes Lagos, con un estilo de vida ludita obligados por las circunstancias.<\/p>\n<p><img loading=\"lazy\" class=\"aligncenter size-full wp-image-15832\" src=\"https:\/\/static-blogs.diariovasco.com\/wp-content\/uploads\/sites\/37\/2022\/02\/general.jpeg\" alt=\"\" width=\"800\" height=\"450\" srcset=\"https:\/\/static-blogs.diariovasco.com\/wp-content\/uploads\/sites\/37\/2022\/02\/general.jpeg 800w, https:\/\/static-blogs.diariovasco.com\/wp-content\/uploads\/sites\/37\/2022\/02\/general-300x169.jpeg 300w, https:\/\/static-blogs.diariovasco.com\/wp-content\/uploads\/sites\/37\/2022\/02\/general-768x432.jpeg 768w, https:\/\/static-blogs.diariovasco.com\/wp-content\/uploads\/sites\/37\/2022\/02\/general-628x353.jpeg 628w\" sizes=\"(max-width: 800px) 100vw, 800px\" \/><\/p>\n<p>De hecho esta compa\u00f1\u00eda teatral es bastante reminiscente de las formas en que se representaban en tiempos de Shakespeare sus obras teatrales por compa\u00f1\u00edas ambulantes compuestas de m\u00fasicos y actores, como explican en profundidad en el siguiente video explicativo.<br \/>\n<iframe loading=\"lazy\" title=\"YouTube video player\" src=\"https:\/\/www.youtube.com\/embed\/eCiCjGa9jhM\" width=\"560\" height=\"315\" frameborder=\"0\" allowfullscreen=\"allowfullscreen\"><\/iframe><br \/>\nA excepci\u00f3n de Kirsten que es el hilo conductor general de la historia, el resto de personajes entran y salen de la historia de una forma muy coral, pero consiguiendo\u00a0 h\u00e1bilmente que todas las piezas encajen al final de una forma bastante elegante y sutil, lo que no es nada f\u00e1cil en este tipo de historias.<\/p>\n<p>El problema principal que le he encontrado a \u2018Station Eleven\u2019 es la descompensaci\u00f3n entre las historias del pasado que me han parecido mucho m\u00e1s interesantes que las de la troupe teatral que son bastante m\u00e1s convencionales y adornadas con un halo de trascendentalidad y solemnidad algo pedante.<\/p>\n<p>La hip\u00f3tesis del teatro y Shakespeare como tabla de supervivencia de la especie humana es un concepto muy interesante, pero que no ha sido desarrollado de una manera profunda, al quedarse en aspectos superficiales y primar los propios conflictos entre los miembros de la troupe y\u00a0 con unos enemigos externos bastante difusos y que tampoco tienen una hoja de ruta muy perfilada.<\/p>\n<p>Ese riesgo hace que \u2018Station Eleven\u2019 no sea una propuesta para todos los p\u00fablicos por la falta de linealidad de su estructura narrativa que exige bastante atenci\u00f3n por parte del espectador para ir ligando cabos, aunque en su haber debo decir que todas las cosas se ven venir de lejos y no es dif\u00edcil adivinar el destino y el origen de todos los personajes.<\/p>\n<p>&nbsp;<\/p>\n<p><strong>Los actores:<\/strong><br \/>\nEl reparto de \u2018Station Eleven\u2019 es bastante grande para cubrir las dos l\u00edneas temporales, por lo que me voy a centrar en los que me han parecido los tres actores y actrices m\u00e1s interesantes, para evitar extenderme demasiado.<\/p>\n<p>La estrella absoluta de la serie es la actriz canadiense Mackenzie Davis que tras unos modestos inicios cinematogr\u00e1ficos deslumbro a todo el mundo como la hacker Cameron Howe en la fabulosa <a href=\"https:\/\/blogs.diariovasco.com\/series-gourmets\/2014\/11\/05\/halt-and-catch-fire-la-enorme-sorpresa-de-la-temporada-estival-de-2014\/\">\u2018Halt and Catch Fire\u2019<\/a> que le abri\u00f3 las puertas de grandes producciones cinematogr\u00e1ficas como \u2018The Martian\u2019 , \u2018Terminator: Dark Fate\u2019 o \u2018Blade Runner 2049\u2019 mientras que segu\u00eda destacando en televisi\u00f3n en joyas como el episodio \u2018San Jun\u00edpero\u2019 de \u2018Black Mirror\u2019<\/p>\n<p><img loading=\"lazy\" class=\"aligncenter size-full wp-image-15834\" src=\"https:\/\/static-blogs.diariovasco.com\/wp-content\/uploads\/sites\/37\/2022\/02\/mckenzie-davis.jpg\" alt=\"\" width=\"1920\" height=\"1280\" srcset=\"https:\/\/static-blogs.diariovasco.com\/wp-content\/uploads\/sites\/37\/2022\/02\/mckenzie-davis.jpg 1920w, https:\/\/static-blogs.diariovasco.com\/wp-content\/uploads\/sites\/37\/2022\/02\/mckenzie-davis-300x200.jpg 300w, https:\/\/static-blogs.diariovasco.com\/wp-content\/uploads\/sites\/37\/2022\/02\/mckenzie-davis-768x512.jpg 768w, https:\/\/static-blogs.diariovasco.com\/wp-content\/uploads\/sites\/37\/2022\/02\/mckenzie-davis-628x419.jpg 628w\" sizes=\"(max-width: 1920px) 100vw, 1920px\" \/><\/p>\n<p>Mackenzie Davis hace una interpretaci\u00f3n muy intensa de Kirsten Raymonde la l\u00edder de facto de la troupe teatral, en la que proyecta el amor que ha sentido por las representaciones teatrales desde su m\u00e1s tierna infancia. Davis siempre me ha parecido una gran actriz y en esta ocasi\u00f3n ha estado a su altura habitual.<\/p>\n<p>M\u00e1s desconocido para el p\u00fablico estadounidense era el actor brit\u00e1nico Himesh Patel que encarna el papel de Jeevan, el tutor y protector de la joven Kristen, tras su primer encuentro fortuito, con una interpretaci\u00f3n de lo m\u00e1s convincente al aceptar que su destino debe ser proteger a la ni\u00f1a, para asegurar el futuro.<\/p>\n<p>Patel es bastante popular en su pa\u00eds natal por su participaci\u00f3n durante muchos a\u00f1os en el culebr\u00f3n \u2018Eastenders\u2019, donde estuvo casi diez a\u00f1os aprendiendo el oficio, para pasar a aparecer en series discretas como \u2018Damned\u2019 o \u2018The Luminaries\u2019, mientras lo compaginaba con papelitos muy marginales en pel\u00edculas como \u2018Tenet\u2019 o \u2018Don\u2019t Look Up\u2019 .<\/p>\n<p><img loading=\"lazy\" class=\"aligncenter size-full wp-image-15833\" src=\"https:\/\/static-blogs.diariovasco.com\/wp-content\/uploads\/sites\/37\/2022\/02\/himesh-patel-matilda-lawler.jpg\" alt=\"\" width=\"700\" height=\"400\" srcset=\"https:\/\/static-blogs.diariovasco.com\/wp-content\/uploads\/sites\/37\/2022\/02\/himesh-patel-matilda-lawler.jpg 700w, https:\/\/static-blogs.diariovasco.com\/wp-content\/uploads\/sites\/37\/2022\/02\/himesh-patel-matilda-lawler-300x171.jpg 300w, https:\/\/static-blogs.diariovasco.com\/wp-content\/uploads\/sites\/37\/2022\/02\/himesh-patel-matilda-lawler-628x359.jpg 628w\" sizes=\"(max-width: 700px) 100vw, 700px\" \/><\/p>\n<p>La revelaci\u00f3n es la joven de trece a\u00f1os Matilda Lawler que se ha revelado como una actriz con enormes recursos al interpretar a la joven Kirsten, en medio de todo el marasmo de la supervivencia, haci\u00e9ndolo con un desparpajo y una naturalidad poco habitual para una interprete de su edad. Hija de actores, antes de este personaje, hab\u00eda trabajado en obras teatrales y ya le han dado un papel protagonista en \u2018Flora &amp; Ulysses\u2019 una pel\u00edcula de Disney.<\/p>\n<p><strong>Ep\u00edlogo:<\/strong><\/p>\n<p>A pesar de algunas de las reticencias que he expuesto previamente, \u2018Station Eleven\u2019 me ha parecido una serie muy interesante por adentrarse en terrenos novedosos y que nos pueden hacer recapacitar sobre nuestros propios comportamientos, en medio de una situaci\u00f3n pand\u00e9mica con ciertas similitudes con nuestra situaci\u00f3n actual, por lo que les voy a dejar con un video sobre el \u2018making of\u2019 de la serie.<br \/>\n<iframe loading=\"lazy\" title=\"YouTube video player\" src=\"https:\/\/www.youtube.com\/embed\/JzriHq3QXPA\" width=\"560\" height=\"315\" frameborder=\"0\" allowfullscreen=\"allowfullscreen\"><\/iframe><br \/>\nEsperamos sus opiniones y comentarios, aqu\u00ed o en nuestra cuenta de twitter (@lmejino). Hasta la pr\u00f3xima<\/p>\n<p>Lorenzo Mejino<\/p>\n<!-- AddThis Advanced Settings generic via filter on the_content --><!-- AddThis Share Buttons generic via filter on the_content -->","protected":false},"excerpt":{"rendered":"<p>Las circunstancias actuales de la pandemia del COVID-19 han hecho que las series apocal\u00edpticas nos parezcan mucho m\u00e1s cercanas que hace apenas dos a\u00f1os, aunque como en el caso de la estimulante miniserie \u2018Station Eleven\u2019 el origen sea un libro publicado hace diez a\u00f1os, por lo que no puede ser tildada precisamente de oportunista. \u2018Station [&hellip;]<!-- AddThis Advanced Settings generic via filter on get_the_excerpt --><!-- AddThis Share Buttons generic via filter on get_the_excerpt --><\/p>\n","protected":false},"author":61,"featured_media":15836,"comment_status":"open","ping_status":"closed","sticky":false,"template":"","format":"standard","meta":[],"categories":[23,5,7,15],"tags":[7245,7248,7246,7247,7244,7243],"_links":{"self":[{"href":"https:\/\/blogs.diariovasco.com\/series-gourmets\/wp-json\/wp\/v2\/posts\/15831"}],"collection":[{"href":"https:\/\/blogs.diariovasco.com\/series-gourmets\/wp-json\/wp\/v2\/posts"}],"about":[{"href":"https:\/\/blogs.diariovasco.com\/series-gourmets\/wp-json\/wp\/v2\/types\/post"}],"author":[{"embeddable":true,"href":"https:\/\/blogs.diariovasco.com\/series-gourmets\/wp-json\/wp\/v2\/users\/61"}],"replies":[{"embeddable":true,"href":"https:\/\/blogs.diariovasco.com\/series-gourmets\/wp-json\/wp\/v2\/comments?post=15831"}],"version-history":[{"count":4,"href":"https:\/\/blogs.diariovasco.com\/series-gourmets\/wp-json\/wp\/v2\/posts\/15831\/revisions"}],"predecessor-version":[{"id":15891,"href":"https:\/\/blogs.diariovasco.com\/series-gourmets\/wp-json\/wp\/v2\/posts\/15831\/revisions\/15891"}],"wp:featuredmedia":[{"embeddable":true,"href":"https:\/\/blogs.diariovasco.com\/series-gourmets\/wp-json\/wp\/v2\/media\/15836"}],"wp:attachment":[{"href":"https:\/\/blogs.diariovasco.com\/series-gourmets\/wp-json\/wp\/v2\/media?parent=15831"}],"wp:term":[{"taxonomy":"category","embeddable":true,"href":"https:\/\/blogs.diariovasco.com\/series-gourmets\/wp-json\/wp\/v2\/categories?post=15831"},{"taxonomy":"post_tag","embeddable":true,"href":"https:\/\/blogs.diariovasco.com\/series-gourmets\/wp-json\/wp\/v2\/tags?post=15831"}],"curies":[{"name":"wp","href":"https:\/\/api.w.org\/{rel}","templated":true}]}}