{"id":16411,"date":"2022-06-13T06:00:49","date_gmt":"2022-06-13T05:00:49","guid":{"rendered":"https:\/\/blogs.diariovasco.com\/series-gourmets\/?p=16411"},"modified":"2022-06-13T07:59:42","modified_gmt":"2022-06-13T06:59:42","slug":"systrabond-svortu-sandar-islandia-las-arenas-negras-pueden-ser-movedizas","status":"publish","type":"post","link":"https:\/\/blogs.diariovasco.com\/series-gourmets\/2022\/06\/13\/systrabond-svortu-sandar-islandia-las-arenas-negras-pueden-ser-movedizas\/","title":{"rendered":"Systrab\u00f6nd\/ Sv\u00f6rtu Sandar  (Islandia) :  las arenas negras pueden ser movedizas"},"content":{"rendered":"<p>De vez en cuando las circunstancias me permiten agrupar en un mismo art\u00edculo, series de un mismo pa\u00eds con caracter\u00edsticas similares y puntos comunes como es el caso de las playas de arenas negras islandesas que son el epicentro de dos de sus \u00faltimos estrenos \u2018Systrab\u00f6nd\u2019 y \u2018Sv\u00f6rtu Sandar\u2019 conocidas internacionalmente con los nombres de \u2018Sisterhood\u2019 y \u2018Black Sands\u2019 respectivamente.<\/p>\n<p>Las dos series son thrillers que comparten esas arenas negras como lugar de los asesinatos que van a ser investigados por mujeres atormentadas por su pasado como mandan los c\u00e1nones del g\u00e9nero \u2018nordic noir\u2019 y es otra muestra de\u00a0 la gran capacidad de producci\u00f3n que tiene la diminuta poblaci\u00f3n de Islandia tanto a nivel de cine como de televisi\u00f3n.<\/p>\n<p>En ambos casos se les ha ido la mano con el metraje, demasiado largo para la historia central que quieren contar, lo que redunda en una excesiva parsimonia e incluso solemnidad en su desarrollo para acabar enclavadas en la clase media de series islandesas, dependiendo\u00a0 su calificaci\u00f3n final de la afinidad del espectador por ver paisajes volc\u00e1nicos islandeses que aparecen con profusi\u00f3n en ambas propuestas<\/p>\n<p><strong>SYSTRAB\u00d6ND : UNA SORORIDAD CON UN SECRETO QUE NO VA A DURAR ETERNAMENTE<\/strong><\/p>\n<p><strong><img loading=\"lazy\" class=\"aligncenter size-full wp-image-16415\" src=\"https:\/\/static-blogs.diariovasco.com\/wp-content\/uploads\/sites\/37\/2022\/06\/Systrabo\u0308nd-skilti.jpg\" alt=\"\" width=\"1200\" height=\"800\" srcset=\"https:\/\/static-blogs.diariovasco.com\/wp-content\/uploads\/sites\/37\/2022\/06\/Systrabo\u0308nd-skilti.jpg 1200w, https:\/\/static-blogs.diariovasco.com\/wp-content\/uploads\/sites\/37\/2022\/06\/Systrabo\u0308nd-skilti-300x200.jpg 300w, https:\/\/static-blogs.diariovasco.com\/wp-content\/uploads\/sites\/37\/2022\/06\/Systrabo\u0308nd-skilti-768x512.jpg 768w, https:\/\/static-blogs.diariovasco.com\/wp-content\/uploads\/sites\/37\/2022\/06\/Systrabo\u0308nd-skilti-628x419.jpg 628w\" sizes=\"(max-width: 1200px) 100vw, 1200px\" \/>Ficha:<\/strong> Systrabond ( Sisterhood) 6 ep 45 min .\u00a0 mar 2021 . <strong>Idioma:<\/strong> island\u00e9s subs ingl\u00e9s <strong>Cadena:<\/strong> Viaplay ( Isl) \/ in\u00e9dita (E)<\/p>\n<p><strong>La trama :<\/strong><br \/>\nLas historias aparentemente independientes y tranquilas de la enfermera Karlotta, la chef Anna y la pastora religiosa Elisabet sufren un vuelco total cuando los restos de un esqueleto de hace veinticinco a\u00f1os son encontrados durante una excavaci\u00f3n en su ciudad natal de Olafsvik, al oeste de Islandia.<\/p>\n<p>Dicho suceso hace que las tres se vuelvan a reunir tras muchos a\u00f1os de falta de contacto, para gestionar las consecuencias que ese descubrimiento\u00a0 puede tener para ellas por la responsabilidad directa que tuvieron en su momento.<\/p>\n<p>\u2018Systrab\u00f6nd\u2019 es un \u2018nordic noir\u2019 en el que conocemos desde el principio a las culpables y que se centra m\u00e1s en el proceso de interiorizaci\u00f3n de la culpa que les ha estado carcomiendo durante veinticinco a\u00f1os y que vuelve a aflorar por la remota posibilidad de que puedan ser descubiertas y que queda reflejada en la muy islandesa cabecera de \u2018Systrab\u00f6nd\u2019<br \/>\n<iframe loading=\"lazy\" src=\"https:\/\/player.vimeo.com\/video\/586667396?h=a5d377b260\" width=\"640\" height=\"360\" frameborder=\"0\" allowfullscreen=\"allowfullscreen\"><\/iframe><\/p>\n<p>&nbsp;<\/p>\n<p>Su forma de gestionar la culpa es diferente en los tres casos, con la religiosa Elisabet (Lilja N\u00f3tt \u00de\u00f3rarinsd\u00f3ttir, der ) prefiere no hacer ni decir nada, mientras que la chef Anna ( J\u00f3hanna Fri\u00f0rika S\u00e6mundsd\u00f3ttir, izq) quiere ir a entregarse a la polic\u00eda y la enfermera Karlotta ( la coprotagonista de \u2018Atrapados\u2019 ,Ilmur Kristj\u00e1nsd\u00f3ttir, centro ) se descontrola y entra en estado de p\u00e1nico.<\/p>\n<p><img loading=\"lazy\" class=\"aligncenter size-full wp-image-16416\" src=\"https:\/\/static-blogs.diariovasco.com\/wp-content\/uploads\/sites\/37\/2022\/06\/actrices.jpg\" alt=\"\" width=\"702\" height=\"525\" srcset=\"https:\/\/static-blogs.diariovasco.com\/wp-content\/uploads\/sites\/37\/2022\/06\/actrices.jpg 702w, https:\/\/static-blogs.diariovasco.com\/wp-content\/uploads\/sites\/37\/2022\/06\/actrices-300x224.jpg 300w, https:\/\/static-blogs.diariovasco.com\/wp-content\/uploads\/sites\/37\/2022\/06\/actrices-628x470.jpg 628w\" sizes=\"(max-width: 702px) 100vw, 702px\" \/><\/p>\n<p>En paralelo a la din\u00e1mica de esa sororidad a punto de resquebrajarse, tenemos\u00a0 la investigaci\u00f3n policial a cargo de unos polic\u00edas anodinos que no son borrachos ni atormentados, sino que se dedican a hacer una labor minuciosa recopilando todos los peque\u00f1os indicios que encuentran desde el punto de vista forense para poder identificar a la victima, como primer paso para descubrir a los culpables.<\/p>\n<p>De todas formas el foco de \u2018Systrab\u00f6nd\u2019 nunca est\u00e1 en la labor policial sino en las diferentes formas de afectaci\u00f3n de la culpa y del remordimiento de las tres protagonistas.<\/p>\n<p><img loading=\"lazy\" class=\"aligncenter size-full wp-image-16413\" src=\"https:\/\/static-blogs.diariovasco.com\/wp-content\/uploads\/sites\/37\/2022\/06\/jovencitas.jpg\" alt=\"\" width=\"1200\" height=\"800\" srcset=\"https:\/\/static-blogs.diariovasco.com\/wp-content\/uploads\/sites\/37\/2022\/06\/jovencitas.jpg 1200w, https:\/\/static-blogs.diariovasco.com\/wp-content\/uploads\/sites\/37\/2022\/06\/jovencitas-300x200.jpg 300w, https:\/\/static-blogs.diariovasco.com\/wp-content\/uploads\/sites\/37\/2022\/06\/jovencitas-768x512.jpg 768w, https:\/\/static-blogs.diariovasco.com\/wp-content\/uploads\/sites\/37\/2022\/06\/jovencitas-628x419.jpg 628w\" sizes=\"(max-width: 1200px) 100vw, 1200px\" \/><\/p>\n<p>Una parte de la trama tiene lugar en forma de flashback, que nos retrotrae a la adolescencia de todas las mujeres implicadas y que va proporcionando a cuentagotas pistas para resolver el crimen en la actualidad veinticinco a\u00f1os despu\u00e9s.<\/p>\n<p>Esas dos l\u00edneas independientes, la de las tres mujeres y la policial van a ir convergiendo poco a poco, pero a una velocidad inferior a la de un quad con las cuatro ruedas pinchadas, por lo que el desenlace esperado de la historia se dilata hasta l\u00edmites exasperantes, lo que mancilla una buena presentaci\u00f3n de la historia en su primer episodio. Lo pueden comprobar en el tr\u00e1iler oficial de su estreno en los pa\u00edses escandinavos, que va a cerrar este primer apartado.<\/p>\n<p><iframe loading=\"lazy\" title=\"YouTube video player\" src=\"https:\/\/www.youtube.com\/embed\/h3XVP70hM4w\" width=\"560\" height=\"315\" frameborder=\"0\" allowfullscreen=\"allowfullscreen\"><\/iframe><\/p>\n<p><strong>SV\u00d6RTU SANDAR . HIJA PR\u00d3DIGA EN BUSCA DE ASESINO EN SERIE.<\/strong><\/p>\n<p><strong><img loading=\"lazy\" class=\"aligncenter size-full wp-image-16412\" src=\"https:\/\/static-blogs.diariovasco.com\/wp-content\/uploads\/sites\/37\/2022\/06\/general-1.jpg\" alt=\"\" width=\"1024\" height=\"677\" srcset=\"https:\/\/static-blogs.diariovasco.com\/wp-content\/uploads\/sites\/37\/2022\/06\/general-1.jpg 1024w, https:\/\/static-blogs.diariovasco.com\/wp-content\/uploads\/sites\/37\/2022\/06\/general-1-300x198.jpg 300w, https:\/\/static-blogs.diariovasco.com\/wp-content\/uploads\/sites\/37\/2022\/06\/general-1-768x508.jpg 768w, https:\/\/static-blogs.diariovasco.com\/wp-content\/uploads\/sites\/37\/2022\/06\/general-1-628x415.jpg 628w\" sizes=\"(max-width: 1024px) 100vw, 1024px\" \/><\/strong><\/p>\n<p><strong>Ficha:<\/strong> Sv\u00f6rtu Sandar ( Black Sands) 8 ep 45 min .\u00a0 dic 2021-feb 2022. <strong>Idioma:<\/strong> Island\u00e9s subs ingles\u00a0<strong>Cadena:<\/strong> St\u00f6\u00f0 2 ( S)- In\u00e9dita ( E)<\/p>\n<p><strong>La trama :<\/strong><br \/>\nAnita es una mujer polic\u00eda de treinta a\u00f1os que tras ser represaliada en la comisaria central de Reykjavik decide volver al pueblo donde naci\u00f3, por ser el \u00fanico lugar donde le ofrecen un puesto de trabajo como polic\u00eda, gracias a las amistades que mantiene tras haber partido catorce a\u00f1os antes hacia la capital islandesa.<\/p>\n<p>Lo peor de ese regreso es tener que mudarse con su madre, El\u00edn, con la que mantiene una relaci\u00f3n de lo m\u00e1s tirante a causa de su complicada convivencia durante su adolescencia.<\/p>\n<p>El pueblo ha evolucionado bastante los \u00faltimos a\u00f1os para convertirse en un reclamo tur\u00edstico por su peligrosa playa de arenas negras, que se ha convertido en una verdadera trampa mortal para incautos en caso de verse en medio de\u00a0 un temporal o de\u00a0 una marea salvaje en una playa con olas\u00a0 gigantes que te engullen de forma inmediata.<\/p>\n<p>El primer caso de Anita, nada m\u00e1s llegar al pueblo es el descubrimiento de una mujer joven junto a la arena negra de la playa, que parece haberse ca\u00eddo de un acantilado sobre la orilla. Anita\u00a0 inicia una investigaci\u00f3n sobre el caso junto con el\u00a0 actual jefe de polic\u00eda Ragnar, el m\u00e9dico del pueblo Sal\u00f3mon y el equipo de polic\u00eda local. En principio nada parece sospechoso hasta que poco m\u00e1s tarde un amigo de la difunta es encontrado\u00a0 esa noche, aterrorizado y cubierto de sangre.<\/p>\n<p>Anita entra en una espiral de problemas, cuando descubre que existen claras conexiones de las \u00faltimas\u00a0 muertes de turistas en esa zona y que nadie en la polic\u00eda local se hab\u00eda preocupado de unir esos puntos. Adem\u00e1s en su vida personal se ve involucrada en un peligroso tri\u00e1ngulo amoroso que demuestra que su sagacidad como detective no es la misma que en su \u00e1mbito privado tanto con sus relaciones personales como sobre todo con la turbulenta convivencia con su madre.<\/p>\n<p>\u2018Sv\u00f6rtu Sandar\u2019 es un \u2018nordic noir \u2018 de manual, con las vistas de la playa de arena negra y la roca agujereada de Vik que aparecen en casi toda serie islandesa que se precie ( <a href=\"https:\/\/www.elagoradiario.com\/agora-forum\/a-style\/agoraseries\/katla-erupciones-volcanicas-islandia\/\" rel=\"external nofollow\">Katla<\/a>, por poner un ejemplo cercano). No puede faltar la protagonista atormentada por su pasado y una ristra de personajes llenos de secretos y que les hace ser sospechosos de todas esas desapariciones.<\/p>\n<p><img loading=\"lazy\" class=\"aligncenter size-full wp-image-16414\" src=\"https:\/\/static-blogs.diariovasco.com\/wp-content\/uploads\/sites\/37\/2022\/06\/paisaje.jpg\" alt=\"\" width=\"770\" height=\"514\" srcset=\"https:\/\/static-blogs.diariovasco.com\/wp-content\/uploads\/sites\/37\/2022\/06\/paisaje.jpg 770w, https:\/\/static-blogs.diariovasco.com\/wp-content\/uploads\/sites\/37\/2022\/06\/paisaje-300x200.jpg 300w, https:\/\/static-blogs.diariovasco.com\/wp-content\/uploads\/sites\/37\/2022\/06\/paisaje-768x513.jpg 768w, https:\/\/static-blogs.diariovasco.com\/wp-content\/uploads\/sites\/37\/2022\/06\/paisaje-628x419.jpg 628w\" sizes=\"(max-width: 770px) 100vw, 770px\" \/><\/p>\n<p>La estrella de la funci\u00f3n es claramente la creadora, guionista y protagonista de la serie Aldis Amah Hamilton (<a href=\"https:\/\/blogs.diariovasco.com\/series-gourmets\/2020\/03\/09\/brot-the-valhalla-murders-islandia-mas-asesinatos-que-en-la-historia-real-islandesa\/\">Valhalla Murders<\/a>) ayudada por el competente director Baldwin Z ( Atrapados), pero a lo mejor le habr\u00eda venido\u00a0 mejor un cierto distanciamiento para que la narraci\u00f3n fuera mucho m\u00e1s fluida y menos torpe.<\/p>\n<p><img loading=\"lazy\" class=\"aligncenter size-full wp-image-16417\" src=\"https:\/\/static-blogs.diariovasco.com\/wp-content\/uploads\/sites\/37\/2022\/06\/creadora.jpg\" alt=\"\" width=\"1280\" height=\"720\" srcset=\"https:\/\/static-blogs.diariovasco.com\/wp-content\/uploads\/sites\/37\/2022\/06\/creadora.jpg 1280w, https:\/\/static-blogs.diariovasco.com\/wp-content\/uploads\/sites\/37\/2022\/06\/creadora-300x169.jpg 300w, https:\/\/static-blogs.diariovasco.com\/wp-content\/uploads\/sites\/37\/2022\/06\/creadora-768x432.jpg 768w, https:\/\/static-blogs.diariovasco.com\/wp-content\/uploads\/sites\/37\/2022\/06\/creadora-628x353.jpg 628w\" sizes=\"(max-width: 1280px) 100vw, 1280px\" \/><\/p>\n<p>El misterio apenas funciona porque no es nada dif\u00edcil adivinar qui\u00e9n va a ser el asesino por las hogazas de pan que van dejando por el camino y con un desenlace que roza el rid\u00edculo a pesar de que se ve venir de lejos.<\/p>\n<p>Un enfoque con la mitad de cap\u00edtulos mucho m\u00e1s comprimido y menos disperso habr\u00eda funcionado mucho mejor aprovechando al m\u00e1ximo esos salvajes paisajes y recortando los interminables di\u00e1logos insustanciales de la protagonista con todo el mundo que se encuentra, por lo que solo la recomendar\u00eda para los muy cafeteros de las series islandesas y a\u00fan as\u00ed con precauci\u00f3n, como pueden intuir a partir del tr\u00e1iler de su estreno island\u00e9s durante las pasadas Navidades.<\/p>\n<p><iframe loading=\"lazy\" title=\"YouTube video player\" src=\"https:\/\/www.youtube.com\/embed\/pBBKwrCii-w\" width=\"560\" height=\"315\" frameborder=\"0\" allowfullscreen=\"allowfullscreen\"><\/iframe><\/p>\n<p>Esperamos sus opiniones y comentarios, aqu\u00ed o en nuestra cuenta de twitter (@lmejino). Hasta la pr\u00f3xima<\/p>\n<p>Lorenzo Mejino<\/p>\n<!-- AddThis Advanced Settings generic via filter on the_content --><!-- AddThis Share Buttons generic via filter on the_content -->","protected":false},"excerpt":{"rendered":"<p>De vez en cuando las circunstancias me permiten agrupar en un mismo art\u00edculo, series de un mismo pa\u00eds con caracter\u00edsticas similares y puntos comunes como es el caso de las playas de arenas negras islandesas que son el epicentro de dos de sus \u00faltimos estrenos \u2018Systrab\u00f6nd\u2019 y \u2018Sv\u00f6rtu Sandar\u2019 conocidas internacionalmente con los nombres de [&hellip;]<!-- AddThis Advanced Settings generic via filter on get_the_excerpt --><!-- AddThis Share Buttons generic via filter on get_the_excerpt --><\/p>\n","protected":false},"author":61,"featured_media":16418,"comment_status":"open","ping_status":"closed","sticky":false,"template":"","format":"standard","meta":[],"categories":[5,10,12,17],"tags":[7493,7494,7496,7492,7491,7490,7489,7495,7488],"_links":{"self":[{"href":"https:\/\/blogs.diariovasco.com\/series-gourmets\/wp-json\/wp\/v2\/posts\/16411"}],"collection":[{"href":"https:\/\/blogs.diariovasco.com\/series-gourmets\/wp-json\/wp\/v2\/posts"}],"about":[{"href":"https:\/\/blogs.diariovasco.com\/series-gourmets\/wp-json\/wp\/v2\/types\/post"}],"author":[{"embeddable":true,"href":"https:\/\/blogs.diariovasco.com\/series-gourmets\/wp-json\/wp\/v2\/users\/61"}],"replies":[{"embeddable":true,"href":"https:\/\/blogs.diariovasco.com\/series-gourmets\/wp-json\/wp\/v2\/comments?post=16411"}],"version-history":[{"count":4,"href":"https:\/\/blogs.diariovasco.com\/series-gourmets\/wp-json\/wp\/v2\/posts\/16411\/revisions"}],"predecessor-version":[{"id":16469,"href":"https:\/\/blogs.diariovasco.com\/series-gourmets\/wp-json\/wp\/v2\/posts\/16411\/revisions\/16469"}],"wp:featuredmedia":[{"embeddable":true,"href":"https:\/\/blogs.diariovasco.com\/series-gourmets\/wp-json\/wp\/v2\/media\/16418"}],"wp:attachment":[{"href":"https:\/\/blogs.diariovasco.com\/series-gourmets\/wp-json\/wp\/v2\/media?parent=16411"}],"wp:term":[{"taxonomy":"category","embeddable":true,"href":"https:\/\/blogs.diariovasco.com\/series-gourmets\/wp-json\/wp\/v2\/categories?post=16411"},{"taxonomy":"post_tag","embeddable":true,"href":"https:\/\/blogs.diariovasco.com\/series-gourmets\/wp-json\/wp\/v2\/tags?post=16411"}],"curies":[{"name":"wp","href":"https:\/\/api.w.org\/{rel}","templated":true}]}}