{"id":16437,"date":"2022-06-22T06:00:09","date_gmt":"2022-06-22T05:00:09","guid":{"rendered":"https:\/\/blogs.diariovasco.com\/series-gourmets\/?p=16437"},"modified":"2022-06-21T22:46:58","modified_gmt":"2022-06-21T21:46:58","slug":"dias-mejores-un-grupo-de-terapia-de-duelo-puede-ser-maravilloso","status":"publish","type":"post","link":"https:\/\/blogs.diariovasco.com\/series-gourmets\/2022\/06\/22\/dias-mejores-un-grupo-de-terapia-de-duelo-puede-ser-maravilloso\/","title":{"rendered":"D\u00edas Mejores  : un grupo de terapia de duelo puede ser maravilloso"},"content":{"rendered":"<p>Hoy se cumplen exactamente diez a\u00f1os del nacimiento de este blog en el seno del Diario Vasco y para celebrar esa efem\u00e9rides he querido hacerlo con \u2018D\u00edas Mejores\u2019 una maravillosa serie espa\u00f1ola que ha pasado muy desapercibida hasta el momento, por las extra\u00f1as circunstancias promocionales que ha tenido, que no le han hecho justicia alguna, a lo que le vamos a intentar poner remedio en esta entrada.<\/p>\n<p>La historia de un grupo de terapia de duelo compuesto por cuatro personas que han perdido recientemente a su pareja y se ven incapaces de remontar el vuelo, se convierte r\u00e1pidamente en un mosaico de peque\u00f1as vivencias e historias costumbristas, engarzadas como si fueran una pieza de orfebrer\u00eda de lujo, gracias a un magn\u00edfico trabajo tanto a nivel de interpretaci\u00f3n como de escritura y direcci\u00f3n que les voy a analizar en esta entrada del d\u00e9cimo aniversario del blog.<\/p>\n<p><img loading=\"lazy\" class=\"aligncenter size-full wp-image-16438\" src=\"https:\/\/static-blogs.diariovasco.com\/wp-content\/uploads\/sites\/37\/2022\/06\/destacada-3.jpg\" alt=\"\" width=\"768\" height=\"573\" srcset=\"https:\/\/static-blogs.diariovasco.com\/wp-content\/uploads\/sites\/37\/2022\/06\/destacada-3.jpg 768w, https:\/\/static-blogs.diariovasco.com\/wp-content\/uploads\/sites\/37\/2022\/06\/destacada-3-300x224.jpg 300w, https:\/\/static-blogs.diariovasco.com\/wp-content\/uploads\/sites\/37\/2022\/06\/destacada-3-628x469.jpg 628w\" sizes=\"(max-width: 768px) 100vw, 768px\" \/><strong>Ficha:<\/strong> D\u00edas Mejores 10+ ep 50 m abr 2022\u00a0<strong> Cadena:<\/strong> Amazon Prime ( E)<\/p>\n<p><strong>Sinopsis:<\/strong> La doctora Soledad Laforet es una terapeuta especializada en temas de duelo, tras pasar ella misma por un verdadero infierno por la perdida de su hijo en tr\u00e1gicas circunstancias.<\/p>\n<p>Por primera vez ha decidido reunir un grupo de personas que comparten la perdida reciente de su pareja y el hecho de quedarse como \u00fanico progenitor de sus hijos e hijas, al considerar la terapeuta\u00a0 que sus problem\u00e1ticas pueden ser similares, con el objetivo de que gracias a verse reflejados en otras personas puedan\u00a0 sobreponerse al duelo.<\/p>\n<p>El grupo es variopinto e intergeneracional por lo que en muchos casos, lo \u00fanico que tienen en com\u00fan es ese duelo que les carcome por dentro, pero que va ser un pegamento de cohesi\u00f3n mucho m\u00e1s fuerte de lo que se imaginaban al entrar, incluso de forma reluctante, a ese grupo de terapia.<\/p>\n<p><strong>El inicio:<\/strong> Crist\u00f3bal Garrido ( der) y Adolfo Valor (izq) son una de las parejas m\u00e1s estables de guionistas espa\u00f1oles tras empezar a colaborar por primera vez hace diez a\u00f1os en la pel\u00edcula \u2018Proyecto Fantasma\u2019 y pasar a convertirse en uno de los pilares esenciales en las escrituras de muchas de las series que creaba la productora Bamb\u00fa como \u2018Gran Reserva\u2019, \u2018Velvet\u2019 o \u2018Bajo Sospecha\u2019.<\/p>\n<p><img loading=\"lazy\" class=\"aligncenter size-full wp-image-16444\" src=\"https:\/\/static-blogs.diariovasco.com\/wp-content\/uploads\/sites\/37\/2022\/06\/adolfo-y-cristobal.jpg\" alt=\"\" width=\"1500\" height=\"1032\" srcset=\"https:\/\/static-blogs.diariovasco.com\/wp-content\/uploads\/sites\/37\/2022\/06\/adolfo-y-cristobal.jpg 1500w, https:\/\/static-blogs.diariovasco.com\/wp-content\/uploads\/sites\/37\/2022\/06\/adolfo-y-cristobal-300x206.jpg 300w, https:\/\/static-blogs.diariovasco.com\/wp-content\/uploads\/sites\/37\/2022\/06\/adolfo-y-cristobal-768x528.jpg 768w, https:\/\/static-blogs.diariovasco.com\/wp-content\/uploads\/sites\/37\/2022\/06\/adolfo-y-cristobal-628x432.jpg 628w\" sizes=\"(max-width: 1500px) 100vw, 1500px\" \/><\/p>\n<p>En ocasiones tambi\u00e9n llevaban sus proyectos por separado como en el caso de Garrido, responsable principal de la estupenda <a href=\"https:\/\/blogs.diariovasco.com\/series-gourmets\/2018\/06\/13\/farina-o-que-teno-que-facer-para-non-ter-que-ir-o-mar\/\">\u2018Fari\u00f1a\u2019<\/a>, pero pronto decidieron que deb\u00edan emprender el vuelo en solitario creando su propia productora para desarrollar las ideas que llevaban fermentando en sus cabezas durante muchos a\u00f1os.<\/p>\n<p>Su primera serie en solitario fue \u2018Cuerpo de Elite\u2019, que fueron compaginando con comed\u00edas de cierto \u00e9xito como \u2018Lo dejo cuando quiero\u2019 o la reciente \u2018Amor de Madre\u2019 y series pol\u00e9micas como <a href=\"https:\/\/blogs.diariovasco.com\/series-gourmets\/2021\/06\/23\/reyes-de-la-noche-tirar-la-piedra-y-esconder-la-mano\/\">\u2018Reyes de la Noche\u2019<\/a> que les han abierto un espacio importante en el complicado panorama audiovisual espa\u00f1ol.<\/p>\n<p>El germen de \u2018D\u00edas Mejores\u2019 naci\u00f3 cuando ambos estaban trabajando en la productora Bamb\u00fa y una compa\u00f1era les coment\u00f3 la historia de una amiga suya que acud\u00eda a un grupo de terapia de duelo para superar la perdida de un ser querido.<\/p>\n<p>Al empezar su andadura en solitario, los avezados guionistas empezaron a desarrollar esa idea que les rondaba por la cabeza para desarrollar ese tema de la perdida y lo que cuesta remontar en la vida tras una tragedia cercana, pero desde un punto de vista optimista, aspiracional y aleccionador con unos personajes cercanos con los que empatizar r\u00e1pidamente.<\/p>\n<p>Ambos creadores se lo tomaron como un reto personal, al ser un tipo de serie alejada de sus coordenadas habituales de las comedias con elevada densidad de gags por minuto o de los intensos dramas familiares o thrillers policiacos, con los que hab\u00edan cimentado su carrera.<\/p>\n<p>Tras escribir el piloto en solitario y junto a la productora Zeta Studios empezaron el proceso de venta de una idea que a primera vista suscitaba mucho inter\u00e9s pero nadie se arriesgaba a apostar su dinero por ella, hasta que finalmente el grupo Viacom lo hizo y se embarc\u00f3 en el proyecto encargando una primera temporada de 10 episodios.<\/p>\n<p>La magnitud del proyecto hizo que los dos autores abandonaran su costumbre habitual de escribir en solitario para reunir una peque\u00f1a sala de guionistas coordinada por otro curtido guionista, como Daniel Mart\u00edn Serrano ( Velvet, Alta Mar) con el que los dos creadores hab\u00edan trabajado en el seno de Bamb\u00fa. A ese n\u00facleo central se a\u00f1adieron las imprescindibles aportaciones de dos mujeres guionistas de diferentes generaciones como la debutante Alba Carballal y la experimentada Sara Alquezar ( El \u00daltimo Show).<\/p>\n<p>El nombre inicial de la serie era \u2018El D\u00eda menos pensado\u2019 pero durante el proceso de producci\u00f3n y probablemente tras la compra compartida por Amazon como primera ventana de emisi\u00f3n y posteriormente por Telecinco para su emisi\u00f3n lineal, cambiaron su nombre al definitivo de \u2018D\u00edas Mejores\u2019.<\/p>\n<p>Ese fue el nombre con el que fue estrenada el pasado mes de abril en Amazon Prime, con menos promoci\u00f3n y publicidad que el playoff de ascenso a la segunda divisi\u00f3n femenina de balonmano y sin que casi nadie se enterara de su estreno.<\/p>\n<p><strong>La trama:<\/strong> La presentaci\u00f3n de \u2018D\u00edas Mejores\u2019 es clara y di\u00e1fana, al empezar por la introducci\u00f3n de esos cuatro desconocidos que solo comparten el duelo que les atenaza.<\/p>\n<p>Por el orden de los episodios vamos conociendo a Sara, una brillante m\u00e9dico de urgencias que pierde a su marido de un infarto y se ve obligada a sacar sola adelante a su hijo Fede de ocho a\u00f1os.<\/p>\n<p>Luego conocemos a Pardo, un viejo rockero mexicano que debe asumir responsabilidades tras la muerte de Julia, la madre de unos hijos adolescentes a los que no ha visto desde hace a\u00f1os, por lo que no duda en volver a Espa\u00f1a para intentar redimirse de ese abandono paterno.<\/p>\n<p>El tercero es Luis F\u00e1bregas, un agresivo director ejecutivo de una compa\u00f1\u00eda de seguros que ha enviudado recientemente y que es incapaz de comunicarse de forma efectiva con sus tres hijas. Su comportamiento err\u00e1tico e irascible en el terreno laboral ha derivado en ser obligado por su empresa y contra su voluntad a asistir a ese grupo del terapia, que detesta por in\u00fatil.<\/p>\n<p>La \u00faltima miembro del grupo es la joven Graci, totalmente aturdida por la dolorosa perdida de su novio Germ\u00e1n por un c\u00e1ncer agresivo y que a pesar de no tener hijos como el resto del grupo, consigue ser admitida por sus esfuerzos en inseminarse y quedarse embarazada de su difunta pareja.<\/p>\n<p>\u2018D\u00edas mejores\u2019 est\u00e1 dise\u00f1ada con una estructura matem\u00e1tica y sim\u00e9trica que juega de forma h\u00e1bil con el numero cinco que corresponde al de los protagonistas principales de la serie.<\/p>\n<p>La serie est\u00e1 dividida en dos mitades, con dos cap\u00edtulos en cada una de las mitades centrados en cada uno de los cinco protagonistas principales siguiendo el orden 1-6, 2-7, dejando el 5 y el 10 para la propia terapeuta.<\/p>\n<p>El episodio personal de la primera mitad sirve para presentar al personaje y en especial para mostrar las circunstancias de su perdida desde su punto de vista personal, mientras que el de la segunda mitad es utilizado para mostrar las circunstancias desde la perspectiva de la persona fallecida, para dejar de ponerlo en un altar, como un m\u00e9todo eficiente para seguir con su vida.<\/p>\n<p>El siguiente video desarrolla en profundidad cada uno de los cinco protagonistas principales.<br \/>\n<iframe loading=\"lazy\" title=\"YouTube video player\" src=\"https:\/\/www.youtube.com\/embed\/AxtrIkwUpPc\" width=\"560\" height=\"315\" frameborder=\"0\" allowfullscreen=\"allowfullscreen\"><\/iframe><\/p>\n<p>Poco a poco, lo que puede parecer inicialmente una reuni\u00f3n de cinco personas en una sala para mantener di\u00e1logos y discusiones entre ellos mientras se cuentan sus desgracias, va derivando en un c\u00famulo de microhistorias que implican a todos los personajes principales y sus respectivos entornos.<\/p>\n<p>Esas microtramas van alternando momentos divertidos con otros m\u00e1s dram\u00e1ticos pero manteniendo un enorme equilibrio y sobre todo sin cargar las tintas en los aspectos m\u00e1s lacrim\u00f3genos que suele ser la salida f\u00e1cil de este tipo de historias.<\/p>\n<p>La brillantez de la propuesta reside en que nos va envolviendo poco a poco, al mostrarnos unos personajes imperfectos y llenos de defectos, pero que intentan superarse para salir de su abismo personal.<\/p>\n<p>El camino es a trav\u00e9s de sus propios esfuerzos como por la propia din\u00e1mica grupal que hace que cuatro desconocidos acaben formando una\u00a0 familia de apoyo, en un tono positivo y de sentirse bien que me recordaba en ocasiones a otra genial serie estrenada este a\u00f1o <a href=\"https:\/\/blogs.diariovasco.com\/series-gourmets\/2022\/03\/30\/somebody-somewhere-maravillosa-gente-corriente-en-lugares-vulgares\/\">\u2018Somebody Somewhere\u2019,<\/a> como pueden comprobar en el tr\u00e1iler de \u2018D\u00edas Mejores\u2019<br \/>\n<iframe loading=\"lazy\" title=\"YouTube video player\" src=\"https:\/\/www.youtube.com\/embed\/S85RdEPzQe4\" width=\"560\" height=\"315\" frameborder=\"0\" allowfullscreen=\"allowfullscreen\"><\/iframe><br \/>\nUn punto importante es el aspecto intergeneracional del grupo con tres generaciones implicadas, lo que permite enviar el mensaje de que todo el mundo puede aprender de todo el mundo y aplicar las experiencias grupales compartidas con gente m\u00e1s joven o mayor para poder entender mejor a sus respectivos padres o hijos, en la traslaci\u00f3n perfecta de esa terapia.<\/p>\n<p>En este punto los cinco interpretes rayan a una altura impresionante, complement\u00e1ndose todos a la perfecci\u00f3n, gracias a esos dos m\u00e1stiles fijos de dos grandes de la escena espa\u00f1ola como son Blanca Portillo y Francesc Orella. Ellos\u00a0 obligan a que todo el mundo ascienda a su nivel, en lugar de rebajarse al del posible eslab\u00f3n m\u00e1s d\u00e9bil, con un gran resultado final, algo que se extiende a la gran galer\u00eda de personajes secundarios perfectamente encajados en la historia.<\/p>\n<p>\u2018D\u00edas Mejores\u2019 muestra una gran sensibilidad y respeto hacia todos sus protagonistas pero sin caer en la sensibler\u00eda. La sutilidad con que van fluyendo las historias es el mejor m\u00e9rito que atesora el equipo creativo dirigido por Crist\u00f3bal Garrido y Adolfo Valor.<\/p>\n<p>Adem\u00e1s tienen la enorme habilidad de introducir a la perfecci\u00f3n elementos c\u00f3micos e inesperados con algunos gags realmente brillantes, atrevi\u00e9ndose incluso con un genial \u2018running gag\u2019 en el seno de una clase a la que asiste una de las protagonistas.<\/p>\n<p>Tambi\u00e9n cabe destacar una direcci\u00f3n muy \u00e1gil a cargo de Alejo Flah, Arantxa Echevarria y Jota Linares, que consigue huir del plano-contraplano habitual de las sesiones de terapia, para moverse de forma libre y\u00a0 juguetona en la sala donde transcurre gran parte de la trama.<\/p>\n<p>En mi caso, debo a\u00f1adir que nunca me han gustado las series de terapeutas ni de terapias, tipo \u2018En Terapia\u2019 o similares, que se hab\u00edan convertido en mi kryptonita seri\u00e9fila particular, pero puedo asegurar que \u2018D\u00edas Mejores\u2019 ha sido el ant\u00eddoto y la terapia perfecta ( nunca mejor empleada la expresi\u00f3n) para ese problema tan personal, porque nada valoro m\u00e1s positivamente que me guste mucho una serie de un g\u00e9nero que detesto y que seg\u00fan ha comentado alguno de los actores del reparto, parece que\u00a0 tendr\u00e1 continuidad en una 2T.<\/p>\n<p><strong>Los actores:<\/strong><\/p>\n<p>En cualquier lista de mejores actrices espa\u00f1olas, el nombre de Blanca Portillo no puede faltar gracias a una carrera que se puede equiparar a las grandes actrices brit\u00e1nicas, al destacar primero en las tablas teatrales donde se convirti\u00f3 en toda una estrella a finales del siglo XX.<\/p>\n<p>Su paso al audiovisual vino marcado por sus pinitos cinematogr\u00e1ficos, pero sobre todo por su papel de la peluquera Carlota en \u2018Siete Vidas\u2019\u00a0 convirti\u00e9ndola en una cara popular que le ha permitido seguir alternando su pasi\u00f3n teatral con interesantes papeles televisivos en \u2018Acusados\u2019 o \u2018Se qui\u00e9n eres\u2019, entre otras m\u00e1s olvidables.<\/p>\n<p><img loading=\"lazy\" class=\"aligncenter size-full wp-image-16443\" src=\"https:\/\/static-blogs.diariovasco.com\/wp-content\/uploads\/sites\/37\/2022\/06\/portillo.jpg\" alt=\"\" width=\"1200\" height=\"601\" srcset=\"https:\/\/static-blogs.diariovasco.com\/wp-content\/uploads\/sites\/37\/2022\/06\/portillo.jpg 1200w, https:\/\/static-blogs.diariovasco.com\/wp-content\/uploads\/sites\/37\/2022\/06\/portillo-300x150.jpg 300w, https:\/\/static-blogs.diariovasco.com\/wp-content\/uploads\/sites\/37\/2022\/06\/portillo-768x385.jpg 768w, https:\/\/static-blogs.diariovasco.com\/wp-content\/uploads\/sites\/37\/2022\/06\/portillo-628x315.jpg 628w\" sizes=\"(max-width: 1200px) 100vw, 1200px\" \/><\/p>\n<p>Este a\u00f1o 2022 est\u00e1 siendo una gran temporada para Blanca Portillo tras ganar el Goya a la mejor actriz por \u2018Maixabel\u2019, que ha enlazado con esta gran terapeuta que es Soledad Laforet en \u2018D\u00edas Mejores\u2019, dispuesta a ayudar a todo ese grupo de personas, con una calidez y empat\u00eda que solo una gran actriz puede transmitir, junto a su propio infierno interior.<\/p>\n<p>Hace pocos d\u00edas comentaba en redes sociales que si Francesc Orella hubiera nacido en Inglaterra, ya habr\u00eda sido condecorado por la reina como Sir o Lord, por sus servicios a la cultura tanto en teatro, cine o televisi\u00f3n, donde lleva destacando las \u00faltimas d\u00e9cadas sin interrupci\u00f3n.<\/p>\n<p>Su carrera es similar a la de Blanca Portillo cambiando Madrid por Barcelona, donde se ha convertido en uno de los grandes de la escena catalana y en un actor muy popular por su presencia en los culebrones primerizos de TV3 como \u2018Estaci\u00f3 d\u2019Enlla\u00e7\u2019 o \u2018Secrets de Familia\u2019 para dar el salto a la televisi\u00f3n nacional con un memorable personaje en \u2018El Comisario\u2019 .<\/p>\n<p><img loading=\"lazy\" class=\"aligncenter size-full wp-image-16441\" src=\"https:\/\/static-blogs.diariovasco.com\/wp-content\/uploads\/sites\/37\/2022\/06\/francesc-orella.jpg\" alt=\"\" width=\"1200\" height=\"746\" srcset=\"https:\/\/static-blogs.diariovasco.com\/wp-content\/uploads\/sites\/37\/2022\/06\/francesc-orella.jpg 1200w, https:\/\/static-blogs.diariovasco.com\/wp-content\/uploads\/sites\/37\/2022\/06\/francesc-orella-300x187.jpg 300w, https:\/\/static-blogs.diariovasco.com\/wp-content\/uploads\/sites\/37\/2022\/06\/francesc-orella-768x477.jpg 768w, https:\/\/static-blogs.diariovasco.com\/wp-content\/uploads\/sites\/37\/2022\/06\/francesc-orella-628x390.jpg 628w\" sizes=\"(max-width: 1200px) 100vw, 1200px\" \/><\/p>\n<p>Su rostro ha sido habitual de muchas series catalanas como \u2018Ventdelpl\u00e0\u2019 o \u2018Infidels\u2019 donde siempre ha demostrado su gran versatilidad al ser capaz de interpretar brillantemente tanto al profesor progre en la gran \u2018Merl\u00ed\u2019 como al ejecutivo agresivo y despiadado que es Luis F\u00e1bregas en \u2018D\u00edas Mejores\u2019.<\/p>\n<p>En mi opini\u00f3n es probablemente el mejor personaje de todo el grupo por combinar su personalidad arrolladora en los negocios con ser un metepatas impresionante en todo lo dem\u00e1s y que encima se piensa que el dinero puede arreglar sus cagadas, en un personaje nada habitual en nuestras series.<\/p>\n<p>Marta Hazas ha tenido una carrera algo m\u00e1s irregular que sus dos compa\u00f1eros anteriores de reparto, pero no ha dejado pasar la oportunidad de elevar su nivel interpretativo para acomodarlo al nivel de Portillo y Orella, en la mejor interpretaci\u00f3n que le recuerdo en una carrera que empez\u00f3 en series juveniles como \u2018SMS\u2019 o \u2018El Internado\u2019 que le sirvieron para aprender el oficio, junto al culebr\u00f3n diario \u2018Bandolera\u2019 donde era la protagonista.<\/p>\n<p>Posteriormente pas\u00f3 a series de la productora Bamb\u00fa como \u2018Gran Hotel \u2018 y sobre todo \u2018Velvet\u2019 convirti\u00e9ndola en un rostro muy popular, para bajar\u00a0 algo el\u00a0 nivel en la discretita comedia \u2018Peque\u00f1as Coincidencias\u2019.<\/p>\n<p><img loading=\"lazy\" class=\"aligncenter size-full wp-image-16439\" src=\"https:\/\/static-blogs.diariovasco.com\/wp-content\/uploads\/sites\/37\/2022\/06\/Dias-mejores-2022-Marta-Hazas.jpg\" alt=\"\" width=\"696\" height=\"464\" srcset=\"https:\/\/static-blogs.diariovasco.com\/wp-content\/uploads\/sites\/37\/2022\/06\/Dias-mejores-2022-Marta-Hazas.jpg 696w, https:\/\/static-blogs.diariovasco.com\/wp-content\/uploads\/sites\/37\/2022\/06\/Dias-mejores-2022-Marta-Hazas-300x200.jpg 300w, https:\/\/static-blogs.diariovasco.com\/wp-content\/uploads\/sites\/37\/2022\/06\/Dias-mejores-2022-Marta-Hazas-628x419.jpg 628w\" sizes=\"(max-width: 696px) 100vw, 696px\" \/><\/p>\n<p>Por suerte, su interpretaci\u00f3n de la doctora Sara ha sido magn\u00edfica, comedida, cre\u00edble y muy alejada de la excesiva gesticulaci\u00f3n de la que abusaba en su \u00faltimo trabajo, demostrando lo gran actriz que puede ser con una direcci\u00f3n adecuada.<\/p>\n<p>No conoc\u00eda de nada al actor mexicano Erick El\u00edas, encargado de interpretar al viejo rockero desbordado que es Pardo. La raz\u00f3n de mi desconocimiento es que su carrera se ha desarrollado de forma casi exclusiva en los culebrones y series largas de su pa\u00eds natal, incluyendo curiosamente como gran \u00e9xito la versi\u00f3n mexicana de \u2018Gran Hotel\u2019 titulada \u2018El Hotel de los Secretos\u2019.<\/p>\n<p><img loading=\"lazy\" class=\"aligncenter size-full wp-image-16440\" src=\"https:\/\/static-blogs.diariovasco.com\/wp-content\/uploads\/sites\/37\/2022\/06\/erick-elias.png\" alt=\"\" width=\"600\" height=\"400\" srcset=\"https:\/\/static-blogs.diariovasco.com\/wp-content\/uploads\/sites\/37\/2022\/06\/erick-elias.png 600w, https:\/\/static-blogs.diariovasco.com\/wp-content\/uploads\/sites\/37\/2022\/06\/erick-elias-300x200.png 300w\" sizes=\"(max-width: 600px) 100vw, 600px\" \/><\/p>\n<p>Su personaje era bastante complicado al ser toda su vida un m\u00fasico cabra loca que ha hecho lo que ha dado la real gana, pero que ahora tiene que lidiar con dos adolescentes que no le perdonan haberlos abandonado a ella y a su madre.<\/p>\n<p>Sus esfuerzos por redimirse a trav\u00e9s del grupo y de su contacto con los dos hijos son una de las historias m\u00e1s edificantes de \u2018Dias Mejores\u2019 gracias al enorme talento de Erick El\u00edas.<\/p>\n<p>Por \u00faltimo tenemos a la actriz m\u00e1s joven, Alba Planas que da vida a la atribulada Graci que no tiene nada claro lo que desea en la vida y act\u00faa de forma reactiva a las cosas que le van pasando.<\/p>\n<p><img loading=\"lazy\" class=\"aligncenter size-full wp-image-16445\" src=\"https:\/\/static-blogs.diariovasco.com\/wp-content\/uploads\/sites\/37\/2022\/06\/alba-planas.jpg\" alt=\"\" width=\"696\" height=\"464\" srcset=\"https:\/\/static-blogs.diariovasco.com\/wp-content\/uploads\/sites\/37\/2022\/06\/alba-planas.jpg 696w, https:\/\/static-blogs.diariovasco.com\/wp-content\/uploads\/sites\/37\/2022\/06\/alba-planas-300x200.jpg 300w, https:\/\/static-blogs.diariovasco.com\/wp-content\/uploads\/sites\/37\/2022\/06\/alba-planas-628x419.jpg 628w\" sizes=\"(max-width: 696px) 100vw, 696px\" \/>Alba Planas es la punta de lanza de la que podr\u00edamos llamar \u2018Generaci\u00f3n Skam\u2019 que es el grupo de actrices debutantes que protagonizaron la versi\u00f3n espa\u00f1ola del \u00e9xito noruego y donde era el personaje principal de la temporada inicial. All\u00ed hizo un curso acelerado de interpretaci\u00f3n que super\u00f3 con nota, para pasar a formar parte del elenco de la serie \u2018Express\u2019 y posteriormente ser capaz de no desentonar e incluso destacar frente a ese reparto de grandes actores.<\/p>\n<p>Su mayor virtud es saber interpretar a una chica de su edad ( 21 a\u00f1os) de forma convincente y natural, sin recurrir a clich\u00e9s ni arquetipos juveniles, en un mundo donde todav\u00eda tenemos habitualmente a actores treinta\u00f1eros interpretando a adolescentes.<\/p>\n<p><strong>Ep\u00edlogo:<\/strong><br \/>\n\u2018D\u00edas Mejores\u2019 es una propuesta en la que el boca al oreja puede funcionar a la perfecci\u00f3n, en especial cuando se estrene en la programaci\u00f3n lineal de Telecinco.<\/p>\n<p>Espero que \u2018D\u00edas Mejores\u2019 tenga un buen recorrido, si es cuidada y promocionada como se merece, porque la sensaci\u00f3n de optimismo y buen rollo que trasmite es algo que buscan muchos espectadores y solo falta que la encuentren, gracias a granitos de arena como esta entrada coincidente con el d\u00e9cimo aniversario de mi blog.<\/p>\n<p>Esperamos sus opiniones y comentarios, aqu\u00ed o en nuestra cuenta de twitter (@lmejino). Hasta la pr\u00f3xima<\/p>\n<p>Lorenzo Mejino<\/p>\n<!-- AddThis Advanced Settings generic via filter on the_content --><!-- AddThis Share Buttons generic via filter on the_content -->","protected":false},"excerpt":{"rendered":"<p>Hoy se cumplen exactamente diez a\u00f1os del nacimiento de este blog en el seno del Diario Vasco y para celebrar esa efem\u00e9rides he querido hacerlo con \u2018D\u00edas Mejores\u2019 una maravillosa serie espa\u00f1ola que ha pasado muy desapercibida hasta el momento, por las extra\u00f1as circunstancias promocionales que ha tenido, que no le han hecho justicia alguna, [&hellip;]<!-- AddThis Advanced Settings generic via filter on get_the_excerpt --><!-- AddThis Share Buttons generic via filter on get_the_excerpt --><\/p>\n","protected":false},"author":61,"featured_media":16442,"comment_status":"open","ping_status":"closed","sticky":false,"template":"","format":"standard","meta":[],"categories":[25,5,28,31,14,15],"tags":[6635,7505,3434,6634,7504,7506,5940,4781],"_links":{"self":[{"href":"https:\/\/blogs.diariovasco.com\/series-gourmets\/wp-json\/wp\/v2\/posts\/16437"}],"collection":[{"href":"https:\/\/blogs.diariovasco.com\/series-gourmets\/wp-json\/wp\/v2\/posts"}],"about":[{"href":"https:\/\/blogs.diariovasco.com\/series-gourmets\/wp-json\/wp\/v2\/types\/post"}],"author":[{"embeddable":true,"href":"https:\/\/blogs.diariovasco.com\/series-gourmets\/wp-json\/wp\/v2\/users\/61"}],"replies":[{"embeddable":true,"href":"https:\/\/blogs.diariovasco.com\/series-gourmets\/wp-json\/wp\/v2\/comments?post=16437"}],"version-history":[{"count":4,"href":"https:\/\/blogs.diariovasco.com\/series-gourmets\/wp-json\/wp\/v2\/posts\/16437\/revisions"}],"predecessor-version":[{"id":16516,"href":"https:\/\/blogs.diariovasco.com\/series-gourmets\/wp-json\/wp\/v2\/posts\/16437\/revisions\/16516"}],"wp:featuredmedia":[{"embeddable":true,"href":"https:\/\/blogs.diariovasco.com\/series-gourmets\/wp-json\/wp\/v2\/media\/16442"}],"wp:attachment":[{"href":"https:\/\/blogs.diariovasco.com\/series-gourmets\/wp-json\/wp\/v2\/media?parent=16437"}],"wp:term":[{"taxonomy":"category","embeddable":true,"href":"https:\/\/blogs.diariovasco.com\/series-gourmets\/wp-json\/wp\/v2\/categories?post=16437"},{"taxonomy":"post_tag","embeddable":true,"href":"https:\/\/blogs.diariovasco.com\/series-gourmets\/wp-json\/wp\/v2\/tags?post=16437"}],"curies":[{"name":"wp","href":"https:\/\/api.w.org\/{rel}","templated":true}]}}