{"id":16542,"date":"2022-07-11T06:00:00","date_gmt":"2022-07-11T05:00:00","guid":{"rendered":"https:\/\/blogs.diariovasco.com\/series-gourmets\/?p=16542"},"modified":"2022-07-10T10:45:05","modified_gmt":"2022-07-10T09:45:05","slug":"mister-8-finlandia-poliamor-asimetrico-a-nueve-bandas","status":"publish","type":"post","link":"https:\/\/blogs.diariovasco.com\/series-gourmets\/2022\/07\/11\/mister-8-finlandia-poliamor-asimetrico-a-nueve-bandas\/","title":{"rendered":"Mister 8  ( Finlandia) :  poliamor asim\u00e9trico a nueve  bandas"},"content":{"rendered":"<p>Los asiduos lectores del blog ya saben que cada a\u00f1o publico el <a href=\"https:\/\/blogs.diariovasco.com\/series-gourmets\/2021\/12\/27\/world-xv-mi-seleccion-mundial-de-series-ineditas-del-2021\/\">World XV con las mejores series in\u00e9ditas mundiales de ese a\u00f1o,<\/a>\u00a0 \u00a0la mayoria\u00a0 de las cuales\u00a0 ya hab\u00edan sido rese\u00f1adas en este rinc\u00f3n de los lunes. En otros casos lo cierto es que se quedan traspapeladas y relegadas por las novedades, pero si como en el caso de la finlandesa \u2018Mister 8\u2019, acaba siendo estrenada en nuestro pa\u00eds, no me importa saldar esa deuda pendiente.<\/p>\n<p>\u2018Mister 8\u2019 es una comedia negra con un formato bastante innovador y diferente que me sorprendi\u00f3 muy favorablemente cuando tuve la ocasi\u00f3n de verla el a\u00f1o pasado y que al llegar en el paquete inicial de la nueva plataforma AMC+ disponible en casi todos los operadores, me parece una magn\u00edfica oportunidad para hablar en profundidad de esta historia poliamorosa y por ende del lugar de su estreno en Espa\u00f1a.<\/p>\n<p><img loading=\"lazy\" class=\"aligncenter size-full wp-image-16544\" src=\"https:\/\/static-blogs.diariovasco.com\/wp-content\/uploads\/sites\/37\/2022\/06\/general-9.jpg\" alt=\"\" width=\"1000\" height=\"563\" srcset=\"https:\/\/static-blogs.diariovasco.com\/wp-content\/uploads\/sites\/37\/2022\/06\/general-9.jpg 1000w, https:\/\/static-blogs.diariovasco.com\/wp-content\/uploads\/sites\/37\/2022\/06\/general-9-300x169.jpg 300w, https:\/\/static-blogs.diariovasco.com\/wp-content\/uploads\/sites\/37\/2022\/06\/general-9-768x432.jpg 768w, https:\/\/static-blogs.diariovasco.com\/wp-content\/uploads\/sites\/37\/2022\/06\/general-9-628x354.jpg 628w\" sizes=\"(max-width: 1000px) 100vw, 1000px\" \/><\/p>\n<p><strong>Ficha:<\/strong> Mister 8 8 ep 25 m ene 2021 .<strong> Idioma:<\/strong> finland\u00e9s \/espa\u00f1ol\u00a0<strong>Cadena:<\/strong> Elisa Viihde (SF) \/ AMC+ ( E)<\/p>\n<p><strong>La trama :<\/strong> Maria Bergholm es una ejecutiva triunfadora y muy meticulosa en su empresa familiar de fabricaci\u00f3n de cajas negras para todo tipo de veh\u00edculos de\u00a0 transporte.<\/p>\n<p>Su vida privada la tiene organizada en torno a siete hombres con los que se ve un d\u00eda a la semana en un acuerdo t\u00e1cito que aceptan las ocho partes en reuniones peri\u00f3dicas donde discuten la marcha de la relaci\u00f3n poliamorosa.<\/p>\n<p>El planteamiento de Maria ha sido encontrar siete hombres complementarios que le permitan disfrutar de aquellos aspectos de la vida en que esa compa\u00f1\u00eda le aporta algo, ahorr\u00e1ndose tener que soportarlos en las facetas que no le interesan.<\/p>\n<p>Su har\u00e9n particular lo componen un bombero, un preparador f\u00edsico, un famoso chef, un poeta, un humorista, un padre de familia y un experto militar en supervivencia, que aceptan de buen grado su d\u00eda con Mar\u00eda, para complacerla en sus 24 horas con ella.<\/p>\n<p>Ese equilibrio tan delicado cambia una noche, cuando Mar\u00eda conoce por azar en un restaurante\u00a0 a Juho, que hab\u00eda\u00a0 sido\u00a0 despechado en una cita a ciegas e intenta encajarlo entre su har\u00e9n, convirti\u00e9ndose en ese octavo hombre que desequilibra totalmente ese balance poliamoroso, como muestra el tr\u00e1iler de \u2018Mister 8\u2019.<br \/>\n<iframe loading=\"lazy\" title=\"YouTube video player\" src=\"https:\/\/www.youtube.com\/embed\/EZbsSX8Z5co\" width=\"560\" height=\"315\" frameborder=\"0\" allowfullscreen=\"allowfullscreen\"><\/iframe><\/p>\n<p>Los problemas empiezan cuando Juho no se conforma con ese papel secundario y empieza a urdir y maquinar toda una serie de planes para ir desprestigiando a todos sus compa\u00f1eros poliamorosos para que sean expulsados de la relaci\u00f3n y tener m\u00e1s d\u00edas con Maria.<\/p>\n<p>\u2018Mister 8\u2019 tiene un formato irreverente rodado en blanco y negro para reforzar el aire de \u2018femme fatale\u2019 que tiene la protagonista y lleno de toques de humor empezando por la propia cabecera de \u2018Mister 8\u2019 en la que a cada nuevo episodio aparecen tachados los amantes de Mar\u00eda que han ca\u00eddo victimas de las maquinaciones de Juho, siempre a espaldas de ella.<\/p>\n<p><img loading=\"lazy\" class=\"aligncenter size-full wp-image-16543\" src=\"https:\/\/static-blogs.diariovasco.com\/wp-content\/uploads\/sites\/37\/2022\/06\/dias-semana.jpg\" alt=\"\" width=\"920\" height=\"517\" srcset=\"https:\/\/static-blogs.diariovasco.com\/wp-content\/uploads\/sites\/37\/2022\/06\/dias-semana.jpg 920w, https:\/\/static-blogs.diariovasco.com\/wp-content\/uploads\/sites\/37\/2022\/06\/dias-semana-300x169.jpg 300w, https:\/\/static-blogs.diariovasco.com\/wp-content\/uploads\/sites\/37\/2022\/06\/dias-semana-768x432.jpg 768w, https:\/\/static-blogs.diariovasco.com\/wp-content\/uploads\/sites\/37\/2022\/06\/dias-semana-628x353.jpg 628w\" sizes=\"(max-width: 920px) 100vw, 920px\" \/>Una de las virtudes de \u2018Mister 8\u2019 es que cuando parece clara la estructura de amante eliminado por episodio, en el tramo final se reinventa completamente dando un enorme giro que revigoriza mucho la historia, con un cierre totalmente inesperado.<\/p>\n<p>En estos tiempos donde todo se analiza hasta el \u00faltimo detalle, la propuesta de \u2018Mister 8\u2019 puede tener todo tipo de interpretaciones desde el enorme empoderamiento femenino de la protagonista al elegir tener esos ocho amantes que bailan a su son, hasta hacerlas en sentido completamente opuesto, por algunas decisiones de la protagonista que pueden traicionar esos valores de libertad feminista, por lo que prefiero dejar a las expertas en ese campo que hagan sus propias teor\u00edas tras verla.<\/p>\n<p>La presencia de la mejor actriz finlandesa actual Krista Kosonen ( <a href=\"https:\/\/blogs.diariovasco.com\/series-gourmets\/2019\/09\/30\/beforeigners-noruega-cuatro-epocas-cuatro-sociedades-mismo-espacio-fisico-y-temporal\/\">Beforeigners<\/a>) es fundamental para que todo el tinglado de amantes se sostenga, al ser capaz de mostrar un aspecto diferente con cada uno de los ocho hombres con los que comparte su vida, de una forma natural y con una absoluta credibilidad.<\/p>\n<p><img loading=\"lazy\" class=\"aligncenter size-full wp-image-16545\" src=\"https:\/\/static-blogs.diariovasco.com\/wp-content\/uploads\/sites\/37\/2022\/06\/mister.jpg\" alt=\"\" width=\"1000\" height=\"562\" srcset=\"https:\/\/static-blogs.diariovasco.com\/wp-content\/uploads\/sites\/37\/2022\/06\/mister.jpg 1000w, https:\/\/static-blogs.diariovasco.com\/wp-content\/uploads\/sites\/37\/2022\/06\/mister-300x169.jpg 300w, https:\/\/static-blogs.diariovasco.com\/wp-content\/uploads\/sites\/37\/2022\/06\/mister-768x432.jpg 768w, https:\/\/static-blogs.diariovasco.com\/wp-content\/uploads\/sites\/37\/2022\/06\/mister-628x353.jpg 628w\" sizes=\"(max-width: 1000px) 100vw, 1000px\" \/>A su lado brilla tambi\u00e9n Pekka Strang ( der)\u00a0 en el papel del elemento disruptor que representa la entrada de Juho en el grupo poliamoroso y que con sus planes maquiav\u00e9licos es el motor que hace avanzar la historia, al provocar las expulsiones de Maria de los eliminados por todo tipo de causas.<\/p>\n<p>\u2018Mister 8 \u2018 es una de esas series para dejarse llevar por una est\u00e9tica muy cuidada en blanco y negro y una historia llena de giros y toques de humor bastante conseguidos, que compensan algunas decisiones de guion de su creador y director Teemu Nikki,\u00a0 algo\u00a0 m\u00e1s forzadas en el tramo final<\/p>\n<p>De todas formas, solo por la luminosa presencia de Krista Kosonen ya merece absolutamente que le echen un vistazo en la reci\u00e9n llegada plataforma AMC+, donde tambi\u00e9n disponen de otra gran propuesta n\u00f3rdica la serie feroense <a href=\"https:\/\/blogs.diariovasco.com\/series-gourmets\/2022\/02\/28\/trom-islas-feroe-un-gran-bautismo-de-fuego-televisivo\/\">\u2018Trom\u2019<\/a> de la que ya les habl\u00e9 en su momento este mismo a\u00f1o.<\/p>\n<p>Para finalizar les voy a dejar con las impresiones de sus dos protagonistas durante el pasado festival televisivo de Cannes 2021, donde fue la ganadora del Gran Premio de series.<br \/>\n<iframe loading=\"lazy\" title=\"YouTube video player\" src=\"https:\/\/www.youtube.com\/embed\/jjsnDq9rcSo\" width=\"560\" height=\"315\" frameborder=\"0\" allowfullscreen=\"allowfullscreen\"><\/iframe><\/p>\n<p>Esperamos sus opiniones y comentarios, aqu\u00ed o en nuestra cuenta de twitter (@lmejino). Hasta la pr\u00f3xima<\/p>\n<p>Lorenzo Mejino<\/p>\n<!-- AddThis Advanced Settings generic via filter on the_content --><!-- AddThis Share Buttons generic via filter on the_content -->","protected":false},"excerpt":{"rendered":"<p>Los asiduos lectores del blog ya saben que cada a\u00f1o publico el World XV con las mejores series in\u00e9ditas mundiales de ese a\u00f1o,\u00a0 \u00a0la mayoria\u00a0 de las cuales\u00a0 ya hab\u00edan sido rese\u00f1adas en este rinc\u00f3n de los lunes. En otros casos lo cierto es que se quedan traspapeladas y relegadas por las novedades, pero si [&hellip;]<!-- AddThis Advanced Settings generic via filter on get_the_excerpt --><!-- AddThis Share Buttons generic via filter on get_the_excerpt --><\/p>\n","protected":false},"author":61,"featured_media":16546,"comment_status":"open","ping_status":"closed","sticky":false,"template":"","format":"standard","meta":[],"categories":[25,6,4801,17],"tags":[5132,7541,7542,7543],"_links":{"self":[{"href":"https:\/\/blogs.diariovasco.com\/series-gourmets\/wp-json\/wp\/v2\/posts\/16542"}],"collection":[{"href":"https:\/\/blogs.diariovasco.com\/series-gourmets\/wp-json\/wp\/v2\/posts"}],"about":[{"href":"https:\/\/blogs.diariovasco.com\/series-gourmets\/wp-json\/wp\/v2\/types\/post"}],"author":[{"embeddable":true,"href":"https:\/\/blogs.diariovasco.com\/series-gourmets\/wp-json\/wp\/v2\/users\/61"}],"replies":[{"embeddable":true,"href":"https:\/\/blogs.diariovasco.com\/series-gourmets\/wp-json\/wp\/v2\/comments?post=16542"}],"version-history":[{"count":5,"href":"https:\/\/blogs.diariovasco.com\/series-gourmets\/wp-json\/wp\/v2\/posts\/16542\/revisions"}],"predecessor-version":[{"id":16618,"href":"https:\/\/blogs.diariovasco.com\/series-gourmets\/wp-json\/wp\/v2\/posts\/16542\/revisions\/16618"}],"wp:featuredmedia":[{"embeddable":true,"href":"https:\/\/blogs.diariovasco.com\/series-gourmets\/wp-json\/wp\/v2\/media\/16546"}],"wp:attachment":[{"href":"https:\/\/blogs.diariovasco.com\/series-gourmets\/wp-json\/wp\/v2\/media?parent=16542"}],"wp:term":[{"taxonomy":"category","embeddable":true,"href":"https:\/\/blogs.diariovasco.com\/series-gourmets\/wp-json\/wp\/v2\/categories?post=16542"},{"taxonomy":"post_tag","embeddable":true,"href":"https:\/\/blogs.diariovasco.com\/series-gourmets\/wp-json\/wp\/v2\/tags?post=16542"}],"curies":[{"name":"wp","href":"https:\/\/api.w.org\/{rel}","templated":true}]}}