{"id":16612,"date":"2022-07-25T06:00:20","date_gmt":"2022-07-25T05:00:20","guid":{"rendered":"https:\/\/blogs.diariovasco.com\/series-gourmets\/?p=16612"},"modified":"2022-07-24T12:11:12","modified_gmt":"2022-07-24T11:11:12","slug":"djavolskoto-garlo-bulgaria-trafico-fronterizo-de-terroristas-islamicos","status":"publish","type":"post","link":"https:\/\/blogs.diariovasco.com\/series-gourmets\/2022\/07\/25\/djavolskoto-garlo-bulgaria-trafico-fronterizo-de-terroristas-islamicos\/","title":{"rendered":"Djavolskoto Garlo  (Bulgaria) :  Tr\u00e1fico fronterizo de terroristas isl\u00e1micos"},"content":{"rendered":"<p>Aunque la producci\u00f3n de series remotas tiene algunos pa\u00edses destacados que aparecen con cierta frecuencia en este rinc\u00f3n del inicio de cada semana, de vez en cuando es un placer presentarles propuestas de lugares menos habituales como la serie b\u00falgara &#8216;Djavolskoto Garlo&#8217;, un pa\u00eds que solo hab\u00eda aparecido una vez en el blog, gracias a la estimable <a href=\"https:\/\/blogs.diariovasco.com\/series-gourmets\/2015\/10\/19\/pod-prikritie-infiltrado-bulgaria-un-thriller-adictivo-sobre-las-mafias-bulgaras\/\">Pod Prikritie<\/a>.<\/p>\n<p>En esta ocasi\u00f3n han tenido el acierto de salir de la capital Sofia, para irse a la remota Smolyan, una preciosa ciudad en plenos montes Rodope, fronterizos con Grecia y cuyo principal atractivo es una cueva natural denominada \u2018La Garganta del Diablo\u2019 que es el nombre original de la serie en b\u00falgaro, as\u00ed como en su versi\u00f3n internacional \u2018The Devil\u2019s Throat\u2019 .<\/p>\n<p>En ese enclave, \u2018Djavolskoto Garlo\u2019 se convierte r\u00e1pidamente en un crimen con vistas, con muchas derivadas pol\u00edticas y sobre todo de tr\u00e1fico de refugiados que utilizan esas rutas monta\u00f1eras apenas transitadas para ir pasando de pa\u00eds en pa\u00eds, para esquivar las fuerzas policiales y llegar a su destino en Europa Occidental, como les voy a analizar a continuaci\u00f3n<\/p>\n<p><img loading=\"lazy\" class=\"aligncenter size-full wp-image-16616\" src=\"https:\/\/static-blogs.diariovasco.com\/wp-content\/uploads\/sites\/37\/2022\/07\/general-2.jpg\" alt=\"\" width=\"960\" height=\"630\" srcset=\"https:\/\/static-blogs.diariovasco.com\/wp-content\/uploads\/sites\/37\/2022\/07\/general-2.jpg 960w, https:\/\/static-blogs.diariovasco.com\/wp-content\/uploads\/sites\/37\/2022\/07\/general-2-300x197.jpg 300w, https:\/\/static-blogs.diariovasco.com\/wp-content\/uploads\/sites\/37\/2022\/07\/general-2-768x504.jpg 768w, https:\/\/static-blogs.diariovasco.com\/wp-content\/uploads\/sites\/37\/2022\/07\/general-2-628x412.jpg 628w\" sizes=\"(max-width: 960px) 100vw, 960px\" \/><\/p>\n<p><strong>Ficha:<\/strong> Djavolskoto Garlo \/ La Garganta del Diablo ( Bulgaria) 12 ep 45 m feb-may 2019 . <strong>Idioma:<\/strong> b\u00falgaro subs ingles <strong>Cadena:<\/strong> Nova (BG) \/ In\u00e9dita ( E)<\/p>\n<p><strong>La trama :<\/strong> El cad\u00e1ver de un antiguo polic\u00eda de aduanas reconvertido en contrabandista de personas es encontrado flotando en un rio de las monta\u00f1as Rodepe, muy cerca de un lago frecuentado por turistas.<\/p>\n<p>El cuerpo se encuentra en unas circunstancias muy extra\u00f1as sin marcas en su cuerpo, pero han reemplazado sus ojos por los de una oveja y han marcado su cuerpo con imaginer\u00eda musulmana, como es una figura del ciego Mohammedin, en clara referencia al diablo.<\/p>\n<p>El polic\u00eda local encargado del caso es Filip Chanov un experimentado inspector que es el hijo del fiscal general y candidato a la alcald\u00eda de la regi\u00f3n de Smolyan.<\/p>\n<p>Para su sorpresa, se le une Mia Yazova una agente especial de la inteligencia b\u00falgara de la capital Sofia, que ha llegado a Smolyan siguiendo una pista de una red de traficantes de personas con el muerto como principal sospechoso de ser el l\u00edder, como muestra su tr\u00e1iler original.<br \/>\n<iframe loading=\"lazy\" src=\"https:\/\/player.vimeo.com\/video\/350070266?h=9c0237ed18\" width=\"640\" height=\"360\" frameborder=\"0\" allowfullscreen=\"allowfullscreen\"><\/iframe><br \/>\nAmbos se van a tener que enfrentar a un caso complicado con ramificaciones religiosas y de trafico de personas que amenazan la apacible tranquilidad de esa remota regi\u00f3n monta\u00f1osa b\u00falgara, muy apreciada por los amantes del excursionismo y la espeleolog\u00eda.<\/p>\n<p><img loading=\"lazy\" class=\"aligncenter size-full wp-image-16614\" src=\"https:\/\/static-blogs.diariovasco.com\/wp-content\/uploads\/sites\/37\/2022\/07\/protagonistas-1.jpg\" alt=\"\" width=\"980\" height=\"551\" srcset=\"https:\/\/static-blogs.diariovasco.com\/wp-content\/uploads\/sites\/37\/2022\/07\/protagonistas-1.jpg 980w, https:\/\/static-blogs.diariovasco.com\/wp-content\/uploads\/sites\/37\/2022\/07\/protagonistas-1-300x169.jpg 300w, https:\/\/static-blogs.diariovasco.com\/wp-content\/uploads\/sites\/37\/2022\/07\/protagonistas-1-768x432.jpg 768w, https:\/\/static-blogs.diariovasco.com\/wp-content\/uploads\/sites\/37\/2022\/07\/protagonistas-1-628x353.jpg 628w\" sizes=\"(max-width: 980px) 100vw, 980px\" \/><\/p>\n<p>\u2018Djavolskoto Garlo\u2019 es un procedimental\u00a0 bastante &#8216;noir&#8217;\u00a0 y con vistas, que sigue los cauces habituales de una pareja de investigadores, uno local y una forastera que deben aunar fuerzas para desmantelar esa enorme red de tr\u00e1fico de personas, utilizada para introducir posibles terroristas isl\u00e1micos desde Siria y con protectores inesperados en determinados \u00e1mbitos.<\/p>\n<p>El personaje de Mia tiene su propia mochila personal en Sofia, al ser una madre que tiene totalmente descuidada a su hija adolescente, adem\u00e1s de tener enormes conflictos con sus superiores por sus continuas insubordinaciones, que le son perdonadas gracias a su enorme efectividad para resolver delitos.<\/p>\n<p>\u2018Djavolskoto Garlo\u2019 va alternando la investigaci\u00f3n con los l\u00edos familiares de los dos polic\u00edas con el trabajo que deben realizar, a lo que se debe a\u00f1adir una tensi\u00f3n sexual entre ambos que dejan bien a las claras desde sus primeros encuentros.<\/p>\n<p>\u2018Djavolskoto Garlo\u2019 es una serie bastante entretenida por el exotismo y la belleza de los paisajes en que se enmarca. La componente de los refugiados y la entrada de terroristas isl\u00e1micos nos permite conocer una problem\u00e1tica local que apenas conocemos por estos lares, con un caso que tiene muchas derivadas y varias sorpresas al ir aumentando el numero de cad\u00e1veres de manera casi exponencial, lo que abre el campo a todo tipo de teor\u00edas y sospechosos.<\/p>\n<p>Mi conocimiento del \u2018star system\u2019 bulgaro es bastante reducido, pero a la protagonista Teodora Duhovnikova (der) la recordaba como una aguerrida periodista que investigaba las mafias en \u2018Pod Prikritie\u2019 y lo cierto es que estos papeles de mujer dura y guerrillera le van a la perfecci\u00f3n<\/p>\n<p><img loading=\"lazy\" class=\"aligncenter size-full wp-image-16613\" src=\"https:\/\/static-blogs.diariovasco.com\/wp-content\/uploads\/sites\/37\/2022\/07\/pareja.jpg\" alt=\"\" width=\"1640\" height=\"720\" srcset=\"https:\/\/static-blogs.diariovasco.com\/wp-content\/uploads\/sites\/37\/2022\/07\/pareja.jpg 1640w, https:\/\/static-blogs.diariovasco.com\/wp-content\/uploads\/sites\/37\/2022\/07\/pareja-300x132.jpg 300w, https:\/\/static-blogs.diariovasco.com\/wp-content\/uploads\/sites\/37\/2022\/07\/pareja-768x337.jpg 768w, https:\/\/static-blogs.diariovasco.com\/wp-content\/uploads\/sites\/37\/2022\/07\/pareja-628x276.jpg 628w\" sizes=\"(max-width: 1640px) 100vw, 1640px\" \/><\/p>\n<p>En pantalla tiene una buena qu\u00edmica con el desconocido para m\u00ed, Vladimir Karamazov, el polic\u00eda local con el que comparte casi todas las escenas de \u2018Djavolskoto Garlo\u2019 tanto a nivel personal como profesional.<\/p>\n<p><img loading=\"lazy\" class=\"aligncenter size-full wp-image-16615\" src=\"https:\/\/static-blogs.diariovasco.com\/wp-content\/uploads\/sites\/37\/2022\/07\/destacada-2.jpg\" alt=\"\" width=\"1600\" height=\"1200\" srcset=\"https:\/\/static-blogs.diariovasco.com\/wp-content\/uploads\/sites\/37\/2022\/07\/destacada-2.jpg 1600w, https:\/\/static-blogs.diariovasco.com\/wp-content\/uploads\/sites\/37\/2022\/07\/destacada-2-300x225.jpg 300w, https:\/\/static-blogs.diariovasco.com\/wp-content\/uploads\/sites\/37\/2022\/07\/destacada-2-768x576.jpg 768w, https:\/\/static-blogs.diariovasco.com\/wp-content\/uploads\/sites\/37\/2022\/07\/destacada-2-628x471.jpg 628w\" sizes=\"(max-width: 1600px) 100vw, 1600px\" \/>La serie tiene un desenlace bastante pulcro y aseado por lo que solo espero que ahora que ha empezado su distribuci\u00f3n internacional por bastantes pa\u00edses anglosajones como \u2018The Devil\u2019s Throat\u2019 llegue a nuestro pa\u00eds a trav\u00e9s de alguna de las plataformas sospechosas habituales que apuestan por este tipo de ficciones diferentes, como hizo la brit\u00e1nica Channel 4 en su programa Walter Presents.<\/p>\n<p>La introducci\u00f3n brit\u00e1nica en dicho programa de \u2018Djavolskoto Garlo\u2019 es el video que va a cerrar el art\u00edculo.<br \/>\n<iframe loading=\"lazy\" title=\"YouTube video player\" src=\"https:\/\/www.youtube.com\/embed\/MVJqnhYTj_U\" width=\"560\" height=\"315\" frameborder=\"0\" allowfullscreen=\"allowfullscreen\"><\/iframe><\/p>\n<p>Esperamos sus opiniones y comentarios, aqu\u00ed o en nuestra cuenta de twitter (@lmejino). Hasta la pr\u00f3xima<\/p>\n<p>Lorenzo Mejino<\/p>\n<!-- AddThis Advanced Settings generic via filter on the_content --><!-- AddThis Share Buttons generic via filter on the_content -->","protected":false},"excerpt":{"rendered":"<p>Aunque la producci\u00f3n de series remotas tiene algunos pa\u00edses destacados que aparecen con cierta frecuencia en este rinc\u00f3n del inicio de cada semana, de vez en cuando es un placer presentarles propuestas de lugares menos habituales como la serie b\u00falgara &#8216;Djavolskoto Garlo&#8217;, un pa\u00eds que solo hab\u00eda aparecido una vez en el blog, gracias a [&hellip;]<!-- AddThis Advanced Settings generic via filter on get_the_excerpt --><!-- AddThis Share Buttons generic via filter on get_the_excerpt --><\/p>\n","protected":false},"author":61,"featured_media":16615,"comment_status":"open","ping_status":"closed","sticky":false,"template":"","format":"standard","meta":[],"categories":[5,10,29,12,17],"tags":[7570,7572,7573,7571],"_links":{"self":[{"href":"https:\/\/blogs.diariovasco.com\/series-gourmets\/wp-json\/wp\/v2\/posts\/16612"}],"collection":[{"href":"https:\/\/blogs.diariovasco.com\/series-gourmets\/wp-json\/wp\/v2\/posts"}],"about":[{"href":"https:\/\/blogs.diariovasco.com\/series-gourmets\/wp-json\/wp\/v2\/types\/post"}],"author":[{"embeddable":true,"href":"https:\/\/blogs.diariovasco.com\/series-gourmets\/wp-json\/wp\/v2\/users\/61"}],"replies":[{"embeddable":true,"href":"https:\/\/blogs.diariovasco.com\/series-gourmets\/wp-json\/wp\/v2\/comments?post=16612"}],"version-history":[{"count":4,"href":"https:\/\/blogs.diariovasco.com\/series-gourmets\/wp-json\/wp\/v2\/posts\/16612\/revisions"}],"predecessor-version":[{"id":16695,"href":"https:\/\/blogs.diariovasco.com\/series-gourmets\/wp-json\/wp\/v2\/posts\/16612\/revisions\/16695"}],"wp:featuredmedia":[{"embeddable":true,"href":"https:\/\/blogs.diariovasco.com\/series-gourmets\/wp-json\/wp\/v2\/media\/16615"}],"wp:attachment":[{"href":"https:\/\/blogs.diariovasco.com\/series-gourmets\/wp-json\/wp\/v2\/media?parent=16612"}],"wp:term":[{"taxonomy":"category","embeddable":true,"href":"https:\/\/blogs.diariovasco.com\/series-gourmets\/wp-json\/wp\/v2\/categories?post=16612"},{"taxonomy":"post_tag","embeddable":true,"href":"https:\/\/blogs.diariovasco.com\/series-gourmets\/wp-json\/wp\/v2\/tags?post=16612"}],"curies":[{"name":"wp","href":"https:\/\/api.w.org\/{rel}","templated":true}]}}