{"id":16889,"date":"2022-09-14T06:00:58","date_gmt":"2022-09-14T05:00:58","guid":{"rendered":"https:\/\/blogs.diariovasco.com\/series-gourmets\/?p=16889"},"modified":"2022-09-13T11:48:42","modified_gmt":"2022-09-13T10:48:42","slug":"por-el-mandato-del-cielo-la-eximente-divina-para-perpetrar-delitos","status":"publish","type":"post","link":"https:\/\/blogs.diariovasco.com\/series-gourmets\/2022\/09\/14\/por-el-mandato-del-cielo-la-eximente-divina-para-perpetrar-delitos\/","title":{"rendered":"Por el mandato del cielo : La eximente divina para perpetrar delitos"},"content":{"rendered":"<p>En esta semana tem\u00e1tica que estamos dedicando a las series sobre sectas y grupos religiosos extremistas, la elecci\u00f3n de la serie actual ha sido bastante sencilla al tener muy reciente el estreno de \u2018Por el Mandato del Cielo\u2019 una ficci\u00f3n basada en hechos reales y sucedida en el seno de una familia fundamentalista mormona.<\/p>\n<p>El auge de este tipo de ficciones basadas en \u2018true crimes\u2019 ha sido analizado en recientes art\u00edculos como ha sido el caso de<a href=\"https:\/\/blogs.diariovasco.com\/series-gourmets\/2022\/08\/17\/the-staircase-una-revision-ficcionada-del-primer-true-crime\/\"> \u2018The Staircase\u2019<\/a> o <a href=\"https:\/\/blogs.diariovasco.com\/series-gourmets\/2022\/08\/24\/the-girl-from-plainville-la-recreacion-del-enesimo-crimen-mediatico\/\">\u2018The Girl from Plainville\u2019<\/a>, pero en esta ocasi\u00f3n la perspectiva religiosa mormona le da unas justificaciones divinas bastante alejadas de la mera maldad humana que es la causa predominante en estos casos.<\/p>\n<p>La presencia de un actor taquillero como Andrew Garfield ( Spiderman) en un personaje hecho a su medida y para su lucimiento es un gancho perfecto para atraer espectadores hacia una historia bastante s\u00f3rdida que no me ha acabado de convencer por las razones que esgrimir\u00e9 en el presente art\u00edculo.<\/p>\n<p><img loading=\"lazy\" class=\"aligncenter size-full wp-image-16890\" src=\"https:\/\/static-blogs.diariovasco.com\/wp-content\/uploads\/sites\/37\/2022\/09\/geneal.jpg\" alt=\"\" width=\"1068\" height=\"601\" srcset=\"https:\/\/static-blogs.diariovasco.com\/wp-content\/uploads\/sites\/37\/2022\/09\/geneal.jpg 1068w, https:\/\/static-blogs.diariovasco.com\/wp-content\/uploads\/sites\/37\/2022\/09\/geneal-300x169.jpg 300w, https:\/\/static-blogs.diariovasco.com\/wp-content\/uploads\/sites\/37\/2022\/09\/geneal-768x432.jpg 768w, https:\/\/static-blogs.diariovasco.com\/wp-content\/uploads\/sites\/37\/2022\/09\/geneal-628x353.jpg 628w\" sizes=\"(max-width: 1068px) 100vw, 1068px\" \/><\/p>\n<p><strong>Ficha:<\/strong> Por el Mandato del Cielo 7 ep 60 m abr-jun 2022<strong> Cadena:\u00a0<\/strong> FX on Hulu (USA) \/ Disney + ( E)<\/p>\n<p><strong>Sinopsis:<\/strong> En la ciudad ficticia de East Rockwell, en el estado de Utah, el detective morm\u00f3n Jeb Pyre y el detective nativo paiute Bill Taba deben investigar el brutal asesinato en su propia casa de Brenda Wright Lafferty y su beb\u00e9 Erica.<\/p>\n<p>Su marido Allen, miembro de la familia mormona m\u00e1s prominente del pueblo, es el principal sospechoso del asesinato, pero las investigaciones van a destapar todo tipo de secretos inconfesables de la familia Lafferty que van a afectar mucho a la hasta entonces incorruptible fe mormona del detective Pyre.<\/p>\n<p><strong>El inicio:<\/strong><br \/>\nJon Krakauer ( foto)\u00a0 era un periodista que hab\u00eda ganado un gran prestigio con sus dos primeros libros de aventuras reales, \u2018Hacia rutas salvajes\u2019 y sobre todo \u2018Into thin Air\u2019 que narraba magistralmente una tr\u00e1gica temporada de expediciones a la cima de Everest.<\/p>\n<p><img loading=\"lazy\" class=\"aligncenter size-full wp-image-16892\" src=\"https:\/\/static-blogs.diariovasco.com\/wp-content\/uploads\/sites\/37\/2022\/09\/krakauer.jpg\" alt=\"\" width=\"620\" height=\"349\" srcset=\"https:\/\/static-blogs.diariovasco.com\/wp-content\/uploads\/sites\/37\/2022\/09\/krakauer.jpg 620w, https:\/\/static-blogs.diariovasco.com\/wp-content\/uploads\/sites\/37\/2022\/09\/krakauer-300x169.jpg 300w\" sizes=\"(max-width: 620px) 100vw, 620px\" \/><br \/>\nEn el libro narraba su propia experiencia como gran monta\u00f1ero que consigui\u00f3 ascender a la cumbre del Everest con una expedici\u00f3n comercial y fue testigo presencial de las muertes que sucedieron durante su ascensi\u00f3n ya sea por inexperiencia, mala suerte o imprudencia.<\/p>\n<p>Su siguiente proyecto fue publicado en 2003 y fue el libro investigativo de no ficci\u00f3n \u2018 Por Mandato del Cielo: Una Historia de Fe Violenta\u2019 que trataba en paralelo, los or\u00edgenes de la fe mormona y la investigaci\u00f3n del doble asesinato real de Brenda Lafferty y Erica.<\/p>\n<p>El libro llam\u00f3 la atenci\u00f3n de un joven escritor Dustin Lance Black que hab\u00eda crecido en la fe mormona, pero que acab\u00f3 abandonando al ser incapaces de aceptar su condici\u00f3n homosexual. Ese rechazo le convirti\u00f3 en un activista militante por los derechos LGTB mientras ganaba experiencia en la serie \u2018Big Love\u2019, precisamente sobre una familia\u00a0 mormona, para ganar el Oscar posteriormente por el guion de \u2018Milk\u2019.<\/p>\n<p><img loading=\"lazy\" class=\"aligncenter size-full wp-image-16897\" src=\"https:\/\/static-blogs.diariovasco.com\/wp-content\/uploads\/sites\/37\/2022\/09\/dustin-lance-black.jpg\" alt=\"\" width=\"275\" height=\"183\" \/><\/p>\n<p>Al leer el libro de Krakauer, a principios de la pasada d\u00e9cada, Black se sinti\u00f3 completamente identificado con esa visi\u00f3n de la fe mormona y persigui\u00f3 incansablemente al autor Jon Krakauer para permitirle adaptar el libro para hacer una pel\u00edcula, con el apoyo de la productora Warner Brothers.<\/p>\n<p>Por desgracia sus primeros guiones no funcionaron por ser demasiado largos para una pel\u00edcula y finalmente el proyecto fue aparcado para dar paso a otros proyectos personales como la miniserie<a href=\"https:\/\/blogs.diariovasco.com\/series-gourmets\/2020\/05\/15\/when-we-rise-una-propuesta-militante-que-no-acaba-de-cuajar\/\"> \u2018When we rise\u2019 .<\/a><\/p>\n<p>Tras unos a\u00f1os de hibernaci\u00f3n, recibi\u00f3 una llamada del megaproductor Brian Grazer que le propuso retomar el proyecto pero en forma de miniserie, el formato de moda, para que pudiera encajar toda la historia en una duraci\u00f3n m\u00e1s larga.<\/p>\n<p>El principal cambio que Dustin Lance Black hizo sobre el libro fue la incorporaci\u00f3n de la figura de los dos inspectores que investigan el asesinato y que son utilizados como nuestros ojos para entrar en esa comunidad tan cerrada, algo que en el libro hac\u00eda el propio autor como narrador.<\/p>\n<p>Tras un rodaje en Calgary en el estado canadiense de Alberta, \u2019Por el mandato del cielo\u2019 se estren\u00f3 esta primavera con el siguiente tr\u00e1iler de presentaci\u00f3n.<br \/>\n<iframe loading=\"lazy\" title=\"YouTube video player\" src=\"https:\/\/www.youtube.com\/embed\/IDRqWtwbiSM\" width=\"560\" height=\"315\" frameborder=\"0\" allowfullscreen=\"allowfullscreen\"><\/iframe><br \/>\n.<br \/>\n<strong>La trama:<\/strong> \u2018Por el mandato del cielo\u2019 sigue los cauces habituales de utilizar diferentes l\u00edneas temporales con el punto de inflexi\u00f3n marcado por el doble asesinato de Brenda Lafferty y su beb\u00e9.<\/p>\n<p>En primer lugar tenemos la l\u00ednea principal que es la investigaci\u00f3n de los dos detectives que avanza desde el descubrimiento de los cad\u00e1veres en la primera escena de \u2018Por el mandato del cielo\u2019 hacia el futuro. Ese trabajo se centra en la determinaci\u00f3n de los sospechosos y sus posibles motivos, por lo que vamos a ir conociendo a todo el clan Lafferty, formado por el patriarca Ammon y sus seis hijos varones, cinco de ellos casados, mientras que en paralelo conocemos las vidas personales de ese d\u00fao tan at\u00edpico de detectives, morm\u00f3n e indio nativo.<\/p>\n<p>La segunda l\u00ednea temporal transcurre en el pasado reciente para conocer la din\u00e1mica familiar de los Lafferty y en especial la complicada integraci\u00f3n de la joven Brenda dentro de la familia, tras casarse completamente enamorada de Allen.<\/p>\n<p>Por \u00faltimo, se muestra una tercera l\u00ednea temporal situada en el S XIX, en los or\u00edgenes de la religi\u00f3n mormona con su fundador Joseph Smith y su disc\u00edpulo Brigham Young, como principales personajes que dise\u00f1aron la fe mormona y tuvieron que enfrentarse a las numerosas reticencias de sus vecinos en las praderas de Utah, por el fundamentalismo religioso que intentaban predicar en aquella \u00e9poca.<\/p>\n<p>En el siguiente video pueden ver como sus responsables explican esas diferentes l\u00edneas temporales y como se entrecruzan para combinar el contexto familiar de los hechos m\u00e1s recientes con\u00a0 el religioso de la historia mormona.<br \/>\n<iframe loading=\"lazy\" title=\"YouTube video player\" src=\"https:\/\/www.youtube.com\/embed\/JWg_GB5q0xw\" width=\"560\" height=\"315\" frameborder=\"0\" allowfullscreen=\"allowfullscreen\"><\/iframe><br \/>\nPoco a poco vamos conociendo las diferentes facciones que se han ido formando con el tiempo que difieren bastante en sus interpretaciones tanto de la Biblia como de las estipulaciones de los fundadores de la fe mormona.<\/p>\n<p>El centro de gravedad de la historia es el personaje del detective Jeb Pyre, un devoto morm\u00f3n casado y con dos hijos que al ir descubriendo las barrabasadas fundamentalistas de la familia Lafferty, empieza a cuestionarse su fe, ante el horror de su mujer y de su madre que no pueden permitir que se aleje del camino de su comunidad mormona, so pena de ser expulsado de forma ignominiosa.<\/p>\n<p>R\u00e1pidamente se van a establecer paralelismos entre su desencanto con la fe mormona, con el que tuvo la propia Brenda en su momento, vi\u00e9ndose muy identificado con la victima a medida que avanza en su investigaci\u00f3n y como muestran en el siguiente corte.<br \/>\n<iframe loading=\"lazy\" title=\"YouTube video player\" src=\"https:\/\/www.youtube.com\/embed\/InLiXmAAX3o\" width=\"560\" height=\"315\" frameborder=\"0\" allowfullscreen=\"allowfullscreen\"><\/iframe><\/p>\n<p>Uno de los principales problemas de la victima Brenda, fue su integraci\u00f3n en el clan Lafferty que manten\u00eda reglas muy estrictas sobre lo que pod\u00eda hacer una mujer y lo que ten\u00eda prohibido, una brutal misoginia que chocaba directamente con las aspiraciones personales y\u00a0 laborales de la pobre Brenda, cada vez m\u00e1s aislada dentro del clan familiar, como muestran en el siguiente video.<br \/>\n<iframe loading=\"lazy\" title=\"YouTube video player\" src=\"https:\/\/www.youtube.com\/embed\/gI07l4CdGP4\" width=\"560\" height=\"315\" frameborder=\"0\" allowfullscreen=\"allowfullscreen\"><\/iframe><br \/>\nA pesar de su posible inter\u00e9s hist\u00f3rico, lo cierto es que la l\u00ednea del S XIX se me hac\u00eda extremadamente farragosa con interminables discusiones religiosas y sin tener muy claro si quer\u00edan mostrar a esos pioneros mormones como unos m\u00e1rtires o unos heroicos iluminados que nos quer\u00edan mostrar el camino del Se\u00f1or, como en el video siguiente.<br \/>\n<iframe loading=\"lazy\" title=\"YouTube video player\" src=\"https:\/\/www.youtube.com\/embed\/EYep0MrlMDQ\" width=\"560\" height=\"315\" frameborder=\"0\" allowfullscreen=\"allowfullscreen\"><\/iframe><br \/>\n\u2018Por el mandato del cielo\u2019 me ha parecido una serie correcta e interesante pero se ha quedado\u00a0 muy lejos de entusiasmarme, principalmente por mi escaso inter\u00e9s por la religi\u00f3n mormona a la que le tengo una particular ojeriza por una serie de experiencias personales que me han permitido crearme una opini\u00f3n muy negativa hacia ellos y todo lo que representan.<\/p>\n<p>\u2018Por el mandato del cielo\u2019 tiene un excelente reparto (como curiosidad, la gran mayor\u00eda del elenco principal son brit\u00e1nicos) pero las tres l\u00edneas temporales est\u00e1n completamente descompensadas, con la del S XIX que es un verdadero lastre al dedicarle tanta importancia, cuando con unas leves pinceladas ya podr\u00edan haber establecido ese contexto religioso.<\/p>\n<p>Por suerte la potente presencia de Andrew Garfield como el protagonista Jeb Pyre le proporciona un empaque que en manos de otro actor menos implicado habr\u00eda tenido consecuencias m\u00e1s negativas, de todas formas, en algunos momentos me daba la sensaci\u00f3n de ser una de esas miniseries para su gran lucimiento y para que gane el Emmy al mejor actor por encima de cualquier otra consideraci\u00f3n global de \u2018Por el mandato del cielo\u2019, algo que no ha conseguido al no pasar de la nominaci\u00f3n.<\/p>\n<p>Me consta que a personas cercanas les ha encantado al no estar tan predispuestas como en mi caso contra los preceptos de la fe mormona, por lo que en este caso prefiero ser precavido para que puedan comprobarlo con sus propios ojos en la plataforma Star de Disney+, que la ha publicitado con el siguiente tr\u00e1iler para su estreno en Espa\u00f1a.<br \/>\n<iframe loading=\"lazy\" title=\"YouTube video player\" src=\"https:\/\/www.youtube.com\/embed\/fErawuKq2sw\" width=\"560\" height=\"315\" frameborder=\"0\" allowfullscreen=\"allowfullscreen\"><\/iframe><\/p>\n<p><strong>Los actores:<\/strong><br \/>\nEl brit\u00e1nico Andrew Garfield ha sido elevado al rango de superestrella cinematogr\u00e1fica tras debutar a lo grande\u00a0 en la fabulosa miniserie <a href=\"https:\/\/blogs.diariovasco.com\/series-gourmets\/2017\/10\/13\/red-riding-la-mejor-trilogia-criminal-britanica\/\">\u2018Red Riding\u2019<\/a>,\u00a0 Tras despuntar en \u2018La Red Social\u2019, pas\u00f3\u00a0 \u00a0a interpretar a Spiderman en tres pel\u00edculas de la saga, siendo\u00a0 capaz de\u00a0 compensar esas superproducciones con pel\u00edculas de cariz muy diferente como la b\u00e9lica \u2018Hacksaw Ridge\u2019 o la musical \u2018Tick. Tick. Boom\u2019.<\/p>\n<p><img loading=\"lazy\" class=\"aligncenter size-full wp-image-16894\" src=\"https:\/\/static-blogs.diariovasco.com\/wp-content\/uploads\/sites\/37\/2022\/09\/andrew-garfiled.jpg\" alt=\"\" width=\"900\" height=\"600\" srcset=\"https:\/\/static-blogs.diariovasco.com\/wp-content\/uploads\/sites\/37\/2022\/09\/andrew-garfiled.jpg 900w, https:\/\/static-blogs.diariovasco.com\/wp-content\/uploads\/sites\/37\/2022\/09\/andrew-garfiled-300x200.jpg 300w, https:\/\/static-blogs.diariovasco.com\/wp-content\/uploads\/sites\/37\/2022\/09\/andrew-garfiled-768x512.jpg 768w, https:\/\/static-blogs.diariovasco.com\/wp-content\/uploads\/sites\/37\/2022\/09\/andrew-garfiled-628x419.jpg 628w\" sizes=\"(max-width: 900px) 100vw, 900px\" \/><\/p>\n<p>Su vuelta a una miniserie televisiva tras m\u00e1s de diez a\u00f1os de ausencia, es como un traje a su medida con ese detective Pyre, que le permite mostrar su tormento al encontrarse entre los dos\u00a0 fuegos\u00a0 que representan\u00a0 su fe mormona que comparte con su familia y su\u00a0 esc\u00e9ptico trabajo policial.<\/p>\n<p>Es el veh\u00edculo ideal para hacer una interpretaci\u00f3n \u2018intensita\u2019 de las que podr\u00edan\u00a0 ganar premios, aunque en mi caso me parece que\u00a0 un poquito m\u00e1s de mesura en determinados momentos habr\u00eda sido beneficioso para la historia.<\/p>\n<p>Gil Birmingham es el perfecto complemento como el polic\u00eda indio Bill Taba que por ser el \u00fanico personaje principal no morm\u00f3n de \u2018Por el mandato del cielo\u2019 y le proporciona\u00a0 el contraste necesario para empezar a replantearse las cosas m\u00e1s all\u00e1 de los que ordenan las escrituras o los dictados del pastor de su congregaci\u00f3n mormona.<\/p>\n<p><img loading=\"lazy\" class=\"aligncenter size-full wp-image-16891\" src=\"https:\/\/static-blogs.diariovasco.com\/wp-content\/uploads\/sites\/37\/2022\/09\/gil-birmingham.jpg\" alt=\"\" width=\"1300\" height=\"866\" srcset=\"https:\/\/static-blogs.diariovasco.com\/wp-content\/uploads\/sites\/37\/2022\/09\/gil-birmingham.jpg 1300w, https:\/\/static-blogs.diariovasco.com\/wp-content\/uploads\/sites\/37\/2022\/09\/gil-birmingham-300x200.jpg 300w, https:\/\/static-blogs.diariovasco.com\/wp-content\/uploads\/sites\/37\/2022\/09\/gil-birmingham-768x512.jpg 768w, https:\/\/static-blogs.diariovasco.com\/wp-content\/uploads\/sites\/37\/2022\/09\/gil-birmingham-628x418.jpg 628w\" sizes=\"(max-width: 1300px) 100vw, 1300px\" \/>Su origen comanche le ha encasillado a Birmingham en papeles de indios nativos casi siempre como estrella invitada en alg\u00fan episodio de la serie de turno, pero poco a poco el aumento de la diversidad en los papeles le ha beneficiado mucho en estos \u00faltimos a\u00f1os con grandes papeles en \u2018Banshee\u2019, \u2018Unbreakable Kimmy Schmidt\u2019 y sobre todo \u2018Yellowstone\u2019. Siempre me ha parecido un gran actor encasillado en papeles \u00e9tnicos pero a los que le daba un empaque y dignidad que sobresal\u00eda por encima del resto.<\/p>\n<p>El predominio brit\u00e1nico del reparto sigue con la elecci\u00f3n de dos actores de pura raza inglesa como Daisy Edgar-Jones y Billy Howle para los personajes de la victima asesinada Brenda Lafferty y su sospechoso marido Allen Lafferty.<\/p>\n<p>La carrera de la joven Daisy Edgar-Jones ha sido mete\u00f3rica desde sus modestos inicios en \u2018Cold Feet\u2019, gracias a su impresionante personaje de Marianne Sheridan en el inesperado \u00e9xito que fue la intimista <a href=\"https:\/\/revista.tviso.com\/normal-people-una-historia-extraordinaria-sobre-jovenes-ordinarios\/\" rel=\"external nofollow\">\u2018Norman People\u2019<\/a> que catapult\u00f3 su carrera a ambos lados del oc\u00e9ano.<\/p>\n<p>En esta ocasi\u00f3n al interpretar a la fallecida Brenda solo aparece en \u2018flashbacks\u2019, pero desarrolla a la perfecci\u00f3n su personaje desde la ilusi\u00f3n inicial de su boda y de unirse al clan Lafferty, a su creciente desencanto al ver como la ninguneaban y la menospreciaban tanto el patriarca como todos sus cu\u00f1ados.<\/p>\n<p><img loading=\"lazy\" class=\"aligncenter size-full wp-image-16895\" src=\"https:\/\/static-blogs.diariovasco.com\/wp-content\/uploads\/sites\/37\/2022\/09\/daisy-edgar-jones-billy-howle.jpg\" alt=\"\" width=\"637\" height=\"549\" srcset=\"https:\/\/static-blogs.diariovasco.com\/wp-content\/uploads\/sites\/37\/2022\/09\/daisy-edgar-jones-billy-howle.jpg 637w, https:\/\/static-blogs.diariovasco.com\/wp-content\/uploads\/sites\/37\/2022\/09\/daisy-edgar-jones-billy-howle-300x259.jpg 300w, https:\/\/static-blogs.diariovasco.com\/wp-content\/uploads\/sites\/37\/2022\/09\/daisy-edgar-jones-billy-howle-628x541.jpg 628w\" sizes=\"(max-width: 637px) 100vw, 637px\" \/><\/p>\n<p>Por su parte Billy Howle est\u00e1 construyendo una carrera muy solida gracias a ir encadenando miniseries de cierta importancia como \u2018MotherfatherSon\u2019.\u2019 The Beast must die\u2019, \u2018Chloe\u2019 y sobre todo \u2018La Serpiente\u2019. Me ha gustado mucho como el consternado y sobrepasado sospechoso principal del asesinato de su mujer, transmitiendo muy bien esa angustia vital.<\/p>\n<p>Por \u00faltimo tenemos a dos s\u00f3lidos actores como Sam Worthington ( der) y Wyatt Russell (izq) como los dos hermanos mayores de Allen, Ron y Dan, que son los fieles herederos de las proclamas y comportamientos m\u00e1s fundamentalistas de su padre Ammon, con las tensiones que provocan tanto en sus respectivas mujeres como en el resto del clan con la pobre Brenda como su blanco preferido.<\/p>\n<p>El australiano Sam Worthington siempre tendr\u00e1 su carrera ligada a su protagonismo en \u2018Avatar\u2019 uno de los films m\u00e1s taquilleros de la historia, as\u00ed como en sus futuras secuelas. A partir de ese punto pudo asentar su carrera en papeles preferentemente de acci\u00f3n como en \u2018Hacksaw Ridge\u2019, junto a Andrew Garfield, en la gran miniserie \u2018Destination Gallipoli\u2019 y sobre todo en<a href=\"https:\/\/blogs.diariovasco.com\/series-gourmets\/2017\/12\/13\/manhunt-unabomber-la-apasionante-busqueda-del-enemigo-publico-numero-1\/\"> \u2018Manhunt. Unabomber\u2019<\/a>.<\/p>\n<p>En esta ocasi\u00f3n no me ha parecido su papel m\u00e1s brillante por el fanatismo de Ron Lafferty, que no ha sabido encauzar tan bien como en otros papeles suyos, al hacerlo mucho m\u00e1s unidimensional.<\/p>\n<p><img loading=\"lazy\" class=\"aligncenter size-full wp-image-16893\" src=\"https:\/\/static-blogs.diariovasco.com\/wp-content\/uploads\/sites\/37\/2022\/09\/russell-worthington.png\" alt=\"\" width=\"790\" height=\"527\" srcset=\"https:\/\/static-blogs.diariovasco.com\/wp-content\/uploads\/sites\/37\/2022\/09\/russell-worthington.png 790w, https:\/\/static-blogs.diariovasco.com\/wp-content\/uploads\/sites\/37\/2022\/09\/russell-worthington-300x200.png 300w, https:\/\/static-blogs.diariovasco.com\/wp-content\/uploads\/sites\/37\/2022\/09\/russell-worthington-768x512.png 768w, https:\/\/static-blogs.diariovasco.com\/wp-content\/uploads\/sites\/37\/2022\/09\/russell-worthington-628x419.png 628w\" sizes=\"(max-width: 790px) 100vw, 790px\" \/><\/p>\n<p>Wyatt Russell ha tenido bastantes problemas para evitar ser descrito siempre como el hijo de la gran pareja de Hollywood, formada por Ken Russell y Goldie Hawn, pero eso le abri\u00f3 las puertas para empezar por peque\u00f1os papeles secundarios hasta que tuvo su primer gran \u00e9xito con \u2018Overlord\u2019. Posteriormente protagoniz\u00f3 la serie marciana \u2018Lodge 49\u2019 y pas\u00f3 al universo Marvel en \u2018Falcon and the Winter Soldier\u2019.<\/p>\n<p>Tampoco me ha convencido mucho como Dan Lafferty, un personaje muy similar desde el punto de vista del fanatismo al de su hermano en la ficci\u00f3n Ron, pecando de demasiada poca sutileza en el retrato de su papel.<\/p>\n<p><strong>Ep\u00edlogo:<\/strong><\/p>\n<p>\u2018Por el mandato del cielo\u2019 es una propuesta basada en un abyecto crimen real que le va a permitir conocer en profundidad todos los entresijos de una comunidad mormona en la actualidad, por lo que me ha parecido la propuesta ideal actual\u00a0 para esta semana que estoy dedicando a series como sectas y grupos religiosos extremistas<\/p>\n<p>Esperamos sus opiniones y comentarios, aqu\u00ed o en nuestra cuenta de twitter (@lmejino). Hasta la pr\u00f3xima<\/p>\n<p>Lorenzo Mejino<\/p>\n<!-- AddThis Advanced Settings generic via filter on the_content --><!-- AddThis Share Buttons generic via filter on the_content -->","protected":false},"excerpt":{"rendered":"<p>En esta semana tem\u00e1tica que estamos dedicando a las series sobre sectas y grupos religiosos extremistas, la elecci\u00f3n de la serie actual ha sido bastante sencilla al tener muy reciente el estreno de \u2018Por el Mandato del Cielo\u2019 una ficci\u00f3n basada en hechos reales y sucedida en el seno de una familia fundamentalista mormona. El [&hellip;]<!-- AddThis Advanced Settings generic via filter on get_the_excerpt --><!-- AddThis Share Buttons generic via filter on get_the_excerpt --><\/p>\n","protected":false},"author":61,"featured_media":16896,"comment_status":"open","ping_status":"closed","sticky":false,"template":"","format":"standard","meta":[],"categories":[5,12,7667,15],"tags":[3529,7677,7676,5701,7678,7674,7672,3654,7673,7675],"_links":{"self":[{"href":"https:\/\/blogs.diariovasco.com\/series-gourmets\/wp-json\/wp\/v2\/posts\/16889"}],"collection":[{"href":"https:\/\/blogs.diariovasco.com\/series-gourmets\/wp-json\/wp\/v2\/posts"}],"about":[{"href":"https:\/\/blogs.diariovasco.com\/series-gourmets\/wp-json\/wp\/v2\/types\/post"}],"author":[{"embeddable":true,"href":"https:\/\/blogs.diariovasco.com\/series-gourmets\/wp-json\/wp\/v2\/users\/61"}],"replies":[{"embeddable":true,"href":"https:\/\/blogs.diariovasco.com\/series-gourmets\/wp-json\/wp\/v2\/comments?post=16889"}],"version-history":[{"count":4,"href":"https:\/\/blogs.diariovasco.com\/series-gourmets\/wp-json\/wp\/v2\/posts\/16889\/revisions"}],"predecessor-version":[{"id":16977,"href":"https:\/\/blogs.diariovasco.com\/series-gourmets\/wp-json\/wp\/v2\/posts\/16889\/revisions\/16977"}],"wp:featuredmedia":[{"embeddable":true,"href":"https:\/\/blogs.diariovasco.com\/series-gourmets\/wp-json\/wp\/v2\/media\/16896"}],"wp:attachment":[{"href":"https:\/\/blogs.diariovasco.com\/series-gourmets\/wp-json\/wp\/v2\/media?parent=16889"}],"wp:term":[{"taxonomy":"category","embeddable":true,"href":"https:\/\/blogs.diariovasco.com\/series-gourmets\/wp-json\/wp\/v2\/categories?post=16889"},{"taxonomy":"post_tag","embeddable":true,"href":"https:\/\/blogs.diariovasco.com\/series-gourmets\/wp-json\/wp\/v2\/tags?post=16889"}],"curies":[{"name":"wp","href":"https:\/\/api.w.org\/{rel}","templated":true}]}}