{"id":17872,"date":"2023-01-16T06:00:43","date_gmt":"2023-01-16T05:00:43","guid":{"rendered":"https:\/\/blogs.diariovasco.com\/series-gourmets\/?p=17872"},"modified":"2023-01-15T10:09:31","modified_gmt":"2023-01-15T09:09:31","slug":"el-ultimo-artefacto-socialista-croacia-las-consecuencias-del-desmembramiento-yugoslavo","status":"publish","type":"post","link":"https:\/\/blogs.diariovasco.com\/series-gourmets\/2023\/01\/16\/el-ultimo-artefacto-socialista-croacia-las-consecuencias-del-desmembramiento-yugoslavo\/","title":{"rendered":"El \u00faltimo artefacto socialista ( Croacia ) : las consecuencias del desmembramiento yugoslavo"},"content":{"rendered":"<p>La semana pasada dediqu\u00e9 este espacio de los lunes a analizar mi mejor serie in\u00e9dita de 2022<a href=\"https:\/\/blogs.diariovasco.com\/series-gourmets\/2023\/01\/09\/la-nuit-ou-laurier-gaudreault-sest-reveille-quebec-canada-el-gran-debut-televisivo-de-xavier-dolan\/\"> \u2018La nuit o\u00f9 Laurier Gaudreault s\u2019est r\u00e9veille\u00b4<\/a>, pero todav\u00eda ten\u00eda pendiente hacer lo mismo con mi favorita del a\u00f1o 2021, la serie croata, \u2018 Podru\u010dje Bez Signala\u2019 , al estar esperando que alg\u00fan d\u00eda se estrenara en nuestro pa\u00eds como finalmente ha sucedido este mes de diciembre de la mano de Filmin y con el nombre de \u2018El \u00daltimo Artefacto Socialista\u2019 .<\/p>\n<p>Al ver las reacciones positivas de muchos espectadores, me he quedado m\u00e1s tranquilo al ver que comparten su admiraci\u00f3n por una serie completamente diferente a todo lo habitual al tratar de frente un conflicto social e industrial que nos permite conocer muchas claves del proceso posterior del desmembramiento de la antigua Yugoslavia, como por fin puedo analizar tras una espera de m\u00e1s de un a\u00f1o para poder hacerlo.<\/p>\n<p><img loading=\"lazy\" class=\"aligncenter size-full wp-image-17875\" src=\"https:\/\/static-blogs.diariovasco.com\/wp-content\/uploads\/sites\/37\/2023\/01\/general.jpeg\" alt=\"\" width=\"1200\" height=\"720\" srcset=\"https:\/\/static-blogs.diariovasco.com\/wp-content\/uploads\/sites\/37\/2023\/01\/general.jpeg 1200w, https:\/\/static-blogs.diariovasco.com\/wp-content\/uploads\/sites\/37\/2023\/01\/general-300x180.jpeg 300w, https:\/\/static-blogs.diariovasco.com\/wp-content\/uploads\/sites\/37\/2023\/01\/general-768x461.jpeg 768w, https:\/\/static-blogs.diariovasco.com\/wp-content\/uploads\/sites\/37\/2023\/01\/general-628x377.jpeg 628w\" sizes=\"(max-width: 1200px) 100vw, 1200px\" \/><\/p>\n<p><strong>Ficha:<\/strong> El \u00faltimo artefacto socialista \/ Podru\u010dje Bez Signala (Croacia ) 6 ep 50 m dic 2021- ene 2022 <strong>Idioma:<\/strong> croata <strong>Cadena:\u00a0<\/strong>HRT ( CRO) \/ Filmin ( E)<\/p>\n<p><strong>La trama:<\/strong><br \/>\nDos primos empresarios de Zagreb se trasladan a Nustin un\u00a0 \u00a0perdido pueblo en las monta\u00f1as croatas, sin cobertura y casi incomunicado. Su objetivo es intentar revitalizar la fabrica local que empleaba a todo el pueblo y que fue abandonada tras el desmembramiento yugoslavo. La raz\u00f3n es un encargo muy espec\u00edfico\u00a0 para un cliente muy misterioso de una turbina que hace a\u00f1os que no se fabrica y que solo se puede realizar en esa antigua f\u00e1brica, como pueden ver en el tr\u00e1iler de su estreno en la televisi\u00f3n p\u00fablica croata.<br \/>\n<iframe loading=\"lazy\" title=\"YouTube video player\" src=\"https:\/\/www.youtube.com\/embed\/N1g8qh2Jh7k\" width=\"560\" height=\"315\" frameborder=\"0\" allowfullscreen=\"allowfullscreen\"><\/iframe><br \/>\nA su llegada al pueblo, ambos van a ser recibidos con bastante indiferencia e incluso animadversi\u00f3n, al ser considerados dos personas m\u00e1s de la lista de vendehumos que han ido apareciendo a lo largo de los a\u00f1os por Nustin para hacer promesas de todo tipo con respecto a la f\u00e1brica y posteriormente desaparecer de la noche a la ma\u00f1ana.<\/p>\n<p>Poco a poco se van ganando la confianza de los antiguos trabajadores de la f\u00e1brica para emprender ese proyecto que puede ser la \u00faltima tabla de salvaci\u00f3n de una comunidad y de unas personas que navegan a la deriva desde el cierre de la f\u00e1brica.<\/p>\n<p><img loading=\"lazy\" class=\"aligncenter size-full wp-image-17874\" src=\"https:\/\/static-blogs.diariovasco.com\/wp-content\/uploads\/sites\/37\/2023\/01\/fabrica.jpg\" alt=\"\" width=\"1920\" height=\"1080\" srcset=\"https:\/\/static-blogs.diariovasco.com\/wp-content\/uploads\/sites\/37\/2023\/01\/fabrica.jpg 1920w, https:\/\/static-blogs.diariovasco.com\/wp-content\/uploads\/sites\/37\/2023\/01\/fabrica-300x169.jpg 300w, https:\/\/static-blogs.diariovasco.com\/wp-content\/uploads\/sites\/37\/2023\/01\/fabrica-768x432.jpg 768w, https:\/\/static-blogs.diariovasco.com\/wp-content\/uploads\/sites\/37\/2023\/01\/fabrica-628x353.jpg 628w\" sizes=\"(max-width: 1920px) 100vw, 1920px\" \/><\/p>\n<p>Cada episodio se cuenta desde la perspectiva de cada\u00a0 uno de los seis personajes principales empezando por los dos empresarios y siguiendo por los\u00a0 cuatro lugare\u00f1os que representan el pasado y el futuro de la f\u00e1brica en un relato apasionante sobre la descomposici\u00f3n en dos fases de la sociedad yugoslava, primero tras la ca\u00edda del tel\u00f3n de acero y en segundo lugar con la implosi\u00f3n de Yugoslavia tras la muerte de Tito.<\/p>\n<p><img loading=\"lazy\" class=\"aligncenter size-full wp-image-17873\" src=\"https:\/\/static-blogs.diariovasco.com\/wp-content\/uploads\/sites\/37\/2023\/01\/destacada.jpg\" alt=\"\" width=\"300\" height=\"168\" \/><\/p>\n<p>Es importante destacar que la historia va avanzando con las diferentes aportaciones, evitando el recurso de contar lo mismo desde seis puntos de vista diferentes abarcando un espectro muy interesante de esa vida rural croata.<\/p>\n<p>Desde el principio destacan los actores Rene Bitorajac ( der) y Kre\u0161imir Miki\u0107 ( izq) que interpretan repectivamente a los dos primos, el emprendedor capitalista y agresivo Oleg, y Nikola el ingeniero t\u00edmido y apocado, nost\u00e1lgico del pasado comunista\u00a0 representando los dos extremos de los posicionamientos sociales tras el hundimiento yugoslavo y la guerra con Serbia.<\/p>\n<p><img loading=\"lazy\" class=\"aligncenter size-full wp-image-17876\" src=\"https:\/\/static-blogs.diariovasco.com\/wp-content\/uploads\/sites\/37\/2023\/01\/primos-de-Zagreb.jpg\" alt=\"\" width=\"1000\" height=\"563\" srcset=\"https:\/\/static-blogs.diariovasco.com\/wp-content\/uploads\/sites\/37\/2023\/01\/primos-de-Zagreb.jpg 1000w, https:\/\/static-blogs.diariovasco.com\/wp-content\/uploads\/sites\/37\/2023\/01\/primos-de-Zagreb-300x169.jpg 300w, https:\/\/static-blogs.diariovasco.com\/wp-content\/uploads\/sites\/37\/2023\/01\/primos-de-Zagreb-768x432.jpg 768w, https:\/\/static-blogs.diariovasco.com\/wp-content\/uploads\/sites\/37\/2023\/01\/primos-de-Zagreb-628x354.jpg 628w\" sizes=\"(max-width: 1000px) 100vw, 1000px\" \/><\/p>\n<p>A trav\u00e9s de sus ojos de forasteros vamos a ir descubriendo a los diferentes personajes locales que van desde la emigrante \u0160eila (Jovana Stojiljkovi\u0107, izq foto inferior) que ha decidido volver a su pueblo natal con la cabeza gacha, hasta el brillante ingeniero veterano Janda (Izudin Bajrovi\u0107) que era el jefe de producci\u00f3n de la f\u00e1brica y que lleva una triste existencia,\u00a0 amargado y agarrado a una botella.<\/p>\n<p><img loading=\"lazy\" class=\"aligncenter size-full wp-image-17877\" src=\"https:\/\/static-blogs.diariovasco.com\/wp-content\/uploads\/sites\/37\/2023\/01\/bogdan.jpg\" alt=\"\" width=\"573\" height=\"398\" srcset=\"https:\/\/static-blogs.diariovasco.com\/wp-content\/uploads\/sites\/37\/2023\/01\/bogdan.jpg 573w, https:\/\/static-blogs.diariovasco.com\/wp-content\/uploads\/sites\/37\/2023\/01\/bogdan-300x208.jpg 300w\" sizes=\"(max-width: 573px) 100vw, 573px\" \/><\/p>\n<p>El grupo lo completan Branos ( Goran Bogdan, der, foto superior) un rudo trabajador sindicalista que es el autodestructivo encargado de mantener la cohesi\u00f3n laboral y social de los trabajadores y finalmente Lip\u0161a (Tihana Lazovi\u0107) una camarera completamente desubicada que se aferra a los reci\u00e9n llegados como su \u00fanica esperanza de futuro.<\/p>\n<p>Esos personajes se complementan con la presencia de un villano local Ragan, una especie de cacique al que le interesa que todo siga yendo fatal en el pueblo de Nustin, para tener mejor controlados a sus habitantes.<\/p>\n<p>La ficci\u00f3n creada por Ankica Juri\u0107 Tili\u0107 y Dalibor Matani\u0107, ha sido dirigida por este \u00faltimo y est\u00e1 estructurada como un cuento que alterna la esperanza y el dramatismo con momentos incluso tr\u00e1gicos.<\/p>\n<p>A medida que vamos conociendo las agendas personales de todo el mundo, parece que est\u00e1n abocados a un desastre de grandes proporciones, pero que gracias a uno de los finales m\u00e1s bonitos que recuerdo en una serie de estas caracter\u00edsticas, nos deja con una gran satisfacci\u00f3n por haber apostado por una historia tan diferente y humana.<\/p>\n<p>\u2018El \u00faltimo artefacto socialista\u2019 es una serie para ver completa y no adelantar opiniones sin ver el arco completo, porque su mayor virtud es el desarrollo y la evoluci\u00f3n de los personajes y les recomiendo absolutamente su visionado en la plataforma Filmin, que ha apostado por esta gran ficci\u00f3n que merecer\u00eda mucho m\u00e1s reconocimiento que el que est\u00e1 teniendo hasta la fecha, por lo que les voy a dejar con el tr\u00e1iler de su estreno en espa\u00f1ol.<br \/>\n<iframe loading=\"lazy\" title=\"YouTube video player\" src=\"https:\/\/www.youtube.com\/embed\/Y6eTC8xzYjs\" width=\"560\" height=\"315\" frameborder=\"0\" allowfullscreen=\"allowfullscreen\"><\/iframe><\/p>\n<p>Lorenzo Mejino<\/p>\n<!-- AddThis Advanced Settings generic via filter on the_content --><!-- AddThis Share Buttons generic via filter on the_content -->","protected":false},"excerpt":{"rendered":"<p>La semana pasada dediqu\u00e9 este espacio de los lunes a analizar mi mejor serie in\u00e9dita de 2022 \u2018La nuit o\u00f9 Laurier Gaudreault s\u2019est r\u00e9veille\u00b4, pero todav\u00eda ten\u00eda pendiente hacer lo mismo con mi favorita del a\u00f1o 2021, la serie croata, \u2018 Podru\u010dje Bez Signala\u2019 , al estar esperando que alg\u00fan d\u00eda se estrenara en nuestro [&hellip;]<!-- AddThis Advanced Settings generic via filter on get_the_excerpt --><!-- AddThis Share Buttons generic via filter on get_the_excerpt --><\/p>\n","protected":false},"author":61,"featured_media":17875,"comment_status":"open","ping_status":"closed","sticky":false,"template":"","format":"standard","meta":[],"categories":[5,6203,6,28,17],"tags":[8068,8069,8004,8074,8073,8072,8071,8070,8075],"_links":{"self":[{"href":"https:\/\/blogs.diariovasco.com\/series-gourmets\/wp-json\/wp\/v2\/posts\/17872"}],"collection":[{"href":"https:\/\/blogs.diariovasco.com\/series-gourmets\/wp-json\/wp\/v2\/posts"}],"about":[{"href":"https:\/\/blogs.diariovasco.com\/series-gourmets\/wp-json\/wp\/v2\/types\/post"}],"author":[{"embeddable":true,"href":"https:\/\/blogs.diariovasco.com\/series-gourmets\/wp-json\/wp\/v2\/users\/61"}],"replies":[{"embeddable":true,"href":"https:\/\/blogs.diariovasco.com\/series-gourmets\/wp-json\/wp\/v2\/comments?post=17872"}],"version-history":[{"count":4,"href":"https:\/\/blogs.diariovasco.com\/series-gourmets\/wp-json\/wp\/v2\/posts\/17872\/revisions"}],"predecessor-version":[{"id":17970,"href":"https:\/\/blogs.diariovasco.com\/series-gourmets\/wp-json\/wp\/v2\/posts\/17872\/revisions\/17970"}],"wp:featuredmedia":[{"embeddable":true,"href":"https:\/\/blogs.diariovasco.com\/series-gourmets\/wp-json\/wp\/v2\/media\/17875"}],"wp:attachment":[{"href":"https:\/\/blogs.diariovasco.com\/series-gourmets\/wp-json\/wp\/v2\/media?parent=17872"}],"wp:term":[{"taxonomy":"category","embeddable":true,"href":"https:\/\/blogs.diariovasco.com\/series-gourmets\/wp-json\/wp\/v2\/categories?post=17872"},{"taxonomy":"post_tag","embeddable":true,"href":"https:\/\/blogs.diariovasco.com\/series-gourmets\/wp-json\/wp\/v2\/tags?post=17872"}],"curies":[{"name":"wp","href":"https:\/\/api.w.org\/{rel}","templated":true}]}}