{"id":17927,"date":"2023-01-23T06:00:20","date_gmt":"2023-01-23T05:00:20","guid":{"rendered":"https:\/\/blogs.diariovasco.com\/series-gourmets\/?p=17927"},"modified":"2023-01-22T10:34:57","modified_gmt":"2023-01-22T09:34:57","slug":"the-dreamer-drommeren-dinamarca-los-inicios-como-escritora-de-karen-blixen","status":"publish","type":"post","link":"https:\/\/blogs.diariovasco.com\/series-gourmets\/2023\/01\/23\/the-dreamer-drommeren-dinamarca-los-inicios-como-escritora-de-karen-blixen\/","title":{"rendered":"Memorias de una escritora \/ Dr\u00f8mmeren ( Dinamarca) : Los inicios literarios  de Karen Blixen"},"content":{"rendered":"<p>\u2018Memorias de \u00c1frica\u2019 es una pel\u00edcula de los a\u00f1os ochenta que marc\u00f3 a toda una generaci\u00f3n que no ha olvidado las aventuras de Meryl Streep por las estepas keniatas como la escritora danesa Karen Blixen. En ese contexto no deja de tener su inter\u00e9s, una serie como \u2018Memorias de una escritora\u2019 que nos muestra precisamente los inicios como escritora de Karen Blixen que desembocaron en ese libro de memorias africanas.<\/p>\n<p>\u2018Memorias de una escritora\u2019 es un proyecto muy personal de la gran actriz danesa Connie Nielsen ( Gladiador, <a href=\"https:\/\/blogs.diariovasco.com\/series-gourmets\/2013\/03\/11\/boss-radiografia-de-la-corrupcion\/\">Boss<\/a>) , al regresar a a su pa\u00eds natal para darle vida a una de las leyendas de la literatura danesa. La\u00a0 presencia de la actriz\u00a0 sigue geogr\u00e1ficamente su protagonismo en\u00a0 otra miniserie anterior danesa <a href=\"https:\/\/blogs.diariovasco.com\/series-gourmets\/2018\/10\/08\/liberty-dinamarca-la-cara-oculta-de-la-colonizacion-amable\/\">\u2018Liberty\u2019<\/a> que tambi\u00e9n discurr\u00eda por tierras keniatas. Al estrenarse ma\u00f1ana en Filmin, me parece el mejor momento para analizarles esta biograf\u00eda acad\u00e9mica de Karen Blixen.<\/p>\n<p><img loading=\"lazy\" class=\"aligncenter size-full wp-image-17928\" src=\"https:\/\/static-blogs.diariovasco.com\/wp-content\/uploads\/sites\/37\/2023\/01\/destacada-4.jpg\" alt=\"\" width=\"1800\" height=\"897\" srcset=\"https:\/\/static-blogs.diariovasco.com\/wp-content\/uploads\/sites\/37\/2023\/01\/destacada-4.jpg 1800w, https:\/\/static-blogs.diariovasco.com\/wp-content\/uploads\/sites\/37\/2023\/01\/destacada-4-300x150.jpg 300w, https:\/\/static-blogs.diariovasco.com\/wp-content\/uploads\/sites\/37\/2023\/01\/destacada-4-768x383.jpg 768w, https:\/\/static-blogs.diariovasco.com\/wp-content\/uploads\/sites\/37\/2023\/01\/destacada-4-628x313.jpg 628w\" sizes=\"(max-width: 1800px) 100vw, 1800px\" \/><\/p>\n<p>&nbsp;<\/p>\n<p><strong>Ficha:<\/strong> Memorias de una escritora \/ Dr\u00f8mmeren 6 ep 45m sep 2022- . <strong>Idioma:<\/strong> dan\u00e9s, espa\u00f1ol\u00a0<strong>Cadena:<\/strong> Viaplay (DK) \/ Filmin ( E)<\/p>\n<p><strong>La trama:<\/strong><\/p>\n<p>Karen Blixen es una mujer enferma, arruinada y divorciada que se ve obligada a volver a su Dinamarca natal tras pasar buena parte de su vida en Kenia al frente de una plantaci\u00f3n de caf\u00e9 junto a su ex-marido.<\/p>\n<p>A su vuelta decide dedicarse a su verdadera pasi\u00f3n que es la escritura y la serie muestra el proceso lleno de obst\u00e1culos que sigui\u00f3 Karen Blixen desde ese regreso como fracasada hasta convertirse en una prestigiosa escritora, bajo el seud\u00f3nimo de Isak Dinesen, gracias a t\u00edtulos como \u2018Memorias de \u00c1frica\u2019 que la hicieron inmensamente popular.<\/p>\n<p>\u2018Memorias de una escritora\u2019 empieza con su llegada a la mansi\u00f3n familiar danesa de Rungstedlund donde es recibida de una manera bastante distante tanto por su madre como por sus dos hermanos que no le acaban de perdonar sus fallidas inversiones monetarias\u00a0 con\u00a0 enormes perdidas en la plantaci\u00f3n de caf\u00e9 keniata para ayudarla financieramente.<\/p>\n<p><img loading=\"lazy\" class=\"aligncenter size-full wp-image-17931\" src=\"https:\/\/static-blogs.diariovasco.com\/wp-content\/uploads\/sites\/37\/2023\/01\/picnics-familiares.jpg\" alt=\"\" width=\"300\" height=\"168\" \/>Ese resquemor marca de una manera muy importante sus relaciones familiares, en especial cuando Karen decide empezar a escribir pero con el problema de tener que depender econ\u00f3micamente de su familia, estando obligada a vivir en la mansi\u00f3n familiar con su madre y vivir de un peque\u00f1o estipendio que le pasa mensualmente su hermano.<\/p>\n<p>Esa premisa inicial queda establecida desde el tr\u00e1iler inicial de la serie.<br \/>\n<iframe loading=\"lazy\" title=\"YouTube video player\" src=\"https:\/\/www.youtube.com\/embed\/lmgvDQeN41w\" width=\"560\" height=\"315\" frameborder=\"0\" allowfullscreen=\"allowfullscreen\"><\/iframe><br \/>\nPoco a poco vamos a ser testigos de las dificultades de Karen Blixen para encontrar una editorial para publicar una serie de cuentos en su primera experiencia literaria,\u00a0 alternados con\u00a0 escenas on\u00edricas que representan esos cuentos en su mente, con las figuras de su pasado y presente encarnando a los diferentes personajes en una trama paralela presente durante todos los episodios.<\/p>\n<p>\u2018Memorias de una escritora\u2019 es una historia que se cuece a fuego bastante lento, al ser un drama de \u00e9poca en el que la estricta moral luterana de la alta sociedad danesa de entreguerras marca completamente la aceptaci\u00f3n de esa hija pr\u00f3diga en que se ha convertido la que oficialmente sigue siendo la\u00a0 baronesa Von Blixen, tras su fracasado matrimonio con un noble sueco, en un veh\u00edculo para el exclusivo lucimiento de Connie Nielsen.<\/p>\n<p><img loading=\"lazy\" class=\"aligncenter size-full wp-image-17932\" src=\"https:\/\/static-blogs.diariovasco.com\/wp-content\/uploads\/sites\/37\/2023\/01\/connie-nielsen.jpg\" alt=\"\" width=\"1792\" height=\"1074\" srcset=\"https:\/\/static-blogs.diariovasco.com\/wp-content\/uploads\/sites\/37\/2023\/01\/connie-nielsen.jpg 1792w, https:\/\/static-blogs.diariovasco.com\/wp-content\/uploads\/sites\/37\/2023\/01\/connie-nielsen-300x180.jpg 300w, https:\/\/static-blogs.diariovasco.com\/wp-content\/uploads\/sites\/37\/2023\/01\/connie-nielsen-768x460.jpg 768w, https:\/\/static-blogs.diariovasco.com\/wp-content\/uploads\/sites\/37\/2023\/01\/connie-nielsen-628x376.jpg 628w\" sizes=\"(max-width: 1792px) 100vw, 1792px\" \/>Creada, producida y protagonizada por Connie Nielsen, su presencia es constante en la pantalla y el resto de los personajes solo est\u00e1n definidos por la evoluci\u00f3n de su relaci\u00f3n respecto a Karen Blixen, en especial en el caso de su hermana peque\u00f1a Ellen ( Lene Marie Christensen) , que al haber publicado diversas novelas, genera una cierta envidia por parte de Karen, que no consigue romper ese techo de cristal inicial.<\/p>\n<p><img loading=\"lazy\" class=\"aligncenter size-full wp-image-17930\" src=\"https:\/\/static-blogs.diariovasco.com\/wp-content\/uploads\/sites\/37\/2023\/01\/hermana.jpg\" alt=\"\" width=\"299\" height=\"168\" \/><\/p>\n<p>El resto del reparto cumple de forma disciplinada y podr\u00e1n reconocer a grandes actores como el genial Lars Mikkelsen que interpreta al cu\u00f1ado de Karen Blixen, un importante hombre de negocios con muchos contactos en el mundo literario que se convierte un poco en su principal antagonista en ese mundo editorial tan cerrado.<\/p>\n<p>Desde un punta de vista personal \u2018Memorias de una escritora\u2019 me ha interesado por la historia que cuenta y por ese proceso personal de superaci\u00f3n de una mujer para conseguir su sue\u00f1o de ser escritora, pero su ritmo l\u00e1nguido y demasiado parsimonioso es manifiestamente mejorable, especialmente en esos insertos on\u00edricos que no me han acabado de proporcionar el contexto\u00a0 literario que pretend\u00edan.<\/p>\n<p>Su excelente nivel de producci\u00f3n y el magn\u00edfico nivel de todos los actores son alicientes suficientes para ver \u2018Memorias de una escritora\u2019 en especial si son admiradores de la obra literaria de Karen Blixen, alias Isak Dinesen.<\/p>\n<p>Para finalizar les voy a dejar con un video donde tanto Connie Nielsen como su socia a nivel creativo y de escritura de guiones Dunja Gray, explican su proceso de elaboraci\u00f3n de \u2018Memorias de una escritora\u2019 .<\/p>\n<p><iframe loading=\"lazy\" title=\"YouTube video player\" src=\"https:\/\/www.youtube.com\/embed\/p4911_fQ0Gc\" width=\"560\" height=\"315\" frameborder=\"0\" allowfullscreen=\"allowfullscreen\"><\/iframe><\/p>\n<p>&nbsp;<\/p>\n<p>Si desean exponer sus opiniones y comentarios, lo pueden hacer aqu\u00ed o en nuestra cuenta de twitter (@lmejino). Hasta la pr\u00f3xima<\/p>\n<p>Lorenzo Mejino<\/p>\n<!-- AddThis Advanced Settings generic via filter on the_content --><!-- AddThis Share Buttons generic via filter on the_content -->","protected":false},"excerpt":{"rendered":"<p>\u2018Memorias de \u00c1frica\u2019 es una pel\u00edcula de los a\u00f1os ochenta que marc\u00f3 a toda una generaci\u00f3n que no ha olvidado las aventuras de Meryl Streep por las estepas keniatas como la escritora danesa Karen Blixen. En ese contexto no deja de tener su inter\u00e9s, una serie como \u2018Memorias de una escritora\u2019 que nos muestra precisamente [&hellip;]<!-- AddThis Advanced Settings generic via filter on get_the_excerpt --><!-- AddThis Share Buttons generic via filter on get_the_excerpt --><\/p>\n","protected":false},"author":61,"featured_media":17933,"comment_status":"open","ping_status":"closed","sticky":false,"template":"","format":"standard","meta":[],"categories":[5,6,8,17],"tags":[563,8090,3650,8091,8123],"_links":{"self":[{"href":"https:\/\/blogs.diariovasco.com\/series-gourmets\/wp-json\/wp\/v2\/posts\/17927"}],"collection":[{"href":"https:\/\/blogs.diariovasco.com\/series-gourmets\/wp-json\/wp\/v2\/posts"}],"about":[{"href":"https:\/\/blogs.diariovasco.com\/series-gourmets\/wp-json\/wp\/v2\/types\/post"}],"author":[{"embeddable":true,"href":"https:\/\/blogs.diariovasco.com\/series-gourmets\/wp-json\/wp\/v2\/users\/61"}],"replies":[{"embeddable":true,"href":"https:\/\/blogs.diariovasco.com\/series-gourmets\/wp-json\/wp\/v2\/comments?post=17927"}],"version-history":[{"count":7,"href":"https:\/\/blogs.diariovasco.com\/series-gourmets\/wp-json\/wp\/v2\/posts\/17927\/revisions"}],"predecessor-version":[{"id":18018,"href":"https:\/\/blogs.diariovasco.com\/series-gourmets\/wp-json\/wp\/v2\/posts\/17927\/revisions\/18018"}],"wp:featuredmedia":[{"embeddable":true,"href":"https:\/\/blogs.diariovasco.com\/series-gourmets\/wp-json\/wp\/v2\/media\/17933"}],"wp:attachment":[{"href":"https:\/\/blogs.diariovasco.com\/series-gourmets\/wp-json\/wp\/v2\/media?parent=17927"}],"wp:term":[{"taxonomy":"category","embeddable":true,"href":"https:\/\/blogs.diariovasco.com\/series-gourmets\/wp-json\/wp\/v2\/categories?post=17927"},{"taxonomy":"post_tag","embeddable":true,"href":"https:\/\/blogs.diariovasco.com\/series-gourmets\/wp-json\/wp\/v2\/tags?post=17927"}],"curies":[{"name":"wp","href":"https:\/\/api.w.org\/{rel}","templated":true}]}}