{"id":18077,"date":"2023-02-07T06:00:57","date_gmt":"2023-02-07T05:00:57","guid":{"rendered":"https:\/\/blogs.diariovasco.com\/series-gourmets\/?p=18077"},"modified":"2023-02-07T00:17:35","modified_gmt":"2023-02-06T23:17:35","slug":"mayflies-una-amistad-a-prueba-de-un-cancer-terminal","status":"publish","type":"post","link":"https:\/\/blogs.diariovasco.com\/series-gourmets\/2023\/02\/07\/mayflies-una-amistad-a-prueba-de-un-cancer-terminal\/","title":{"rendered":"Mayflies :  una amistad a prueba de un c\u00e1ncer terminal"},"content":{"rendered":"<p>En las pasadas Navidades el estreno estrella de la BBC fue \u2018Mayflies\u2019 una miniserie escocesa que adaptaba un best-seller de Andrew O\u2019Hargan que desarrollaba los efectos que un c\u00e1ncer terminal tiene en la relaci\u00f3n inquebrantable entre dos grandes amigos, inseparables desde su juventud.<\/p>\n<p>Esa detecci\u00f3n del c\u00e1ncer es el punto de partida de una gran historia, dura y nada complaciente, pero realizada con un gran respeto al mostrar todas las decisiones y opciones que puede tener una persona que se va a enfrentar a su destino final, con la inestimable ayuda y apoyo de su entorno m\u00e1s cercano<\/p>\n<p><strong><img loading=\"lazy\" class=\"aligncenter size-full wp-image-18078\" src=\"https:\/\/static-blogs.diariovasco.com\/wp-content\/uploads\/sites\/37\/2023\/02\/general-1.jpg\" alt=\"\" width=\"980\" height=\"654\" srcset=\"https:\/\/static-blogs.diariovasco.com\/wp-content\/uploads\/sites\/37\/2023\/02\/general-1.jpg 980w, https:\/\/static-blogs.diariovasco.com\/wp-content\/uploads\/sites\/37\/2023\/02\/general-1-300x200.jpg 300w, https:\/\/static-blogs.diariovasco.com\/wp-content\/uploads\/sites\/37\/2023\/02\/general-1-768x513.jpg 768w, https:\/\/static-blogs.diariovasco.com\/wp-content\/uploads\/sites\/37\/2023\/02\/general-1-628x419.jpg 628w\" sizes=\"(max-width: 980px) 100vw, 980px\" \/><\/strong><\/p>\n<p><strong>Ficha:<\/strong> Mayflies 2 ep 55 min dic 2022 <strong>Cadena:<\/strong> BBC ( UK)\/ In\u00e9dita (E)<\/p>\n<p><strong>La trama :<\/strong><br \/>\nJimmy y Tully son dos amigos \u00edntimos desde el a\u00f1o 1986 cuando se conocieron durante un verano en Escocia. Su amistad ha sido a prueba de bomba pero va a sufrir un enorme varapalo cuando Tully llama a su amigo para comunicarle que ha sido diagnosticado con un c\u00e1ncer terminal y que\u00a0 apenas le quedan pocos meses de vida.<\/p>\n<p>Jimmy es un escritor de cierto \u00e9xito que vive con su mujer en Londres, pero no duda en desplazarse hasta Escocia, para apoyar a su amigo y a su mujer Anna en todo lo que necesiten en esa dura tesitura.<\/p>\n<p>Los deseos de Tully para controlar sus \u00faltimos meses de vida no pasan por someterse a dolorosos tratamientos para arrancar algunas semanas de pr\u00f3rroga a su diagn\u00f3stico terminal y recaba la ayuda de su amigo para explorar opciones como el suicidio asistido que le permitan evitar una larga agon\u00eda final.<\/p>\n<p>Ese deseo provoca cierta tensi\u00f3n entre Jimmy y la mujer de Tully, Anna, que siempre ha tenido una cierta envidia de esa amistad tan fuerte entre ambos y no desea quedarse al margen de esa decisi\u00f3n tan importante que le implica directamente.<\/p>\n<p>La narraci\u00f3n en el tiempo presente utiliza en determinados momentos flashbacks del pasado de la juventud de los dos protagonistas, para mostrarnos la forma en que\u00a0 forjaron esa gran amistad entre dos j\u00f3venes unidos principalmente por su amor a la m\u00fasica de los Smiths<\/p>\n<p><img loading=\"lazy\" class=\"aligncenter size-full wp-image-18079\" src=\"https:\/\/static-blogs.diariovasco.com\/wp-content\/uploads\/sites\/37\/2023\/02\/jovenes.jpg\" alt=\"\" width=\"1200\" height=\"800\" srcset=\"https:\/\/static-blogs.diariovasco.com\/wp-content\/uploads\/sites\/37\/2023\/02\/jovenes.jpg 1200w, https:\/\/static-blogs.diariovasco.com\/wp-content\/uploads\/sites\/37\/2023\/02\/jovenes-300x200.jpg 300w, https:\/\/static-blogs.diariovasco.com\/wp-content\/uploads\/sites\/37\/2023\/02\/jovenes-768x512.jpg 768w, https:\/\/static-blogs.diariovasco.com\/wp-content\/uploads\/sites\/37\/2023\/02\/jovenes-628x419.jpg 628w\" sizes=\"(max-width: 1200px) 100vw, 1200px\" \/>A pesar de la gravedad de la situaci\u00f3n que desarrolla, su guionista Andrea Gibb ha conseguido que \u2018Mayflies\u2019 sea un drama muy controlado en todo momento, evitando caer en la sensibler\u00eda o en regodearse en el sufrimiento, al centrarse en los deseos y la necesidad de Tully de tener una existencia digna hasta el \u00faltimo momento, como muestran en el tr\u00e1iler oficial de la BBC.<br \/>\n<iframe loading=\"lazy\" title=\"YouTube video player\" src=\"https:\/\/www.youtube.com\/embed\/TyMVqVHzx0g\" width=\"560\" height=\"315\" frameborder=\"0\" allowfullscreen=\"allowfullscreen\"><\/iframe><br \/>\nNo han escatimado en conseguir a dos grandes actores escoceses como el popular Martin Compston ( Line of Duty) como el fiel amigo Jimmy y sobre todo el pelirrojo Tony Curran (izq,\u00a0 Thor, Defiance) como el enfermo terminal Tully, con una demostraci\u00f3n de entereza vital que llega a emocionar mucho en determinados momentos.<\/p>\n<p><img loading=\"lazy\" class=\"size-full wp-image-18081\" src=\"https:\/\/static-blogs.diariovasco.com\/wp-content\/uploads\/sites\/37\/2023\/02\/compston-curran.jpg\" alt=\"\" width=\"4281\" height=\"2854\" srcset=\"https:\/\/static-blogs.diariovasco.com\/wp-content\/uploads\/sites\/37\/2023\/02\/compston-curran.jpg 4281w, https:\/\/static-blogs.diariovasco.com\/wp-content\/uploads\/sites\/37\/2023\/02\/compston-curran-300x200.jpg 300w, https:\/\/static-blogs.diariovasco.com\/wp-content\/uploads\/sites\/37\/2023\/02\/compston-curran-768x512.jpg 768w, https:\/\/static-blogs.diariovasco.com\/wp-content\/uploads\/sites\/37\/2023\/02\/compston-curran-628x419.jpg 628w\" sizes=\"(max-width: 4281px) 100vw, 4281px\" \/><\/p>\n<p>Tambi\u00e9n cabe destacar la presencia de otra gran actriz escocesa Ashley Jensen ( Extras, Ugly Betty, Agatha Raisin) que interpreta a la mujer de Tully, Anna, una luchadora que no se resigna a ver que su marido se le est\u00e1 muriendo y solo quiere disfrutar de su compa\u00f1\u00eda el m\u00e1ximo tiempo posible.<\/p>\n<p><img loading=\"lazy\" class=\"aligncenter size-full wp-image-18080\" src=\"https:\/\/static-blogs.diariovasco.com\/wp-content\/uploads\/sites\/37\/2023\/02\/ashley-jensen.jpg\" alt=\"\" width=\"590\" height=\"350\" srcset=\"https:\/\/static-blogs.diariovasco.com\/wp-content\/uploads\/sites\/37\/2023\/02\/ashley-jensen.jpg 590w, https:\/\/static-blogs.diariovasco.com\/wp-content\/uploads\/sites\/37\/2023\/02\/ashley-jensen-300x178.jpg 300w\" sizes=\"(max-width: 590px) 100vw, 590px\" \/><\/p>\n<p>\u2018Mayflies\u2019 no es una miniserie para buscar un momento de distensi\u00f3n o relajaci\u00f3n, porque la historia es un drama personal que puede tocar la sensibilidad de muchas personas que han pasado por trances similares con amigos o familiares.<\/p>\n<p>A pesar de esta advertencia, quiero dejar claro que la delicadeza y el respeto con que est\u00e1 hecha esta historia es un activo a su favor desde todos los puntos de vista.<\/p>\n<p>Para finalizar les voy a dejar con un video en el que Martin Compston explica sus impresiones sobre su personaje en \u2018Mayflies\u2019 .<br \/>\n<iframe loading=\"lazy\" title=\"YouTube video player\" src=\"https:\/\/www.youtube.com\/embed\/obGYYFxsPHw\" width=\"560\" height=\"315\" frameborder=\"0\" allowfullscreen=\"allowfullscreen\"><\/iframe><\/p>\n<p>Para cualquier comentario no dud\u00e9is en contactarme aqu\u00ed o a trav\u00e9s de mi cuenta de twitter (@lmejino). Hasta la pr\u00f3xima<\/p>\n<p>Lorenzo Mejino<\/p>\n<!-- AddThis Advanced Settings generic via filter on the_content --><!-- AddThis Share Buttons generic via filter on the_content -->","protected":false},"excerpt":{"rendered":"<p>En las pasadas Navidades el estreno estrella de la BBC fue \u2018Mayflies\u2019 una miniserie escocesa que adaptaba un best-seller de Andrew O\u2019Hargan que desarrollaba los efectos que un c\u00e1ncer terminal tiene en la relaci\u00f3n inquebrantable entre dos grandes amigos, inseparables desde su juventud. Esa detecci\u00f3n del c\u00e1ncer es el punto de partida de una gran [&hellip;]<!-- AddThis Advanced Settings generic via filter on get_the_excerpt --><!-- AddThis Share Buttons generic via filter on get_the_excerpt --><\/p>\n","protected":false},"author":61,"featured_media":18082,"comment_status":"open","ping_status":"closed","sticky":false,"template":"","format":"standard","meta":[],"categories":[5,6,5829,15],"tags":[8154,8155,226,1806,8152,8153],"_links":{"self":[{"href":"https:\/\/blogs.diariovasco.com\/series-gourmets\/wp-json\/wp\/v2\/posts\/18077"}],"collection":[{"href":"https:\/\/blogs.diariovasco.com\/series-gourmets\/wp-json\/wp\/v2\/posts"}],"about":[{"href":"https:\/\/blogs.diariovasco.com\/series-gourmets\/wp-json\/wp\/v2\/types\/post"}],"author":[{"embeddable":true,"href":"https:\/\/blogs.diariovasco.com\/series-gourmets\/wp-json\/wp\/v2\/users\/61"}],"replies":[{"embeddable":true,"href":"https:\/\/blogs.diariovasco.com\/series-gourmets\/wp-json\/wp\/v2\/comments?post=18077"}],"version-history":[{"count":4,"href":"https:\/\/blogs.diariovasco.com\/series-gourmets\/wp-json\/wp\/v2\/posts\/18077\/revisions"}],"predecessor-version":[{"id":18105,"href":"https:\/\/blogs.diariovasco.com\/series-gourmets\/wp-json\/wp\/v2\/posts\/18077\/revisions\/18105"}],"wp:featuredmedia":[{"embeddable":true,"href":"https:\/\/blogs.diariovasco.com\/series-gourmets\/wp-json\/wp\/v2\/media\/18082"}],"wp:attachment":[{"href":"https:\/\/blogs.diariovasco.com\/series-gourmets\/wp-json\/wp\/v2\/media?parent=18077"}],"wp:term":[{"taxonomy":"category","embeddable":true,"href":"https:\/\/blogs.diariovasco.com\/series-gourmets\/wp-json\/wp\/v2\/categories?post=18077"},{"taxonomy":"post_tag","embeddable":true,"href":"https:\/\/blogs.diariovasco.com\/series-gourmets\/wp-json\/wp\/v2\/tags?post=18077"}],"curies":[{"name":"wp","href":"https:\/\/api.w.org\/{rel}","templated":true}]}}