{"id":18398,"date":"2023-03-29T06:00:38","date_gmt":"2023-03-29T05:00:38","guid":{"rendered":"https:\/\/blogs.diariovasco.com\/series-gourmets\/?p=18398"},"modified":"2023-03-28T10:42:40","modified_gmt":"2023-03-28T09:42:40","slug":"el-grito-de-las-mariposas-una-exiliada-donostiarra-en-la-dictadura-dominicana","status":"publish","type":"post","link":"https:\/\/blogs.diariovasco.com\/series-gourmets\/2023\/03\/29\/el-grito-de-las-mariposas-una-exiliada-donostiarra-en-la-dictadura-dominicana\/","title":{"rendered":"El grito de las mariposas:  una exiliada donostiarra en la  dictadura dominicana"},"content":{"rendered":"<p>La capacidad de las ficciones hist\u00f3ricas para recordarnos hechos olvidados de nuestro pasado reciente se pone de manifiesto en \u2018El Grito de las Mariposas\u2019 una gran miniserie centrada en desarrollar los hechos previos al brutal asesinato en el a\u00f1o 1960 de tres hermanas activistas opositoras bajo la brutal dictadura del general Trujillo en la Rep\u00fablica Dominicana.<\/p>\n<p>Desde nuestro prisma local, \u2018El Grito de las Mariposas\u2019 tiene mucha relevancia puesto que el personaje principal de la historia es Arantxa, una exiliada donostiarra que al ser la mejor amiga de las tres hermanas, nos proporciona una visi\u00f3n desde otro \u00e1ngulo, de los mecanismos represores internos del dictador Trujillo y sus secuaces durante casi dos d\u00e9cadas.<\/p>\n<p>Adem\u00e1s de una importante presencia espa\u00f1ola en el reparto, esas muertes\u00a0 tuvieron una enorme repercusi\u00f3n internacional, hasta el punto que el d\u00eda de su asesinato, el 25 de noviembre, es la fecha elegida por la ONU, para conmemorar el D\u00eda Internacional de la Violencia contra la Mujer que se celebra cada a\u00f1o en esa fecha en honor a las hermanas Mirabal. La serie fue\u00a0 estrenada precisamente este reciente 8 de marzo con motivo del D\u00eda Internacional de la Mujer<\/p>\n<p><img loading=\"lazy\" class=\"aligncenter size-full wp-image-18399\" src=\"https:\/\/static-blogs.diariovasco.com\/wp-content\/uploads\/sites\/37\/2023\/03\/destacada-8.jpg\" alt=\"\" width=\"1200\" height=\"675\" srcset=\"https:\/\/static-blogs.diariovasco.com\/wp-content\/uploads\/sites\/37\/2023\/03\/destacada-8.jpg 1200w, https:\/\/static-blogs.diariovasco.com\/wp-content\/uploads\/sites\/37\/2023\/03\/destacada-8-300x169.jpg 300w, https:\/\/static-blogs.diariovasco.com\/wp-content\/uploads\/sites\/37\/2023\/03\/destacada-8-768x432.jpg 768w, https:\/\/static-blogs.diariovasco.com\/wp-content\/uploads\/sites\/37\/2023\/03\/destacada-8-628x353.jpg 628w\" sizes=\"(max-width: 1200px) 100vw, 1200px\" \/><\/p>\n<p><strong>Ficha:<\/strong> El Grito de las mariposas 13 ep. 45 min\u00a0 mar 2023-\u00a0 Cadena: Star + ( Latam) &#8211; Disney+ ( E)<\/p>\n<p><strong>Sinopsis:<\/strong> El 25 de noviembre de 1960 Patria, Minerva y Mar\u00eda Teresa Mirabal fueron asesinadas en una carretera secundaria cercana a Puerto Plata, por unos sicarios del dictador Trujillo. Con ese arranque, nos muestra toda su trayectoria vital centrada en Minerva Mirabal, la l\u00edder del grupo opositor al r\u00e9gimen que fue conocido como \u2018Las Mariposas\u2019.<\/p>\n<p>El relato tiene como eje central la relaci\u00f3n entre Minerva y Arantxa Oyarburu una exiliada donostiarra que parti\u00f3 de ni\u00f1a junto a su padre al final de la Guerra Civil, para establecerse en el peque\u00f1o pueblo de Salcedo donde el padre encontr\u00f3 trabajo en las tierras de la familia Mirabal,\u00a0 forjando una gran amistad con las hermanas Mirabal y en especial con Minerva.<\/p>\n<p><strong>El inicio:<\/strong> El productor argentino de Rosario, Juan Pablo Buscarini ha tenido una carrera de lo m\u00e1s ecl\u00e9ctica donde ha tocado todos los palos desde \u2018Los Lunnis\u2019 hasta fantas\u00edas juveniles pasando por animaci\u00f3n, pero sin olvidar ficciones m\u00e1s adultas como su participaci\u00f3n en una pel\u00edcula coral dedicada al famoso escritor Fontanarrosa, natural de Rosario como \u00e9l.<\/p>\n<p><img loading=\"lazy\" class=\"aligncenter size-full wp-image-18406\" src=\"https:\/\/static-blogs.diariovasco.com\/wp-content\/uploads\/sites\/37\/2023\/03\/buscarini.jpeg\" alt=\"\" width=\"875\" height=\"576\" srcset=\"https:\/\/static-blogs.diariovasco.com\/wp-content\/uploads\/sites\/37\/2023\/03\/buscarini.jpeg 875w, https:\/\/static-blogs.diariovasco.com\/wp-content\/uploads\/sites\/37\/2023\/03\/buscarini-300x197.jpeg 300w, https:\/\/static-blogs.diariovasco.com\/wp-content\/uploads\/sites\/37\/2023\/03\/buscarini-768x506.jpeg 768w, https:\/\/static-blogs.diariovasco.com\/wp-content\/uploads\/sites\/37\/2023\/03\/buscarini-628x413.jpeg 628w\" sizes=\"(max-width: 875px) 100vw, 875px\" \/><\/p>\n<p>Al buscar nuevos proyectos Buscarini ( seg izq) se encontr\u00f3 con la historia de las hermanas Mirabal y al empezar a investigar se percat\u00f3 que no hab\u00eda apenas ficciones sobre ellas, cuando si esa historia fuera de tres hermanas anglosajonas habr\u00edan hecho diferentes pel\u00edculas y series.<\/p>\n<p>Buscarini decidi\u00f3 hacer justicia a las hermanas Mirabal, proponiendo una miniserie sobre su vida para dar a conocer su historia al gran p\u00fablico y en especial a las nuevas generaciones. Para ello decidi\u00f3 utilizar ese personaje externo y ficcionado de la joven exiliada donostiarra, para tener una mayor libertad en relatar los hechos y dar una perspectiva m\u00e1s global de la dictadura de Trujillo en lugar de\u00a0 centrarse de forma exclusiva en la tr\u00e1gica historia del asesinato.<\/p>\n<p>Buscarini fue ayudado en la escritura final de los guiones entre otros por el veterano guionista argentino Ricardo Rodr\u00edguez mientras que por parte espa\u00f1ola colabor\u00f3 otra experimentada escritora como Azucena Rodr\u00edguez para complementar a los dos personajes principales desde dos puntos de vista diferentes<\/p>\n<p>Por razones t\u00e9cnicas y econ\u00f3micas decidieron rodar la serie en la costa caribe\u00f1a colombiana que consideraban que representaba mejor los paisajes de la Republicana Dominicana de los a\u00f1os cincuenta, adem\u00e1s de poder utilizar la mayor experiencia de los equipos colombianos muy habituados a grandes rodajes, que en este caso fueron seis meses bastante intensos, con tres directores entre ellos la espa\u00f1ola In\u00e9s Paris.<\/p>\n<p>Su estreno coincidi\u00f3 h\u00e1bilmente con la conmemoraci\u00f3n del D\u00eda Internacional de la Mujer, el pasado 8 de Marzo y fue publicitada con el siguiente tr\u00e1iler por parte de Disney+, su plataforma en Espa\u00f1a.<br \/>\n<iframe loading=\"lazy\" title=\"YouTube video player\" src=\"https:\/\/www.youtube.com\/embed\/y1NVHLqWUDY\" width=\"560\" height=\"315\" frameborder=\"0\" allowfullscreen=\"allowfullscreen\"><\/iframe><\/p>\n<p><strong>La trama:<\/strong> La primera escena de \u2018El Grito de las Mariposas\u2019 nos muestra precisamente el momento de la detenci\u00f3n de las tres hermanas en 1960, para rebobinar a muchos a\u00f1os atr\u00e1s y presentarnos a todos los personajes en su juventud, en el a\u00f1o 1949.<\/p>\n<p>Por un lado tenemos a la familia Mirabal formada por un matrimonio y sus cuatro hijas que viv\u00edan en su finca de Salcedo una peque\u00f1a poblaci\u00f3n a pocos kil\u00f3metros de la capital Ciudad Trujillo, que era el nombre que el dictador hab\u00eda puesto a Santo Domingo.<\/p>\n<p>En esa finca es donde empieza la relaci\u00f3n entre Minerva Mirabal ( Sandy Hernandez) y la joven Arantxa ( Susana Abaitua) como compa\u00f1eras de juegos y sue\u00f1os mientras que el padre de Arantxa, Asier ( Guillermo Toledo ) trabaja de pe\u00f3n y prefiere refugiarse en el alcohol para olvidar las penurias que pas\u00f3 en Donostia durante la guerra civil y que culminaron en su huida.<\/p>\n<p>Con ese punto de partida \u2018El Grito de las Mariposas\u2019 nos muestra las historias de las dos chicas, divergentes casi desde su juventud. Minerva empieza desde joven a convertirse en una dura opositora del r\u00e9gimen dictatorial del General\u00edsimo (sic) Trujillo, lo que le va a provocar enormes problemas tanto a ella como a su familia.<\/p>\n<p>En paralelo Arantxa siempre hab\u00eda so\u00f1ado con ser bailarina como era su madre, desaparecida durante la Guerra Civil. Mientras trabaja\u00a0 como ma\u00eetre del restaurante de un hotel de lujo, llama la atenci\u00f3n del entorno del dictador que no duda en tentarla con ofrecerle un puesto de bailarina en el mejor cabaret de Ciudad Trujillo.<\/p>\n<p>Su versi\u00f3n es narrada desde el San Sebastian de 1999 en el que una ajada Arantxa ( Mercedes Sampietro) ha vuelto a su pa\u00eds natal para dar clases de danza y es contactada por Pilar Mac\u00edas ( Belen Rueda) , una escritora que est\u00e1 preparando un libro sobre las tres hermanas Mirabal y considera que su testimonio puede ser de un gran valor para darle un contexto m\u00e1s cercano a esa tragedia.<\/p>\n<p>En ese relato Arantxa no duda en explicar como vendi\u00f3 su alma al diablo para conseguir su sue\u00f1o, pero su personaje es utilizado de forma muy h\u00e1bil para mostrarnos de cerca al tirano iluminado que era el dictador Trujillo ( Luis Alberto Garc\u00eda, izquierda delante) y su corte m\u00e1s cercana entre la que destaca su hermano Pet\u00e1n ( el cubano Hern\u00e1n Noas, atr\u00e1s centro) , encargado del trabajo sucio y de hacer realidad todos los deseos de su hermano.<\/p>\n<p><img loading=\"lazy\" class=\"aligncenter size-full wp-image-18407\" src=\"https:\/\/static-blogs.diariovasco.com\/wp-content\/uploads\/sites\/37\/2023\/03\/cubanos.jpg\" alt=\"\" width=\"1200\" height=\"730\" srcset=\"https:\/\/static-blogs.diariovasco.com\/wp-content\/uploads\/sites\/37\/2023\/03\/cubanos.jpg 1200w, https:\/\/static-blogs.diariovasco.com\/wp-content\/uploads\/sites\/37\/2023\/03\/cubanos-300x183.jpg 300w, https:\/\/static-blogs.diariovasco.com\/wp-content\/uploads\/sites\/37\/2023\/03\/cubanos-768x467.jpg 768w, https:\/\/static-blogs.diariovasco.com\/wp-content\/uploads\/sites\/37\/2023\/03\/cubanos-628x382.jpg 628w\" sizes=\"(max-width: 1200px) 100vw, 1200px\" \/><\/p>\n<p>\u2018El Grito de las Mariposas\u2019 hace un retrato brutal de la dictadura de Trujillo con alusiones directas a su estrecha relaci\u00f3n con Franco, as\u00ed como su ferviente anticomunismo que le convert\u00eda en un verdadero s\u00e1trapa protegido de los EEUU en plena guerra fr\u00eda\u00a0 de los a\u00f1os cincuenta.<\/p>\n<p>La represi\u00f3n\u00a0 de la oposici\u00f3n al r\u00e9gimen que representaban las hermanas Mirabal y su grupo de \u2018las Mariposas\u2019 con unas t\u00e9cnicas brutales y propagand\u00edsticas que conocemos a trav\u00e9s de las estrechas relaciones de Arantxa con el dictador y su familia, muestran que nadie estaba a salvo de los servicios secretos del dictador, implacables y sanguinarios ante cualquier tipo de disidencia.<\/p>\n<p>En cada episodio la historia avanza desde los tres ejes principales, los dos paralelos de Minerva y Arantxa en el pasado de Trujillo y el del final del milenio con las memorias de Arantxa desde San Sebasti\u00e1n, convergiendo de forma muy elegante en el cap\u00edtulo final que cierra todas las historias de una forma sobrecogedora y emocionante a partes iguales.<\/p>\n<p>\u2018El Grito de las Mariposas\u2019 me ha sorprendido muy favorablemente puesto que es una propuesta arriesgada y brillante que no duda en hurgar en las heridas que dej\u00f3 un personaje tan abyecto como el general Trujillo y su brutal pol\u00edtica de represi\u00f3n con decenas de miles de muertos representados por las tres hermanas Mirabal.<\/p>\n<p><img loading=\"lazy\" class=\"aligncenter size-full wp-image-18401\" src=\"https:\/\/static-blogs.diariovasco.com\/wp-content\/uploads\/sites\/37\/2023\/03\/hermanas-mirabal.jpg\" alt=\"\" width=\"1366\" height=\"768\" srcset=\"https:\/\/static-blogs.diariovasco.com\/wp-content\/uploads\/sites\/37\/2023\/03\/hermanas-mirabal.jpg 1366w, https:\/\/static-blogs.diariovasco.com\/wp-content\/uploads\/sites\/37\/2023\/03\/hermanas-mirabal-300x169.jpg 300w, https:\/\/static-blogs.diariovasco.com\/wp-content\/uploads\/sites\/37\/2023\/03\/hermanas-mirabal-768x432.jpg 768w, https:\/\/static-blogs.diariovasco.com\/wp-content\/uploads\/sites\/37\/2023\/03\/hermanas-mirabal-628x353.jpg 628w\" sizes=\"(max-width: 1366px) 100vw, 1366px\" \/><\/p>\n<p>Mi principal preocupaci\u00f3n era comprobar si la historia ten\u00eda la suficiente profundidad para rellenar trece episodios y lo cierto es que lo han conseguido gracias a esa h\u00e1bil utilizaci\u00f3n de las tres l\u00edneas principales en dos \u00e9pocas diferentes, lo que les permit\u00eda ir saltando entre ellas para irnos proporcionando todas las piezas del pasado y del destino de los personajes principales.<\/p>\n<p>El valor hist\u00f3rico de \u2018El Grito de las Mariposas\u2019 es muy importante para dar a conocer una historia tr\u00e1gica y salvaje en un contexto geopol\u00edtico que alentaba ese tipo de dictaduras en Am\u00e9rica Latina a modo de escudo protector contra los posibles avances del comunismo en esa regi\u00f3n, como sucedi\u00f3 en Cuba en esa misma \u00e9poca.<\/p>\n<p>Para finalizar este apartado les dejo con un video donde se explica la historia de real de \u2018Las Mariposas\u2019 para que puedan conocer mejor ese contexto hist\u00f3rico.<\/p>\n<p><iframe loading=\"lazy\" title=\"YouTube video player\" src=\"https:\/\/www.youtube.com\/embed\/U4YxbGc8-4U\" width=\"560\" height=\"315\" frameborder=\"0\" allowfullscreen=\"allowfullscreen\"><\/iframe><\/p>\n<p><strong>Los actores:<\/strong><br \/>\nLa actriz dominicana Sandy Hern\u00e1ndez lleva muchos a\u00f1os establecida en Los \u00c1ngeles donde ha tenido papeles recurrentes en series como \u2018The Calling\u2019 y alg\u00fan papelito de estrella invitada en alg\u00fan episodio de series como \u2018SEAL Team\u2019, pero sin nada digno de rese\u00f1ar.<\/p>\n<p><img loading=\"lazy\" class=\"aligncenter size-full wp-image-18403\" src=\"https:\/\/static-blogs.diariovasco.com\/wp-content\/uploads\/sites\/37\/2023\/03\/sandy-hernandez.jpg\" alt=\"\" width=\"960\" height=\"540\" srcset=\"https:\/\/static-blogs.diariovasco.com\/wp-content\/uploads\/sites\/37\/2023\/03\/sandy-hernandez.jpg 960w, https:\/\/static-blogs.diariovasco.com\/wp-content\/uploads\/sites\/37\/2023\/03\/sandy-hernandez-300x169.jpg 300w, https:\/\/static-blogs.diariovasco.com\/wp-content\/uploads\/sites\/37\/2023\/03\/sandy-hernandez-768x432.jpg 768w, https:\/\/static-blogs.diariovasco.com\/wp-content\/uploads\/sites\/37\/2023\/03\/sandy-hernandez-628x353.jpg 628w\" sizes=\"(max-width: 960px) 100vw, 960px\" \/><\/p>\n<p>Su carrera puede cambiar mucho, gracias a su conmovedora interpretaci\u00f3n de Minerva Mirabal, la fiera opositora y activista dominicana que no se arredra ante nada ni nadie en su lucha por las libertades de su pueblo. Hern\u00e1ndez se document\u00f3 de forma exhaustiva para interpretar a esta gran hero\u00edna de su pa\u00eds, entrevist\u00e1ndose en diversas ocasiones con Minou, la hija de Minerva, para empaparse mejor del personaje de su madre,<\/p>\n<p>La actriz vitoriana Susana Abaitua ha sido la elegida para interpretar al personaje de la donostiarra Arantxa Oyarburu en su pasado dominicano y est\u00e1 fascinante como esa chica que es devorada por su sue\u00f1o de ser bailarina y que a pesar de ser ficcionado, es una amalgama de muchas exiliadas espa\u00f1olas que tuvieron que sobrevivir en la Rep\u00fablica Dominicana como pudieron.<\/p>\n<p><img loading=\"lazy\" class=\"aligncenter size-full wp-image-18404\" src=\"https:\/\/static-blogs.diariovasco.com\/wp-content\/uploads\/sites\/37\/2023\/03\/susana-abaitua.jpg\" alt=\"\" width=\"1200\" height=\"800\" srcset=\"https:\/\/static-blogs.diariovasco.com\/wp-content\/uploads\/sites\/37\/2023\/03\/susana-abaitua.jpg 1200w, https:\/\/static-blogs.diariovasco.com\/wp-content\/uploads\/sites\/37\/2023\/03\/susana-abaitua-300x200.jpg 300w, https:\/\/static-blogs.diariovasco.com\/wp-content\/uploads\/sites\/37\/2023\/03\/susana-abaitua-768x512.jpg 768w, https:\/\/static-blogs.diariovasco.com\/wp-content\/uploads\/sites\/37\/2023\/03\/susana-abaitua-628x419.jpg 628w\" sizes=\"(max-width: 1200px) 100vw, 1200px\" \/><\/p>\n<p>Abaitua puede dar rienda suelta a su gran pasi\u00f3n por el baile que ha desarrollado desde peque\u00f1ita al ser hija de una profesora de baile, por lo que la vemos interpretando de forma muy convincente numerosos bailes como parte de su ascenso mete\u00f3rico en el panorama cultural del dictador Trujillo.<\/p>\n<p>Abaitua es una de las mejores actrices j\u00f3venes de su generaci\u00f3n como demostr\u00f3 en <a href=\"https:\/\/www.diariovasco.com\/culturas\/series\/patria-adaptacion-fidelisima-20201207112059-nt.html\" rel=\"external nofollow\">\u2018Patria\u2019<\/a> y anteriormente en \u2018S\u00e9 quien eres&#8217;, por lo que es muy probable que contin\u00fae esa racha con su nueva serie \u2018Los Farad\u2019 que se estrenar\u00e1 este a\u00f1o y donde ha estado a las ordenes de Mariano Barroso.<\/p>\n<p>No es nada f\u00e1cil interpretar a un dictador sanguinario que se considera por encima del bien y del mal, pero la elecci\u00f3n del gran actor cubano Luis Alberto Garc\u00eda ha sido perfecta para darle ese car\u00e1cter histri\u00f3nico y visionario pero sin caer en la sobreactuaci\u00f3n ni el rid\u00edculo y sobre todo sin buscar ninguna empat\u00eda con \u00e9l.<\/p>\n<p><img loading=\"lazy\" class=\"aligncenter size-full wp-image-18402\" src=\"https:\/\/static-blogs.diariovasco.com\/wp-content\/uploads\/sites\/37\/2023\/03\/luis-alberto-garcia.jpeg\" alt=\"\" width=\"1980\" height=\"990\" srcset=\"https:\/\/static-blogs.diariovasco.com\/wp-content\/uploads\/sites\/37\/2023\/03\/luis-alberto-garcia.jpeg 1980w, https:\/\/static-blogs.diariovasco.com\/wp-content\/uploads\/sites\/37\/2023\/03\/luis-alberto-garcia-300x150.jpeg 300w, https:\/\/static-blogs.diariovasco.com\/wp-content\/uploads\/sites\/37\/2023\/03\/luis-alberto-garcia-768x384.jpeg 768w, https:\/\/static-blogs.diariovasco.com\/wp-content\/uploads\/sites\/37\/2023\/03\/luis-alberto-garcia-628x314.jpeg 628w\" sizes=\"(max-width: 1980px) 100vw, 1980px\" \/><\/p>\n<p>Luis Alberto Garc\u00eda es uno de los principales actores cubanos con casi cien referencias entre cine y televisi\u00f3n como la miniserie \u2018 Cuatro estaciones en La Habana\u2019, pero en esta ocasi\u00f3n est\u00e1 verdaderamente magn\u00e9tico como ese dictador execrable que fue Trujillo.<\/p>\n<p>Por \u00faltimo es todo un lujo tener en papeles secundarios a un tr\u00edo de grandes interpretes espa\u00f1oles como Guillermo Toledo, Mercedes Sampietro (der) y Bel\u00e9n Rueda ( izq) interpretando al padre de Arantxa, la Arantxa cercana a la jubilaci\u00f3n y a la escritora Pilar Macias respectivamente<\/p>\n<p><img loading=\"lazy\" class=\"aligncenter size-full wp-image-18405\" src=\"https:\/\/static-blogs.diariovasco.com\/wp-content\/uploads\/sites\/37\/2023\/03\/actores-espa\u00f1oles.jpg\" alt=\"\" width=\"800\" height=\"400\" srcset=\"https:\/\/static-blogs.diariovasco.com\/wp-content\/uploads\/sites\/37\/2023\/03\/actores-espa\u00f1oles.jpg 800w, https:\/\/static-blogs.diariovasco.com\/wp-content\/uploads\/sites\/37\/2023\/03\/actores-espa\u00f1oles-300x150.jpg 300w, https:\/\/static-blogs.diariovasco.com\/wp-content\/uploads\/sites\/37\/2023\/03\/actores-espa\u00f1oles-768x384.jpg 768w, https:\/\/static-blogs.diariovasco.com\/wp-content\/uploads\/sites\/37\/2023\/03\/actores-espa\u00f1oles-628x314.jpg 628w\" sizes=\"(max-width: 800px) 100vw, 800px\" \/><\/p>\n<p>Su grandeza estriba en defender cualquier papel a la perfecci\u00f3n en tres circunstancias muy diferentes como es el amargado y borracho exiliado vasco, en un registro ideal para Willy Toledo, la resignaci\u00f3n y culpabilidad que arrastra Arantxa por su pasado dominicano con una Mercedes Sampietro muy intensa y por \u00faltimo el papel de inquisidora entrevistadora que es ideal para Bel\u00e9n Rueda rememorando su papel de \u2018Periodistas\u2019<\/p>\n<p><strong>Ep\u00edlogo:<\/strong><\/p>\n<p>De vez en cuando me gusta llamarles la atenci\u00f3n sobre series que est\u00e1n pasando muy desapercibidas por la falta de marketing o por puro desconocimiento de su existencia. En ese sentido si le gustan las series hist\u00f3ricas que rememoran tragedias recientes con un claro trasfondo pol\u00edtico les recomiendo que le den una oportunidad a \u2018El Grito de las Mariposas\u2019 porque pueden acabar tan sorprendidos como un servidor,\u00a0 ante su gran calidad y valent\u00eda en narrar unos hechos que no pueden ser olvidados.<\/p>\n<p>Para finalizar les voy a dejar con un video sobre su rodaje con las impresiones del equipo t\u00e9cnico sobre el valor hist\u00f3rico de \u2018El Grito de las Mariposas\u2019 .<\/p>\n<p><iframe loading=\"lazy\" title=\"YouTube video player\" src=\"https:\/\/www.youtube.com\/embed\/NlFvkr8_fEU\" width=\"560\" height=\"315\" frameborder=\"0\" allowfullscreen=\"allowfullscreen\"><\/iframe><\/p>\n<p>Esperamos sus opiniones y comentarios, aqu\u00ed o en nuestra cuenta de twitter (@lmejino). Hasta la pr\u00f3xima<\/p>\n<p>Lorenzo Mejino<\/p>\n<!-- AddThis Advanced Settings generic via filter on the_content --><!-- AddThis Share Buttons generic via filter on the_content -->","protected":false},"excerpt":{"rendered":"<p>La capacidad de las ficciones hist\u00f3ricas para recordarnos hechos olvidados de nuestro pasado reciente se pone de manifiesto en \u2018El Grito de las Mariposas\u2019 una gran miniserie centrada en desarrollar los hechos previos al brutal asesinato en el a\u00f1o 1960 de tres hermanas activistas opositoras bajo la brutal dictadura del general Trujillo en la Rep\u00fablica [&hellip;]<!-- AddThis Advanced Settings generic via filter on get_the_excerpt --><!-- AddThis Share Buttons generic via filter on get_the_excerpt --><\/p>\n","protected":false},"author":61,"featured_media":18399,"comment_status":"open","ping_status":"closed","sticky":false,"template":"","format":"standard","meta":[],"categories":[5,8,28,32],"tags":[8275,8270,8274,8272,8273,8271,3432],"_links":{"self":[{"href":"https:\/\/blogs.diariovasco.com\/series-gourmets\/wp-json\/wp\/v2\/posts\/18398"}],"collection":[{"href":"https:\/\/blogs.diariovasco.com\/series-gourmets\/wp-json\/wp\/v2\/posts"}],"about":[{"href":"https:\/\/blogs.diariovasco.com\/series-gourmets\/wp-json\/wp\/v2\/types\/post"}],"author":[{"embeddable":true,"href":"https:\/\/blogs.diariovasco.com\/series-gourmets\/wp-json\/wp\/v2\/users\/61"}],"replies":[{"embeddable":true,"href":"https:\/\/blogs.diariovasco.com\/series-gourmets\/wp-json\/wp\/v2\/comments?post=18398"}],"version-history":[{"count":4,"href":"https:\/\/blogs.diariovasco.com\/series-gourmets\/wp-json\/wp\/v2\/posts\/18398\/revisions"}],"predecessor-version":[{"id":18487,"href":"https:\/\/blogs.diariovasco.com\/series-gourmets\/wp-json\/wp\/v2\/posts\/18398\/revisions\/18487"}],"wp:featuredmedia":[{"embeddable":true,"href":"https:\/\/blogs.diariovasco.com\/series-gourmets\/wp-json\/wp\/v2\/media\/18399"}],"wp:attachment":[{"href":"https:\/\/blogs.diariovasco.com\/series-gourmets\/wp-json\/wp\/v2\/media?parent=18398"}],"wp:term":[{"taxonomy":"category","embeddable":true,"href":"https:\/\/blogs.diariovasco.com\/series-gourmets\/wp-json\/wp\/v2\/categories?post=18398"},{"taxonomy":"post_tag","embeddable":true,"href":"https:\/\/blogs.diariovasco.com\/series-gourmets\/wp-json\/wp\/v2\/tags?post=18398"}],"curies":[{"name":"wp","href":"https:\/\/api.w.org\/{rel}","templated":true}]}}