{"id":18409,"date":"2023-03-27T06:00:04","date_gmt":"2023-03-27T05:00:04","guid":{"rendered":"https:\/\/blogs.diariovasco.com\/series-gourmets\/?p=18409"},"modified":"2023-03-25T12:01:57","modified_gmt":"2023-03-25T11:01:57","slug":"les-siffleurs-francia-el-acoso-a-jovenes-adolescentes","status":"publish","type":"post","link":"https:\/\/blogs.diariovasco.com\/series-gourmets\/2023\/03\/27\/les-siffleurs-francia-el-acoso-a-jovenes-adolescentes\/","title":{"rendered":"Les Siffleurs (francia)  : El acoso sexual indiscriminado a j\u00f3venes adolescentes"},"content":{"rendered":"<p>El 8 de marzo se ha convertido en una fecha marcada en muchas agendas para conmemorar el D\u00eda Internacional de la Mujer con todo tipo de actos y reivindicaciones que aprovechan las cadenas y plataformas televisivas para estrenar miniseries\u00a0 como &#8216;Les Siffleurs&#8217;\u00a0 centradas en las problem\u00e1ticas espec\u00edficas que sufren las mujeres como el acoso sexual.<\/p>\n<p>Al darse las circunstancias de que ha coincidido con diversos estrenos de este estilo, he aprovechado para realizar una semana espec\u00edfica con dos series estrenadas el 8 de marzo y una serie del pasado conectada directamente con el tema del acoso y violencia contra las mujeres, empezando por \u2018Les Siffleurs\u2019 un duro alegato contra el acoso sexual a adolescentes.<\/p>\n<p><img loading=\"lazy\" class=\"aligncenter size-full wp-image-18410\" src=\"https:\/\/static-blogs.diariovasco.com\/wp-content\/uploads\/sites\/37\/2023\/03\/destacada-9.jpg\" alt=\"\" width=\"800\" height=\"450\" srcset=\"https:\/\/static-blogs.diariovasco.com\/wp-content\/uploads\/sites\/37\/2023\/03\/destacada-9.jpg 800w, https:\/\/static-blogs.diariovasco.com\/wp-content\/uploads\/sites\/37\/2023\/03\/destacada-9-300x169.jpg 300w, https:\/\/static-blogs.diariovasco.com\/wp-content\/uploads\/sites\/37\/2023\/03\/destacada-9-768x432.jpg 768w, https:\/\/static-blogs.diariovasco.com\/wp-content\/uploads\/sites\/37\/2023\/03\/destacada-9-628x353.jpg 628w\" sizes=\"(max-width: 800px) 100vw, 800px\" \/><\/p>\n<p><strong>Ficha:<\/strong> Les Siffleurs ( Francia) 2 ep 90 min mar 2023 <strong>Cadena:<\/strong> France 2 ( B)\/ In\u00e9dita (E)<\/p>\n<p><strong>La trama :<\/strong><\/p>\n<p>Lila es una estudiante de secundaria que harta de sufrir todo tipo de insinuaciones y acosos sexuales decide crear con la ayuda de sus dos mejores amigas Soso y Rebeca una web de denuncia denominada \u2018Les Siffleurs\u2019, que podemos traducir como \u2018Los Silbadores\u2019 en la que hace fotos y denuncia a las personas que le acosan por la calle, sea individualmente o en manada<\/p>\n<p><img loading=\"lazy\" class=\"aligncenter size-full wp-image-18413\" src=\"https:\/\/static-blogs.diariovasco.com\/wp-content\/uploads\/sites\/37\/2023\/03\/acoso-chica.jpg\" alt=\"\" width=\"1200\" height=\"630\" srcset=\"https:\/\/static-blogs.diariovasco.com\/wp-content\/uploads\/sites\/37\/2023\/03\/acoso-chica.jpg 1200w, https:\/\/static-blogs.diariovasco.com\/wp-content\/uploads\/sites\/37\/2023\/03\/acoso-chica-300x158.jpg 300w, https:\/\/static-blogs.diariovasco.com\/wp-content\/uploads\/sites\/37\/2023\/03\/acoso-chica-768x403.jpg 768w, https:\/\/static-blogs.diariovasco.com\/wp-content\/uploads\/sites\/37\/2023\/03\/acoso-chica-628x330.jpg 628w\" sizes=\"(max-width: 1200px) 100vw, 1200px\" \/>Lila solo busca poner el dedo sobre la llaga del acoso sexual que tiene que sufrir diariamente y\u00a0 que puede abarcar desde acciones de baja intensidad como un piropo o un silbido como el del\u00a0 t\u00edtulo de la serie hasta momentos de mucha m\u00e1s violencia como el que la pobre Lila debe sufrir en el siguiente video.<\/p>\n<p><iframe loading=\"lazy\" title=\"YouTube video player\" src=\"https:\/\/www.youtube.com\/embed\/su_78Pnagsw\" width=\"560\" height=\"315\" frameborder=\"0\" allowfullscreen=\"allowfullscreen\"><\/iframe><\/p>\n<p>Los problemas graves empiezan cuando Lila desaparece de forma repentina tras una noche de juerga con sus dos amigas, generando todo un movimiento ciudadano para encontrar a la chica desaparecida, empezando por sus propios padres.<\/p>\n<p>La persona encargada del caso es la capitana Marianne Kacem que no empieza precisamente con muy buen pie la investigaci\u00f3n, al hacer demasiado hincapi\u00e9 en la ropa provocadora que llevaba Lila en el momento de su desaparici\u00f3n.<\/p>\n<p><img loading=\"lazy\" class=\"aligncenter size-full wp-image-18412\" src=\"https:\/\/static-blogs.diariovasco.com\/wp-content\/uploads\/sites\/37\/2023\/03\/policias.jpg\" alt=\"\" width=\"749\" height=\"421\" srcset=\"https:\/\/static-blogs.diariovasco.com\/wp-content\/uploads\/sites\/37\/2023\/03\/policias.jpg 749w, https:\/\/static-blogs.diariovasco.com\/wp-content\/uploads\/sites\/37\/2023\/03\/policias-300x169.jpg 300w, https:\/\/static-blogs.diariovasco.com\/wp-content\/uploads\/sites\/37\/2023\/03\/policias-628x353.jpg 628w\" sizes=\"(max-width: 749px) 100vw, 749px\" \/>Por suerte y con ayuda de su compa\u00f1ero mucho m\u00e1s versado en estos temas tan delicados va a ir corrigiendo poco a poco su postura a medida que avanza en la investigaci\u00f3n que tiene tantos sospechosos como personas ha denunciado Lila en su web,<\/p>\n<p>\u2018Les siffleurs\u2019 es un polar voluntarioso por el tema que quiere denunciar y\u00a0 que por desgracia es bastante frecuente en nuestra sociedad, pero su ejecuci\u00f3n es irregular con momentos bastante torpes, en especial en el tramo final para cerrar una historia con algunos giros previos inesperados e interesantes.<\/p>\n<p>\u2018Les Siffleurs\u2019 es un veh\u00edculo al servicio del lucimiento de Nadia Far\u00e9s (Los Rios de Color Purpura, Luther, <a href=\"https:\/\/blogs.diariovasco.com\/series-gourmets\/2016\/05\/18\/marseille-flaked-y-the-ranch-hasta-en-netflix-cuecen-habas\/?ns_campaign=WC_MS&amp;ns_source=BT&amp;ns_linkname=Scroll&amp;ns_fee=0&amp;ns_mchannel=TW#.VzwXn0vQJ-M.twitter\">Marseille<\/a>)\u00a0 una de las\u00a0actrices francesas m\u00e1s populares\u00a0 que defiende algo desganada un personaje que adem\u00e1s de resolver el caso de la desaparici\u00f3n de Lila, debe cargar con su propia mochila de un trauma del pasado que va a interaccionar con los hechos que investiga.<\/p>\n<p><strong><img loading=\"lazy\" class=\"aligncenter size-full wp-image-18411\" src=\"https:\/\/static-blogs.diariovasco.com\/wp-content\/uploads\/sites\/37\/2023\/03\/nadia-fares.jpg\" alt=\"\" width=\"800\" height=\"450\" srcset=\"https:\/\/static-blogs.diariovasco.com\/wp-content\/uploads\/sites\/37\/2023\/03\/nadia-fares.jpg 800w, https:\/\/static-blogs.diariovasco.com\/wp-content\/uploads\/sites\/37\/2023\/03\/nadia-fares-300x169.jpg 300w, https:\/\/static-blogs.diariovasco.com\/wp-content\/uploads\/sites\/37\/2023\/03\/nadia-fares-768x432.jpg 768w, https:\/\/static-blogs.diariovasco.com\/wp-content\/uploads\/sites\/37\/2023\/03\/nadia-fares-628x353.jpg 628w\" sizes=\"(max-width: 800px) 100vw, 800px\" \/><\/strong>Al estar planteada como una miniserie de 2 episodios de 90 minutos, \u2018Les Siffleurs\u2019 se ve tranquilamente de una sentada si buscamos un entretenimiento sin demasiadas pretensiones que se queda algo corto en un tema al que le podr\u00eda haber sacado mayor partido, como promet\u00eda el tr\u00e1iler de su estreno.<br \/>\n<iframe loading=\"lazy\" title=\"YouTube video player\" src=\"https:\/\/www.youtube.com\/embed\/a0joONovgXc\" width=\"560\" height=\"315\" frameborder=\"0\" allowfullscreen=\"allowfullscreen\"><\/iframe><br \/>\nDe todas formas, su emisi\u00f3n en la televisi\u00f3n p\u00fablica francesa France 2 lider\u00f3 las audiencias francesas del pasado 8 de marzo y solo por esa raz\u00f3n, me ha parecido una buena opci\u00f3n para abrir esta semana tem\u00e1tica en nuestro rinc\u00f3n de las series remotas, a la espera que se estrene en nuestro pa\u00eds.<\/p>\n<p>Para cualquier comentario no dud\u00e9is en contactarme aqu\u00ed o a trav\u00e9s de mi cuenta de twitter (@lmejino). Hasta la pr\u00f3xima<\/p>\n<p>Lorenzo Mejino<\/p>\n<!-- AddThis Advanced Settings generic via filter on the_content --><!-- AddThis Share Buttons generic via filter on the_content -->","protected":false},"excerpt":{"rendered":"<p>El 8 de marzo se ha convertido en una fecha marcada en muchas agendas para conmemorar el D\u00eda Internacional de la Mujer con todo tipo de actos y reivindicaciones que aprovechan las cadenas y plataformas televisivas para estrenar miniseries\u00a0 como &#8216;Les Siffleurs&#8217;\u00a0 centradas en las problem\u00e1ticas espec\u00edficas que sufren las mujeres como el acoso sexual. [&hellip;]<!-- AddThis Advanced Settings generic via filter on get_the_excerpt --><!-- AddThis Share Buttons generic via filter on get_the_excerpt --><\/p>\n","protected":false},"author":61,"featured_media":18410,"comment_status":"open","ping_status":"closed","sticky":false,"template":"","format":"standard","meta":[],"categories":[5,10,12,17],"tags":[8276,8277],"_links":{"self":[{"href":"https:\/\/blogs.diariovasco.com\/series-gourmets\/wp-json\/wp\/v2\/posts\/18409"}],"collection":[{"href":"https:\/\/blogs.diariovasco.com\/series-gourmets\/wp-json\/wp\/v2\/posts"}],"about":[{"href":"https:\/\/blogs.diariovasco.com\/series-gourmets\/wp-json\/wp\/v2\/types\/post"}],"author":[{"embeddable":true,"href":"https:\/\/blogs.diariovasco.com\/series-gourmets\/wp-json\/wp\/v2\/users\/61"}],"replies":[{"embeddable":true,"href":"https:\/\/blogs.diariovasco.com\/series-gourmets\/wp-json\/wp\/v2\/comments?post=18409"}],"version-history":[{"count":4,"href":"https:\/\/blogs.diariovasco.com\/series-gourmets\/wp-json\/wp\/v2\/posts\/18409\/revisions"}],"predecessor-version":[{"id":18479,"href":"https:\/\/blogs.diariovasco.com\/series-gourmets\/wp-json\/wp\/v2\/posts\/18409\/revisions\/18479"}],"wp:featuredmedia":[{"embeddable":true,"href":"https:\/\/blogs.diariovasco.com\/series-gourmets\/wp-json\/wp\/v2\/media\/18410"}],"wp:attachment":[{"href":"https:\/\/blogs.diariovasco.com\/series-gourmets\/wp-json\/wp\/v2\/media?parent=18409"}],"wp:term":[{"taxonomy":"category","embeddable":true,"href":"https:\/\/blogs.diariovasco.com\/series-gourmets\/wp-json\/wp\/v2\/categories?post=18409"},{"taxonomy":"post_tag","embeddable":true,"href":"https:\/\/blogs.diariovasco.com\/series-gourmets\/wp-json\/wp\/v2\/tags?post=18409"}],"curies":[{"name":"wp","href":"https:\/\/api.w.org\/{rel}","templated":true}]}}