{"id":19562,"date":"2023-09-18T06:00:05","date_gmt":"2023-09-18T05:00:05","guid":{"rendered":"https:\/\/blogs.diariovasco.com\/series-gourmets\/?p=19562"},"modified":"2023-09-17T12:35:20","modified_gmt":"2023-09-17T11:35:20","slug":"black-snow-australia-el-gran-regreso-del-vikingo-prodigo","status":"publish","type":"post","link":"https:\/\/blogs.diariovasco.com\/series-gourmets\/2023\/09\/18\/black-snow-australia-el-gran-regreso-del-vikingo-prodigo\/","title":{"rendered":"Black Snow (Australia ): el gran regreso del vikingo pr\u00f3digo"},"content":{"rendered":"<p>Una caracter\u00edstica de las series australianas es intentar capitalizar la fama de sus actores y actrices locales que han conseguido triunfar en Europa y EEUU,\u00a0 mediante la creaci\u00f3n de series hechas a su medida para que puedan volver a trabajar en su pa\u00eds natal y con su acento natural, como es el caso de \u2018Black Snow\u2019 con el protagonismo de Travis Fimmel, el inolvidable Ragnar Lothbrock de<a href=\"https:\/\/blogs.diariovasco.com\/series-gourmets\/2013\/08\/06\/vikingos-una-magnifica-y-recomendable-propuesta-historica\/\"> \u2019Vikingos\u2019.<\/a><\/p>\n<p>\u2018Black Snow\u2019 ha sido la gran apuesta de la plataforma de pago australiana Stan que la ha estrenado el 1 de enero de este a\u00f1o, la fecha m\u00e1s codiciada para cualquier serie austral y lo cierto es que no ha defraudado con un gran misterio en dos l\u00edneas temporales situado en una remota comunidad de emigrantes melan\u00e9sicos ubicada en el norte del estado de Queensland.<\/p>\n<p>La serie tuvo un gran \u00e9xito en Australia y ya puedo adelantar que me ha parecido excelente por todos los temas espinosos que trata incluyendo la historia desconocida de los esclavos que llegaron a la fuerza desde la isla de Tanna en Vanuatu. Su estreno ma\u00f1ana en Filmin nos brinda una magn\u00edfica oportunidad para analizarla y en este caso elogiarla.<\/p>\n<p><img loading=\"lazy\" class=\"aligncenter size-full wp-image-19567\" src=\"https:\/\/static-blogs.diariovasco.com\/wp-content\/uploads\/sites\/37\/2023\/08\/general-13.jpg\" alt=\"\" width=\"1200\" height=\"675\" srcset=\"https:\/\/static-blogs.diariovasco.com\/wp-content\/uploads\/sites\/37\/2023\/08\/general-13.jpg 1200w, https:\/\/static-blogs.diariovasco.com\/wp-content\/uploads\/sites\/37\/2023\/08\/general-13-300x169.jpg 300w, https:\/\/static-blogs.diariovasco.com\/wp-content\/uploads\/sites\/37\/2023\/08\/general-13-768x432.jpg 768w, https:\/\/static-blogs.diariovasco.com\/wp-content\/uploads\/sites\/37\/2023\/08\/general-13-628x353.jpg 628w\" sizes=\"(max-width: 1200px) 100vw, 1200px\" \/><\/p>\n<p><strong>Ficha:<\/strong> Black Snow 6 ep 45 min ene 2023- <strong>Cadena:<\/strong> C More ( S) \/ Filmin a partir del 19 de septiembre (E)<\/p>\n<p><strong>La trama :<\/strong><\/p>\n<p>James Cormack es un taciturno y hura\u00f1o detective de la polic\u00eda del estado de Queensland que\u00a0 prefiere trabajar con casos antiguos y abiertos, con los que disfruta m\u00e1s que con los delitos m\u00e1s recientes.<\/p>\n<p>Buceando en los archivos se ha encontrado con el caso de Isabel Baker ( la debutante Talijah Blackman-Corowa, foto inf ) una joven de diecisiete a\u00f1os, descendiente de inmigrantes de la isla de Tanna en Vanuatu que fue brutalmente asesinada en medio de los campos de ca\u00f1a de az\u00facar de Ashford, al norte del estado de Queensland,\u00a0 tras una fiesta en 1994.<\/p>\n<p><img loading=\"lazy\" class=\"aligncenter size-full wp-image-19563\" src=\"https:\/\/static-blogs.diariovasco.com\/wp-content\/uploads\/sites\/37\/2023\/08\/joven.jpg\" alt=\"\" width=\"516\" height=\"538\" srcset=\"https:\/\/static-blogs.diariovasco.com\/wp-content\/uploads\/sites\/37\/2023\/08\/joven.jpg 516w, https:\/\/static-blogs.diariovasco.com\/wp-content\/uploads\/sites\/37\/2023\/08\/joven-288x300.jpg 288w\" sizes=\"(max-width: 516px) 100vw, 516px\" \/><\/p>\n<p>Al empezar a husmear en el caso, Cormack decide desplazarse hasta el pueblo de Ashford, para asistir al acto de desenterrar un capsula del tiempo que conmemora los cien a\u00f1os del instituto local y que fue\u00a0 colocada veinticinco a\u00f1os atr\u00e1s y\u00a0 poco antes de la muerte violenta de Isabel Baker. Su interior est\u00e1 repleto de pistas\u00a0 de aquel momento, que le van a permitir al detective abordar la investigaci\u00f3n con nuevos datos.<\/p>\n<p>\u2018Black Snow\u2019 es otro misterio que se desarrolla en dos l\u00edneas temporales, la del pasado en 1994 protagonizada por la difunta Isabel Baker y que nos va mostrando sus relaciones y amistades, para ir completando el rompecabezas que acab\u00f3 con su tr\u00e1gico desenlace.<\/p>\n<p><img loading=\"lazy\" class=\"aligncenter size-full wp-image-19564\" src=\"https:\/\/static-blogs.diariovasco.com\/wp-content\/uploads\/sites\/37\/2023\/08\/mayor.jpg\" alt=\"\" width=\"1280\" height=\"720\" srcset=\"https:\/\/static-blogs.diariovasco.com\/wp-content\/uploads\/sites\/37\/2023\/08\/mayor.jpg 1280w, https:\/\/static-blogs.diariovasco.com\/wp-content\/uploads\/sites\/37\/2023\/08\/mayor-300x169.jpg 300w, https:\/\/static-blogs.diariovasco.com\/wp-content\/uploads\/sites\/37\/2023\/08\/mayor-768x432.jpg 768w, https:\/\/static-blogs.diariovasco.com\/wp-content\/uploads\/sites\/37\/2023\/08\/mayor-628x353.jpg 628w\" sizes=\"(max-width: 1280px) 100vw, 1280px\" \/><\/p>\n<p>La l\u00ednea del presente en 2019 est\u00e1 protagonizada por la investigaci\u00f3n del detective Cormack, con la colaboraci\u00f3n de Hazel ( Jemmason Power, foto sup) que era la hermana peque\u00f1a de la difunta y que ha vuelto a su pueblo natal tras ese cuarto de siglo, para asistir a la ceremonia de la capsula del tiempo y de paso ver a su hija Kalana que est\u00e1 al cuidado de su abuela, como muestra el tr\u00e1iler de su estreno australiano.<br \/>\n<iframe loading=\"lazy\" title=\"YouTube video player\" src=\"https:\/\/www.youtube.com\/embed\/6gCM4Yhk-yc?si=rHdIaU9ohD6gisJH\" width=\"560\" height=\"315\" frameborder=\"0\" allowfullscreen=\"allowfullscreen\"><\/iframe><\/p>\n<p>La historia del pasado es bastante compleja, al existir numerosos sospechosos de haber acabado con la pobre Isabel, todos con sus motivos y razones, jugando con los cambios que han tenido\u00a0todos los personajes de la vida de Isabel, veinticinco a\u00f1os despu\u00e9s , desde los caciques del pueblo hasta la extensa familia de la difunta.<\/p>\n<p>En esta l\u00ednea queda muy evidente la diferencia que separa a los colonos blancos de origen brit\u00e1nico y los descendientes negros de las personas que fueron arrebatadas de la isla de Tanna en el archipi\u00e9lago de Vanuatu y que fueron esclavizadas para trabajar en los enormes campos de ca\u00f1a de az\u00facar de esa regi\u00f3n del norte de Queensland.<\/p>\n<p>El choque cultural entre ambas comunidades es una constante en ambas l\u00edneas temporales y se convierte en un elemento clave del misterio y que est\u00e1 explicado en el siguiente video.<\/p>\n<p><iframe loading=\"lazy\" title=\"YouTube video player\" src=\"https:\/\/www.youtube.com\/embed\/699OIW1XJx0?si=b5eZGgbAHJrqvCe0\" width=\"560\" height=\"315\" frameborder=\"0\" allowfullscreen=\"allowfullscreen\"><\/iframe><\/p>\n<p>\u2018Black Snow\u2019 sigue la estela de los procedimentales de casos antiguos como las grandes <a href=\"https:\/\/blogs.diariovasco.com\/series-gourmets\/2013\/01\/09\/caso-abierto-la-justicia-mas-vale-tarde-que-nunca\/?ref=https%3A%2F%2Fwww.google.com%2F\">\u2018Caso Abierto\u2019<\/a> o \u2018Unforgotten\u2019, pero su ubicaci\u00f3n en esos enormes espacios abiertos del norte de Queensland y ese toque isle\u00f1o de una comunidad que fue arrebatada a la fuerza de sus ra\u00edces le dan un toque distintivo que por lo menos en mi caso me ha gustado mucho.<\/p>\n<p>Su creador Lucas Taylor insisti\u00f3 mucho en elegir a\u00a0 actores y actrices\u00a0 que tuvieran ra\u00edces en la isla de Tanna o en la zona del norte de Queensland, para dotar de mayor verosimilitud y realismo a la historia como explican las protagonistas en el siguiente corte.<br \/>\n<iframe loading=\"lazy\" title=\"YouTube video player\" src=\"https:\/\/www.youtube.com\/embed\/9U3HGDS4eWg?si=C9c__eOOswg6jMnG\" width=\"560\" height=\"315\" frameborder=\"0\" allowfullscreen=\"allowfullscreen\"><\/iframe><br \/>\nEl activo m\u00e1s importante a nivel comercial es la presencia de Travis Fimmel, que ha disfrutado mucho interpretando a un detective atormentado y traumatizado por su pasado, que\u00a0 intenta paliar resolviendo esos casos.<\/p>\n<p>Dicho personaje le permite una interpretaci\u00f3n \u2018intensita\u2019 en determinados momentos que combina con momentos bastante socarrones e incluso pasotas, pero por lo menos le permite mostrar otro registro diferente al de su celebrado Ragnar Lothbrok<\/p>\n<p><img loading=\"lazy\" class=\"aligncenter size-full wp-image-19565\" src=\"https:\/\/static-blogs.diariovasco.com\/wp-content\/uploads\/sites\/37\/2023\/08\/travis-fimmel.jpg\" alt=\"\" width=\"800\" height=\"434\" srcset=\"https:\/\/static-blogs.diariovasco.com\/wp-content\/uploads\/sites\/37\/2023\/08\/travis-fimmel.jpg 800w, https:\/\/static-blogs.diariovasco.com\/wp-content\/uploads\/sites\/37\/2023\/08\/travis-fimmel-300x163.jpg 300w, https:\/\/static-blogs.diariovasco.com\/wp-content\/uploads\/sites\/37\/2023\/08\/travis-fimmel-768x417.jpg 768w, https:\/\/static-blogs.diariovasco.com\/wp-content\/uploads\/sites\/37\/2023\/08\/travis-fimmel-628x341.jpg 628w\" sizes=\"(max-width: 800px) 100vw, 800px\" \/><\/p>\n<p>El misterio se resuelve al final de su 1T, pero no me extra\u00f1ar\u00eda que pudiera seguir otras temporadas con otros casos abiertos en otros lugares protagonizados por el detective Jack Corman, como ha sucedido con otras series australianas de corte similar como la gran <a href=\"https:\/\/blogs.diariovasco.com\/series-gourmets\/2018\/06\/25\/el-misterio-de-hanging-rock-romper-stomper-mystery-road-australia-convertir-peliculas-de-exito-en-discretas-miniseries\/\">\u2018Mystery Road\u2019<\/a><\/p>\n<p>\u2018Black Snow\u2019 funciona muy bien dentro de esos par\u00e1metros de procedimental de caso antiguo en los que se mueve, como podr\u00e1n comprobar a partir de ma\u00f1ana en Filmin, por lo que les voy a dejar con un video del &#8216;making of&#8217; de la serie en esa zona remota del Norte de Queensland.<\/p>\n<p><iframe loading=\"lazy\" title=\"YouTube video player\" src=\"https:\/\/www.youtube.com\/embed\/AXAU0FjVDkk?si=88XmmxSC-yxzLIZt\" width=\"560\" height=\"315\" frameborder=\"0\" allowfullscreen=\"allowfullscreen\"><\/iframe><\/p>\n<p>Para cualquier comentario no dud\u00e9is en contactarme aqu\u00ed o a trav\u00e9s de mi cuenta de twitter (@lmejino). Hasta la pr\u00f3xima<\/p>\n<p>Lorenzo Mejino<\/p>\n<!-- AddThis Advanced Settings generic via filter on the_content --><!-- AddThis Share Buttons generic via filter on the_content -->","protected":false},"excerpt":{"rendered":"<p>Una caracter\u00edstica de las series australianas es intentar capitalizar la fama de sus actores y actrices locales que han conseguido triunfar en Europa y EEUU,\u00a0 mediante la creaci\u00f3n de series hechas a su medida para que puedan volver a trabajar en su pa\u00eds natal y con su acento natural, como es el caso de \u2018Black [&hellip;]<!-- AddThis Advanced Settings generic via filter on get_the_excerpt --><!-- AddThis Share Buttons generic via filter on get_the_excerpt --><\/p>\n","protected":false},"author":61,"featured_media":19566,"comment_status":"open","ping_status":"closed","sticky":false,"template":"","format":"standard","meta":[],"categories":[5,10,12,17],"tags":[8736,8738,8737,8739,2812],"_links":{"self":[{"href":"https:\/\/blogs.diariovasco.com\/series-gourmets\/wp-json\/wp\/v2\/posts\/19562"}],"collection":[{"href":"https:\/\/blogs.diariovasco.com\/series-gourmets\/wp-json\/wp\/v2\/posts"}],"about":[{"href":"https:\/\/blogs.diariovasco.com\/series-gourmets\/wp-json\/wp\/v2\/types\/post"}],"author":[{"embeddable":true,"href":"https:\/\/blogs.diariovasco.com\/series-gourmets\/wp-json\/wp\/v2\/users\/61"}],"replies":[{"embeddable":true,"href":"https:\/\/blogs.diariovasco.com\/series-gourmets\/wp-json\/wp\/v2\/comments?post=19562"}],"version-history":[{"count":5,"href":"https:\/\/blogs.diariovasco.com\/series-gourmets\/wp-json\/wp\/v2\/posts\/19562\/revisions"}],"predecessor-version":[{"id":19730,"href":"https:\/\/blogs.diariovasco.com\/series-gourmets\/wp-json\/wp\/v2\/posts\/19562\/revisions\/19730"}],"wp:featuredmedia":[{"embeddable":true,"href":"https:\/\/blogs.diariovasco.com\/series-gourmets\/wp-json\/wp\/v2\/media\/19566"}],"wp:attachment":[{"href":"https:\/\/blogs.diariovasco.com\/series-gourmets\/wp-json\/wp\/v2\/media?parent=19562"}],"wp:term":[{"taxonomy":"category","embeddable":true,"href":"https:\/\/blogs.diariovasco.com\/series-gourmets\/wp-json\/wp\/v2\/categories?post=19562"},{"taxonomy":"post_tag","embeddable":true,"href":"https:\/\/blogs.diariovasco.com\/series-gourmets\/wp-json\/wp\/v2\/tags?post=19562"}],"curies":[{"name":"wp","href":"https:\/\/api.w.org\/{rel}","templated":true}]}}