{"id":2070,"date":"2014-02-24T07:45:47","date_gmt":"2014-02-24T06:45:47","guid":{"rendered":"http:\/\/blogs.diariovasco.com\/series-gourmets\/?p=2070"},"modified":"2014-02-24T07:45:47","modified_gmt":"2014-02-24T06:45:47","slug":"en-pilgrims-dod-muerte-de-un-peregrino-la-miniserie-sueca-que-teoriza-sobre-el-magnicidio-de-olof-palme","status":"publish","type":"post","link":"https:\/\/blogs.diariovasco.com\/series-gourmets\/2014\/02\/24\/en-pilgrims-dod-muerte-de-un-peregrino-la-miniserie-sueca-que-teoriza-sobre-el-magnicidio-de-olof-palme\/","title":{"rendered":"En pilgrims d\u00f6d (Suecia).La miniserie sueca que teoriza sobre el magnicidio de Olof Palme"},"content":{"rendered":"<p>Este lunes vamos a iniciar una nueva secci\u00f3n en el blog dedicando el primer d\u00eda de la semana a analizar series no americanas que no hayan sido estrenadas en nuestro pa\u00eds, pero que consideremos que puedan ser atractivas para muchos de ustedes y que es dif\u00edcil que podamos ver por el escaso inter\u00e9s de nuestras cadenas por la ficci\u00f3n no americana.<\/p>\n<p>Los art\u00edculos van a ser una peque\u00f1a presentaci\u00f3n de la serie, menos detallada que en los otros post, pero esperamos que sea suficiente para picarles la curiosidad por el visionado, sea por el tema, sea por el idioma o por cualquier otra raz\u00f3n.<\/p>\n<p><strong>Ficha<\/strong>: En pilgrims d\u00f6d (Muerte de un peregrino) 4 episodios 60 min .\u00a0\u00a0 Ene 2013. Idioma: Sueco subtitulada en castellano SVT (S)<\/p>\n<p><strong><a href=\"\/series-gourmets\/wp-content\/uploads\/sites\/37\/2014\/02\/enpilgrimsd\u00f6d_artikel9921-e1392730246550.jpg\"><img loading=\"lazy\" title=\"enpilgrimsd\u00f6d_artikel992\" src=\"\/series-gourmets\/wp-content\/uploads\/sites\/37\/2014\/02\/enpilgrimsd\u00f6d_artikel9921-e1392730246550.jpg\" alt=\"\" width=\"520\" height=\"320\" \/><\/a><\/strong><\/p>\n<p>&nbsp;<\/p>\n<p><strong>La trama<\/strong>: El asesinato del primer ministro sueco Olof Palme el 28 de Febrero de 1986 en el centro de Estocolmo a la salida del cine, sigue siendo uno de los grandes asuntos criminales por resolver de la historia.<\/p>\n<p>El magnicidio y su infructuosa investigaci\u00f3n posterior ha dado lugar a m\u00faltiples teor\u00edas entre las que destaca la trilog\u00eda literaria de Leif GW Persson, denominada &#8216;El declive del estado del bienestar&#8217;, publicada en 2002.<\/p>\n<p>La miniserie adapta dos de los libros de esta trilog\u00eda y nos muestra como 26 a\u00f1os despu\u00e9s del magnicidio, la polic\u00eda sueca decide reabrir el caso y estudiar todas las pruebas existentes por aquel entonces por parte de un grupo de investigaci\u00f3n en el que sus componentes han sido elegidos de forma personal por el jefe de polic\u00eda.<\/p>\n<p>En el primer v\u00eddeo podemos ver la hermosa cabecera de la serie<br \/>\n<iframe loading=\"lazy\" src=\"\/\/www.youtube.com\/embed\/_RGKS9V5bFM\" frameborder=\"0\" width=\"480\" height=\"320\"><\/iframe><br \/>\nLa historia se desarrolla en el presente con continuos flashbacks al pasado que nos muestran los momentos tanto anteriores como posteriores al atentado, desarrollando una teor\u00eda plausible sobre la autor\u00eda del asesinato y que nos va a hacer \u00a0recapacitar al respecto, de forma similar a la teor\u00eda del film JFK sobre el asesinato del presidente Kennedy, con ramificaciones incluso en la isla de Mallorca<\/p>\n<p><a href=\"\/series-gourmets\/wp-content\/uploads\/sites\/37\/2014\/02\/gruppen1.jpg\"><img loading=\"lazy\" class=\"aligncenter size-full wp-image-2073\" title=\"gruppen1\" src=\"\/series-gourmets\/wp-content\/uploads\/sites\/37\/2014\/02\/gruppen1.jpg\" alt=\"\" width=\"520\" height=\"290\" \/><\/a><\/p>\n<p>El protagonista de la serie es el comisario Johansson ( segundo por la izquierda), \u00a0magnificamente interpretado por Rolf Lassgard, que en su juventud fue uno de los detectives que investig\u00f3 el caso y que cerca de la jubilaci\u00f3n quiere cerrar el caso que le ha perseguido toda su carrera y que con sus tres ayudantes de la foto, empieza a revisar el caso por completo.<\/p>\n<p>En pilgrims d\u00f6d, nos lleva de la mano, de una forma sosegada y reflexiva, por todo el proceso de investigaci\u00f3n, sin escenas de acci\u00f3n trepidantes, pero mostr\u00e1ndonos muchos de los entresijos de la alta pol\u00edtica sueca y en especial del entorno del primer ministro, con teor\u00edas conspirativas y personajes mas que siniestros que interaccionan con la trama.<\/p>\n<p>El trailer subtitulado en ingles, les va a dar una idea perfecta de la atm\u00f3sfera de la serie, perfectamente conseguida.<br \/>\n<iframe loading=\"lazy\" src=\"\/\/www.youtube.com\/embed\/i_bc5FEod4o\" frameborder=\"0\" width=\"480\" height=\"320\"><\/iframe><br \/>\nAl principio cuesta un poco entrar en el entramado tanto por la densidad de la historia como por nuestro desconocimiento de muchos de los detalles de la historia sueca, pero la miniserie es brillante en el sentido que nos va proporcionando poco a poco toda la informaci\u00f3n relevante, y \u00a0nos va envolviendo en las intrigas internas suecas. La historia avanza a buen ritmo y somos testigos de continuos giros y sorpresas en las investigaciones, hasta llegar a un final muy bien resuelto.<\/p>\n<p>Ni que decir tiene que la miniserie me ha encantado, en especial a partir del segundo cap\u00edtulo cuando todas las piezas que nos pueden llegar a abrumar al inicio, empiezan a encajar en un maravilloso ejercicio de teorizaci\u00f3n sobre el magnicidio pol\u00edtico mas importante de la historia europea mas reciente y que a d\u00eda de hoy sigue sin estar resuelto.<\/p>\n<p>Si sus gustos van por las series de acci\u00f3n y con mucho ritmo, no se la vamos a recomendar, pero si en cambio es un enamorado de las ficciones escandinavas con investigaciones concienzudas tipo Wallander, como mejor exponente , animese y localice y descubra esta gran miniserie que le va a hacer pasar cuatro horas de reflexi\u00f3n y conocimiento de una parte de nuestra historia contemporanea.<\/p>\n<p><strong>Epilogo:<\/strong><br \/>\nEsperamos que esta nueva secci\u00f3n del blog sea de su agrado, y por supuesto estamos abiertos a cualquier sugerencia o petici\u00f3n que este en nuestro conocimiento poder recogerla y hacer el articulo correspondiente.<\/p>\n<p>Esperamos sus opiniones y comentarios, aqu\u00ed o en nuestra cuenta de twitter (@jefoce) y (@lmejino). Hasta la pr\u00f3xima<\/p>\n<p>Mikel Madinabeitia\/ Lorenzo Mejino<\/p>\n<div><\/div>\n<!-- AddThis Advanced Settings generic via filter on the_content --><!-- AddThis Share Buttons generic via filter on the_content -->","protected":false},"excerpt":{"rendered":"<p>Este lunes vamos a iniciar una nueva secci\u00f3n en el blog dedicando el primer d\u00eda de la semana a analizar series no americanas que no hayan sido estrenadas en nuestro pa\u00eds, pero que consideremos que puedan ser atractivas para muchos de ustedes y que es dif\u00edcil que podamos ver por el escaso inter\u00e9s de nuestras [&hellip;]<!-- AddThis Advanced Settings generic via filter on get_the_excerpt --><!-- AddThis Share Buttons generic via filter on get_the_excerpt --><\/p>\n","protected":false},"author":61,"featured_media":0,"comment_status":"open","ping_status":"closed","sticky":false,"template":"","format":"standard","meta":[],"categories":[28,32,17],"tags":[880,2086],"_links":{"self":[{"href":"https:\/\/blogs.diariovasco.com\/series-gourmets\/wp-json\/wp\/v2\/posts\/2070"}],"collection":[{"href":"https:\/\/blogs.diariovasco.com\/series-gourmets\/wp-json\/wp\/v2\/posts"}],"about":[{"href":"https:\/\/blogs.diariovasco.com\/series-gourmets\/wp-json\/wp\/v2\/types\/post"}],"author":[{"embeddable":true,"href":"https:\/\/blogs.diariovasco.com\/series-gourmets\/wp-json\/wp\/v2\/users\/61"}],"replies":[{"embeddable":true,"href":"https:\/\/blogs.diariovasco.com\/series-gourmets\/wp-json\/wp\/v2\/comments?post=2070"}],"version-history":[{"count":0,"href":"https:\/\/blogs.diariovasco.com\/series-gourmets\/wp-json\/wp\/v2\/posts\/2070\/revisions"}],"wp:attachment":[{"href":"https:\/\/blogs.diariovasco.com\/series-gourmets\/wp-json\/wp\/v2\/media?parent=2070"}],"wp:term":[{"taxonomy":"category","embeddable":true,"href":"https:\/\/blogs.diariovasco.com\/series-gourmets\/wp-json\/wp\/v2\/categories?post=2070"},{"taxonomy":"post_tag","embeddable":true,"href":"https:\/\/blogs.diariovasco.com\/series-gourmets\/wp-json\/wp\/v2\/tags?post=2070"}],"curies":[{"name":"wp","href":"https:\/\/api.w.org\/{rel}","templated":true}]}}