{"id":21454,"date":"2024-05-24T06:00:37","date_gmt":"2024-05-24T05:00:37","guid":{"rendered":"https:\/\/blogs.diariovasco.com\/series-gourmets\/?p=21454"},"modified":"2024-05-23T10:15:02","modified_gmt":"2024-05-23T09:15:02","slug":"the-act-amores-maternales-extremadamente-toxicos","status":"publish","type":"post","link":"https:\/\/blogs.diariovasco.com\/series-gourmets\/2024\/05\/24\/the-act-amores-maternales-extremadamente-toxicos\/","title":{"rendered":"The Act : amores maternales extremadamente t\u00f3xicos."},"content":{"rendered":"<p>Una de las tendencias m\u00e1s importantes de los \u00faltimos a\u00f1os ha sido recrear mediante series de ficci\u00f3n o documentales los cr\u00edmenes m\u00e1s abyectos y publicitados que coparon portadas y abrieron las noticias televisivas de medio mundo, generando lo que se conoce como &#8216;true crime&#8217; en el que cual se adscribe directamente &#8216;The Act&#8217; la serie que vamos a recordar y\u00a0 que sigue directamente los pasos de<a href=\"https:\/\/blogs.diariovasco.com\/series-gourmets\/2023\/08\/04\/american-crime-story-los-escandalos-mas-mediaticos-de-los-eeuu\/\"> &#8216;American Crime Story&#8217;<\/a> al explorar esa cr\u00f3nica negra estadounidense.<\/p>\n<p>&#8216;The Act&#8217; es una serie con un formato antol\u00f3gico creada por Nick Antosca ( Channel Zero) y basada en un art\u00edculo period\u00edstico de su co-creadora Michelle Dean titulado\u00a0 &#8216; Dee Dee quer\u00eda que su hija estuviera enferma, Gypsy quer\u00eda que su madre fuera asesinada&#8217;,\u00a0 nombre que resume a la perfecci\u00f3n la relaci\u00f3n t\u00f3xica que desarrolla &#8216; The Act&#8217; .<\/p>\n<p>Esta premisa queda clara desde la primera escena de la serie que nos muestra el desenlace, por otra parte extremadamente conocido en los EEUU por sus caracter\u00edsticas morbosas y que vamos analizar en la presente entrada del recuerdo.<\/p>\n<p><strong><img loading=\"lazy\" class=\"aligncenter size-full wp-image-21459\" src=\"https:\/\/static-blogs.diariovasco.com\/wp-content\/uploads\/sites\/37\/2024\/05\/general.png\" alt=\"\" width=\"735\" height=\"490\" srcset=\"https:\/\/static-blogs.diariovasco.com\/wp-content\/uploads\/sites\/37\/2024\/05\/general.png 735w, https:\/\/static-blogs.diariovasco.com\/wp-content\/uploads\/sites\/37\/2024\/05\/general-300x200.png 300w, https:\/\/static-blogs.diariovasco.com\/wp-content\/uploads\/sites\/37\/2024\/05\/general-628x419.png 628w\" sizes=\"(max-width: 735px) 100vw, 735px\" \/><\/strong><\/p>\n<p><strong>Ficha:<\/strong> The Act 8 50 min .\u00a0Mar 2019. <strong>Cadena:<\/strong> Hulu ( USA)\/ Starzplay (E), ahora ya no est\u00e1 disponible<\/p>\n<p><strong>La trama :<\/strong><br \/>\nDee Dee Blanchard vive completamente entregada a la vida de su hija Gypsy aquejada de graves problemas de salud desde su nacimiento. Esa situaci\u00f3n es aprovechada descaradamente por su madre para conseguir donaciones y ayudas para poder tratar todas las enfermedades que tiene su hija, recaudando ingentes cantidades de dinero por las buenas personas que sienten compasi\u00f3n por los sufrimientos que debe pasar la pobre Gypsy, como dejaban entrever en la primera promoci\u00f3n de Hulu.<br \/>\n<iframe loading=\"lazy\" src=\"https:\/\/www.youtube.com\/embed\/9ZzyYMUKwGs\" width=\"560\" height=\"315\" frameborder=\"0\" allowfullscreen=\"allowfullscreen\"><\/iframe><br \/>\nTras una primera escena que nos avanza el desenlace final, &#8216;The Act&#8217; rebobina e inicia su historia con la llegada de madre e hija a su nueva casa en Springfield, Missouri que les ha sido cedida como refugiadas por la devastaci\u00f3n causada por\u00a0 el hurac\u00e1n Katrina en la ciudad de Nueva Orleans de donde son originarias.<\/p>\n<p>Poco a poco vamos conociendo una relaci\u00f3n extremadamente t\u00f3xica entre la madre y la hija, por la obsesi\u00f3n de la madre en encontrarle o provocarle todo tipo de enfermedades a su hija en lo que se denomina &#8216;S\u00edndrome de Munchausen por poder&#8217;, lo que le permite generar toneladas de compasi\u00f3n y sobre todo dinero para vivir sin agobios econ\u00f3micos.<\/p>\n<p>La situaci\u00f3n estalla cuando la hija empieza a rebelarse primero de forma soterrada y luego de forma abierta para liberarse del yugo de su madre, aunque el remedio va a ser peor que la enfermedad, como nos deja muy a las claras desde el\u00a0 inicio de la serie, cuyo tr\u00e1iler pueden ver a continuaci\u00f3n.<br \/>\n<iframe loading=\"lazy\" src=\"https:\/\/www.youtube.com\/embed\/dGpvK1Q8aTw\" width=\"560\" height=\"315\" frameborder=\"0\" allowfullscreen=\"allowfullscreen\"><\/iframe><br \/>\n&#8216;The Act&#8217; es una serie muy h\u00e1bilmente construida con esos dos pilares que son un caso criminal muy publicitado y el impresionante trabajo de recreaci\u00f3n de las dos actrices principales Patricia Arquette y Joey King cambiando completamente su fisonom\u00eda de forma camale\u00f3nica para meterse en los papeles de la madre y su hija, con una de esas interpretaciones que les depararon numerosas nominaciones y premios en las ceremonias de 2019.<\/p>\n<p><img loading=\"lazy\" class=\"aligncenter size-full wp-image-21455\" src=\"https:\/\/static-blogs.diariovasco.com\/wp-content\/uploads\/sites\/37\/2024\/05\/madre-hija.jpg\" alt=\"\" width=\"912\" height=\"456\" srcset=\"https:\/\/static-blogs.diariovasco.com\/wp-content\/uploads\/sites\/37\/2024\/05\/madre-hija.jpg 912w, https:\/\/static-blogs.diariovasco.com\/wp-content\/uploads\/sites\/37\/2024\/05\/madre-hija-300x150.jpg 300w, https:\/\/static-blogs.diariovasco.com\/wp-content\/uploads\/sites\/37\/2024\/05\/madre-hija-768x384.jpg 768w, https:\/\/static-blogs.diariovasco.com\/wp-content\/uploads\/sites\/37\/2024\/05\/madre-hija-628x314.jpg 628w\" sizes=\"(max-width: 912px) 100vw, 912px\" \/><\/p>\n<p>Nunca he sido muy partidario de esas actrices atractivas y guapas que se afean y desfiguran de forma consciente, para mostrar su calidad interpretativa, pero que luego vuelven cuando quieren a su glamour habitual, porque prefiero la naturalidad de buscar alguien que se parezca m\u00e1s al personaje real ( foto inferior) que esos esfuerzos de maquillaje que no lo voy a negar venden mucho mejor promocionalmente el producto.<\/p>\n<p><img loading=\"lazy\" class=\"aligncenter size-full wp-image-21457\" src=\"https:\/\/static-blogs.diariovasco.com\/wp-content\/uploads\/sites\/37\/2024\/05\/reales.jpg\" alt=\"\" width=\"969\" height=\"546\" srcset=\"https:\/\/static-blogs.diariovasco.com\/wp-content\/uploads\/sites\/37\/2024\/05\/reales.jpg 969w, https:\/\/static-blogs.diariovasco.com\/wp-content\/uploads\/sites\/37\/2024\/05\/reales-300x169.jpg 300w, https:\/\/static-blogs.diariovasco.com\/wp-content\/uploads\/sites\/37\/2024\/05\/reales-768x433.jpg 768w, https:\/\/static-blogs.diariovasco.com\/wp-content\/uploads\/sites\/37\/2024\/05\/reales-628x354.jpg 628w\" sizes=\"(max-width: 969px) 100vw, 969px\" \/><\/p>\n<p>Mis reticencias no van tanto por el impresionante trabajo de Patricia Arquette que a su edad ya no tiene que demostrar nada y es capaz de meterse en cualquier personaje como ya hizo en<a href=\"https:\/\/blogs.diariovasco.com\/series-gourmets\/2019\/01\/23\/fuga-de-dannemora-el-thriller-carcelario-de-gran-calidad-nunca-defrauda\/\"> &#8216;Fuga de Dannemora&#8217;<\/a> sino por el caso de la joven Joey King, una popular actriz juvenil que no dudo en raparse completamente el pelo para meterse en la piel de Gypsy, en su primer papel importante para dejar el mundo de las series infantiles. De hecho el trabajo de Patricia Arquette fue recompensado con el Emmy a la mejor actriz secundaria en 2019<\/p>\n<p>La actuaci\u00f3n de Joey King me ha dejado bastante desconcertado, puesto que me gustaba mucho en las escenas que compart\u00eda con su madre en la ficci\u00f3n Patricia Arquette, que se concentran en la primera mitad de la serie.<\/p>\n<p>En cambio, en la segunda mitad de la serie, cuando tiene que tirar del carro con el atontolinado de su noviete ( un muy mediocre Callum Worthy de &#8216;American Vandal&#8217;) , tiene una cierta tendencia a la sobreactuaci\u00f3n perdiendo la mesura que ten\u00eda cuando estaba con su madre, con una valoraci\u00f3n final irregular.<\/p>\n<p><img loading=\"lazy\" class=\"aligncenter size-full wp-image-21460\" src=\"https:\/\/static-blogs.diariovasco.com\/wp-content\/uploads\/sites\/37\/2024\/05\/joey-king.jpg\" alt=\"\" width=\"1200\" height=\"675\" srcset=\"https:\/\/static-blogs.diariovasco.com\/wp-content\/uploads\/sites\/37\/2024\/05\/joey-king.jpg 1200w, https:\/\/static-blogs.diariovasco.com\/wp-content\/uploads\/sites\/37\/2024\/05\/joey-king-300x169.jpg 300w, https:\/\/static-blogs.diariovasco.com\/wp-content\/uploads\/sites\/37\/2024\/05\/joey-king-768x432.jpg 768w, https:\/\/static-blogs.diariovasco.com\/wp-content\/uploads\/sites\/37\/2024\/05\/joey-king-628x353.jpg 628w\" sizes=\"(max-width: 1200px) 100vw, 1200px\" \/>Todo lo contrario es el caso de Patricia Arquette majestuosa en todo momento y capaz de interpretar a su propio personaje con veinte a\u00f1os de diferencia, en especial en el sexto episodio, un flashback generalizado en el que verla compartir escenas con las impresionantes Margo Martindale ( Justified, The Americans) y Rhea Sehorn ( Better Call Saul) como sus familiares m\u00e1s pr\u00f3ximas era una verdadera delicia.<\/p>\n<p><img loading=\"lazy\" class=\"aligncenter size-full wp-image-21456\" src=\"https:\/\/static-blogs.diariovasco.com\/wp-content\/uploads\/sites\/37\/2024\/05\/patricia-arquette.jpg\" alt=\"\" width=\"920\" height=\"632\" srcset=\"https:\/\/static-blogs.diariovasco.com\/wp-content\/uploads\/sites\/37\/2024\/05\/patricia-arquette.jpg 920w, https:\/\/static-blogs.diariovasco.com\/wp-content\/uploads\/sites\/37\/2024\/05\/patricia-arquette-300x206.jpg 300w, https:\/\/static-blogs.diariovasco.com\/wp-content\/uploads\/sites\/37\/2024\/05\/patricia-arquette-768x528.jpg 768w, https:\/\/static-blogs.diariovasco.com\/wp-content\/uploads\/sites\/37\/2024\/05\/patricia-arquette-628x431.jpg 628w\" sizes=\"(max-width: 920px) 100vw, 920px\" \/>La evoluci\u00f3n de la serie ha ido de m\u00e1s\u00a0 a menos perdiendo bastante ritmo y fuelle en el segundo tramo de la historia conforme nos acerc\u00e1bamos al desenlace conocido por todo el mundo, d\u00e1ndome incluso la sensaci\u00f3n de que si hubieran tenido solo seis episodios en lugar de ocho, el resultado final habr\u00eda evitado muchas redundancias y sobreexplicaciones finales que nos repet\u00edan una y otra vez lo que ya hab\u00edan visto nuestros ojos.<\/p>\n<p>Al finalizar me qued\u00f3 la sensaci\u00f3n de que era una serie mucho mejor interpretada que escrita y sobre todo dirigida, con un montaje confuso y atropellado que perjudica el contexto global de\u00a0 una serie que todav\u00eda se encuentra a la espera de renovaci\u00f3n con un nuevo caso para la 2T, que por el momento no se ha llegado a materializar, casi cinco a\u00f1os despues.<\/p>\n<p>Si les encantan las ficciones de &#8216;true crime&#8217; basadas en hechos reales, se van a dar un fest\u00edn con &#8216;The Act&#8217; porque el crimen es de los morbosos y los personajes reales son verdaderamente para enmarcar. En nuestro pa\u00eds se estren\u00f3 en la extinta plataforma Starzplay, pero al ser un original de Hulu no estar\u00eda de m\u00e1s que la rescatara Disney+ para su cat\u00e1logo espa\u00f1ol por si se les pas\u00f3 el visionado en su momento.<\/p>\n<p>Para finalizar les dejo con un video donde las protagonistas comentan su forma de abordar esos personajes conocidos por casi todo el mundo en los EEUU.<br \/>\n<iframe loading=\"lazy\" src=\"https:\/\/www.youtube.com\/embed\/01FDVUym39k\" width=\"560\" height=\"315\" frameborder=\"0\" allowfullscreen=\"allowfullscreen\"><\/iframe><br \/>\nPara cualquier comentario no duden en contactarme aqu\u00ed o a trav\u00e9s de mi cuenta de twitter (@lmejino). Hasta la pr\u00f3xima<\/p>\n<p>Lorenzo Mejino<\/p>\n<!-- AddThis Advanced Settings generic via filter on the_content --><!-- AddThis Share Buttons generic via filter on the_content -->","protected":false},"excerpt":{"rendered":"<p>Una de las tendencias m\u00e1s importantes de los \u00faltimos a\u00f1os ha sido recrear mediante series de ficci\u00f3n o documentales los cr\u00edmenes m\u00e1s abyectos y publicitados que coparon portadas y abrieron las noticias televisivas de medio mundo, generando lo que se conoce como &#8216;true crime&#8217; en el que cual se adscribe directamente &#8216;The Act&#8217; la serie [&hellip;]<!-- AddThis Advanced Settings generic via filter on get_the_excerpt --><!-- AddThis Share Buttons generic via filter on get_the_excerpt --><\/p>\n","protected":false},"author":61,"featured_media":21458,"comment_status":"open","ping_status":"closed","sticky":false,"template":"","format":"standard","meta":[],"categories":[5,5829,14,16],"tags":[7884,9424,9423,9087,2117,9422],"_links":{"self":[{"href":"https:\/\/blogs.diariovasco.com\/series-gourmets\/wp-json\/wp\/v2\/posts\/21454"}],"collection":[{"href":"https:\/\/blogs.diariovasco.com\/series-gourmets\/wp-json\/wp\/v2\/posts"}],"about":[{"href":"https:\/\/blogs.diariovasco.com\/series-gourmets\/wp-json\/wp\/v2\/types\/post"}],"author":[{"embeddable":true,"href":"https:\/\/blogs.diariovasco.com\/series-gourmets\/wp-json\/wp\/v2\/users\/61"}],"replies":[{"embeddable":true,"href":"https:\/\/blogs.diariovasco.com\/series-gourmets\/wp-json\/wp\/v2\/comments?post=21454"}],"version-history":[{"count":4,"href":"https:\/\/blogs.diariovasco.com\/series-gourmets\/wp-json\/wp\/v2\/posts\/21454\/revisions"}],"predecessor-version":[{"id":21555,"href":"https:\/\/blogs.diariovasco.com\/series-gourmets\/wp-json\/wp\/v2\/posts\/21454\/revisions\/21555"}],"wp:featuredmedia":[{"embeddable":true,"href":"https:\/\/blogs.diariovasco.com\/series-gourmets\/wp-json\/wp\/v2\/media\/21458"}],"wp:attachment":[{"href":"https:\/\/blogs.diariovasco.com\/series-gourmets\/wp-json\/wp\/v2\/media?parent=21454"}],"wp:term":[{"taxonomy":"category","embeddable":true,"href":"https:\/\/blogs.diariovasco.com\/series-gourmets\/wp-json\/wp\/v2\/categories?post=21454"},{"taxonomy":"post_tag","embeddable":true,"href":"https:\/\/blogs.diariovasco.com\/series-gourmets\/wp-json\/wp\/v2\/tags?post=21454"}],"curies":[{"name":"wp","href":"https:\/\/api.w.org\/{rel}","templated":true}]}}