{"id":21613,"date":"2024-06-17T06:00:14","date_gmt":"2024-06-17T05:00:14","guid":{"rendered":"https:\/\/blogs.diariovasco.com\/series-gourmets\/?p=21613"},"modified":"2024-06-16T09:37:09","modified_gmt":"2024-06-16T08:37:09","slug":"machine-francia-ex-militar-sindicalista-y-luchadora","status":"publish","type":"post","link":"https:\/\/blogs.diariovasco.com\/series-gourmets\/2024\/06\/17\/machine-francia-ex-militar-sindicalista-y-luchadora\/","title":{"rendered":"Machine ( Francia). Ex-militar, sindicalista y luchadora"},"content":{"rendered":"<p>La proliferaci\u00f3n de festivales de series de los \u00faltimos a\u00f1os por todo el mundo con sus diferentes galardones son una magnifica herramienta para ayudarme a\u00a0 cribar entre toda la ingente producci\u00f3n mundial. Uno de los m\u00e1s importantes es el franc\u00e9s SeriesMania que se celebra cada a\u00f1o en Lille y que este a\u00f1o en su competici\u00f3n nacional ha premiado como mejor serie francesa a\u00a0 \u2018Machine\u2019.<\/p>\n<p>\u2018Machine\u2019 es una propuesta bastante extra\u00f1a, centrada en una justiciera con un pasado de lo m\u00e1s oscuro que va vagando por Francia sin rumbo alguno hasta que decide implicarse en una lucha sindical en una fabrica de lavadoras del norte de Francia, poniendo toda su experiencia militar al servicio de los trabajadores en lucha.<\/p>\n<p>El resultado es una mezcla de lucha sindicalista, peleas de arte marciales y organismos paramilitares franceses que es bastante irregular por la dificultad de combinar tres elementos tan dispares, pero que gracias a sus espectaculares escenas de acci\u00f3n se deja ver sin demasiados problemas como voy a analizar a continuaci\u00f3n.<\/p>\n<p><img loading=\"lazy\" class=\"aligncenter size-full wp-image-21618\" src=\"https:\/\/static-blogs.diariovasco.com\/wp-content\/uploads\/sites\/37\/2024\/05\/general-13.jpg\" alt=\"\" width=\"1280\" height=\"720\" srcset=\"https:\/\/static-blogs.diariovasco.com\/wp-content\/uploads\/sites\/37\/2024\/05\/general-13.jpg 1280w, https:\/\/static-blogs.diariovasco.com\/wp-content\/uploads\/sites\/37\/2024\/05\/general-13-300x169.jpg 300w, https:\/\/static-blogs.diariovasco.com\/wp-content\/uploads\/sites\/37\/2024\/05\/general-13-768x432.jpg 768w, https:\/\/static-blogs.diariovasco.com\/wp-content\/uploads\/sites\/37\/2024\/05\/general-13-628x353.jpg 628w\" sizes=\"(max-width: 1280px) 100vw, 1280px\" \/><\/p>\n<p><strong>Ficha:<\/strong> Machine (F) 6 ep 50 m mar-abr 2024 . <strong>Idioma:<\/strong> Franc\u00e9s <strong>Cadena:<\/strong> Arte (F) \/ In\u00e9dita (E)<\/p>\n<p><strong>La trama :<\/strong><\/p>\n<p>Una misteriosa joven conocida como Machine est\u00e1 siendo perseguida de forma implacable por sus antiguos jefes militares de la Direcci\u00f3n de Inteligencia y Seguridad tras haberles abandonado sin previo aviso.<\/p>\n<p>Machine intenta mantener un perfil bajo, vagando por Francia de trabajo temporal en trabajo temporal, intentando no ser localizada. En su peregrinaje llega a una peque\u00f1a ciudad del norte de Francia donde encuentra\u00a0 trabajo en la fabrica local de lavadoras que acaba de ser comprada por un gran conglomerado coreano.<\/p>\n<p>En la fabrica se hace amiga de JP ( el rapero reconvertido en actor JoeyStarr, der foto ) el l\u00edder sindical de la fabrica que intenta conocer los planes de futuro de los propietarios coreanos, ante la posible amenaza de cierre de la planta y la perdida de todos los puestos de trabajo.<\/p>\n<p><img loading=\"lazy\" class=\"aligncenter size-full wp-image-21614\" src=\"https:\/\/static-blogs.diariovasco.com\/wp-content\/uploads\/sites\/37\/2024\/05\/joey-starr.jpeg\" alt=\"\" width=\"864\" height=\"486\" srcset=\"https:\/\/static-blogs.diariovasco.com\/wp-content\/uploads\/sites\/37\/2024\/05\/joey-starr.jpeg 864w, https:\/\/static-blogs.diariovasco.com\/wp-content\/uploads\/sites\/37\/2024\/05\/joey-starr-300x169.jpeg 300w, https:\/\/static-blogs.diariovasco.com\/wp-content\/uploads\/sites\/37\/2024\/05\/joey-starr-768x432.jpeg 768w, https:\/\/static-blogs.diariovasco.com\/wp-content\/uploads\/sites\/37\/2024\/05\/joey-starr-628x353.jpeg 628w\" sizes=\"(max-width: 864px) 100vw, 864px\" \/><\/p>\n<p>Los m\u00e9todos utilizados por la gerencia no son precisamente un dechado de virtudes por lo que Machine no duda en empezar a utilizar todos sus recursos de artes marciales para enfrentarse a los sicarios de esas fuerzas del mal que quieren aplastar cualquier conato de rebeli\u00f3n sindical.<\/p>\n<p><img loading=\"lazy\" class=\"size-full wp-image-21616\" src=\"https:\/\/static-blogs.diariovasco.com\/wp-content\/uploads\/sites\/37\/2024\/05\/sindicalistas.jpg\" alt=\"\" width=\"932\" height=\"582\" srcset=\"https:\/\/static-blogs.diariovasco.com\/wp-content\/uploads\/sites\/37\/2024\/05\/sindicalistas.jpg 932w, https:\/\/static-blogs.diariovasco.com\/wp-content\/uploads\/sites\/37\/2024\/05\/sindicalistas-300x187.jpg 300w, https:\/\/static-blogs.diariovasco.com\/wp-content\/uploads\/sites\/37\/2024\/05\/sindicalistas-768x480.jpg 768w, https:\/\/static-blogs.diariovasco.com\/wp-content\/uploads\/sites\/37\/2024\/05\/sindicalistas-628x392.jpg 628w\" sizes=\"(max-width: 932px) 100vw, 932px\" \/><\/p>\n<p>Con ese planteamiento \u2018Machine\u2019 sigue las coordenadas de las historias de un forastero que aterriza en un lugar y\u00a0 decide tomar partido por los d\u00e9biles en su lucha contra los poderosos, con el factor diferencial de ser una mujer desencantada de la vida y que solo disfruta luchando, como se ve en el tr\u00e1iler de su estreno en la cadena francesa ARTE.<br \/>\n<iframe loading=\"lazy\" title=\"YouTube video player\" src=\"https:\/\/www.youtube.com\/embed\/39oT21_2I7E?si=0S5l_i791m97PHU2\" width=\"560\" height=\"315\" frameborder=\"0\" allowfullscreen=\"allowfullscreen\"><\/iframe><br \/>\nSu creador Fred Grivois ( Piste Noire) muestra de forma evidente la influencia de la pel\u00edcula \u2018Kill Bill\u2019 en especial a nivel est\u00e9tico, pero solo destaca en las espectaculares peleas y luchas de todo tipo que vamos a ir viendo en todos los episodios.<\/p>\n<p>En cambio cuando intenta ponerse m\u00e1s trascendental en el terreno de la lucha de clases y sindicalismo obrero, no pasa de plantear una serie de clich\u00e9s superficiales y muy manidos, mientras prepara la siguiente escena de acci\u00f3n, como se puede intuir del siguiente video en el que el propio Fred Grivois explica un d\u00eda de grabaci\u00f3n de \u2018Machine\u2019.<\/p>\n<p><iframe loading=\"lazy\" title=\"YouTube video player\" src=\"https:\/\/www.youtube.com\/embed\/Q3CmaQhPN-E?si=1Xv40DmkvnXTvpCv\" width=\"560\" height=\"315\" frameborder=\"0\" allowfullscreen=\"allowfullscreen\"><\/iframe><br \/>\nLa estrella absoluta de \u2018Machine\u2019 es su protagonista Margot Bancilhon, una actriz de segunda fila y relativamente poco conocida que se ha esforzado todo lo que ha podido en hacer cre\u00edble su personaje en especial desde el aspecto f\u00edsico al haber sido requerida por Fred Grivois para rodar ella misma sus escenas de acci\u00f3n con el entrenamiento que eso supone.<\/p>\n<p><img loading=\"lazy\" class=\"aligncenter size-full wp-image-21615\" src=\"https:\/\/static-blogs.diariovasco.com\/wp-content\/uploads\/sites\/37\/2024\/05\/margot-bancilhon.jpg\" alt=\"\" width=\"652\" height=\"438\" srcset=\"https:\/\/static-blogs.diariovasco.com\/wp-content\/uploads\/sites\/37\/2024\/05\/margot-bancilhon.jpg 652w, https:\/\/static-blogs.diariovasco.com\/wp-content\/uploads\/sites\/37\/2024\/05\/margot-bancilhon-300x202.jpg 300w, https:\/\/static-blogs.diariovasco.com\/wp-content\/uploads\/sites\/37\/2024\/05\/margot-bancilhon-628x422.jpg 628w\" sizes=\"(max-width: 652px) 100vw, 652px\" \/><\/p>\n<p>La gran calidad de las luchas de artes marciales en que Bancilhon se ve envuelta continuamente con coreograf\u00edas muy elaboradas con largos planos secuencia es la principal excusa para ver \u2018Machine\u2019 si alg\u00fan d\u00eda acaba siendo estrenada en nuestro pa\u00eds.<\/p>\n<p>Para finalizar les voy dejar precisamente con la entrevista que hicieron tanto a la actriz Margot Bancilhon como a su compa\u00f1ero JoeyStarr\u00a0 en el certamen SeriesMania, donde ganaron el premio a la mejor serie francesa de esta edici\u00f3n, algo que me hace dudar bastante del nivel de sus competidoras.<\/p>\n<p><iframe loading=\"lazy\" title=\"YouTube video player\" src=\"https:\/\/www.youtube.com\/embed\/T0WRYqcd5AY?si=Exu6jEmnBNQLsHNp\" width=\"560\" height=\"315\" frameborder=\"0\" allowfullscreen=\"allowfullscreen\"><\/iframe><br \/>\nPara cualquier comentario no dud\u00e9is en contactarme aqu\u00ed o a trav\u00e9s de mi cuenta de twitter (@lmejino). Hasta la pr\u00f3xima<\/p>\n<p>Lorenzo Mejino<\/p>\n<!-- AddThis Advanced Settings generic via filter on the_content --><!-- AddThis Share Buttons generic via filter on the_content -->","protected":false},"excerpt":{"rendered":"<p>La proliferaci\u00f3n de festivales de series de los \u00faltimos a\u00f1os por todo el mundo con sus diferentes galardones son una magnifica herramienta para ayudarme a\u00a0 cribar entre toda la ingente producci\u00f3n mundial. Uno de los m\u00e1s importantes es el franc\u00e9s SeriesMania que se celebra cada a\u00f1o en Lille y que este a\u00f1o en su competici\u00f3n [&hellip;]<!-- AddThis Advanced Settings generic via filter on get_the_excerpt --><!-- AddThis Share Buttons generic via filter on get_the_excerpt --><\/p>\n","protected":false},"author":61,"featured_media":21617,"comment_status":"open","ping_status":"closed","sticky":false,"template":"","format":"standard","meta":[],"categories":[2,3008,5,6203,17],"tags":[9478,9479,9476,9477],"_links":{"self":[{"href":"https:\/\/blogs.diariovasco.com\/series-gourmets\/wp-json\/wp\/v2\/posts\/21613"}],"collection":[{"href":"https:\/\/blogs.diariovasco.com\/series-gourmets\/wp-json\/wp\/v2\/posts"}],"about":[{"href":"https:\/\/blogs.diariovasco.com\/series-gourmets\/wp-json\/wp\/v2\/types\/post"}],"author":[{"embeddable":true,"href":"https:\/\/blogs.diariovasco.com\/series-gourmets\/wp-json\/wp\/v2\/users\/61"}],"replies":[{"embeddable":true,"href":"https:\/\/blogs.diariovasco.com\/series-gourmets\/wp-json\/wp\/v2\/comments?post=21613"}],"version-history":[{"count":5,"href":"https:\/\/blogs.diariovasco.com\/series-gourmets\/wp-json\/wp\/v2\/posts\/21613\/revisions"}],"predecessor-version":[{"id":21736,"href":"https:\/\/blogs.diariovasco.com\/series-gourmets\/wp-json\/wp\/v2\/posts\/21613\/revisions\/21736"}],"wp:featuredmedia":[{"embeddable":true,"href":"https:\/\/blogs.diariovasco.com\/series-gourmets\/wp-json\/wp\/v2\/media\/21617"}],"wp:attachment":[{"href":"https:\/\/blogs.diariovasco.com\/series-gourmets\/wp-json\/wp\/v2\/media?parent=21613"}],"wp:term":[{"taxonomy":"category","embeddable":true,"href":"https:\/\/blogs.diariovasco.com\/series-gourmets\/wp-json\/wp\/v2\/categories?post=21613"},{"taxonomy":"post_tag","embeddable":true,"href":"https:\/\/blogs.diariovasco.com\/series-gourmets\/wp-json\/wp\/v2\/tags?post=21613"}],"curies":[{"name":"wp","href":"https:\/\/api.w.org\/{rel}","templated":true}]}}