{"id":21712,"date":"2024-07-01T06:00:59","date_gmt":"2024-07-01T05:00:59","guid":{"rendered":"https:\/\/blogs.diariovasco.com\/series-gourmets\/?p=21712"},"modified":"2024-07-01T08:16:05","modified_gmt":"2024-07-01T07:16:05","slug":"bullshit-dinamarca-guerras-salvajes-de-bandas-moteras","status":"publish","type":"post","link":"https:\/\/blogs.diariovasco.com\/series-gourmets\/2024\/07\/01\/bullshit-dinamarca-guerras-salvajes-de-bandas-moteras\/","title":{"rendered":"Bullshit ( Dinamarca)  :  guerras salvajes de bandas moteras"},"content":{"rendered":"<p>Las historias y guerras entre bandas moteras tienen su gran referente seri\u00e9filo en la gran <a href=\"https:\/\/blogs.diariovasco.com\/series-gourmets\/2014\/12\/17\/sons-of-anarchy-la-prolongacion-de-la-familia-natural-por-otros-medios\/?ref=https%3A%2F%2Fwww.google.com%2F\">\u2018Hijos de la Anarqu\u00eda\u2019<\/a> , pero al ser unas agrupaciones extendidas por todo el mundo con muchas asociaciones locales no es de extra\u00f1ar que hayan surgido graves conflictos en otros pa\u00edses como Dinamarca que padeci\u00f3 una salvaje guerra motera en los ochenta que ha inspirado la serie \u2018Bullshit\u2019.<\/p>\n<p>Al estar inspirada en hechos reales, \u2018Bullshit\u2019 trata de reproducir el caldo de cultivo por el que se forman estas bandas moteras siguiendo la creaci\u00f3n de su propio club por parte de unos j\u00f3venes desarraigados de un suburbio de Copenhague y sus graves conflictos con las bandas ya establecidas como los todopoderosos \u2018\u00c1ngeles del Infierno\u2019.<\/p>\n<p>Esa guerra salvaje se ve reflejada con extrema violencia en \u2018Bullshit\u2019 atemperada por la historia de amor del protagonista con una joven descarriada que tambi\u00e9n busca su lugar en la vida, como vamos a analizar a continuaci\u00f3n.<\/p>\n<p><img loading=\"lazy\" class=\"aligncenter size-full wp-image-21713\" src=\"https:\/\/static-blogs.diariovasco.com\/wp-content\/uploads\/sites\/37\/2024\/06\/general-8.jpg\" alt=\"\" width=\"1200\" height=\"675\" srcset=\"https:\/\/static-blogs.diariovasco.com\/wp-content\/uploads\/sites\/37\/2024\/06\/general-8.jpg 1200w, https:\/\/static-blogs.diariovasco.com\/wp-content\/uploads\/sites\/37\/2024\/06\/general-8-300x169.jpg 300w, https:\/\/static-blogs.diariovasco.com\/wp-content\/uploads\/sites\/37\/2024\/06\/general-8-768x432.jpg 768w, https:\/\/static-blogs.diariovasco.com\/wp-content\/uploads\/sites\/37\/2024\/06\/general-8-628x353.jpg 628w\" sizes=\"(max-width: 1200px) 100vw, 1200px\" \/><\/p>\n<p><strong>Ficha:<\/strong> Bullshit 6 ep 45 min abr 2024- <strong>Cadena:<\/strong> Prime Video\/ Viaplay (DK) \/ In\u00e9dita( E)<\/p>\n<p><strong>La trama :<\/strong><\/p>\n<p>A finales de los a\u00f1os setenta, Henning es un joven bastante problem\u00e1tico cuya m\u00e1xima aspiraci\u00f3n es unirse junto a su mejor amigo Johnny a la secci\u00f3n local de \u2018Los \u00c1ngeles del Infierno\u2019, pero son rechazados sistem\u00e1ticamente por no cumplir con las condiciones y requisitos que les ponen, teniendo que salir por piernas de la forma que muestra el video.<\/p>\n<p><iframe loading=\"lazy\" title=\"YouTube video player\" src=\"https:\/\/www.youtube.com\/embed\/kLkOkYyRDDI?si=kakUkYT-NwHD8hMa\" width=\"560\" height=\"315\" frameborder=\"0\" allowfullscreen=\"allowfullscreen\"><\/iframe><br \/>\nDespechado, Henning decide formar su propio club motero centrado en el deprimido barrio de Amager, situado en el\u00a0 sur de Copenhague, para empezar sus operaciones de trapicheos y peque\u00f1os delitos desde esa zona olvidada de la capital danesa.<\/p>\n<p>En el terreno personal Henning, se enamora de la joven Pia, una chica completamente perdida en la vida tras regresar de una larga estancia hippy en Espa\u00f1a y que se ha refugiado en el barrio alternativo de Christiania, sin adaptarse tampoco al activismo pol\u00edtico que domina las comunas de Christiania.<\/p>\n<p><img loading=\"lazy\" class=\"aligncenter size-full wp-image-21716\" src=\"https:\/\/static-blogs.diariovasco.com\/wp-content\/uploads\/sites\/37\/2024\/06\/alba-august-marco-ilso.jpeg\" alt=\"\" width=\"920\" height=\"920\" srcset=\"https:\/\/static-blogs.diariovasco.com\/wp-content\/uploads\/sites\/37\/2024\/06\/alba-august-marco-ilso.jpeg 920w, https:\/\/static-blogs.diariovasco.com\/wp-content\/uploads\/sites\/37\/2024\/06\/alba-august-marco-ilso-150x150.jpeg 150w, https:\/\/static-blogs.diariovasco.com\/wp-content\/uploads\/sites\/37\/2024\/06\/alba-august-marco-ilso-300x300.jpeg 300w, https:\/\/static-blogs.diariovasco.com\/wp-content\/uploads\/sites\/37\/2024\/06\/alba-august-marco-ilso-768x768.jpeg 768w, https:\/\/static-blogs.diariovasco.com\/wp-content\/uploads\/sites\/37\/2024\/06\/alba-august-marco-ilso-628x628.jpeg 628w\" sizes=\"(max-width: 920px) 100vw, 920px\" \/><\/p>\n<p>El flechazo entre Henning y Pia es inmediato, empezando una fogosa y tormentosa historia de amor donde nada les importa excepto ellos mismos y los miembros de su club.<\/p>\n<p>Esa relaci\u00f3n no es bien recibida por sus respectivas familias, m\u00e1s por su afiliaci\u00f3n al club motero que por otros temas personales, como se puede ver en el siguiente video que muestra el frio recibimiento que tiene la pareja en una celebraci\u00f3n familiar.<br \/>\n<iframe loading=\"lazy\" title=\"YouTube video player\" src=\"https:\/\/www.youtube.com\/embed\/ZDcDqs0om_A?si=hA6oHZkyDoB_nQ2X\" width=\"560\" height=\"315\" frameborder=\"0\" allowfullscreen=\"allowfullscreen\"><\/iframe><br \/>\n\u2018Bullshit\u2019 muestra de forma cronol\u00f3gica la evoluci\u00f3n del club de moteros \u2018Bullshit\u2019 desde 1977 hasta 1983, en especial cuando entran en una guerra abierta y sin cuartel contra \u2018Los \u00c1ngeles del Infierno\u2019 con numerosas bajas y muertes por ambos bandos en una brutal escalada de violencia y represalias mutuas, sin que las autoridades pudieran hacer nada.<\/p>\n<p>Ese episodio real de las guerras moteras est\u00e1 bien documentado y su creador principal y director iran\u00ed-sueco Milad Alami ha adaptado un libro que describe con todo detalle esas salvajes guerras moteras que conmocionaron a toda Dinamarca en los a\u00f1os ochenta.<\/p>\n<p>El protagonista principal es Marco Ils\u00f8 que salt\u00f3 a la fama como el psic\u00f3pata hijo tullido de Ragnar Logbrock en las \u00faltimas temporadas de\u00a0 \u2018Vikingos\u2019 y que de nuevo repite un personaje abocado a la violencia extrema, pero sin saber como salir de ella, como una especie de h\u00e9roe de tragedia griega.<\/p>\n<p><img loading=\"lazy\" class=\"aligncenter size-full wp-image-21714\" src=\"https:\/\/static-blogs.diariovasco.com\/wp-content\/uploads\/sites\/37\/2024\/06\/MARCO-ILSO.jpg\" alt=\"\" width=\"720\" height=\"405\" srcset=\"https:\/\/static-blogs.diariovasco.com\/wp-content\/uploads\/sites\/37\/2024\/06\/MARCO-ILSO.jpg 720w, https:\/\/static-blogs.diariovasco.com\/wp-content\/uploads\/sites\/37\/2024\/06\/MARCO-ILSO-300x169.jpg 300w, https:\/\/static-blogs.diariovasco.com\/wp-content\/uploads\/sites\/37\/2024\/06\/MARCO-ILSO-628x353.jpg 628w\" sizes=\"(max-width: 720px) 100vw, 720px\" \/><\/p>\n<p>A su lado tenemos a una actriz mucho m\u00e1s popular como Alba August, un rostro conocido de numerosas series n\u00f3rdicas estrenadas en Espa\u00f1a como \u2018The Rain\u2019 o <a href=\"https:\/\/blogs.diariovasco.com\/series-gourmets\/2024\/03\/25\/ocurrio-a-orillas-del-rio-suecia-el-regreso-del-nordic-noir\/\">\u2018Ocurri\u00f3 a orillas del rio\u2019<\/a> , que interpreta con mucha solvencia a Pia, la br\u00fajula moral que necesita Henning para no perderse en sus propios demonios vengativos, pero a veces el amor no es suficiente para enderezar a una persona.<\/p>\n<p><img loading=\"lazy\" class=\"aligncenter size-full wp-image-21715\" src=\"https:\/\/static-blogs.diariovasco.com\/wp-content\/uploads\/sites\/37\/2024\/06\/pareja.jpg\" alt=\"\" width=\"730\" height=\"405\" srcset=\"https:\/\/static-blogs.diariovasco.com\/wp-content\/uploads\/sites\/37\/2024\/06\/pareja.jpg 730w, https:\/\/static-blogs.diariovasco.com\/wp-content\/uploads\/sites\/37\/2024\/06\/pareja-300x166.jpg 300w, https:\/\/static-blogs.diariovasco.com\/wp-content\/uploads\/sites\/37\/2024\/06\/pareja-628x348.jpg 628w\" sizes=\"(max-width: 730px) 100vw, 730px\" \/><\/p>\n<p>\u2018Bullshit\u2019 funciona bastante bien cuando se dedica a explorar las din\u00e1micas internas y jer\u00e1rquicas de las bandas moteras y sus\u00a0 numerosas escaramuzas violentas.<\/p>\n<p>En cambio cuando entra en la relaci\u00f3n amorosa entre los dos protagonistas y sus respectivos entornos es mucho m\u00e1s predecible e incluso contradictoria con sus comportamientos montados a la silla de la moto, claramente influenciada por \u2018Hijos de la Anarqu\u00eda\u2019 en todos los sentidos.\u00a0 En principio la miniserie es completamente cerrada, pero ya nunca descarto nada en forma de secuelas o de seguir estirando el hilo motero.<\/p>\n<p>Mi valoraci\u00f3n global es positiva por darme a conocer un episodio reciente de la historia negra danesa, apenas conocido fuera del pa\u00eds . Al\u00a0 ser una serie estrenada en la rama danesa Prime Video, no me extra\u00f1ar\u00eda que apareciera de forma clandestina, alguno de estos d\u00edas por el cat\u00e1logo espa\u00f1ol, por lo que les voy a dejar con el tr\u00e1iler de su estreno oficial en Dinamarca.<br \/>\n<iframe loading=\"lazy\" title=\"YouTube video player\" src=\"https:\/\/www.youtube.com\/embed\/LNg3-SPGwOA?si=-jYcA8MrVpKwiSwP\" width=\"560\" height=\"315\" frameborder=\"0\" allowfullscreen=\"allowfullscreen\"><\/iframe><br \/>\nPara cualquier comentario no dud\u00e9is en contactarme aqu\u00ed o a trav\u00e9s de mi cuenta de twitter (@lmejino). Hasta la pr\u00f3xima<\/p>\n<p>Lorenzo Mejino<\/p>\n<!-- AddThis Advanced Settings generic via filter on the_content --><!-- AddThis Share Buttons generic via filter on the_content -->","protected":false},"excerpt":{"rendered":"<p>Las historias y guerras entre bandas moteras tienen su gran referente seri\u00e9filo en la gran \u2018Hijos de la Anarqu\u00eda\u2019 , pero al ser unas agrupaciones extendidas por todo el mundo con muchas asociaciones locales no es de extra\u00f1ar que hayan surgido graves conflictos en otros pa\u00edses como Dinamarca que padeci\u00f3 una salvaje guerra motera en [&hellip;]<!-- AddThis Advanced Settings generic via filter on get_the_excerpt --><!-- AddThis Share Buttons generic via filter on get_the_excerpt --><\/p>\n","protected":false},"author":61,"featured_media":21717,"comment_status":"open","ping_status":"closed","sticky":false,"template":"","format":"standard","meta":[],"categories":[5,6,8,31,17],"tags":[7669,9513,9514,9515],"_links":{"self":[{"href":"https:\/\/blogs.diariovasco.com\/series-gourmets\/wp-json\/wp\/v2\/posts\/21712"}],"collection":[{"href":"https:\/\/blogs.diariovasco.com\/series-gourmets\/wp-json\/wp\/v2\/posts"}],"about":[{"href":"https:\/\/blogs.diariovasco.com\/series-gourmets\/wp-json\/wp\/v2\/types\/post"}],"author":[{"embeddable":true,"href":"https:\/\/blogs.diariovasco.com\/series-gourmets\/wp-json\/wp\/v2\/users\/61"}],"replies":[{"embeddable":true,"href":"https:\/\/blogs.diariovasco.com\/series-gourmets\/wp-json\/wp\/v2\/comments?post=21712"}],"version-history":[{"count":4,"href":"https:\/\/blogs.diariovasco.com\/series-gourmets\/wp-json\/wp\/v2\/posts\/21712\/revisions"}],"predecessor-version":[{"id":21817,"href":"https:\/\/blogs.diariovasco.com\/series-gourmets\/wp-json\/wp\/v2\/posts\/21712\/revisions\/21817"}],"wp:featuredmedia":[{"embeddable":true,"href":"https:\/\/blogs.diariovasco.com\/series-gourmets\/wp-json\/wp\/v2\/media\/21717"}],"wp:attachment":[{"href":"https:\/\/blogs.diariovasco.com\/series-gourmets\/wp-json\/wp\/v2\/media?parent=21712"}],"wp:term":[{"taxonomy":"category","embeddable":true,"href":"https:\/\/blogs.diariovasco.com\/series-gourmets\/wp-json\/wp\/v2\/categories?post=21712"},{"taxonomy":"post_tag","embeddable":true,"href":"https:\/\/blogs.diariovasco.com\/series-gourmets\/wp-json\/wp\/v2\/tags?post=21712"}],"curies":[{"name":"wp","href":"https:\/\/api.w.org\/{rel}","templated":true}]}}