{"id":21852,"date":"2024-07-22T06:00:04","date_gmt":"2024-07-22T05:00:04","guid":{"rendered":"https:\/\/blogs.diariovasco.com\/series-gourmets\/?p=21852"},"modified":"2024-07-21T09:06:32","modified_gmt":"2024-07-21T08:06:32","slug":"almas-robadas-suecia-rebuscar-en-tu-propio-pasado-desconocido","status":"publish","type":"post","link":"https:\/\/blogs.diariovasco.com\/series-gourmets\/2024\/07\/22\/almas-robadas-suecia-rebuscar-en-tu-propio-pasado-desconocido\/","title":{"rendered":"Almas robadas ( Suecia ):  rebuscar en tu propio  pasado desconocido"},"content":{"rendered":"<p>La principal fuente de inspiraci\u00f3n de muchas series escandinavas es su potente industria literaria que no para de producir cantidades ingentes de novelas de cr\u00edmenes y misterios con grandes protagonistas como la fiscal Jana Berzelius que es la hero\u00edna de una saga de novelas escritas por Emelie Schepp y ambientadas en la poco conocida ciudad sueca de Norrk\u00f6ping y que han inspirado la miniserie \u2018Almas Robadas\u2019.<\/p>\n<p>\u2018Almas Robadas\u2019 es la adaptaci\u00f3n del primer libro escrito por Emelie Schepp que fue la presentaci\u00f3n de Jana Berzelius con un titulo original en sueco mucho m\u00e1s explicito que podemos traducir por \u2018Jana. Marcada por vida\u2019 que deja bien a las claras la compleja personalidad de la protagonista.<\/p>\n<p>\u2018Almas Robadas\u2019 se inscribe claramente en el g\u00e9nero del \u2018nordic n0ir\u2019 y tiene un desarrollo que me ha parecido que va claramente de menos a m\u00e1s con un excelente tramo final donde finalmente se desata toda la tormenta que se ven\u00eda gestando durante todo su recorrido como vamos a analizar a continuaci\u00f3n.<\/p>\n<p><img loading=\"lazy\" class=\"aligncenter size-full wp-image-21854\" src=\"https:\/\/static-blogs.diariovasco.com\/wp-content\/uploads\/sites\/37\/2024\/07\/general2.png\" alt=\"\" width=\"600\" height=\"320\" srcset=\"https:\/\/static-blogs.diariovasco.com\/wp-content\/uploads\/sites\/37\/2024\/07\/general2.png 600w, https:\/\/static-blogs.diariovasco.com\/wp-content\/uploads\/sites\/37\/2024\/07\/general2-300x160.png 300w\" sizes=\"(max-width: 600px) 100vw, 600px\" \/><\/p>\n<p><strong>Ficha:<\/strong> Almas Robadas 6 ep 45 min mar 2024- <strong>Cadena:<\/strong> Prime Video (S) \/ Filmin( E)<\/p>\n<p><strong>La trama :<\/strong><\/p>\n<p>Jana Berzelius es una joven abogada que ha conseguido finalmente aprobar el acceso a la fiscal\u00eda sueca entrando como ayudante del fiscal en los Juzgados de Norrk\u00f6ping, desoyendo el consejo de su padre adoptivo que se acaba de retirar precisamente del cargo de fiscal en jefe de la ciudad portuaria sueca, situada a unos 150 km al sur de la capital Estocolmo. Un padre que no quer\u00eda que su hija siguiera sus pasos.<\/p>\n<p>En medio de la fiesta de jubilaci\u00f3n de su padre, Jana recibe la noticia de la llegada de una joven inmigrante Victoria a la costa y que necesita ser acogida y protegida. El aviso le llega\u00a0 a trav\u00e9s de su amigo Hans, el jefe del departamento de Inmigraci\u00f3n sueco, debido a\u00a0 la posible implicaci\u00f3n de mafias de tr\u00e1fico de ni\u00f1os en este caso.<\/p>\n<p>La cosa se complica cuando Hans aparece asesinado por un chaval que aparece muerto poco despu\u00e9s, descubriendo Jana en el cuerpo del chaval una marca que la relaciona con su pasado previo a su\u00a0 adopci\u00f3n por esa familia adinerada,<\/p>\n<p><img loading=\"lazy\" class=\"aligncenter size-full wp-image-21853\" src=\"https:\/\/static-blogs.diariovasco.com\/wp-content\/uploads\/sites\/37\/2024\/07\/general.jpeg\" alt=\"\" width=\"780\" height=\"520\" srcset=\"https:\/\/static-blogs.diariovasco.com\/wp-content\/uploads\/sites\/37\/2024\/07\/general.jpeg 780w, https:\/\/static-blogs.diariovasco.com\/wp-content\/uploads\/sites\/37\/2024\/07\/general-300x200.jpeg 300w, https:\/\/static-blogs.diariovasco.com\/wp-content\/uploads\/sites\/37\/2024\/07\/general-768x512.jpeg 768w, https:\/\/static-blogs.diariovasco.com\/wp-content\/uploads\/sites\/37\/2024\/07\/general-628x419.jpeg 628w\" sizes=\"(max-width: 780px) 100vw, 780px\" \/>\u2018Almas Robadas\u2019 desarrolla de forma simultanea la investigaci\u00f3n de esos asesinatos relacionados con el trafico infantil, mientras que Jana busca encontrar pistas sobre su oscuro pasado infantil del que ha borrado todo rastro de su memoria. Poco a poco va encontrando peque\u00f1as pistas que le provocan todav\u00eda mayor desasosiego, al poner gravemente en cuesti\u00f3n toda su vida hasta ese momento.<\/p>\n<p>Esas dos l\u00edneas principales dram\u00e1ticas de \u2018Almas Robadas\u2019 se ven complementadas por las relaciones familiares de Jana con sus padres adoptivos interpretados por la gran Pernille August y el veterano Johan Ulveson, as\u00ed como con su complicada hermana\u00a0 menor JoJo ( Sigrid Johnson) metida en drogas y malas compa\u00f1\u00edas.<\/p>\n<p><img loading=\"lazy\" class=\"aligncenter size-full wp-image-21857\" src=\"https:\/\/static-blogs.diariovasco.com\/wp-content\/uploads\/sites\/37\/2024\/07\/familia.jpg\" alt=\"\" width=\"3543\" height=\"2362\" srcset=\"https:\/\/static-blogs.diariovasco.com\/wp-content\/uploads\/sites\/37\/2024\/07\/familia.jpg 3543w, https:\/\/static-blogs.diariovasco.com\/wp-content\/uploads\/sites\/37\/2024\/07\/familia-300x200.jpg 300w, https:\/\/static-blogs.diariovasco.com\/wp-content\/uploads\/sites\/37\/2024\/07\/familia-768x512.jpg 768w, https:\/\/static-blogs.diariovasco.com\/wp-content\/uploads\/sites\/37\/2024\/07\/familia-628x419.jpg 628w\" sizes=\"(max-width: 3543px) 100vw, 3543px\" \/><\/p>\n<p>Como todo \u2018nordic noir\u2019 que se precie, \u2018Almas Robadas\u2019 va descubriendo poco a poco todos los misterios con muchos giros y sorpresas que van aumentando el inter\u00e9s a medida que pasan los episodios.<\/p>\n<p>El \u00e9xito literario despert\u00f3 el inter\u00e9s de la plataforma sueca Viaplay que empez\u00f3 la producci\u00f3n de la 1T, para abandonarla debido a una importante reducci\u00f3n de costes por una grave crisis financiera, siendo recogido el proyecto por la rama sueca de Amazon que la estren\u00f3 el pasado mes de marzo, con el siguiente tr\u00e1iler promocional.<br \/>\n<iframe loading=\"lazy\" title=\"YouTube video player\" src=\"https:\/\/www.youtube.com\/embed\/FPEB3XSZaL8?si=3aqNBL75Y4b14W_S\" width=\"560\" height=\"315\" frameborder=\"0\" allowfullscreen=\"allowfullscreen\"><\/iframe><br \/>\nEl protagonismo absoluto de \u2018Almas robadas\u2019 recae en la bastante desconocida joven actriz sueca Madeleine Martin que se ha entregado en cuerpo y alma al personaje de Jana Berzelius, cumpliendo correctamente, pero sin deslumbrarme por una excesiva frialdad en su interpretaci\u00f3n, incluso en los momentos m\u00e1s dram\u00e1ticos.<\/p>\n<p><img loading=\"lazy\" class=\"aligncenter size-full wp-image-21855\" src=\"https:\/\/static-blogs.diariovasco.com\/wp-content\/uploads\/sites\/37\/2024\/07\/madeleine-martin.jpg\" alt=\"\" width=\"1900\" height=\"1069\" srcset=\"https:\/\/static-blogs.diariovasco.com\/wp-content\/uploads\/sites\/37\/2024\/07\/madeleine-martin.jpg 1900w, https:\/\/static-blogs.diariovasco.com\/wp-content\/uploads\/sites\/37\/2024\/07\/madeleine-martin-300x169.jpg 300w, https:\/\/static-blogs.diariovasco.com\/wp-content\/uploads\/sites\/37\/2024\/07\/madeleine-martin-768x432.jpg 768w, https:\/\/static-blogs.diariovasco.com\/wp-content\/uploads\/sites\/37\/2024\/07\/madeleine-martin-628x353.jpg 628w\" sizes=\"(max-width: 1900px) 100vw, 1900px\" \/><\/p>\n<p>\u2018Almas robadas\u2019 me ha parecido una serie correcta y entretenida para los amantes de este tipo de misterios \u2018nordic noir\u2019 pero algo lejos de los mejores ejemplos que todos conocemos de este g\u00e9nero.\u00a0 Su mejor activo es una utilizaci\u00f3n muy inteligente de los escenarios naturales de Norrk\u00f6ping, hasta el punto que se han organizado recorridos tur\u00edsticos para conocer los escenarios reales en que se ha rodado \u2018Almas robadas\u2019 .<\/p>\n<p>Al estar disponible en Filmin, sus im\u00e1genes les pueden refrescar en plena can\u00edcula veraniega por lo que les voy a dejar con su tr\u00e1iler promocional de su estreno espa\u00f1ol.<br \/>\n<iframe loading=\"lazy\" title=\"YouTube video player\" src=\"https:\/\/www.youtube.com\/embed\/1yxsqC7o0ro?si=zNAZnZ8zWLJTTvNT\" width=\"560\" height=\"315\" frameborder=\"0\" allowfullscreen=\"allowfullscreen\"><\/iframe><\/p>\n<p>Para cualquier comentario no dud\u00e9is en contactarme aqu\u00ed o a trav\u00e9s de mi cuenta de twitter (@lmejino). Hasta la pr\u00f3xima<\/p>\n<p>Lorenzo Mejino<\/p>\n<!-- AddThis Advanced Settings generic via filter on the_content --><!-- AddThis Share Buttons generic via filter on the_content -->","protected":false},"excerpt":{"rendered":"<p>La principal fuente de inspiraci\u00f3n de muchas series escandinavas es su potente industria literaria que no para de producir cantidades ingentes de novelas de cr\u00edmenes y misterios con grandes protagonistas como la fiscal Jana Berzelius que es la hero\u00edna de una saga de novelas escritas por Emelie Schepp y ambientadas en la poco conocida ciudad [&hellip;]<!-- AddThis Advanced Settings generic via filter on get_the_excerpt --><!-- AddThis Share Buttons generic via filter on get_the_excerpt --><\/p>\n","protected":false},"author":61,"featured_media":21856,"comment_status":"open","ping_status":"closed","sticky":false,"template":"","format":"standard","meta":[],"categories":[5,10,29,12,17],"tags":[9558,9560,9562,9559,9561],"_links":{"self":[{"href":"https:\/\/blogs.diariovasco.com\/series-gourmets\/wp-json\/wp\/v2\/posts\/21852"}],"collection":[{"href":"https:\/\/blogs.diariovasco.com\/series-gourmets\/wp-json\/wp\/v2\/posts"}],"about":[{"href":"https:\/\/blogs.diariovasco.com\/series-gourmets\/wp-json\/wp\/v2\/types\/post"}],"author":[{"embeddable":true,"href":"https:\/\/blogs.diariovasco.com\/series-gourmets\/wp-json\/wp\/v2\/users\/61"}],"replies":[{"embeddable":true,"href":"https:\/\/blogs.diariovasco.com\/series-gourmets\/wp-json\/wp\/v2\/comments?post=21852"}],"version-history":[{"count":5,"href":"https:\/\/blogs.diariovasco.com\/series-gourmets\/wp-json\/wp\/v2\/posts\/21852\/revisions"}],"predecessor-version":[{"id":21958,"href":"https:\/\/blogs.diariovasco.com\/series-gourmets\/wp-json\/wp\/v2\/posts\/21852\/revisions\/21958"}],"wp:featuredmedia":[{"embeddable":true,"href":"https:\/\/blogs.diariovasco.com\/series-gourmets\/wp-json\/wp\/v2\/media\/21856"}],"wp:attachment":[{"href":"https:\/\/blogs.diariovasco.com\/series-gourmets\/wp-json\/wp\/v2\/media?parent=21852"}],"wp:term":[{"taxonomy":"category","embeddable":true,"href":"https:\/\/blogs.diariovasco.com\/series-gourmets\/wp-json\/wp\/v2\/categories?post=21852"},{"taxonomy":"post_tag","embeddable":true,"href":"https:\/\/blogs.diariovasco.com\/series-gourmets\/wp-json\/wp\/v2\/tags?post=21852"}],"curies":[{"name":"wp","href":"https:\/\/api.w.org\/{rel}","templated":true}]}}