{"id":22488,"date":"2024-10-14T06:00:49","date_gmt":"2024-10-14T05:00:49","guid":{"rendered":"https:\/\/blogs.diariovasco.com\/series-gourmets\/?p=22488"},"modified":"2024-10-13T07:55:11","modified_gmt":"2024-10-13T06:55:11","slug":"un-hombre-llamado-buho-japon-el-legendario-kuromaku-japones","status":"publish","type":"post","link":"https:\/\/blogs.diariovasco.com\/series-gourmets\/2024\/10\/14\/un-hombre-llamado-buho-japon-el-legendario-kuromaku-japones\/","title":{"rendered":"Un hombre llamado b\u00faho  (Jap\u00f3n) :  el legendario &#8216;kuromaku&#8217; japon\u00e9s."},"content":{"rendered":"<p>Los personajes de los \u2018fixers\u2019 o arreglaentuertos son de los m\u00e1s interesantes en la escena pol\u00edtica, al actuar siempre en la sombra deshaciendo problemas y grandes l\u00edos pero sin salir casi nunca a la luz. Esa figura ha inspirado series como<a href=\"https:\/\/blogs.diariovasco.com\/series-gourmets\/2013\/11\/12\/ray-donovan-en-la-mejor-tradicion-del-cine-negro-con-un-reparto-de-lujo\/?ref=https%3A%2F%2Fblogs.diariovasco.com%2F\"> \u2018Ray Donovan\u2019<\/a> o <a href=\"https:\/\/blogs.diariovasco.com\/series-gourmets\/2013\/06\/26\/scandal-el-paradigma-ideal-del-placer-inconfesable\/\">\u2018Scandal\u2019<\/a>, pero sus tareas cambian bastante seg\u00fan el pa\u00eds, como podemos comprobar en el reciente estreno japones \u2018Un hombre llamado b\u00faho\u2019 .<\/p>\n<p>\u2018Un hombre llamado b\u00faho\u2019 es la historia de un legendario \u2018fixer\u2019 o &#8216;kuromaku&#8217; japon\u00e9s que a sus setenta a\u00f1os sigue arreglando todos los problemas graves que afectan a pol\u00edticos y poderosos empresarios a cambio de unos suculentos honorarios, todo ello realizado con la m\u00e1xima discreci\u00f3n y eficacia.<\/p>\n<p>Esa visi\u00f3n de los entresijos oscuros de la pol\u00edtica japonesa nos permite conocer de primera mano, todo un mundo desconocido de costumbres ancestrales, alianzas y traiciones donde nadie se puede fiar de nadie al moverse todos al son de Ryutaru el m\u00edtico\u00a0 \u2018kuromaku&#8217;,\u00a0 un concepto japon\u00e9s que describe a los titiriteros que mueven los hilos de sus mu\u00f1ecos tras una cortina negra.<\/p>\n<p><strong><img loading=\"lazy\" class=\"aligncenter size-full wp-image-22491\" src=\"https:\/\/static-blogs.diariovasco.com\/wp-content\/uploads\/sites\/37\/2024\/09\/general-8.jpg\" alt=\"\" width=\"1280\" height=\"720\" srcset=\"https:\/\/static-blogs.diariovasco.com\/wp-content\/uploads\/sites\/37\/2024\/09\/general-8.jpg 1280w, https:\/\/static-blogs.diariovasco.com\/wp-content\/uploads\/sites\/37\/2024\/09\/general-8-300x169.jpg 300w, https:\/\/static-blogs.diariovasco.com\/wp-content\/uploads\/sites\/37\/2024\/09\/general-8-768x432.jpg 768w, https:\/\/static-blogs.diariovasco.com\/wp-content\/uploads\/sites\/37\/2024\/09\/general-8-628x353.jpg 628w\" sizes=\"(max-width: 1280px) 100vw, 1280px\" \/>Ficha:<\/strong> Un hombre llamado b\u00faho 10+ ep 45 min abr-may 2024 <strong>Cadena:<\/strong> Disney+ ( E)<\/p>\n<p><strong>La trama :<\/strong><br \/>\nRyutaru Ogami es una de las figuras mas poderosas de la pol\u00edtica japonesa a sus setenta a\u00f1os, tras d\u00e9cadas de resolver todo tipo de problemas desde la sombra m\u00e1s absoluta, consagr\u00e1ndole como el m\u00e1s eficiente \u2018kuromaku\u2019 nip\u00f3n.<\/p>\n<p>Sus servicios son requeridos tanto por la clase pol\u00edtica como por poderosos empresarios para resolver todo tipo de crisis siguiendo al pie de la letra sus instrucciones y las acciones que les aconseja. Sus resultados son de una brutal efectividad, siendo\u00a0 capaz de tapar y crear esc\u00e1ndalos a un chasquido de sus dedos y seg\u00fan le convenga a sus intereses, como muestran en el avance del estreno de \u2018Un Hombre llamado b\u00faho\u2019 .<br \/>\n<iframe loading=\"lazy\" title=\"YouTube video player\" src=\"https:\/\/www.youtube.com\/embed\/bJNwy4dHhJM?si=0FRmp4kadtoltLBb\" width=\"560\" height=\"315\" frameborder=\"0\" allowfullscreen=\"allowfullscreen\"><\/iframe><\/p>\n<p>El problema es que esas aptitudes profesionales no se trasladan al terreno familiar, al haber pasado completamente de sus tres hijos por su dedicaci\u00f3n exclusiva al trabajo, siendo su mujer la encargada de toda la intendencia familiar.<\/p>\n<p><img loading=\"lazy\" class=\"aligncenter size-full wp-image-22495\" src=\"https:\/\/static-blogs.diariovasco.com\/wp-content\/uploads\/sites\/37\/2024\/09\/familia-1.jpg\" alt=\"\" width=\"600\" height=\"338\" srcset=\"https:\/\/static-blogs.diariovasco.com\/wp-content\/uploads\/sites\/37\/2024\/09\/familia-1.jpg 600w, https:\/\/static-blogs.diariovasco.com\/wp-content\/uploads\/sites\/37\/2024\/09\/familia-1-300x169.jpg 300w\" sizes=\"(max-width: 600px) 100vw, 600px\" \/>Sus principales problemas son con su hijo Ryu, que detesta completamente la forma de actuar de su padre y que quiere arreglar las cosas siguiendo los caminos legales y correctos sin los atajos expeditivos que suele utilizar su padre.<\/p>\n<p>Esa descomposici\u00f3n familiar se complica cuando aparece muerto el hijo de un candidato a ser primer ministro japon\u00e9s, una persona con muchas conexiones con la familia Ogami, lo que la pone en el punto de mira de la opini\u00f3n p\u00fablica traicionando la primera regla del \u2018kuromaku\u2019 que es la discreci\u00f3n absoluta.<\/p>\n<p>Ante esa situaci\u00f3n, padre e hijo se van a ver obligados a luchar contra un enemigo desconocido que amenaza con destruir todo el legado que ha construido Ryutaru durante toda su vida y que le va a obligar a exprimirse a fondo para salir del atolladero.<\/p>\n<p>El protagonista esta encarnado por Min Tanaka, un legendario bailar\u00edn japon\u00e9s inmensamente venerado en Extremo Oriente, que ha realizado incursiones como actor en algunas pel\u00edculas, pero nunca hab\u00eda protagonizado una miniserie hasta encarnar a Ryutaro Ogami a sus 79 a\u00f1os.<\/p>\n<p><img loading=\"lazy\" class=\"aligncenter size-full wp-image-22493\" src=\"https:\/\/static-blogs.diariovasco.com\/wp-content\/uploads\/sites\/37\/2024\/09\/mafioso.jpg\" alt=\"\" width=\"2160\" height=\"1215\" srcset=\"https:\/\/static-blogs.diariovasco.com\/wp-content\/uploads\/sites\/37\/2024\/09\/mafioso.jpg 2160w, https:\/\/static-blogs.diariovasco.com\/wp-content\/uploads\/sites\/37\/2024\/09\/mafioso-300x169.jpg 300w, https:\/\/static-blogs.diariovasco.com\/wp-content\/uploads\/sites\/37\/2024\/09\/mafioso-768x432.jpg 768w, https:\/\/static-blogs.diariovasco.com\/wp-content\/uploads\/sites\/37\/2024\/09\/mafioso-628x353.jpg 628w\" sizes=\"(max-width: 2160px) 100vw, 2160px\" \/><\/p>\n<p>Tanaka tiene una brutal presencia esc\u00e9nica con todos sus gestos muy controlados con esa t\u00e9cnica encomiable del bailar\u00edn tradicional japon\u00e9s.<\/p>\n<p>El segundo personaje en importancia de \u2018Un hombre llamado b\u00faho\u2019 es para Mackenyu, una joven estrella japonesa que interpreta a su hijo Ryu, en lo que parece inicialmente que va a ser un enfrentamiento a cara de perro, para tener que colaborar finalmente para salvar el honor familiar.<\/p>\n<p><img loading=\"lazy\" class=\"aligncenter size-full wp-image-22492\" src=\"https:\/\/static-blogs.diariovasco.com\/wp-content\/uploads\/sites\/37\/2024\/09\/mackenyu.jpg\" alt=\"\" width=\"440\" height=\"248\" srcset=\"https:\/\/static-blogs.diariovasco.com\/wp-content\/uploads\/sites\/37\/2024\/09\/mackenyu.jpg 440w, https:\/\/static-blogs.diariovasco.com\/wp-content\/uploads\/sites\/37\/2024\/09\/mackenyu-300x169.jpg 300w\" sizes=\"(max-width: 440px) 100vw, 440px\" \/><\/p>\n<p>Mackenyu trabaja regularmente a ambos lados del Pac\u00edfico y se le ha podido ver en un papel importante en la reciente adaptaci\u00f3n en vivo de \u2018One Piece\u2019 .<\/p>\n<p>No deja de ser una lastima que las enormes posibilidades de \u2018Un hombre llamado b\u00faho\u2019 no se pongan de manifiesto hasta los dos \u00faltimos episodios donde finalmente muestra todo su potencial pol\u00edtico en lugar de tenernos semidormidos con las historias familiares de sus hijos, con la trama de la hija cantante en un lugar destacado de la estulticia narrativa.<\/p>\n<p>Mi elevada tolerancia hacia todo lo que provenga de Jap\u00f3n, hace que no pueda generalizar la recomendaci\u00f3n de \u2018Un hombre llamado b\u00faho\u2019 porque seguramente sus aciertos no le van a compensar el marasmo en que transcurre gran parte de la historia.<\/p>\n<p>De todas formas siempre lo pueden comprobar personalmente en la plataforma Disney +, por lo que les voy a dejar con el tr\u00e1iler largo de su estreno por si se quieren animar.<\/p>\n<p><iframe loading=\"lazy\" title=\"YouTube video player\" src=\"https:\/\/www.youtube.com\/embed\/DVw61mNOvW0?si=GdTGD4PFGa7LR6i3\" width=\"560\" height=\"315\" frameborder=\"0\" allowfullscreen=\"allowfullscreen\"><\/iframe><\/p>\n<p>Para cualquier comentario no dud\u00e9is en contactarme aqu\u00ed o a trav\u00e9s de mi cuenta de twitter (@lmejino). Hasta la pr\u00f3xima<\/p>\n<p>Lorenzo Mejino<\/p>\n<!-- AddThis Advanced Settings generic via filter on the_content --><!-- AddThis Share Buttons generic via filter on the_content -->","protected":false},"excerpt":{"rendered":"<p>Los personajes de los \u2018fixers\u2019 o arreglaentuertos son de los m\u00e1s interesantes en la escena pol\u00edtica, al actuar siempre en la sombra deshaciendo problemas y grandes l\u00edos pero sin salir casi nunca a la luz. Esa figura ha inspirado series como \u2018Ray Donovan\u2019 o \u2018Scandal\u2019, pero sus tareas cambian bastante seg\u00fan el pa\u00eds, como podemos [&hellip;]<!-- AddThis Advanced Settings generic via filter on get_the_excerpt --><!-- AddThis Share Buttons generic via filter on get_the_excerpt --><\/p>\n","protected":false},"author":61,"featured_media":22494,"comment_status":"open","ping_status":"closed","sticky":false,"template":"","format":"standard","meta":[],"categories":[5,6,5637,32,17],"tags":[9758,9757,9756,9755],"_links":{"self":[{"href":"https:\/\/blogs.diariovasco.com\/series-gourmets\/wp-json\/wp\/v2\/posts\/22488"}],"collection":[{"href":"https:\/\/blogs.diariovasco.com\/series-gourmets\/wp-json\/wp\/v2\/posts"}],"about":[{"href":"https:\/\/blogs.diariovasco.com\/series-gourmets\/wp-json\/wp\/v2\/types\/post"}],"author":[{"embeddable":true,"href":"https:\/\/blogs.diariovasco.com\/series-gourmets\/wp-json\/wp\/v2\/users\/61"}],"replies":[{"embeddable":true,"href":"https:\/\/blogs.diariovasco.com\/series-gourmets\/wp-json\/wp\/v2\/comments?post=22488"}],"version-history":[{"count":8,"href":"https:\/\/blogs.diariovasco.com\/series-gourmets\/wp-json\/wp\/v2\/posts\/22488\/revisions"}],"predecessor-version":[{"id":22671,"href":"https:\/\/blogs.diariovasco.com\/series-gourmets\/wp-json\/wp\/v2\/posts\/22488\/revisions\/22671"}],"wp:featuredmedia":[{"embeddable":true,"href":"https:\/\/blogs.diariovasco.com\/series-gourmets\/wp-json\/wp\/v2\/media\/22494"}],"wp:attachment":[{"href":"https:\/\/blogs.diariovasco.com\/series-gourmets\/wp-json\/wp\/v2\/media?parent=22488"}],"wp:term":[{"taxonomy":"category","embeddable":true,"href":"https:\/\/blogs.diariovasco.com\/series-gourmets\/wp-json\/wp\/v2\/categories?post=22488"},{"taxonomy":"post_tag","embeddable":true,"href":"https:\/\/blogs.diariovasco.com\/series-gourmets\/wp-json\/wp\/v2\/tags?post=22488"}],"curies":[{"name":"wp","href":"https:\/\/api.w.org\/{rel}","templated":true}]}}