{"id":22718,"date":"2024-11-08T06:00:21","date_gmt":"2024-11-08T05:00:21","guid":{"rendered":"https:\/\/blogs.diariovasco.com\/series-gourmets\/?p=22718"},"modified":"2024-11-07T09:34:02","modified_gmt":"2024-11-07T08:34:02","slug":"after-life-la-incapacidad-de-superar-la-perdida-de-un-ser-querido","status":"publish","type":"post","link":"https:\/\/blogs.diariovasco.com\/series-gourmets\/2024\/11\/08\/after-life-la-incapacidad-de-superar-la-perdida-de-un-ser-querido\/","title":{"rendered":"After life : la incapacidad de superar la perdida de un ser querido"},"content":{"rendered":"<p>Nuestro estado particular de \u00e1nimo puede tener una gran influencia en la forma que percibimos las series, como sucede con el caso de &#8216;After Life&#8217;, la historia de Tony, una persona que ten\u00eda una vida feliz y perfecta hasta que muere su mujer por c\u00e1ncer de mama, lo que le deja completamente hundido e incapaz de seguir con su vida.<\/p>\n<p>La evoluci\u00f3n de su personaje y su forma de enfocar la vida que\u00a0 oscila entre la comedia muy negra y el drama personal hace que &#8216;After Life&#8217; no sea precisamente una historia para subir los \u00e1nimos, por el tono deprimente y melanc\u00f3lico que predomina en muchos momentos de la serie. De todas maneras a pesar de mis apreciaciones personales, es una serie muy interesante si les gustan este tipo de historias tremendamente tristes y depresivas<\/p>\n<p><img loading=\"lazy\" class=\"aligncenter size-full wp-image-22724\" src=\"https:\/\/static-blogs.diariovasco.com\/wp-content\/uploads\/sites\/37\/2024\/10\/general-10.jpg\" alt=\"\" width=\"1366\" height=\"863\" srcset=\"https:\/\/static-blogs.diariovasco.com\/wp-content\/uploads\/sites\/37\/2024\/10\/general-10.jpg 1366w, https:\/\/static-blogs.diariovasco.com\/wp-content\/uploads\/sites\/37\/2024\/10\/general-10-300x190.jpg 300w, https:\/\/static-blogs.diariovasco.com\/wp-content\/uploads\/sites\/37\/2024\/10\/general-10-768x485.jpg 768w, https:\/\/static-blogs.diariovasco.com\/wp-content\/uploads\/sites\/37\/2024\/10\/general-10-628x397.jpg 628w\" sizes=\"(max-width: 1366px) 100vw, 1366px\" \/><\/p>\n<p><strong>Ficha:<\/strong> After Life 18 ep 30 min .Mar 2019 &#8211; Ene 2022 . <strong>Cadena:<\/strong> Netflix( USA)- Netflix (E)<\/p>\n<p><strong>La trama:<\/strong> Tony Johnson es un periodista que trabaja en el peri\u00f3dico gratuito local de la peque\u00f1a ciudad ficticia de Tambury, pero tras la muerte de su mujer est\u00e1 sumido en una enorme depresi\u00f3n que le hace contemplar incluso el suicidio como forma de escapar a su miseria emocional.<\/p>\n<p>Incapaz de superar esa perdida, no deja de ver videos de su mujer en estado terminal que le da consejos sobre como enfocar la vida, cuando ella ya no est\u00e9, pero Tony prefiere seguir con su autoflagelaci\u00f3n personal con la \u00fanica compa\u00f1\u00eda de su inseparable perro, que le da sus \u00fanicos momentos de alegr\u00eda.<\/p>\n<p>Sus escasos minutos de relajaci\u00f3n los tiene en un banco en el que mantiene unas largas conversaciones\u00a0 con Anne (Penelope Wilton), una viuda que se convierte en su mejor consejera ante las tribulaciones y bloqueos que le explica Tony.<\/p>\n<p><img loading=\"lazy\" class=\"aligncenter size-full wp-image-22721\" src=\"https:\/\/static-blogs.diariovasco.com\/wp-content\/uploads\/sites\/37\/2024\/10\/penelope-wilton.jpg\" alt=\"\" width=\"660\" height=\"371\" srcset=\"https:\/\/static-blogs.diariovasco.com\/wp-content\/uploads\/sites\/37\/2024\/10\/penelope-wilton.jpg 660w, https:\/\/static-blogs.diariovasco.com\/wp-content\/uploads\/sites\/37\/2024\/10\/penelope-wilton-300x169.jpg 300w, https:\/\/static-blogs.diariovasco.com\/wp-content\/uploads\/sites\/37\/2024\/10\/penelope-wilton-628x353.jpg 628w\" sizes=\"(max-width: 660px) 100vw, 660px\" \/><\/p>\n<p>&nbsp;<\/p>\n<p>Tras descartar la opci\u00f3n suicida, decide adoptar una postura muy beligerante frente a la vida, diciendo y haciendo lo que le venga en la real gana, como una especie de desaf\u00edo personal al destino que le ha sumido en semejante tristeza personal, como muestra el tr\u00e1iler de la serie.<br \/>\n<iframe loading=\"lazy\" src=\"https:\/\/www.youtube.com\/embed\/eIGGKSHMQOM\" width=\"560\" height=\"315\" frameborder=\"0\" allowfullscreen=\"allowfullscreen\"><\/iframe><\/p>\n<p>Tambury es una ciudad llena de seres bastante pintorescos que Tony va conociendo en el marco de las entrevistas que realiza para el peri\u00f3dico local que dirige su cu\u00f1ado Matt ( Tom Basden, el creador de <a href=\"https:\/\/blogs.diariovasco.com\/series-gourmets\/2023\/09\/08\/plebs-el-ska-en-tiempo-de-los-romanos\/\">&#8216;Plebs&#8217;<\/a>, centro foto) enormemente preocupado por ese &#8216;dejarse ir&#8217; de Tom en muchos aspectos de la vida.<\/p>\n<p><img loading=\"lazy\" class=\"aligncenter size-full wp-image-22722\" src=\"https:\/\/static-blogs.diariovasco.com\/wp-content\/uploads\/sites\/37\/2024\/10\/tom-basden.jpg\" alt=\"\" width=\"590\" height=\"350\" srcset=\"https:\/\/static-blogs.diariovasco.com\/wp-content\/uploads\/sites\/37\/2024\/10\/tom-basden.jpg 590w, https:\/\/static-blogs.diariovasco.com\/wp-content\/uploads\/sites\/37\/2024\/10\/tom-basden-300x178.jpg 300w\" sizes=\"(max-width: 590px) 100vw, 590px\" \/><\/p>\n<p>Ricky Gervais es el centro absoluto de la serie que sigue un poco la estela de la &#8216;cringe comedy&#8217; que desarroll\u00f3 en &#8216;Derek&#8217; , con una historia muy triste que salpica con toques de humor negro marca de la casa, pero muy espaciados y que sirven especialmente para romper el tono sombr\u00edo de la serie, que pueden ver resumido en esta recopilaci\u00f3n de tomas falsas.<br \/>\n<iframe loading=\"lazy\" src=\"https:\/\/www.youtube.com\/embed\/hraJcCDNEMk\" width=\"560\" height=\"315\" frameborder=\"0\" allowfullscreen=\"allowfullscreen\"><\/iframe><\/p>\n<p>Personalmente, prefiero el Gervais de sus primeros trabajos como &#8216;The Office&#8217; o <a href=\"https:\/\/blogs.diariovasco.com\/series-gourmets\/2018\/03\/23\/extras-ricky-gervais-y-la-industria-cinematografica\/\">&#8216;Extras&#8217;<\/a> donde la comicidad primaba sobre el drama, por eso me ha encantado reencontrarme con un peque\u00f1o papel a Ashley Jensen su inseparable compa\u00f1era en la gran &#8216;Extras&#8217; y que ahora se ha convertido en la nueva detective de \u2018Shetland\u2019.<\/p>\n<p><img loading=\"lazy\" class=\"aligncenter size-full wp-image-22720\" src=\"https:\/\/static-blogs.diariovasco.com\/wp-content\/uploads\/sites\/37\/2024\/10\/jensen.jpg\" alt=\"\" width=\"750\" height=\"445\" srcset=\"https:\/\/static-blogs.diariovasco.com\/wp-content\/uploads\/sites\/37\/2024\/10\/jensen.jpg 750w, https:\/\/static-blogs.diariovasco.com\/wp-content\/uploads\/sites\/37\/2024\/10\/jensen-300x178.jpg 300w, https:\/\/static-blogs.diariovasco.com\/wp-content\/uploads\/sites\/37\/2024\/10\/jensen-628x373.jpg 628w\" sizes=\"(max-width: 750px) 100vw, 750px\" \/><\/p>\n<p>&#8216;After Life&#8217; es un tipo de serie desconcertante que puede enamorar si puede entrar en el juego de Ricky Gervais y la enorme tristeza que arrastra su personaje, por lo que todo es cuesti\u00f3n de probarlo, aunque ya aviso que esta llena de escenas descorazonadoras como la propia Netflix ha reunido en este video<\/p>\n<p><iframe loading=\"lazy\" src=\"https:\/\/www.youtube.com\/embed\/XNuhoK1kqJ8\" width=\"560\" height=\"315\" frameborder=\"0\" allowfullscreen=\"allowfullscreen\"><\/iframe><\/p>\n<p><strong>Final :<\/strong><\/p>\n<p>En las\u00a0 dos\u00a0 temporadas siguientes Gervais fue dulcificando un poco su personaje, aunque en muchas ocasiones segu\u00eda regode\u00e1ndose en su propia compasi\u00f3n y automiseria, pero sin evolucionar demasiado a partir de la dura premisa inicial, con\u00a0 el tono que marca el tr\u00e1iler de su temporada final<br \/>\n<iframe loading=\"lazy\" title=\"YouTube video player\" src=\"https:\/\/www.youtube.com\/embed\/O8XtqsoX8iM?si=W8bPYVUACqckcRKn\" width=\"560\" height=\"315\" frameborder=\"0\" allowfullscreen=\"allowfullscreen\"><\/iframe><\/p>\n<p>Al ser una miniserie cortita y disponible en Netflix siempre pueden recuperarla o echarle un vistazo por primera vez, en especial si son fans de Ricky Gervais con la certeza que el final cierra la trayectoria personal de Tony Johnson, con un colof\u00f3n bastante lacrim\u00f3geno.<\/p>\n<p>Si desean exponer sus opiniones y comentarios, lo pueden hacer aqu\u00ed o en nuestra cuenta de twitter (@lmejino). Hasta la pr\u00f3xima<\/p>\n<p>Lorenzo Mejino<\/p>\n<!-- AddThis Advanced Settings generic via filter on the_content --><!-- AddThis Share Buttons generic via filter on the_content -->","protected":false},"excerpt":{"rendered":"<p>Nuestro estado particular de \u00e1nimo puede tener una gran influencia en la forma que percibimos las series, como sucede con el caso de &#8216;After Life&#8217;, la historia de Tony, una persona que ten\u00eda una vida feliz y perfecta hasta que muere su mujer por c\u00e1ncer de mama, lo que le deja completamente hundido e incapaz [&hellip;]<!-- AddThis Advanced Settings generic via filter on get_the_excerpt --><!-- AddThis Share Buttons generic via filter on get_the_excerpt --><\/p>\n","protected":false},"author":61,"featured_media":22723,"comment_status":"open","ping_status":"closed","sticky":false,"template":"","format":"standard","meta":[],"categories":[25,5,6,14,16],"tags":[5365,226,9828,2313,8721],"_links":{"self":[{"href":"https:\/\/blogs.diariovasco.com\/series-gourmets\/wp-json\/wp\/v2\/posts\/22718"}],"collection":[{"href":"https:\/\/blogs.diariovasco.com\/series-gourmets\/wp-json\/wp\/v2\/posts"}],"about":[{"href":"https:\/\/blogs.diariovasco.com\/series-gourmets\/wp-json\/wp\/v2\/types\/post"}],"author":[{"embeddable":true,"href":"https:\/\/blogs.diariovasco.com\/series-gourmets\/wp-json\/wp\/v2\/users\/61"}],"replies":[{"embeddable":true,"href":"https:\/\/blogs.diariovasco.com\/series-gourmets\/wp-json\/wp\/v2\/comments?post=22718"}],"version-history":[{"count":6,"href":"https:\/\/blogs.diariovasco.com\/series-gourmets\/wp-json\/wp\/v2\/posts\/22718\/revisions"}],"predecessor-version":[{"id":22847,"href":"https:\/\/blogs.diariovasco.com\/series-gourmets\/wp-json\/wp\/v2\/posts\/22718\/revisions\/22847"}],"wp:featuredmedia":[{"embeddable":true,"href":"https:\/\/blogs.diariovasco.com\/series-gourmets\/wp-json\/wp\/v2\/media\/22723"}],"wp:attachment":[{"href":"https:\/\/blogs.diariovasco.com\/series-gourmets\/wp-json\/wp\/v2\/media?parent=22718"}],"wp:term":[{"taxonomy":"category","embeddable":true,"href":"https:\/\/blogs.diariovasco.com\/series-gourmets\/wp-json\/wp\/v2\/categories?post=22718"},{"taxonomy":"post_tag","embeddable":true,"href":"https:\/\/blogs.diariovasco.com\/series-gourmets\/wp-json\/wp\/v2\/tags?post=22718"}],"curies":[{"name":"wp","href":"https:\/\/api.w.org\/{rel}","templated":true}]}}