{"id":22978,"date":"2024-12-02T06:00:59","date_gmt":"2024-12-02T05:00:59","guid":{"rendered":"https:\/\/blogs.diariovasco.com\/series-gourmets\/?p=22978"},"modified":"2024-12-01T09:53:18","modified_gmt":"2024-12-01T08:53:18","slug":"this-is-not-hollywood-italia-el-gran-crimen-y-circo-mediatico-italiano","status":"publish","type":"post","link":"https:\/\/blogs.diariovasco.com\/series-gourmets\/2024\/12\/02\/this-is-not-hollywood-italia-el-gran-crimen-y-circo-mediatico-italiano\/","title":{"rendered":"This is not Hollywood  (Italia )  : el gran crimen  y circo medi\u00e1tico italiano"},"content":{"rendered":"<p>Los cr\u00edmenes medi\u00e1ticos son un verdadero fil\u00f3n para las cadenas televisivas que empiezan con unas coberturas exhaustivas en sus noticias y magazines sobre todo lo que tenga alguna relaci\u00f3n con el caso, investigaciones, detenciones, juicios o condenas. Posteriormente llega la segunda oleada con documentales y docuseries que desgranan todos los pormenores del caso a posteriori para finalmente llegar al terreno de las series que ficcionan esos cr\u00edmenes.<\/p>\n<p>Hemos tenido ejemplos recientes de ese fen\u00f3meno con el estreno de series sobre los hermanos Men\u00e9ndez, el deportista Aaron Hern\u00e1ndez o \u2018El Caso Asunta\u2019, a las que se une el reciente estreno de la excelente miniserie italiana \u2018This is Not Hollywood\u2019 la reconstrucci\u00f3n de uno de los cr\u00edmenes que m\u00e1s expectaci\u00f3n despert\u00f3 en toda Italia en la \u00faltima d\u00e9cada, al nivel de nuestras chicas de Alc\u00e0sser o el crimen de Marta del Castillo.<\/p>\n<p>\u2018This is not Hollywood\u2019 narra la historia de una forma quir\u00fargica y huyendo de la sordidez y el morbo, centr\u00e1ndose en dos elementos principales, por un lado el enorme circo medi\u00e1tico que se mont\u00f3 en el pueblo de Avetrana tras la desaparici\u00f3n de la joven quincea\u00f1era Sarah Scazzi mientras que en paralelo vamos conociendo los pormenores de la investigaci\u00f3n del paradero de la chica desaparecida.<\/p>\n<p>Aunque no soy ning\u00fan fan\u00e1tico de los \u2018true crimes\u2019 debo reconocer que \u2018This is Not Hollywood\u2019 est\u00e1 muy\u00a0 por encima de la media habitual, al mostrarnos con gran rigor todo el circo que rode\u00f3 a esa desaparici\u00f3n, de una forma que desde el propio t\u00edtulo hollywoodiense de la serie se puede deducir.<\/p>\n<p><img loading=\"lazy\" class=\"aligncenter size-full wp-image-22979\" src=\"https:\/\/static-blogs.diariovasco.com\/wp-content\/uploads\/sites\/37\/2024\/11\/general-12.jpg\" alt=\"\" width=\"920\" height=\"690\" srcset=\"https:\/\/static-blogs.diariovasco.com\/wp-content\/uploads\/sites\/37\/2024\/11\/general-12.jpg 920w, https:\/\/static-blogs.diariovasco.com\/wp-content\/uploads\/sites\/37\/2024\/11\/general-12-300x225.jpg 300w, https:\/\/static-blogs.diariovasco.com\/wp-content\/uploads\/sites\/37\/2024\/11\/general-12-628x471.jpg 628w, https:\/\/static-blogs.diariovasco.com\/wp-content\/uploads\/sites\/37\/2024\/11\/general-12-768x576.jpg 768w\" sizes=\"(max-width: 920px) 100vw, 920px\" \/><\/p>\n<p><strong>Ficha:<\/strong> This is Not Hollywood 4 ep 45 min nov 2024 <strong>Cadena:<\/strong> Disney+ ( It\/E)<\/p>\n<p><strong>La trama :<\/strong><\/p>\n<p>En la tranquila y apacible ciudad de Avetrana de apenas 6000 habitantes y situada en el extremo sur de Italia en la provincia de Taranto, la desaparici\u00f3n de la joven quincea\u00f1era Sarah Scazzi convulsiona completamente la tranquila vida del pueblo que se va a ver invadido por hordas de periodistas sensacionalistas buscando todo tipo de morbosas exclusivas para encabezar sus noticiarios.<\/p>\n<p>La primera escena de \u2018This is not Hollywood\u2019 es toda una magn\u00edfica declaraci\u00f3n de intenciones al mostrarnos varios a\u00f1os despu\u00e9s del suceso, un recorrido tur\u00edstico por las calles del pueblo para mostrar los lugares que frecuentaba la joven Sarah, finalizando en el pozo donde fue encontrada muerta tras 42 d\u00edas desaparecida, con todo el mundo filmando y haciendo fotos como un verdadero circo con gu\u00eda tur\u00edstico<\/p>\n<p>Tras ese golpe inicial \u2018This is Not Hollywood\u2019 desarrolla en cuatro actos esa tragedia de la que ya conocemos el final, con cada episodio dedicado a uno de los cuatro personajes principales de la historia, empezando l\u00f3gicamente por el dedicado a la quincea\u00f1era Sarah ( la magn\u00edfica debutante Federica Pala) , una joven alegre y vivaracha que en el verano del a\u00f1o 2010 vive despreocupada entre su casa y la playa.<\/p>\n<p><img loading=\"lazy\" class=\"aligncenter size-full wp-image-22982\" src=\"https:\/\/static-blogs.diariovasco.com\/wp-content\/uploads\/sites\/37\/2024\/11\/sarah-scazzi.jpg\" alt=\"\" width=\"480\" height=\"270\" srcset=\"https:\/\/static-blogs.diariovasco.com\/wp-content\/uploads\/sites\/37\/2024\/11\/sarah-scazzi.jpg 480w, https:\/\/static-blogs.diariovasco.com\/wp-content\/uploads\/sites\/37\/2024\/11\/sarah-scazzi-300x169.jpg 300w\" sizes=\"(max-width: 480px) 100vw, 480px\" \/><\/p>\n<p>La madre de Sarah es una devota testigo de Jehov\u00e1, por lo que su hija prefiere estar en la compa\u00f1\u00eda de su prima y mejor amiga Sabrina ( Giulia Perulli) que vive con sus padres Michele y Cosima. Sarah suele acudir a la playa con su prima para hablar de chicos y asistir a las fiestas del pueblo.<\/p>\n<p><img loading=\"lazy\" class=\"aligncenter size-full wp-image-22983\" src=\"https:\/\/static-blogs.diariovasco.com\/wp-content\/uploads\/sites\/37\/2024\/11\/amigas.jpg\" alt=\"\" width=\"2560\" height=\"1440\" srcset=\"https:\/\/static-blogs.diariovasco.com\/wp-content\/uploads\/sites\/37\/2024\/11\/amigas.jpg 2560w, https:\/\/static-blogs.diariovasco.com\/wp-content\/uploads\/sites\/37\/2024\/11\/amigas-300x169.jpg 300w, https:\/\/static-blogs.diariovasco.com\/wp-content\/uploads\/sites\/37\/2024\/11\/amigas-628x353.jpg 628w, https:\/\/static-blogs.diariovasco.com\/wp-content\/uploads\/sites\/37\/2024\/11\/amigas-768x432.jpg 768w, https:\/\/static-blogs.diariovasco.com\/wp-content\/uploads\/sites\/37\/2024\/11\/amigas-1536x864.jpg 1536w, https:\/\/static-blogs.diariovasco.com\/wp-content\/uploads\/sites\/37\/2024\/11\/amigas-2048x1152.jpg 2048w\" sizes=\"(max-width: 2560px) 100vw, 2560px\" \/>El primer episodio finaliza con la desaparici\u00f3n inexplicable de Sarah Scazzi, para continuar en su segunda entrega con la aparici\u00f3n de los primeros buitres period\u00edsticos en busca de informaci\u00f3n privilegiada, acerc\u00e1ndose y enga\u00f1ando al c\u00edrculo m\u00e1s cercano de Sarah, para conseguir cualquier noticia para su cadena.<\/p>\n<p>El aumento del circo medi\u00e1tico va en paralelo a las investigaciones del caso con\u00a0 los tres restantes episodios dedicados a cada uno de los principales sospechosos con un circulo que se va cerrando, gracias a un excelente guion y direcci\u00f3n en su debut televisivo de Pippo Mezzapesa,\u00a0 natural de Bari y gran conocedor de esa regi\u00f3n de la Puglia del sur de Italia,\u00a0 optando por actores poco conocidos de la regi\u00f3n para darle mayor veracidad a la ficci\u00f3n.<\/p>\n<p>La descripci\u00f3n de la sociedad rural de Avetrana, ese peque\u00f1o pueblecito del sur de Italia es impresionante, desde la mimetizaci\u00f3n de su dialecto local tarantino, hasta un grupo de personas que no son precisamente los m\u00e1s listos de la regi\u00f3n como se va haciendo patente a medida que avanzan las investigaciones, en un caso m\u00e1s s\u00f3rdido y sucio por la imbecilidad de sus responsables que por los propios hechos sucedidos.<\/p>\n<p>La escalada medi\u00e1tica desborda completamente todas las previsiones montando verdaderos espect\u00e1culos en directo con los familiares de la desaparecida para alimentar el morbo del p\u00fablico a imagen y semejanza de lo que hizo Nieves Herrero con las ni\u00f1as de Alc\u00e0sser, en un todo por la audiencia verdaderamente execrable.<\/p>\n<p><img loading=\"lazy\" class=\"aligncenter size-full wp-image-22980\" src=\"https:\/\/static-blogs.diariovasco.com\/wp-content\/uploads\/sites\/37\/2024\/11\/otra.jpg\" alt=\"\" width=\"1280\" height=\"720\" srcset=\"https:\/\/static-blogs.diariovasco.com\/wp-content\/uploads\/sites\/37\/2024\/11\/otra.jpg 1280w, https:\/\/static-blogs.diariovasco.com\/wp-content\/uploads\/sites\/37\/2024\/11\/otra-300x169.jpg 300w, https:\/\/static-blogs.diariovasco.com\/wp-content\/uploads\/sites\/37\/2024\/11\/otra-628x353.jpg 628w, https:\/\/static-blogs.diariovasco.com\/wp-content\/uploads\/sites\/37\/2024\/11\/otra-768x432.jpg 768w\" sizes=\"(max-width: 1280px) 100vw, 1280px\" \/><\/p>\n<p>\u2018This is not Hollywood\u2019 opta claramente por denunciar los negocios period\u00edsticos que se crean y fomentan alrededor de esos cr\u00edmenes medi\u00e1ticos frente a unos familiares desolados y unos perpetradores que no son m\u00e1s que unos pobres desgraciados que bastante tienen con todo el peso de la ley que les va a caer encima por sus p\u00e9simas decisiones.<\/p>\n<p>Las repercusiones del caso siguen plenamente latentes en el pueblo de Avetrana hasta el punto que el propio alcalde actual presion\u00f3 y consigui\u00f3 que la rama italiana de Disney+, retirara del t\u00edtulo oficial de la miniserie el nombre de Avetrana, para dejarla \u00fanicamente en \u2018Qui non e Hollywood\u2019, que en su estreno espa\u00f1ol por razones que se me escapan han preferido ponerlo en ingl\u00e9s \u2018This is not Hollywood\u2019.<\/p>\n<p>Al tener escasamente cuatro cap\u00edtulos me consta que bastantes personas la han devorado de un tir\u00f3n ayudados por esas cuatro perspectivas diferentes de la narraci\u00f3n que acab\u00f3 con la tragedia de Sarah Scazzi, por lo que voy a finalizar el art\u00edculo con el tr\u00e1iler de esta gran sorpresa de 2024.<br \/>\n<iframe loading=\"lazy\" title=\"YouTube video player\" src=\"https:\/\/www.youtube.com\/embed\/z5AmnplXHXU?si=z0e16sA7fpxLNpg1\" width=\"560\" height=\"315\" frameborder=\"0\" allowfullscreen=\"allowfullscreen\"><\/iframe><\/p>\n<p>Para cualquier comentario no dud\u00e9is en contactarme aqu\u00ed o a trav\u00e9s de mi cuenta de twitter (@lmejino). Hasta la pr\u00f3xima<\/p>\n<p>Lorenzo Mejino<\/p>\n<!-- AddThis Advanced Settings generic via filter on the_content --><!-- AddThis Share Buttons generic via filter on the_content -->","protected":false},"excerpt":{"rendered":"<p>Los cr\u00edmenes medi\u00e1ticos son un verdadero fil\u00f3n para las cadenas televisivas que empiezan con unas coberturas exhaustivas en sus noticias y magazines sobre todo lo que tenga alguna relaci\u00f3n con el caso, investigaciones, detenciones, juicios o condenas. Posteriormente llega la segunda oleada con documentales y docuseries que desgranan todos los pormenores del caso a posteriori [&hellip;]<!-- AddThis Advanced Settings generic via filter on get_the_excerpt --><!-- AddThis Share Buttons generic via filter on get_the_excerpt --><\/p>\n","protected":false},"author":61,"featured_media":22981,"comment_status":"open","ping_status":"closed","sticky":false,"template":"","format":"standard","meta":[],"categories":[5,6,12,14,17],"tags":[9930,9927,9928,9929,9931,9926],"_links":{"self":[{"href":"https:\/\/blogs.diariovasco.com\/series-gourmets\/wp-json\/wp\/v2\/posts\/22978"}],"collection":[{"href":"https:\/\/blogs.diariovasco.com\/series-gourmets\/wp-json\/wp\/v2\/posts"}],"about":[{"href":"https:\/\/blogs.diariovasco.com\/series-gourmets\/wp-json\/wp\/v2\/types\/post"}],"author":[{"embeddable":true,"href":"https:\/\/blogs.diariovasco.com\/series-gourmets\/wp-json\/wp\/v2\/users\/61"}],"replies":[{"embeddable":true,"href":"https:\/\/blogs.diariovasco.com\/series-gourmets\/wp-json\/wp\/v2\/comments?post=22978"}],"version-history":[{"count":6,"href":"https:\/\/blogs.diariovasco.com\/series-gourmets\/wp-json\/wp\/v2\/posts\/22978\/revisions"}],"predecessor-version":[{"id":23004,"href":"https:\/\/blogs.diariovasco.com\/series-gourmets\/wp-json\/wp\/v2\/posts\/22978\/revisions\/23004"}],"wp:featuredmedia":[{"embeddable":true,"href":"https:\/\/blogs.diariovasco.com\/series-gourmets\/wp-json\/wp\/v2\/media\/22981"}],"wp:attachment":[{"href":"https:\/\/blogs.diariovasco.com\/series-gourmets\/wp-json\/wp\/v2\/media?parent=22978"}],"wp:term":[{"taxonomy":"category","embeddable":true,"href":"https:\/\/blogs.diariovasco.com\/series-gourmets\/wp-json\/wp\/v2\/categories?post=22978"},{"taxonomy":"post_tag","embeddable":true,"href":"https:\/\/blogs.diariovasco.com\/series-gourmets\/wp-json\/wp\/v2\/tags?post=22978"}],"curies":[{"name":"wp","href":"https:\/\/api.w.org\/{rel}","templated":true}]}}