{"id":23045,"date":"2024-12-24T06:00:51","date_gmt":"2024-12-24T05:00:51","guid":{"rendered":"https:\/\/blogs.diariovasco.com\/series-gourmets\/?p=23045"},"modified":"2025-01-09T11:16:32","modified_gmt":"2025-01-09T10:16:32","slug":"mis-mejores-novedades-britanicas-de-2024","status":"publish","type":"post","link":"https:\/\/blogs.diariovasco.com\/series-gourmets\/2024\/12\/24\/mis-mejores-novedades-britanicas-de-2024\/","title":{"rendered":"MIS MEJORES NOVEDADES BRIT\u00c1NICAS  DE 2024"},"content":{"rendered":"<p>Ayer empezamos\u00a0 mis listas sectoriales de las mejores series de 2024 seg\u00fan mis criterios personales e intransferibles. Como siempre tendremos cinco niveles de excelencia, Reino Unido, Espa\u00f1a, Europa, resto del Mundo y series mundiales in\u00e9ditas, para finalizar con una lista de lo peor de lo peor de lo peor del a\u00f1o. En esta segunda entrega tenemos la lista favorita para muchas personas\u00a0 con los mejores estrenos de series brit\u00e1nicas de 2024.<\/p>\n<p>En 2024 el nivel en el Reino Unido ha sido impresionante y probablemente el mejor que recuerdo en los diez a\u00f1os que llevo haciendo estas recopilaciones, por lo que finalmente he decidido ampliar la selecci\u00f3n a 30 series para no dejar fuera del tintero series muy interesantes que en a\u00f1os anteriores habr\u00edan entrado con toda seguridad en la lista, porque al fin y al cabo se trata de hacer un filtrado de lo mejor y el numero debe adaptarse a la cosecha de un a\u00f1o tan excepcional como 2024.<\/p>\n<p>La producci\u00f3n brit\u00e1nica sigue creciendo de forma exponencial con la consolidaci\u00f3n de nuevas plataformas con una brillante producci\u00f3n de series originales, en especial en el caso de Disney+ que se est\u00e1 destapando como una de las mejores en el sector de originales brit\u00e1nicos.<\/p>\n<p>Otro detalle interesante ha sido la proliferaci\u00f3n y competencia entre plataformas implantadas en Espa\u00f1a que se ha traducido en la compra de muchas m\u00e1s series brit\u00e1nicas, por lo que casi todas se han estrenado con celeridad o est\u00e1n a punto de hacerlo en nuestro pa\u00eds., con muchas de ellas ya disponibles en nuestro pa\u00eds.<\/p>\n<p>Como siempre les recuerdo que es una selecci\u00f3n de estrenos, por lo que series como las nuevas temporadas de \u2018Wolf Hall\u2019 , \u2018Extraordinary\u2019 o \u2018Slow Horses\u2019 no entran por ese criterio de estrictas novedades, d\u00e1ndose la paradoja que he tenido que crear una menci\u00f3n especial del jurado (es decir, yo) debido a que la mejor serie brit\u00e1nica del a\u00f1o no es brit\u00e1nica, por extra\u00f1o que pueda parecer.<\/p>\n<p>Como suelo comentar en todas mis listas y selecciones y m\u00e1s al ce\u00f1irme a las novedades, en este caso brit\u00e1nico no es tan importante el ranking y el orden en s\u00ed mismos, sino la divulgaci\u00f3n de los proyectos m\u00e1s interesantes que se han estrenado y que generalmente no est\u00e1n tan controlados como las series estadounidenses con mucho m\u00e1s seguimiento en las redes sociales y en las webs especializadas.<\/p>\n<p>El orden se debe estrictamente a mis criterios personales que suelen primar el entretenimiento y que haya disfrutando en grande vi\u00e9ndolas, por encima de otras consideraciones m\u00e1s art\u00edsticas que ya se recogen en muchas otras listas.<\/p>\n<p>De todas formas entre las veinte primeras pod\u00eda haber hecho la clasificaci\u00f3n por sorteo y seguramente tambi\u00e9n podr\u00eda justificarla por el elevado nivel de todas ellas, casi todas disponibles en nuestro pa\u00eds, por lo que reordenen la lista a su gusto antes de empezar a debatir sobre el orden.<\/p>\n<p>Espero que la selecci\u00f3n les proporcione algunas ideas para ver miniseries estas fiestas, por lo que pongo una breve sinopsis y el enlace al art\u00edculo correspondiente, as\u00ed como la cadena donde la pueden ver en nuestro pa\u00eds, en caso de haber sido estrenada.<\/p>\n<p>Sin m\u00e1s dilaci\u00f3n, aqu\u00ed est\u00e1 mi selecci\u00f3n exhaustiva con mis treinta novedades brit\u00e1nicas televisivas de 2024<\/p>\n<p><strong>30 ALICE AND JACK 6 EP 45 MIN FEB 2024- CADENA: CHANNEL 4 (UK) \/ FILMIN ( E)<\/strong><\/p>\n<p><img loading=\"lazy\" class=\"aligncenter size-full wp-image-23064\" src=\"https:\/\/static-blogs.diariovasco.com\/wp-content\/uploads\/sites\/37\/2024\/12\/ALICE-AND-JACK.jpg\" alt=\"\" width=\"1920\" height=\"1080\" srcset=\"https:\/\/static-blogs.diariovasco.com\/wp-content\/uploads\/sites\/37\/2024\/12\/ALICE-AND-JACK.jpg 1920w, https:\/\/static-blogs.diariovasco.com\/wp-content\/uploads\/sites\/37\/2024\/12\/ALICE-AND-JACK-300x169.jpg 300w, https:\/\/static-blogs.diariovasco.com\/wp-content\/uploads\/sites\/37\/2024\/12\/ALICE-AND-JACK-628x353.jpg 628w, https:\/\/static-blogs.diariovasco.com\/wp-content\/uploads\/sites\/37\/2024\/12\/ALICE-AND-JACK-768x432.jpg 768w, https:\/\/static-blogs.diariovasco.com\/wp-content\/uploads\/sites\/37\/2024\/12\/ALICE-AND-JACK-1536x864.jpg 1536w\" sizes=\"(max-width: 1920px) 100vw, 1920px\" \/><\/p>\n<p>Alice es una analista financiera burs\u00e1til que es una verdadera fiera en su trabajo pero una solitaria recalcitrante en su vida personal. Un d\u00eda jugueteando con una aplicaci\u00f3n de citas decide quedar con Jack un t\u00edmido y amable bioingeniero, con el que conecta de forma casi inmediata para acabar pasando la noche juntos, para separarse al d\u00eda siguiente, sin intenci\u00f3n de volverse a encontrar de nuevo.<\/p>\n<p>A pesar de esas intenciones iniciales, ese primer encuentro les marc\u00f3 a ambos, pero especialmente a Jack, completamente obsesionado por Alice y que se esfuerza al m\u00e1ximo para localizar de nuevo a Alice y retomar su historia inicial<\/p>\n<p>Con ese punto inicial \u2018Alice and Jack\u2019 desarrolla los encuentros y desencuentros de Alice con Jack a lo largo de m\u00e1s de tres lustros pero con saltos temporales importantes de a\u00f1os, durante los cuales ambos personajes han encauzando su vida por otros derroteros, pero en cuanto se encuentran de nuevo, se olvidan de todo, dinamitando sin contemplaciones todo lo que han ido construyendo por separado.<\/p>\n<blockquote class=\"wp-embedded-content\" data-secret=\"hXq2PgPbrP\"><p><a href=\"https:\/\/blogs.diariovasco.com\/series-gourmets\/2024\/03\/12\/alice-and-jack-una-relacion-intermitente-de-dieciseis-anos\/\">Alice and Jack: una relaci\u00f3n intermitente de diecis\u00e9is a\u00f1os<\/a><\/p><\/blockquote>\n<p><iframe class=\"wp-embedded-content\" sandbox=\"allow-scripts\" security=\"restricted\" style=\"position: absolute; clip: rect(1px, 1px, 1px, 1px);\" title=\"&#8220;Alice and Jack: una relaci\u00f3n intermitente de diecis\u00e9is a\u00f1os&#8221; &#8212; Series para gourmets\" src=\"https:\/\/blogs.diariovasco.com\/series-gourmets\/2024\/03\/12\/alice-and-jack-una-relacion-intermitente-de-dieciseis-anos\/embed\/#?secret=cBQCCeEIPy#?secret=hXq2PgPbrP\" data-secret=\"hXq2PgPbrP\" width=\"500\" height=\"282\" frameborder=\"0\" marginwidth=\"0\" marginheight=\"0\" scrolling=\"no\"><\/iframe><\/p>\n<p><strong>29 UN CABALLERO EN MOSC\u00da 8 EP 45 MIN MAR-MAY 2024- CADENA: PARAMOUNT+ ( UK) \/ SKYSHOWTIME (E)<\/strong><\/p>\n<p><img loading=\"lazy\" class=\"aligncenter size-full wp-image-23063\" src=\"https:\/\/static-blogs.diariovasco.com\/wp-content\/uploads\/sites\/37\/2024\/12\/A-Gentleman-in-Moscow.jpg\" alt=\"\" width=\"2560\" height=\"1440\" srcset=\"https:\/\/static-blogs.diariovasco.com\/wp-content\/uploads\/sites\/37\/2024\/12\/A-Gentleman-in-Moscow.jpg 2560w, https:\/\/static-blogs.diariovasco.com\/wp-content\/uploads\/sites\/37\/2024\/12\/A-Gentleman-in-Moscow-300x169.jpg 300w, https:\/\/static-blogs.diariovasco.com\/wp-content\/uploads\/sites\/37\/2024\/12\/A-Gentleman-in-Moscow-628x353.jpg 628w, https:\/\/static-blogs.diariovasco.com\/wp-content\/uploads\/sites\/37\/2024\/12\/A-Gentleman-in-Moscow-768x432.jpg 768w, https:\/\/static-blogs.diariovasco.com\/wp-content\/uploads\/sites\/37\/2024\/12\/A-Gentleman-in-Moscow-1536x864.jpg 1536w, https:\/\/static-blogs.diariovasco.com\/wp-content\/uploads\/sites\/37\/2024\/12\/A-Gentleman-in-Moscow-2048x1152.jpg 2048w\" sizes=\"(max-width: 2560px) 100vw, 2560px\" \/><\/p>\n<p>El conde Alexander Ilyich Rostov decide regresar a Rusia desde Paria, tras el triunfo de la revoluci\u00f3n de Octubre de 1917, pero nada m\u00e1s llegar es arrestado y juzgado por un tribunal bolchevique que en principio le condena a muerte, pero que acaba conmut\u00e1ndole la culpa por un arresto domiciliario de lujo en el \u00e1tico del lujoso Hotel Metropole de Mosc\u00fa.<\/p>\n<p>Durante las d\u00e9cadas que pasa sin poder salir de los confines del hotel, el conde Rostov va a ser testigo mudo de toda la evoluci\u00f3n del r\u00e9gimen sovi\u00e9tico con sus diferentes l\u00edderes y sus diferentes grados de tiran\u00eda y purgas de todo tipo, mientras que el conde descubre entre las paredes del hotel el valor de la amistad, la familia y el amor.<\/p>\n<p><iframe loading=\"lazy\" title=\"YouTube video player\" src=\"https:\/\/www.youtube.com\/embed\/5PpUtjfZB5g?si=4u4hGXhopntjHr7d\" width=\"560\" height=\"315\" frameborder=\"0\" allowfullscreen=\"allowfullscreen\"><\/iframe><\/p>\n<p><strong>28 SIEMPRE EL MISMO D\u00cdA 14 EP FEB 2024- CADENA: NETFLIX ( UK\/E)<\/strong><\/p>\n<p><img loading=\"lazy\" class=\"aligncenter size-full wp-image-23055\" src=\"https:\/\/static-blogs.diariovasco.com\/wp-content\/uploads\/sites\/37\/2024\/12\/siempre-el-mismo-dia.jpg\" alt=\"\" width=\"1200\" height=\"633\" srcset=\"https:\/\/static-blogs.diariovasco.com\/wp-content\/uploads\/sites\/37\/2024\/12\/siempre-el-mismo-dia.jpg 1200w, https:\/\/static-blogs.diariovasco.com\/wp-content\/uploads\/sites\/37\/2024\/12\/siempre-el-mismo-dia-300x158.jpg 300w, https:\/\/static-blogs.diariovasco.com\/wp-content\/uploads\/sites\/37\/2024\/12\/siempre-el-mismo-dia-628x331.jpg 628w, https:\/\/static-blogs.diariovasco.com\/wp-content\/uploads\/sites\/37\/2024\/12\/siempre-el-mismo-dia-768x405.jpg 768w\" sizes=\"(max-width: 1200px) 100vw, 1200px\" \/><\/p>\n<p>Emma y Dexter son dos estudiantes que se conocen en la fiesta de graduaci\u00f3n de la Universidad de Edimburgo y que a pesar de tener muy pocas cosas en com\u00fan ni a nivel de clase social ni de intereses en general, pasan una noche plat\u00f3nica conversando y hablando hasta la madrugada.<\/p>\n<p>Esa noche marca el inicio de una relaci\u00f3n intermitente entre ambos que se va a extender durante 20 a\u00f1os, con cada episodio dedicado a un d\u00eda concreto y espec\u00edfico en el que se encuentran y comparten sus vivencias durante ese periodo desde el \u00faltimo reencuentro.<\/p>\n<p>De esta forma vamos conociendo sus diferentes relaciones personales y sus progresiones laborales, con Emma lejos de su sue\u00f1o de ser una escritora famosa, mientras que Dexter\u00a0 se convierte en un presentador televisivo bastante popular y gilipollas al mismo tiempo.<\/p>\n<blockquote class=\"wp-embedded-content\" data-secret=\"cbo0FhpqV8\"><p><a href=\"https:\/\/blogs.diariovasco.com\/series-gourmets\/2024\/07\/30\/geek-girl-siempre-el-mismo-dia-algoritmos-romanticos-para-las-vacaciones\/\">Geek Girl \/ Siempre el mismo d\u00eda :  Algoritmos rom\u00e1nticos para las vacaciones<\/a><\/p><\/blockquote>\n<p><iframe class=\"wp-embedded-content\" sandbox=\"allow-scripts\" security=\"restricted\" style=\"position: absolute; clip: rect(1px, 1px, 1px, 1px);\" title=\"&#8220;Geek Girl \/ Siempre el mismo d\u00eda :  Algoritmos rom\u00e1nticos para las vacaciones&#8221; &#8212; Series para gourmets\" src=\"https:\/\/blogs.diariovasco.com\/series-gourmets\/2024\/07\/30\/geek-girl-siempre-el-mismo-dia-algoritmos-romanticos-para-las-vacaciones\/embed\/#?secret=CJ9VBp3vGI#?secret=cbo0FhpqV8\" data-secret=\"cbo0FhpqV8\" width=\"500\" height=\"282\" frameborder=\"0\" marginwidth=\"0\" marginheight=\"0\" scrolling=\"no\"><\/iframe><\/p>\n<p><strong>27 EL TATUADOR DE AUSCHWITZ 6 EP 45 MIN MAY 2024 CADENA: SKY ATLANTIC (UK) \/ MOVISTAR + (E)<\/strong><\/p>\n<p><img loading=\"lazy\" class=\"aligncenter size-full wp-image-23070\" src=\"https:\/\/static-blogs.diariovasco.com\/wp-content\/uploads\/sites\/37\/2024\/12\/EL-TATUADOR-DE-AUSCHWITZ.jpg\" alt=\"\" width=\"681\" height=\"383\" srcset=\"https:\/\/static-blogs.diariovasco.com\/wp-content\/uploads\/sites\/37\/2024\/12\/EL-TATUADOR-DE-AUSCHWITZ.jpg 681w, https:\/\/static-blogs.diariovasco.com\/wp-content\/uploads\/sites\/37\/2024\/12\/EL-TATUADOR-DE-AUSCHWITZ-300x169.jpg 300w, https:\/\/static-blogs.diariovasco.com\/wp-content\/uploads\/sites\/37\/2024\/12\/EL-TATUADOR-DE-AUSCHWITZ-628x353.jpg 628w\" sizes=\"(max-width: 681px) 100vw, 681px\" \/><\/p>\n<p>Lali Sokolof es un superviviente del campo de concentraci\u00f3n de Auschwitz que tras pasar el resto de su vida en Melbourne ( Australia) , ha decidido hacer un relato de sus memorias antes de morir, para lo que ha contactado con Heather Morris, una escritora aficionada que trabaja como enfermera, para explicarle todas sus vivencias para plasmarlas en un libro de memorias.<\/p>\n<p>\u2018El Tatuador de Auschwitz\u2019 se desarrolla en dos l\u00edneas temporales, por un lado tenemos la del presente en la que el anciano Sokolof va desgranando sus recuerdos ante la atenta escucha de Heather Morris que va tomando notas para su redacci\u00f3n posterior.<\/p>\n<p>La l\u00ednea del pasado es la vida del protagonista que empieza con un joven Lali Sokolof, trabajando en una tienda de moda de Bratislava, en la que empieza a tener problemas con los nazis eslovacos al empezar el hostigamiento de los jud\u00edos, por lo que decide a volver a su pueblo con su familia a ver si se calman las cosas, hasta que acaba siendo internado en el campo de Auschwitz<\/p>\n<blockquote class=\"wp-embedded-content\" data-secret=\"IrqSM7ce1t\"><p><a href=\"https:\/\/blogs.diariovasco.com\/series-gourmets\/2024\/06\/25\/el-tatuador-de-auschwitz-sobrevivir-al-holocausto-en-un-campo-de-concentracion\/\">El Tatuador de Auschwitz:  sobrevivir al holocausto en un campo de concentraci\u00f3n<\/a><\/p><\/blockquote>\n<p><iframe class=\"wp-embedded-content\" sandbox=\"allow-scripts\" security=\"restricted\" style=\"position: absolute; clip: rect(1px, 1px, 1px, 1px);\" title=\"&#8220;El Tatuador de Auschwitz:  sobrevivir al holocausto en un campo de concentraci\u00f3n&#8221; &#8212; Series para gourmets\" src=\"https:\/\/blogs.diariovasco.com\/series-gourmets\/2024\/06\/25\/el-tatuador-de-auschwitz-sobrevivir-al-holocausto-en-un-campo-de-concentracion\/embed\/#?secret=Q4JkiG3nZA#?secret=IrqSM7ce1t\" data-secret=\"IrqSM7ce1t\" width=\"500\" height=\"282\" frameborder=\"0\" marginwidth=\"0\" marginheight=\"0\" scrolling=\"no\"><\/iframe><\/p>\n<p><strong>26 CLEDDAU 6 EP 45 MIN OCT-NOV 2023 CADENA: S4C ( UK)\/ IN\u00c9DITA (E)<\/strong><\/p>\n<p><img loading=\"lazy\" class=\"aligncenter size-full wp-image-23068\" src=\"https:\/\/static-blogs.diariovasco.com\/wp-content\/uploads\/sites\/37\/2024\/12\/CLEDDAU.jpg\" alt=\"\" width=\"956\" height=\"538\" srcset=\"https:\/\/static-blogs.diariovasco.com\/wp-content\/uploads\/sites\/37\/2024\/12\/CLEDDAU.jpg 956w, https:\/\/static-blogs.diariovasco.com\/wp-content\/uploads\/sites\/37\/2024\/12\/CLEDDAU-300x169.jpg 300w, https:\/\/static-blogs.diariovasco.com\/wp-content\/uploads\/sites\/37\/2024\/12\/CLEDDAU-628x353.jpg 628w, https:\/\/static-blogs.diariovasco.com\/wp-content\/uploads\/sites\/37\/2024\/12\/CLEDDAU-768x432.jpg 768w\" sizes=\"(max-width: 956px) 100vw, 956px\" \/><\/p>\n<p>El descubrimiento del cuerpo de una enfermera en el bosque de la regi\u00f3n de Pembroke en el suroeste de Gales, tiene reminiscencias de un caso resuelto de asesinatos hist\u00f3ricos sucedido hace doce a\u00f1os y que fue cerrado con un culpable condenado<\/p>\n<p>Las autoridades policiales temen que se trate de un imitador por lo que piden el traslado desde Cardiff de la antigua detective encargada del caso, Ffion Lloyd, para que dirija la investigaci\u00f3n a pesar de la objeci\u00f3n del sargento Rick Sheldon.<\/p>\n<p>Ffion y Rick trabajaron juntos en el caso del pasado pero tambi\u00e9n mantuvieron una relaci\u00f3n bastante seria, que ambos hab\u00edan dejado atr\u00e1s. Ahora, de nuevo trabajando juntos, intentan descubrir si se trata de un asesinato por violencia dom\u00e9stica o algo m\u00e1s oscuro, en nuestra representante de la lengua galesa de la selecci\u00f3n de 2024.<\/p>\n<blockquote class=\"wp-embedded-content\" data-secret=\"wRZ5YkdZMI\"><p><a href=\"https:\/\/blogs.diariovasco.com\/series-gourmets\/2025\/01\/09\/cleddau-asesino-en-serie-en-los-bosques-galeses\/\">Cleddau :  asesino en serie en los bosques galeses<\/a><\/p><\/blockquote>\n<p><iframe class=\"wp-embedded-content\" sandbox=\"allow-scripts\" security=\"restricted\" style=\"position: absolute; clip: rect(1px, 1px, 1px, 1px);\" title=\"&#8220;Cleddau :  asesino en serie en los bosques galeses&#8221; &#8212; Series para gourmets\" src=\"https:\/\/blogs.diariovasco.com\/series-gourmets\/2025\/01\/09\/cleddau-asesino-en-serie-en-los-bosques-galeses\/embed\/#?secret=iIRmlC0znZ#?secret=wRZ5YkdZMI\" data-secret=\"wRZ5YkdZMI\" width=\"500\" height=\"282\" frameborder=\"0\" marginwidth=\"0\" marginheight=\"0\" scrolling=\"no\"><\/iframe><\/p>\n<p><strong>25 WE MIGHT REGRET THIS 6 EP 28 MIN AGO 2024- CADENA : BBC TWO (UK) \/ IN\u00c9DITA ( E)<\/strong><\/p>\n<p><img loading=\"lazy\" class=\"aligncenter size-full wp-image-23060\" src=\"https:\/\/static-blogs.diariovasco.com\/wp-content\/uploads\/sites\/37\/2024\/12\/WE-MIGHT-REGRET-THIS.jpg\" alt=\"\" width=\"1200\" height=\"675\" srcset=\"https:\/\/static-blogs.diariovasco.com\/wp-content\/uploads\/sites\/37\/2024\/12\/WE-MIGHT-REGRET-THIS.jpg 1200w, https:\/\/static-blogs.diariovasco.com\/wp-content\/uploads\/sites\/37\/2024\/12\/WE-MIGHT-REGRET-THIS-300x169.jpg 300w, https:\/\/static-blogs.diariovasco.com\/wp-content\/uploads\/sites\/37\/2024\/12\/WE-MIGHT-REGRET-THIS-628x353.jpg 628w, https:\/\/static-blogs.diariovasco.com\/wp-content\/uploads\/sites\/37\/2024\/12\/WE-MIGHT-REGRET-THIS-768x432.jpg 768w\" sizes=\"(max-width: 1200px) 100vw, 1200px\" \/><\/p>\n<p>Freya es una artista tetrapl\u00e9jica canadiense que se ha mudado a Londres para vivir con su pareja Abe, un abogado cincuent\u00f3n y divorciado con el que ha establecido una gran conexi\u00f3n a todos los niveles.<\/p>\n<p>La condici\u00f3n de Freya le obliga a tener una asistente personal 24 horas al d\u00eda, una tarea que es dif\u00edcil de cubrir por lo que cuando Freya acaba despidiendo a su \u00faltima asistente, la atolondrada y metomentodo Ty, acaba convenciendo a su mejor amiga Jo, que se ha presentado de repente en su casa, para que se convierta en su nueva ayudante personal.<\/p>\n<p>La vida de Freya es bastante ca\u00f3tica, intentando alternar sus aspiraciones de artista con trabajos que le permitan pagar las facturas de forma regular como hacer de modelo discapacitada para determinadas campa\u00f1as publicitarias.<\/p>\n<blockquote class=\"wp-embedded-content\" data-secret=\"nCHATC12nw\"><p><a href=\"https:\/\/blogs.diariovasco.com\/series-gourmets\/2024\/09\/10\/we-might-regret-this-la-caotica-vida-de-una-tetraplejica\/\">We Might Regret This  :  la ca\u00f3tica vida de una tetrapl\u00e9jica<\/a><\/p><\/blockquote>\n<p><iframe class=\"wp-embedded-content\" sandbox=\"allow-scripts\" security=\"restricted\" style=\"position: absolute; clip: rect(1px, 1px, 1px, 1px);\" title=\"&#8220;We Might Regret This  :  la ca\u00f3tica vida de una tetrapl\u00e9jica&#8221; &#8212; Series para gourmets\" src=\"https:\/\/blogs.diariovasco.com\/series-gourmets\/2024\/09\/10\/we-might-regret-this-la-caotica-vida-de-una-tetraplejica\/embed\/#?secret=j4v0CSPZu3#?secret=nCHATC12nw\" data-secret=\"nCHATC12nw\" width=\"500\" height=\"282\" frameborder=\"0\" marginwidth=\"0\" marginheight=\"0\" scrolling=\"no\"><\/iframe><\/p>\n<p><strong>24 AMBICI\u00d3N Y MENTIRAS 6 EP 45 MIN MAY 2024- CADENA:CHANNEL 4 (UK) \/ MOVISTAR PLUS ( E)<\/strong><\/p>\n<p><img loading=\"lazy\" class=\"aligncenter size-full wp-image-23065\" src=\"https:\/\/static-blogs.diariovasco.com\/wp-content\/uploads\/sites\/37\/2024\/12\/ambicion-y-mentiras.jpg\" alt=\"\" width=\"660\" height=\"495\" srcset=\"https:\/\/static-blogs.diariovasco.com\/wp-content\/uploads\/sites\/37\/2024\/12\/ambicion-y-mentiras.jpg 660w, https:\/\/static-blogs.diariovasco.com\/wp-content\/uploads\/sites\/37\/2024\/12\/ambicion-y-mentiras-300x225.jpg 300w, https:\/\/static-blogs.diariovasco.com\/wp-content\/uploads\/sites\/37\/2024\/12\/ambicion-y-mentiras-628x471.jpg 628w\" sizes=\"(max-width: 660px) 100vw, 660px\" \/>Kelly Deacon es una joven promesa de la gimnasia que es agredida en una \u2018rave\u2019 o fiesta juvenil celebrada en el peque\u00f1o islote de Hilbre frente a la costa de Liverpool, un lugar que solo es accesible en la marea baja.<\/p>\n<p>La primera escena nos muestra la agresi\u00f3n que sufre Kelly a manos de un desconocido que la sumerge en el agua y poco despu\u00e9s se nos informa que ha aparecido inconsciente y en grave estado en la costa a mas de un kil\u00f3metro de distancia.<\/p>\n<p>Sus circunstancias personales son complicadas, al haber perdido a su madre y pasar bastantes penurias econ\u00f3micas, a pesar de que su padre se desloma trabajando para conseguir costearle las elevadas cuotas del gimnasio privado.<\/p>\n<blockquote class=\"wp-embedded-content\" data-secret=\"uRMH7ckzRo\"><p><a href=\"https:\/\/blogs.diariovasco.com\/series-gourmets\/2024\/06\/11\/the-gathering-una-fiesta-juvenil-con-un-misterio-inescrutable\/\">The Gathering : una fiesta juvenil con un  misterio inescrutable<\/a><\/p><\/blockquote>\n<p><iframe class=\"wp-embedded-content\" sandbox=\"allow-scripts\" security=\"restricted\" style=\"position: absolute; clip: rect(1px, 1px, 1px, 1px);\" title=\"&#8220;The Gathering : una fiesta juvenil con un  misterio inescrutable&#8221; &#8212; Series para gourmets\" src=\"https:\/\/blogs.diariovasco.com\/series-gourmets\/2024\/06\/11\/the-gathering-una-fiesta-juvenil-con-un-misterio-inescrutable\/embed\/#?secret=SPdyqACwzA#?secret=uRMH7ckzRo\" data-secret=\"uRMH7ckzRo\" width=\"500\" height=\"282\" frameborder=\"0\" marginwidth=\"0\" marginheight=\"0\" scrolling=\"no\"><\/iframe><\/p>\n<p><strong>23 MR LOVERMAN 8 EPISODIOS. 30 M OCT-NOV 2022 CADENA: BBCONE ( UK) \u2013 IN\u00c9DITA ( E)<\/strong><\/p>\n<p><img loading=\"lazy\" class=\"aligncenter size-full wp-image-23046\" src=\"https:\/\/static-blogs.diariovasco.com\/wp-content\/uploads\/sites\/37\/2024\/12\/mr-loverman.jpg\" alt=\"\" width=\"1920\" height=\"1080\" srcset=\"https:\/\/static-blogs.diariovasco.com\/wp-content\/uploads\/sites\/37\/2024\/12\/mr-loverman.jpg 1920w, https:\/\/static-blogs.diariovasco.com\/wp-content\/uploads\/sites\/37\/2024\/12\/mr-loverman-300x169.jpg 300w, https:\/\/static-blogs.diariovasco.com\/wp-content\/uploads\/sites\/37\/2024\/12\/mr-loverman-628x353.jpg 628w, https:\/\/static-blogs.diariovasco.com\/wp-content\/uploads\/sites\/37\/2024\/12\/mr-loverman-768x432.jpg 768w, https:\/\/static-blogs.diariovasco.com\/wp-content\/uploads\/sites\/37\/2024\/12\/mr-loverman-1536x864.jpg 1536w\" sizes=\"(max-width: 1920px) 100vw, 1920px\" \/><\/p>\n<p>Barrington ( Barry) Walker lleva cincuenta a\u00f1os casado con su devota mujer Carmel, con la que ha tenido dos preciosas hijas Maxine y Donna, completando el n\u00facleo familiar el hijo adolescente de Maxine, Daniel.<\/p>\n<p>Los dos c\u00f3nyuges se conocieron en su isla natal de Antigua de donde emigraron para formar una familia en Londres, pero desde su adolescencia caribe\u00f1a, Barry ha sabido que era homosexual, manteniendo una relaci\u00f3n amorosa con su mejor amigo Morris.<\/p>\n<p>\u2018Mr Loverman\u2019 muestra esa relaci\u00f3n, desde el momento que un jubilado Barry empieza a plantearse acabar con esa mentira de su vida y declarar su verdadera condici\u00f3n sexual a su familia para poder vivir el resto de su vida con Morris, pero no le va a ser nada f\u00e1cil, por el miedo que tiene a la reacci\u00f3n de su mujer y sus hijas que lo tiene bloqueado.<\/p>\n<blockquote class=\"wp-embedded-content\" data-secret=\"KyTHBRl2xe\"><p><a href=\"https:\/\/blogs.diariovasco.com\/series-gourmets\/2024\/11\/26\/mr-loverman-medio-siglo-en-el-armario\/\">Mr Loverman :  medio siglo en el armario<\/a><\/p><\/blockquote>\n<p><iframe class=\"wp-embedded-content\" sandbox=\"allow-scripts\" security=\"restricted\" style=\"position: absolute; clip: rect(1px, 1px, 1px, 1px);\" title=\"&#8220;Mr Loverman :  medio siglo en el armario&#8221; &#8212; Series para gourmets\" src=\"https:\/\/blogs.diariovasco.com\/series-gourmets\/2024\/11\/26\/mr-loverman-medio-siglo-en-el-armario\/embed\/#?secret=NKb5Uxb6RI#?secret=KyTHBRl2xe\" data-secret=\"KyTHBRl2xe\" width=\"500\" height=\"282\" frameborder=\"0\" marginwidth=\"0\" marginheight=\"0\" scrolling=\"no\"><\/iframe><\/p>\n<p><strong>22 THE GENTLEMEN 8 EP 50M MAR 2024 \u2013 CADENA: NETFLIX (E)<\/strong><\/p>\n<p><img loading=\"lazy\" class=\"aligncenter size-full wp-image-23057\" src=\"https:\/\/static-blogs.diariovasco.com\/wp-content\/uploads\/sites\/37\/2024\/12\/THE-GENTLEMEN.jpg\" alt=\"\" width=\"1280\" height=\"720\" srcset=\"https:\/\/static-blogs.diariovasco.com\/wp-content\/uploads\/sites\/37\/2024\/12\/THE-GENTLEMEN.jpg 1280w, https:\/\/static-blogs.diariovasco.com\/wp-content\/uploads\/sites\/37\/2024\/12\/THE-GENTLEMEN-300x169.jpg 300w, https:\/\/static-blogs.diariovasco.com\/wp-content\/uploads\/sites\/37\/2024\/12\/THE-GENTLEMEN-628x353.jpg 628w, https:\/\/static-blogs.diariovasco.com\/wp-content\/uploads\/sites\/37\/2024\/12\/THE-GENTLEMEN-768x432.jpg 768w\" sizes=\"(max-width: 1280px) 100vw, 1280px\" \/><\/p>\n<p>Eddie Horniman, el segundo hijo del duque de Halstead, es un oficial del ejercito brit\u00e1nico que forma parte de las fuerzas de paz de las Naciones Unidas estacionadas en la frontera de Turqu\u00eda con Siria. Tras comunicarle que su padre est\u00e1 moribundo regresa urgentemente a la mansi\u00f3n familiar para acompa\u00f1arle en su lecho de muerte.<\/p>\n<p>La sorpresa llega cuando en la lectura de su testamento, descubre que su padre le ha nombrado heredero de todas sus posesiones y del titulo de duque de Halstead, pasando por delante de su hermano primog\u00e9nito Freddy, un irresponsable cantama\u00f1anas que no recibe de buen grado la noticia de su desheredamiento.<\/p>\n<p>Los problemas empiezan cuando Freddy le confiesa a Eddie que tiene una deuda millonaria de juego con un gangster de Liverpool que amenaza con liquidarlo por lo que van a tener que buscar soluciones imaginativas para resolver el problema, hasta que descubre un secreto oculto de su padre que puede resolver la situaci\u00f3n, aunque la soluci\u00f3n puede ser peor que el problema.<\/p>\n<blockquote class=\"wp-embedded-content\" data-secret=\"QE8FGuJopZ\"><p><a href=\"https:\/\/blogs.diariovasco.com\/series-gourmets\/2024\/05\/01\/the-gentlemen-negocios-turbios-entre-aristocratas-y-mafiosos\/\">The Gentlemen : negocios turbios entre arist\u00f3cratas y mafiosos<\/a><\/p><\/blockquote>\n<p><iframe class=\"wp-embedded-content\" sandbox=\"allow-scripts\" security=\"restricted\" style=\"position: absolute; clip: rect(1px, 1px, 1px, 1px);\" title=\"&#8220;The Gentlemen : negocios turbios entre arist\u00f3cratas y mafiosos&#8221; &#8212; Series para gourmets\" src=\"https:\/\/blogs.diariovasco.com\/series-gourmets\/2024\/05\/01\/the-gentlemen-negocios-turbios-entre-aristocratas-y-mafiosos\/embed\/#?secret=73uXO1JvRJ#?secret=QE8FGuJopZ\" data-secret=\"QE8FGuJopZ\" width=\"500\" height=\"282\" frameborder=\"0\" marginwidth=\"0\" marginheight=\"0\" scrolling=\"no\"><\/iframe><\/p>\n<p><strong>21 REBUS 6+ EP 45 MIN MAY 2024- CADENA: BBC ONE (UK) \/22\/01\/ 2025 en MOVISTAR PLUS ( E)<\/strong><\/p>\n<p><img loading=\"lazy\" class=\"aligncenter size-full wp-image-23051\" src=\"https:\/\/static-blogs.diariovasco.com\/wp-content\/uploads\/sites\/37\/2024\/12\/REBUS.jpg\" alt=\"\" width=\"1280\" height=\"720\" srcset=\"https:\/\/static-blogs.diariovasco.com\/wp-content\/uploads\/sites\/37\/2024\/12\/REBUS.jpg 1280w, https:\/\/static-blogs.diariovasco.com\/wp-content\/uploads\/sites\/37\/2024\/12\/REBUS-300x169.jpg 300w, https:\/\/static-blogs.diariovasco.com\/wp-content\/uploads\/sites\/37\/2024\/12\/REBUS-628x353.jpg 628w, https:\/\/static-blogs.diariovasco.com\/wp-content\/uploads\/sites\/37\/2024\/12\/REBUS-768x432.jpg 768w\" sizes=\"(max-width: 1280px) 100vw, 1280px\" \/><\/p>\n<p>El detective de la polic\u00eda de Edimburgo John Rebus est\u00e1 atravesando a sus cuarenta a\u00f1os, una profunda crisis personal y profesional, tras separarse de su mujer y no poder ver apenas a su hija.<\/p>\n<p>En el terreno laboral la situaci\u00f3n no es mucho mejor al haber tenido un grave altercado con el mafioso local Ger Cafferty, en el que sobrepas\u00f3 varias l\u00edneas rojas del comportamiento policial y sus jefes le han puesto en una especie de nevera laboral hasta aclarar lo sucedido.<\/p>\n<p>John Rebus es un inspector francotirador que suele tomar atajos poco recomendables, pero con una enorme efectividad en su trabajo, aunque la dif\u00edcil situaci\u00f3n psicol\u00f3gica que atraviesa por la separaci\u00f3n de su mujer le est\u00e1 haciendo cuestionarse demasiadas cosas a todos los niveles.<\/p>\n<blockquote class=\"wp-embedded-content\" data-secret=\"5odUQhWPu6\"><p><a href=\"https:\/\/blogs.diariovasco.com\/series-gourmets\/2024\/06\/18\/rebus-el-gran-detective-literario-escoces\/\">Rebus: el gran detective literario escoc\u00e9s<\/a><\/p><\/blockquote>\n<p><iframe class=\"wp-embedded-content\" sandbox=\"allow-scripts\" security=\"restricted\" style=\"position: absolute; clip: rect(1px, 1px, 1px, 1px);\" title=\"&#8220;Rebus: el gran detective literario escoc\u00e9s&#8221; &#8212; Series para gourmets\" src=\"https:\/\/blogs.diariovasco.com\/series-gourmets\/2024\/06\/18\/rebus-el-gran-detective-literario-escoces\/embed\/#?secret=StDs6Vo9Dn#?secret=5odUQhWPu6\" data-secret=\"5odUQhWPu6\" width=\"500\" height=\"282\" frameborder=\"0\" marginwidth=\"0\" marginheight=\"0\" scrolling=\"no\"><\/iframe><\/p>\n<p><strong>20 RED EYE 6 EP 45 MIN ABR 2024- CADENA: ITV (UK) \/ MAX [E]<\/strong><\/p>\n<p><img loading=\"lazy\" class=\"size-full wp-image-23052\" src=\"https:\/\/static-blogs.diariovasco.com\/wp-content\/uploads\/sites\/37\/2024\/12\/red-eye.jpg\" alt=\"\" width=\"920\" height=\"636\" srcset=\"https:\/\/static-blogs.diariovasco.com\/wp-content\/uploads\/sites\/37\/2024\/12\/red-eye.jpg 920w, https:\/\/static-blogs.diariovasco.com\/wp-content\/uploads\/sites\/37\/2024\/12\/red-eye-300x207.jpg 300w, https:\/\/static-blogs.diariovasco.com\/wp-content\/uploads\/sites\/37\/2024\/12\/red-eye-628x434.jpg 628w, https:\/\/static-blogs.diariovasco.com\/wp-content\/uploads\/sites\/37\/2024\/12\/red-eye-768x531.jpg 768w\" sizes=\"(max-width: 920px) 100vw, 920px\" \/><\/p>\n<p>Matthew Nolan en un prestigioso cirujano que est\u00e1 impartiendo clases en China y que tras sufrir un accidente de coche en solitario que presenciamos en la primera escena, coge un vuelo para volver a Londres desde Pek\u00edn.<\/p>\n<p>A su llegada a la capital brit\u00e1nica es detenido nada m\u00e1s desembarcar del avi\u00f3n y se le comunica que est\u00e1 acusado de la muerte de Shen Zhao, la hija de un importante miembro del partido comunista chino que ha aparecido muerta en el coche accidentado del doctor, como si hubiera omitido el deber de socorrerla tras el accidente.<\/p>\n<p>Para evitar un grave incidente diplom\u00e1tico las autoridades brit\u00e1nicas deciden devolverlo de forma inmediata a Pek\u00edn, siendo custodiado por la sargento inglesa Hana Li, nacida en Hong Kong, con las ordenes espec\u00edficas de ser su ni\u00f1era hasta llegar a suelo chino.<\/p>\n<blockquote class=\"wp-embedded-content\" data-secret=\"2GiV2S1880\"><p><a href=\"https:\/\/blogs.diariovasco.com\/series-gourmets\/2024\/05\/14\/red-eye-espionaje-de-altos-vuelos\/\">Red Eye : espionaje de altos vuelos<\/a><\/p><\/blockquote>\n<p><iframe class=\"wp-embedded-content\" sandbox=\"allow-scripts\" security=\"restricted\" style=\"position: absolute; clip: rect(1px, 1px, 1px, 1px);\" title=\"&#8220;Red Eye : espionaje de altos vuelos&#8221; &#8212; Series para gourmets\" src=\"https:\/\/blogs.diariovasco.com\/series-gourmets\/2024\/05\/14\/red-eye-espionaje-de-altos-vuelos\/embed\/#?secret=AW6f0Sit4T#?secret=2GiV2S1880\" data-secret=\"2GiV2S1880\" width=\"500\" height=\"282\" frameborder=\"0\" marginwidth=\"0\" marginheight=\"0\" scrolling=\"no\"><\/iframe><\/p>\n<p><strong>19 PROBLEMAS CON PAP\u00c1 6 EP 25 MIN AGO 2024- CADENA: BBC THREE (UK) \/ MOVISTAR PLUS ( E)<\/strong><\/p>\n<p><img loading=\"lazy\" class=\"size-full wp-image-23050\" src=\"https:\/\/static-blogs.diariovasco.com\/wp-content\/uploads\/sites\/37\/2024\/12\/problemas-con-papa.jpg\" alt=\"\" width=\"920\" height=\"613\" srcset=\"https:\/\/static-blogs.diariovasco.com\/wp-content\/uploads\/sites\/37\/2024\/12\/problemas-con-papa.jpg 920w, https:\/\/static-blogs.diariovasco.com\/wp-content\/uploads\/sites\/37\/2024\/12\/problemas-con-papa-300x200.jpg 300w, https:\/\/static-blogs.diariovasco.com\/wp-content\/uploads\/sites\/37\/2024\/12\/problemas-con-papa-628x418.jpg 628w, https:\/\/static-blogs.diariovasco.com\/wp-content\/uploads\/sites\/37\/2024\/12\/problemas-con-papa-768x512.jpg 768w\" sizes=\"(max-width: 920px) 100vw, 920px\" \/><\/p>\n<p>Gemma es una joven peluquera que vive completamente despreocupada divirti\u00e9ndose lo m\u00e1ximo posible y con numerosos encuentros casuales sexuales en la ciudad industrial de Stockport a las afueras de Manchester.<\/p>\n<p>Todo eso cambia, cuando descubre que se ha quedado embarazada tras un fugaz encuentro sexual en el lavabo de un avi\u00f3n.<\/p>\n<p>Gemma decide seguir con el embarazo pero se encuentra muy sola y por una serie de circunstancias y muy a su pesar le acaba pidiendo a su padre Malcolm que se mude con ella, para ayudarle durante el embarazo. El problema principal es que Malcolm, es lo m\u00e1s parecido a un cero a la izquierda en las tareas del hogar, adem\u00e1s de estar muy deprimido tras haber sido abandonado por su mujer y madre de Gemma, dejando su vida a la deriva.<\/p>\n<blockquote class=\"wp-embedded-content\" data-secret=\"kM3p9Qb4ft\"><p><a href=\"https:\/\/blogs.diariovasco.com\/series-gourmets\/2024\/09\/17\/problemas-con-papa-una-muy-divertida-relacion-padre-hija\/\">Problemas con pap\u00e1  :  una muy divertida relaci\u00f3n padre-hija<\/a><\/p><\/blockquote>\n<p><iframe class=\"wp-embedded-content\" sandbox=\"allow-scripts\" security=\"restricted\" style=\"position: absolute; clip: rect(1px, 1px, 1px, 1px);\" title=\"&#8220;Problemas con pap\u00e1  :  una muy divertida relaci\u00f3n padre-hija&#8221; &#8212; Series para gourmets\" src=\"https:\/\/blogs.diariovasco.com\/series-gourmets\/2024\/09\/17\/problemas-con-papa-una-muy-divertida-relacion-padre-hija\/embed\/#?secret=GmVj3apuNY#?secret=kM3p9Qb4ft\" data-secret=\"kM3p9Qb4ft\" width=\"500\" height=\"282\" frameborder=\"0\" marginwidth=\"0\" marginheight=\"0\" scrolling=\"no\"><\/iframe><\/p>\n<p><strong>18 HISTORIAL DELICTIVO 8 EP 50 M .ENE 2024- CADENA: APPLETV (E)<\/strong><\/p>\n<p><img loading=\"lazy\" class=\"aligncenter size-full wp-image-23078\" src=\"https:\/\/static-blogs.diariovasco.com\/wp-content\/uploads\/sites\/37\/2024\/12\/historial-delictivo.jpg\" alt=\"\" width=\"1600\" height=\"900\" srcset=\"https:\/\/static-blogs.diariovasco.com\/wp-content\/uploads\/sites\/37\/2024\/12\/historial-delictivo.jpg 1600w, https:\/\/static-blogs.diariovasco.com\/wp-content\/uploads\/sites\/37\/2024\/12\/historial-delictivo-300x169.jpg 300w, https:\/\/static-blogs.diariovasco.com\/wp-content\/uploads\/sites\/37\/2024\/12\/historial-delictivo-628x353.jpg 628w, https:\/\/static-blogs.diariovasco.com\/wp-content\/uploads\/sites\/37\/2024\/12\/historial-delictivo-768x432.jpg 768w, https:\/\/static-blogs.diariovasco.com\/wp-content\/uploads\/sites\/37\/2024\/12\/historial-delictivo-1536x864.jpg 1536w\" sizes=\"(max-width: 1600px) 100vw, 1600px\" \/><\/p>\n<p>Una llamada an\u00f3nima a la centralita de emergencias por parte de una mujer aterrorizada alerta a una joven detective, June Lenker, sobre una posible mala praxis en un antiguo caso de asesinato, por el que un hombre ha sido juzgado y condenado a una larga pena de prisi\u00f3n, a pesar de clamar por su inocencia.<\/p>\n<p>Al empezar a investigar esa pista la detective June Lenker, que se encuentra en las primeras etapas de su carrera, se topa con el inspector Daniel Hegarty que fue el responsable del caso en su momento y ahora se ha convertido en una especie de leyenda del departamento, respetado y temido a partes iguales, que no duda en obstaculizar de todas las maneras posibles las pesquisas de su joven colega.<\/p>\n<blockquote class=\"wp-embedded-content\" data-secret=\"Msg9eZEHUL\"><p><a href=\"https:\/\/blogs.diariovasco.com\/series-gourmets\/2024\/03\/13\/historial-delictivo-dos-detectives-enfrentados-por-un-caso-antiguo\/\">Historial Delictivo.  Dos detectives enfrentados por un caso antiguo<\/a><\/p><\/blockquote>\n<p><iframe class=\"wp-embedded-content\" sandbox=\"allow-scripts\" security=\"restricted\" style=\"position: absolute; clip: rect(1px, 1px, 1px, 1px);\" title=\"&#8220;Historial Delictivo.  Dos detectives enfrentados por un caso antiguo&#8221; &#8212; Series para gourmets\" src=\"https:\/\/blogs.diariovasco.com\/series-gourmets\/2024\/03\/13\/historial-delictivo-dos-detectives-enfrentados-por-un-caso-antiguo\/embed\/#?secret=dHEc6yvOiE#?secret=Msg9eZEHUL\" data-secret=\"Msg9eZEHUL\" width=\"500\" height=\"282\" frameborder=\"0\" marginwidth=\"0\" marginheight=\"0\" scrolling=\"no\"><\/iframe><\/p>\n<p><strong>17 A VERY ROYAL SCANDAL 3 EP 60 MIN SEP 2024- CADENA: MAX [ UK\/E]<\/strong><\/p>\n<p><img loading=\"lazy\" class=\"aligncenter size-full wp-image-23062\" src=\"https:\/\/static-blogs.diariovasco.com\/wp-content\/uploads\/sites\/37\/2024\/12\/a-very-royal-scandal.jpg\" alt=\"\" width=\"640\" height=\"333\" srcset=\"https:\/\/static-blogs.diariovasco.com\/wp-content\/uploads\/sites\/37\/2024\/12\/a-very-royal-scandal.jpg 640w, https:\/\/static-blogs.diariovasco.com\/wp-content\/uploads\/sites\/37\/2024\/12\/a-very-royal-scandal-300x156.jpg 300w, https:\/\/static-blogs.diariovasco.com\/wp-content\/uploads\/sites\/37\/2024\/12\/a-very-royal-scandal-628x327.jpg 628w\" sizes=\"(max-width: 640px) 100vw, 640px\" \/><\/p>\n<p>El pr\u00edncipe Andr\u00e9s de Inglaterra, tercer hijo de la reina Isabel, se vio envuelto en un esc\u00e1ndalo de grandes proporciones al salir a la luz su estrecha relaci\u00f3n con Jeffrey Epstein, un multimillonario estadounidense que hab\u00eda sido condenado por abusos a menores y trata de blancas.<\/p>\n<p>Las declaraciones de victimas que incriminaban directamente al pr\u00edncipe en relaciones sexuales con menores le pusieron en una situaci\u00f3n muy inc\u00f3moda de la que no sab\u00eda como escabullirse.<\/p>\n<p>En paralelo, la inquisidora periodista de la BBC Emily Maitlis, presentadora del programa Newsnight, empez\u00f3 a perseguir de forma insistente al pr\u00edncipe Andr\u00e9s para que le concediera una entrevista televisiva, en la que pudiera dar su versi\u00f3n de los hechos y defenderse p\u00fablicamente de esas acusaciones, cosa que finalmente sucedi\u00f3.<\/p>\n<blockquote class=\"wp-embedded-content\" data-secret=\"OODvROM2gA\"><p><a href=\"https:\/\/blogs.diariovasco.com\/series-gourmets\/2024\/10\/15\/a-very-royal-scandal-la-entrevista-que-hundio-a-un-principe\/\">A Very Royal Scandal :  la entrevista que hundi\u00f3 a un pr\u00edncipe<\/a><\/p><\/blockquote>\n<p><iframe class=\"wp-embedded-content\" sandbox=\"allow-scripts\" security=\"restricted\" style=\"position: absolute; clip: rect(1px, 1px, 1px, 1px);\" title=\"&#8220;A Very Royal Scandal :  la entrevista que hundi\u00f3 a un pr\u00edncipe&#8221; &#8212; Series para gourmets\" src=\"https:\/\/blogs.diariovasco.com\/series-gourmets\/2024\/10\/15\/a-very-royal-scandal-la-entrevista-que-hundio-a-un-principe\/embed\/#?secret=Do4wNnyZmp#?secret=OODvROM2gA\" data-secret=\"OODvROM2gA\" width=\"500\" height=\"282\" frameborder=\"0\" marginwidth=\"0\" marginheight=\"0\" scrolling=\"no\"><\/iframe><\/p>\n<p><strong>16 NIGHTSLEEPER 6 EP 45 MIN SEP 2024- CADENA: BBCONE (UK) \/ MOVISTAR PLUS ( E)<\/strong><\/p>\n<p><img loading=\"lazy\" class=\"aligncenter size-full wp-image-23047\" src=\"https:\/\/static-blogs.diariovasco.com\/wp-content\/uploads\/sites\/37\/2024\/12\/nightsleeper.jpg\" alt=\"\" width=\"1920\" height=\"1080\" srcset=\"https:\/\/static-blogs.diariovasco.com\/wp-content\/uploads\/sites\/37\/2024\/12\/nightsleeper.jpg 1920w, https:\/\/static-blogs.diariovasco.com\/wp-content\/uploads\/sites\/37\/2024\/12\/nightsleeper-300x169.jpg 300w, https:\/\/static-blogs.diariovasco.com\/wp-content\/uploads\/sites\/37\/2024\/12\/nightsleeper-628x353.jpg 628w, https:\/\/static-blogs.diariovasco.com\/wp-content\/uploads\/sites\/37\/2024\/12\/nightsleeper-768x432.jpg 768w, https:\/\/static-blogs.diariovasco.com\/wp-content\/uploads\/sites\/37\/2024\/12\/nightsleeper-1536x864.jpg 1536w\" sizes=\"(max-width: 1920px) 100vw, 1920px\" \/><\/p>\n<p>Poco antes de la partida del tren nocturno que une Glasgow con Londres en poco menos de seis horas, se produce un grave incidente en la estaci\u00f3n de Glasgow en el que interviene en su resoluci\u00f3n Joseph Roag, un expolic\u00eda londinense que quiere volver a la capital brit\u00e1nica.<\/p>\n<p>Tras una peque\u00f1a demora, el tren \u2018Heart of Britain\u2019 parte en direcci\u00f3n a Londres y con Joseph Roag a bordo, pero pocos kil\u00f3metros despu\u00e9s, descubren que el tren ha sido hackeado y ni el conductor ni las autoridades pueden controlar ni su velocidad ni sus paradas.<\/p>\n<p>La situaci\u00f3n es tan grave que es requerida de forma urgente la presencia de Abby Aysgarth, la directora t\u00e9cnica del Centro Nacional de Ciberseguridad, que se encontraba a punto de partir de vacaciones. Poco a poco, la situaci\u00f3n va empeorando al ampliarse el hackeo a toda la red ferroviaria, mientras el tren sigue su marcha imparable hacia Londres,<\/p>\n<blockquote class=\"wp-embedded-content\" data-secret=\"Hf2ky4PW3W\"><p><a href=\"https:\/\/blogs.diariovasco.com\/series-gourmets\/2024\/09\/24\/nightsleeper-un-tren-desbocado-y-sin-frenos\/\">Nightsleeper :  un tren desbocado y sin frenos<\/a><\/p><\/blockquote>\n<p><iframe class=\"wp-embedded-content\" sandbox=\"allow-scripts\" security=\"restricted\" style=\"position: absolute; clip: rect(1px, 1px, 1px, 1px);\" title=\"&#8220;Nightsleeper :  un tren desbocado y sin frenos&#8221; &#8212; Series para gourmets\" src=\"https:\/\/blogs.diariovasco.com\/series-gourmets\/2024\/09\/24\/nightsleeper-un-tren-desbocado-y-sin-frenos\/embed\/#?secret=hvSlwWQljG#?secret=Hf2ky4PW3W\" data-secret=\"Hf2ky4PW3W\" width=\"500\" height=\"282\" frameborder=\"0\" marginwidth=\"0\" marginheight=\"0\" scrolling=\"no\"><\/iframe><\/p>\n<p><strong>15 MATTHEW SHARDLAKE 4 EP 45 MIN MAY 2024- CADENA: DISNEY + (UK) \/ ( E)<\/strong><\/p>\n<p><img loading=\"lazy\" class=\"aligncenter size-full wp-image-23076\" src=\"https:\/\/static-blogs.diariovasco.com\/wp-content\/uploads\/sites\/37\/2024\/12\/MATTHEW-SHARDLAKE.jpg\" alt=\"\" width=\"920\" height=\"517\" srcset=\"https:\/\/static-blogs.diariovasco.com\/wp-content\/uploads\/sites\/37\/2024\/12\/MATTHEW-SHARDLAKE.jpg 920w, https:\/\/static-blogs.diariovasco.com\/wp-content\/uploads\/sites\/37\/2024\/12\/MATTHEW-SHARDLAKE-300x169.jpg 300w, https:\/\/static-blogs.diariovasco.com\/wp-content\/uploads\/sites\/37\/2024\/12\/MATTHEW-SHARDLAKE-628x353.jpg 628w, https:\/\/static-blogs.diariovasco.com\/wp-content\/uploads\/sites\/37\/2024\/12\/MATTHEW-SHARDLAKE-768x432.jpg 768w\" sizes=\"(max-width: 920px) 100vw, 920px\" \/><\/p>\n<p>Matthew Shardlake es un brillante abogado que sobrepone su deformidad f\u00edsica en forma de una pronunciada joroba con una brillante sagacidad que le ha convertido en el principal hombre de confianza del poderoso Thomas Cromwell para conseguir de forma legal muchos de sus objetivos.<\/p>\n<p>Cromwell est\u00e1 completamente enfrascado en desarrollar la iglesia anglicana creada por el rey Enrique VIII tras abandonar la fe cat\u00f3lica y uno de sus principales objetivos es la disoluci\u00f3n de los poderosos monasterios cat\u00f3licos existentes por toda Inglaterra.<\/p>\n<p>La muerte de Robin Singleton, uno de sus enviados en el remoto monasterio de St Donatus, ubicado en la ficticia ciudad costera de Scarnsea, hace que Cromwell le encargue a Shardlake la investigaci\u00f3n del caso con el objetivo final de cerrar el monasterio de forma fulminante si los encuentra culpables de esa muerte.<\/p>\n<blockquote class=\"wp-embedded-content\" data-secret=\"7CpyxmVire\"><p><a href=\"https:\/\/blogs.diariovasco.com\/series-gourmets\/2024\/05\/21\/matthew-shardlake-el-perro-sabueso-de-thomas-cromwell\/\">Matthew Shardlake   : el perro sabueso de Thomas Cromwell<\/a><\/p><\/blockquote>\n<p><iframe class=\"wp-embedded-content\" sandbox=\"allow-scripts\" security=\"restricted\" style=\"position: absolute; clip: rect(1px, 1px, 1px, 1px);\" title=\"&#8220;Matthew Shardlake   : el perro sabueso de Thomas Cromwell&#8221; &#8212; Series para gourmets\" src=\"https:\/\/blogs.diariovasco.com\/series-gourmets\/2024\/05\/21\/matthew-shardlake-el-perro-sabueso-de-thomas-cromwell\/embed\/#?secret=HWQPf9bcQT#?secret=7CpyxmVire\" data-secret=\"7CpyxmVire\" width=\"500\" height=\"282\" frameborder=\"0\" marginwidth=\"0\" marginheight=\"0\" scrolling=\"no\"><\/iframe><\/p>\n<p><strong>14 PALOMAS NEGRAS 6 EP 50 MIN. DIC 2024- CADENA: NETFLIX ( UK\/ E)<\/strong><\/p>\n<p><img loading=\"lazy\" class=\"aligncenter size-full wp-image-23049\" src=\"https:\/\/static-blogs.diariovasco.com\/wp-content\/uploads\/sites\/37\/2024\/12\/PALOMAS-NEGRAS.jpg\" alt=\"\" width=\"1200\" height=\"685\" srcset=\"https:\/\/static-blogs.diariovasco.com\/wp-content\/uploads\/sites\/37\/2024\/12\/PALOMAS-NEGRAS.jpg 1200w, https:\/\/static-blogs.diariovasco.com\/wp-content\/uploads\/sites\/37\/2024\/12\/PALOMAS-NEGRAS-300x171.jpg 300w, https:\/\/static-blogs.diariovasco.com\/wp-content\/uploads\/sites\/37\/2024\/12\/PALOMAS-NEGRAS-628x358.jpg 628w, https:\/\/static-blogs.diariovasco.com\/wp-content\/uploads\/sites\/37\/2024\/12\/PALOMAS-NEGRAS-768x438.jpg 768w\" sizes=\"(max-width: 1200px) 100vw, 1200px\" \/><\/p>\n<p>Helen Webb est\u00e1 casada con Wallace Webb el ministro de defensa brit\u00e1nico, pero su marido desconoce que Helen es una paloma negra, una esp\u00eda que trabaja para una organizaci\u00f3n secreta a la que suministra todo tipo de informaci\u00f3n confidencial de las tareas de su marido.<\/p>\n<p>Durante una fiesta navide\u00f1a, su jefa Reed, le informa que su amante Jason Davies ha sido asesinado junto con otras tres personas y le pide que aumente sus precauciones.<\/p>\n<p>Para protegerla Reed llama a otro agente, Sam, que ha estado siete a\u00f1os ausente de Inglaterra y de paso para encargarle la\u00a0 investigaci\u00f3n del asesinato de Jason, que parece tener relaci\u00f3n con una conspiraci\u00f3n internacional que puede implicar a la hija del embajador chino que se ha suicidado recientemente.<\/p>\n<p><iframe loading=\"lazy\" title=\"YouTube video player\" src=\"https:\/\/www.youtube.com\/embed\/1R0d2jW7a-I?si=B2NUn-tLdKbVcXXK\" width=\"560\" height=\"315\" frameborder=\"0\" allowfullscreen=\"allowfullscreen\"><\/iframe><\/p>\n<p><strong>13 TRUELOVE 6 EP 45 M ENE 2024 CADENA: CHANNEL 4 (UK) \/ FILMIN (E)<\/strong><\/p>\n<p><img loading=\"lazy\" class=\"aligncenter size-full wp-image-23059\" src=\"https:\/\/static-blogs.diariovasco.com\/wp-content\/uploads\/sites\/37\/2024\/12\/Truelove.jpg\" alt=\"\" width=\"1024\" height=\"567\" srcset=\"https:\/\/static-blogs.diariovasco.com\/wp-content\/uploads\/sites\/37\/2024\/12\/Truelove.jpg 1024w, https:\/\/static-blogs.diariovasco.com\/wp-content\/uploads\/sites\/37\/2024\/12\/Truelove-300x166.jpg 300w, https:\/\/static-blogs.diariovasco.com\/wp-content\/uploads\/sites\/37\/2024\/12\/Truelove-628x348.jpg 628w, https:\/\/static-blogs.diariovasco.com\/wp-content\/uploads\/sites\/37\/2024\/12\/Truelove-768x425.jpg 768w\" sizes=\"(max-width: 1024px) 100vw, 1024px\" \/><\/p>\n<p>En una localidad costera inglesa, un grupo de amigos septuagenarios deciden hacer tras una amplia ingesta alcoh\u00f3lica, un pacto de honor en el pub local, por el que se comprometen hipot\u00e9ticamente a ayudar a morir al miembro del grupo que se encuentre en una situaci\u00f3n terminal para evitarle mayores sufrimientos.<\/p>\n<p>El grupo de seis personas est\u00e1 compuesto de dos matrimonios y dos amigos de juventud Phillipa ( conocida como Phil) que lleg\u00f3 a ser la jefa de polic\u00eda del pueblo y Ken un veterano de las fuerzas especiales del ejercito brit\u00e1nico.<\/p>\n<p>En medio de esa borrachera bromean con sus habilidades para poder realizar esas eutanasias activas, por los conocimientos militares de Ken para matar personas sin dejar rastro, la presencia de David un doctor jubilado con acceso a todo tipo de drogas y medicinas y por ultimo la capacidad de Phil para encubrir el suceso por todos sus a\u00f1os como polic\u00eda<\/p>\n<blockquote class=\"wp-embedded-content\" data-secret=\"0L0A8VQSSM\"><p><a href=\"https:\/\/blogs.diariovasco.com\/series-gourmets\/2024\/02\/13\/truelove-un-pacto-de-ancianos-para-su-muerte-asistida\/\">Truelove:  un pacto de ancianos para su muerte asistida<\/a><\/p><\/blockquote>\n<p><iframe class=\"wp-embedded-content\" sandbox=\"allow-scripts\" security=\"restricted\" style=\"position: absolute; clip: rect(1px, 1px, 1px, 1px);\" title=\"&#8220;Truelove:  un pacto de ancianos para su muerte asistida&#8221; &#8212; Series para gourmets\" src=\"https:\/\/blogs.diariovasco.com\/series-gourmets\/2024\/02\/13\/truelove-un-pacto-de-ancianos-para-su-muerte-asistida\/embed\/#?secret=geRJna2aql#?secret=0L0A8VQSSM\" data-secret=\"0L0A8VQSSM\" width=\"500\" height=\"282\" frameborder=\"0\" marginwidth=\"0\" marginheight=\"0\" scrolling=\"no\"><\/iframe><\/p>\n<p><strong>12 SWEETPEA 6 EP 45 MIN OCT 2024- CADENA: SKY ATLANTIC(UK) \u2013 02\/01 EN SKYSHOWTIME ( E)<\/strong><\/p>\n<p><img loading=\"lazy\" class=\"aligncenter size-full wp-image-23056\" src=\"https:\/\/static-blogs.diariovasco.com\/wp-content\/uploads\/sites\/37\/2024\/12\/sweetpea.jpg\" alt=\"\" width=\"1920\" height=\"1080\" srcset=\"https:\/\/static-blogs.diariovasco.com\/wp-content\/uploads\/sites\/37\/2024\/12\/sweetpea.jpg 1920w, https:\/\/static-blogs.diariovasco.com\/wp-content\/uploads\/sites\/37\/2024\/12\/sweetpea-300x169.jpg 300w, https:\/\/static-blogs.diariovasco.com\/wp-content\/uploads\/sites\/37\/2024\/12\/sweetpea-628x353.jpg 628w, https:\/\/static-blogs.diariovasco.com\/wp-content\/uploads\/sites\/37\/2024\/12\/sweetpea-768x432.jpg 768w, https:\/\/static-blogs.diariovasco.com\/wp-content\/uploads\/sites\/37\/2024\/12\/sweetpea-1536x864.jpg 1536w\" sizes=\"(max-width: 1920px) 100vw, 1920px\" \/><\/p>\n<p>Rhiannon Lewis es una joven ayudante administrativa del peri\u00f3dico local del peque\u00f1o pueblo de Carnsham en la costa inglesa. Tras superar una juventud complicada al ser objeto de numerosos episodios de bullying en el instituto, Rhiannon lleva una existencia invisible viviendo en casa de su padre y con su perro, sin apenas amistades ni relaciones.<\/p>\n<p>Tras presentarnos inicialmente al personaje de Rhiannon, en el transcurso del primer episodio vamos a ser testigos de todo un c\u00famulo de desgracias y contratiempos que se van a cebar de una forma inmisericorde con Rhiannon, hasta que acaba estallando al final del primer episodio de forma inesperada,<\/p>\n<blockquote class=\"wp-embedded-content\" data-secret=\"mypHPy3kG2\"><p><a href=\"https:\/\/blogs.diariovasco.com\/series-gourmets\/2024\/11\/05\/sweetpea-de-mosquita-muerta-a-asesina-en-serie\/\">Sweetpea  :  de mosquita muerta a asesina en serie.<\/a><\/p><\/blockquote>\n<p><iframe class=\"wp-embedded-content\" sandbox=\"allow-scripts\" security=\"restricted\" style=\"position: absolute; clip: rect(1px, 1px, 1px, 1px);\" title=\"&#8220;Sweetpea  :  de mosquita muerta a asesina en serie.&#8221; &#8212; Series para gourmets\" src=\"https:\/\/blogs.diariovasco.com\/series-gourmets\/2024\/11\/05\/sweetpea-de-mosquita-muerta-a-asesina-en-serie\/embed\/#?secret=kNgfAxU6A3#?secret=mypHPy3kG2\" data-secret=\"mypHPy3kG2\" width=\"500\" height=\"282\" frameborder=\"0\" marginwidth=\"0\" marginheight=\"0\" scrolling=\"no\"><\/iframe><\/p>\n<p><strong>11 CHACAL 10+ EPISODIOS. 50 M\u00a0\u00a0NOV 2024- CADENA: SKY ATLANTIC ( UK) \u2013 SKYSHOWTIME( E)<\/strong><\/p>\n<p><img loading=\"lazy\" class=\"aligncenter size-full wp-image-23067\" src=\"https:\/\/static-blogs.diariovasco.com\/wp-content\/uploads\/sites\/37\/2024\/12\/chacal.jpg\" alt=\"\" width=\"675\" height=\"380\" srcset=\"https:\/\/static-blogs.diariovasco.com\/wp-content\/uploads\/sites\/37\/2024\/12\/chacal.jpg 675w, https:\/\/static-blogs.diariovasco.com\/wp-content\/uploads\/sites\/37\/2024\/12\/chacal-300x169.jpg 300w, https:\/\/static-blogs.diariovasco.com\/wp-content\/uploads\/sites\/37\/2024\/12\/chacal-628x354.jpg 628w\" sizes=\"(max-width: 675px) 100vw, 675px\" \/><\/p>\n<p>La persona conocida como \u2018Chacal\u2019 es el m\u00e1s peligroso asesino a sueldo que existe, cobrando sumas astron\u00f3micas para asesinar por encargo a todo tipo de objetivos sin hacerse demasiadas preguntas \u00e9ticas, siendo su \u00fanica preocupaci\u00f3n que el dinero acordado sea ingresado en su cuenta.<\/p>\n<p>Al ser un incre\u00edble francotirador, su m\u00e9todo preferido son los disparos a larga distancia desde lugares muy alejados del per\u00edmetro de seguridad, utilizando sus camale\u00f3nicas dotes para disfrazarse y no despertar sospechas, lo que le posibilita poder escapar tras cumplir su misi\u00f3n.<\/p>\n<p>Sus asesinatos empiezan a llamar la atenci\u00f3n de la poderosa agencia de contrainteligencia brit\u00e1nica MI6 que tiene indicios de que el personaje pudiera ser brit\u00e1nico por lo que ponen a cargo de la investigaci\u00f3n a la agente Bianca Pullman, su mayor experta en armas y francotiradores para intentar descubrir la identidad de ese asesino fantasma<\/p>\n<blockquote class=\"wp-embedded-content\" data-secret=\"FBIC8oJQ2W\"><p><a href=\"https:\/\/blogs.diariovasco.com\/series-gourmets\/2024\/12\/10\/chacal-la-brillante-reconstruccion-del-mitico-asesino-a-sueldo\/\">Chacal:  la brillante reinvenci\u00f3n del m\u00edtico asesino a sueldo<\/a><\/p><\/blockquote>\n<p><iframe class=\"wp-embedded-content\" sandbox=\"allow-scripts\" security=\"restricted\" style=\"position: absolute; clip: rect(1px, 1px, 1px, 1px);\" title=\"&#8220;Chacal:  la brillante reinvenci\u00f3n del m\u00edtico asesino a sueldo&#8221; &#8212; Series para gourmets\" src=\"https:\/\/blogs.diariovasco.com\/series-gourmets\/2024\/12\/10\/chacal-la-brillante-reconstruccion-del-mitico-asesino-a-sueldo\/embed\/#?secret=3EjmVJDu0u#?secret=FBIC8oJQ2W\" data-secret=\"FBIC8oJQ2W\" width=\"500\" height=\"282\" frameborder=\"0\" marginwidth=\"0\" marginheight=\"0\" scrolling=\"no\"><\/iframe><\/p>\n<p><strong>10. RENEGADE NELL 8 EP 45 M MAR 2024 \u2013 CADENA: DISNEY+ (UK)- DISNEY+ (E)<\/strong><\/p>\n<p><img loading=\"lazy\" class=\"aligncenter size-full wp-image-23053\" src=\"https:\/\/static-blogs.diariovasco.com\/wp-content\/uploads\/sites\/37\/2024\/12\/renegade-nell.jpg\" alt=\"\" width=\"1200\" height=\"675\" srcset=\"https:\/\/static-blogs.diariovasco.com\/wp-content\/uploads\/sites\/37\/2024\/12\/renegade-nell.jpg 1200w, https:\/\/static-blogs.diariovasco.com\/wp-content\/uploads\/sites\/37\/2024\/12\/renegade-nell-300x169.jpg 300w, https:\/\/static-blogs.diariovasco.com\/wp-content\/uploads\/sites\/37\/2024\/12\/renegade-nell-628x353.jpg 628w, https:\/\/static-blogs.diariovasco.com\/wp-content\/uploads\/sites\/37\/2024\/12\/renegade-nell-768x432.jpg 768w\" sizes=\"(max-width: 1200px) 100vw, 1200px\" \/><\/p>\n<p>Nell Jackson es una joven que regresa a su pueblo natal tras una mala experiencia militar en la que perdi\u00f3 a su capit\u00e1n en la guerra. En su aldea se reencuentra con su padre Sam que regenta la taberna local y con sus dos hermanas peque\u00f1as Roxy y George, esperando rehacer su vida junto a su familia.<\/p>\n<p>Tras una serie de acontecimientos, Nell es acusada injustamente por los caciques locales de haber cometido el asesinato del magistrado local, por lo que se ve obligada a huir con sus dos hermanas para evitar ser capturada mientras intenta refutar esa acusaci\u00f3n.<\/p>\n<p>Su principal apoyo es un peque\u00f1o duende llamado Billy Blind, que cuando interact\u00faa con ella, le proporciona una especie de superpoderes m\u00e1gicos que le permiten ir sorteando los peligros que le acechan de todo tipo.<\/p>\n<blockquote class=\"wp-embedded-content\" data-secret=\"8tx74KqiRj\"><p><a href=\"https:\/\/blogs.diariovasco.com\/series-gourmets\/2024\/04\/24\/renegade-nell-una-bandolera-magica-y-fantastica\/\">Renegade Nell :  una bandolera m\u00e1gica y fant\u00e1stica<\/a><\/p><\/blockquote>\n<p><iframe class=\"wp-embedded-content\" sandbox=\"allow-scripts\" security=\"restricted\" style=\"position: absolute; clip: rect(1px, 1px, 1px, 1px);\" title=\"&#8220;Renegade Nell :  una bandolera m\u00e1gica y fant\u00e1stica&#8221; &#8212; Series para gourmets\" src=\"https:\/\/blogs.diariovasco.com\/series-gourmets\/2024\/04\/24\/renegade-nell-una-bandolera-magica-y-fantastica\/embed\/#?secret=quYxeD6aWk#?secret=8tx74KqiRj\" data-secret=\"8tx74KqiRj\" width=\"500\" height=\"282\" frameborder=\"0\" marginwidth=\"0\" marginheight=\"0\" scrolling=\"no\"><\/iframe><\/p>\n<p><strong>9. RIVALES 8 EP 50 M OCT 2024 \u2013 DISNEY+ (UK E)<\/strong><\/p>\n<p><img loading=\"lazy\" class=\"aligncenter size-full wp-image-23054\" src=\"https:\/\/static-blogs.diariovasco.com\/wp-content\/uploads\/sites\/37\/2024\/12\/RIVALES.jpg\" alt=\"\" width=\"2048\" height=\"1152\" srcset=\"https:\/\/static-blogs.diariovasco.com\/wp-content\/uploads\/sites\/37\/2024\/12\/RIVALES.jpg 2048w, https:\/\/static-blogs.diariovasco.com\/wp-content\/uploads\/sites\/37\/2024\/12\/RIVALES-300x169.jpg 300w, https:\/\/static-blogs.diariovasco.com\/wp-content\/uploads\/sites\/37\/2024\/12\/RIVALES-628x353.jpg 628w, https:\/\/static-blogs.diariovasco.com\/wp-content\/uploads\/sites\/37\/2024\/12\/RIVALES-768x432.jpg 768w, https:\/\/static-blogs.diariovasco.com\/wp-content\/uploads\/sites\/37\/2024\/12\/RIVALES-1536x864.jpg 1536w\" sizes=\"(max-width: 2048px) 100vw, 2048px\" \/><\/p>\n<p>Lord Tony Baddingham es el multimillonario propietario de la cadena regional televisiva Corinium que emite para toda la regi\u00f3n brit\u00e1nica de los Cotswolds en el imaginario condado de Rutshire.<\/p>\n<p>Al acercarse el momento de la renovaci\u00f3n de la licencia televisiva, Tony hace una serie de fichajes de impacto para reforzar su candidatura para la renovaci\u00f3n, pero se va a encontrar con un inesperado opositor, su archienemigo Rupert Campbell-Black, un parlamentario conservador y ex campe\u00f3n ol\u00edmpico de saltos de h\u00edpica que va a crear un poderoso consorcio para arrebatarle esa licencia.<\/p>\n<p>Esa lucha despiadada por conseguir la preciada licencia televisiva es el hilo principal de \u2018Rivales\u2019<\/p>\n<blockquote class=\"wp-embedded-content\" data-secret=\"xZ6lXZsvMZ\"><p><a href=\"https:\/\/blogs.diariovasco.com\/series-gourmets\/2024\/11\/13\/rivales-la-brutal-competitividad-televisiva\/\">Rivales: una brutal competitividad televisiva<\/a><\/p><\/blockquote>\n<p><iframe class=\"wp-embedded-content\" sandbox=\"allow-scripts\" security=\"restricted\" style=\"position: absolute; clip: rect(1px, 1px, 1px, 1px);\" title=\"&#8220;Rivales: una brutal competitividad televisiva&#8221; &#8212; Series para gourmets\" src=\"https:\/\/blogs.diariovasco.com\/series-gourmets\/2024\/11\/13\/rivales-la-brutal-competitividad-televisiva\/embed\/#?secret=qXBtdGEKJz#?secret=xZ6lXZsvMZ\" data-secret=\"xZ6lXZsvMZ\" width=\"500\" height=\"282\" frameborder=\"0\" marginwidth=\"0\" marginheight=\"0\" scrolling=\"no\"><\/iframe><\/p>\n<p><strong>8. MI LADY JANE 8 EP 45 M JUN 2024- CADENA: PRIME VIDEO ( UK\/E)<\/strong><\/p>\n<p>&nbsp;<\/p>\n<p><img loading=\"lazy\" class=\"aligncenter size-full wp-image-23075\" src=\"https:\/\/static-blogs.diariovasco.com\/wp-content\/uploads\/sites\/37\/2024\/12\/MI-LADY-JANE.jpg\" alt=\"\" width=\"760\" height=\"507\" srcset=\"https:\/\/static-blogs.diariovasco.com\/wp-content\/uploads\/sites\/37\/2024\/12\/MI-LADY-JANE.jpg 760w, https:\/\/static-blogs.diariovasco.com\/wp-content\/uploads\/sites\/37\/2024\/12\/MI-LADY-JANE-300x200.jpg 300w, https:\/\/static-blogs.diariovasco.com\/wp-content\/uploads\/sites\/37\/2024\/12\/MI-LADY-JANE-628x419.jpg 628w\" sizes=\"(max-width: 760px) 100vw, 760px\" \/><\/p>\n<p>En el S XVI Lady Jane Grey es una joven muy inteligente y algo rebelde, que por su posici\u00f3n social como prima del rey Eduardo VI se ve obligada por su madre a casarse con el noble Lord Guildford Dudley, para mejorar la precaria situaci\u00f3n econ\u00f3mica de su familia, tras haber enviudado su madre.<\/p>\n<p>Ese matrimonio la va a involucrar en toda una serie de intrigas palaciegas para asegurarse la sucesi\u00f3n del enfermizo rey vigente Eduardo VI. En este caso parten de la figura tr\u00e1gica de Jane Grey, una joven reina que dur\u00f3 apenas nueve d\u00edas en el trono antes de ser decapitada, para formular la premisa de partida a partir de la pregunta \u00bfY si Jane Grey no hubiera muerto?, para jugar con esa hip\u00f3tesis con todo tipo de libertades y anacron\u00edas musicales.<\/p>\n<blockquote class=\"wp-embedded-content\" data-secret=\"XjJUQM2ZyO\"><p><a href=\"https:\/\/blogs.diariovasco.com\/series-gourmets\/2024\/07\/31\/mi-lady-jane-una-muy-inspirada-e-irreverente-distopia-historica\/\">Mi Lady Jane: una muy inspirada e irreverente distop\u00eda hist\u00f3rica<\/a><\/p><\/blockquote>\n<p><iframe class=\"wp-embedded-content\" sandbox=\"allow-scripts\" security=\"restricted\" style=\"position: absolute; clip: rect(1px, 1px, 1px, 1px);\" title=\"&#8220;Mi Lady Jane: una muy inspirada e irreverente distop\u00eda hist\u00f3rica&#8221; &#8212; Series para gourmets\" src=\"https:\/\/blogs.diariovasco.com\/series-gourmets\/2024\/07\/31\/mi-lady-jane-una-muy-inspirada-e-irreverente-distopia-historica\/embed\/#?secret=lknwtA0tZm#?secret=XjJUQM2ZyO\" data-secret=\"XjJUQM2ZyO\" width=\"500\" height=\"282\" frameborder=\"0\" marginwidth=\"0\" marginheight=\"0\" scrolling=\"no\"><\/iframe><\/p>\n<p><strong>7 DOUGLAS IS CANCELLED 4 EP 45 MIN JUN 2024- CADENA: ITV (UK) \/ SKYSHOWTIME ( E)<\/strong><\/p>\n<p><img loading=\"lazy\" class=\"aligncenter size-full wp-image-23069\" src=\"https:\/\/static-blogs.diariovasco.com\/wp-content\/uploads\/sites\/37\/2024\/12\/DOUGLAS-IS-CANCELLED.jpg\" alt=\"\" width=\"615\" height=\"409\" srcset=\"https:\/\/static-blogs.diariovasco.com\/wp-content\/uploads\/sites\/37\/2024\/12\/DOUGLAS-IS-CANCELLED.jpg 615w, https:\/\/static-blogs.diariovasco.com\/wp-content\/uploads\/sites\/37\/2024\/12\/DOUGLAS-IS-CANCELLED-300x200.jpg 300w\" sizes=\"(max-width: 615px) 100vw, 615px\" \/><\/p>\n<p>Douglas Bellowes es el presentador estrella del noticiario l\u00edder en audiencias de las seis de la tarde, junto a su copresentadora Madeline Crow con la que tiene una gran qu\u00edmica en pantalla convirti\u00e9ndose en la pareja m\u00e1s fiable a nivel de informaci\u00f3n para el p\u00fablico brit\u00e1nico.<\/p>\n<p>Ese idilio con el p\u00fablico se rompe cuando de forma an\u00f3nima se publica un tuit en el que se acusa a Douglas Bellowes de haber contado en privado y durante una boda, una broma de car\u00e1cter sexista de muy mal gusto. Ese post abre la caja de Pandora y empiezan toda una serie de reacciones furibundas contra ese comportamiento de Douglas y sobre esa broma de la que dice que no recuerda el contenido.<\/p>\n<p>La gota que colma el vaso es un retuit citado de su propia compa\u00f1era Madeline Crow, redactado de una forma tan ambigua que es dif\u00edcil saber si lo defiende o lo acusa.<\/p>\n<blockquote class=\"wp-embedded-content\" data-secret=\"vARHOYfyYz\"><p><a href=\"https:\/\/blogs.diariovasco.com\/series-gourmets\/2024\/07\/23\/douglas-is-cancelled-la-inquisicion-de-las-redes-sociales\/\">Douglas is cancelled  : la inquisici\u00f3n de las redes sociales<\/a><\/p><\/blockquote>\n<p><iframe class=\"wp-embedded-content\" sandbox=\"allow-scripts\" security=\"restricted\" style=\"position: absolute; clip: rect(1px, 1px, 1px, 1px);\" title=\"&#8220;Douglas is cancelled  : la inquisici\u00f3n de las redes sociales&#8221; &#8212; Series para gourmets\" src=\"https:\/\/blogs.diariovasco.com\/series-gourmets\/2024\/07\/23\/douglas-is-cancelled-la-inquisicion-de-las-redes-sociales\/embed\/#?secret=pr15dAiP7G#?secret=vARHOYfyYz\" data-secret=\"vARHOYfyYz\" width=\"500\" height=\"282\" frameborder=\"0\" marginwidth=\"0\" marginheight=\"0\" scrolling=\"no\"><\/iframe><\/p>\n<p><strong>6 MI RENO DE PELUCHE 7 EP 30M ABR 2024 \u2013 CADENA: NETFLIX (UK\/E)<\/strong><\/p>\n<p><img loading=\"lazy\" class=\"aligncenter size-full wp-image-23074\" src=\"https:\/\/static-blogs.diariovasco.com\/wp-content\/uploads\/sites\/37\/2024\/12\/MI-RENO-DE-PELUCHE.jpg\" alt=\"\" width=\"2000\" height=\"1500\" srcset=\"https:\/\/static-blogs.diariovasco.com\/wp-content\/uploads\/sites\/37\/2024\/12\/MI-RENO-DE-PELUCHE.jpg 2000w, https:\/\/static-blogs.diariovasco.com\/wp-content\/uploads\/sites\/37\/2024\/12\/MI-RENO-DE-PELUCHE-300x225.jpg 300w, https:\/\/static-blogs.diariovasco.com\/wp-content\/uploads\/sites\/37\/2024\/12\/MI-RENO-DE-PELUCHE-628x471.jpg 628w, https:\/\/static-blogs.diariovasco.com\/wp-content\/uploads\/sites\/37\/2024\/12\/MI-RENO-DE-PELUCHE-768x576.jpg 768w, https:\/\/static-blogs.diariovasco.com\/wp-content\/uploads\/sites\/37\/2024\/12\/MI-RENO-DE-PELUCHE-1536x1152.jpg 1536w\" sizes=\"(max-width: 2000px) 100vw, 2000px\" \/><\/p>\n<p>Donny Dunn es un monologuista de escaso \u00e9xito que sobrevive sirviendo pintas en un pub londinense mientras sue\u00f1a con triunfar en el mundo de la comedia.<\/p>\n<p>Su vida cambia por completo cuando conoce en el pub a Martha Scott, una abogada a la que trata con amabilidad como a cualquier otra clienta, pero que en Martha genera una aut\u00e9ntica obsesi\u00f3n con el pobre Donny y empieza a acosarlo por tierra, mar, aire y redes sociales generando una situaci\u00f3n de lo m\u00e1s desagradable para Donny, que no sabe como deshacerse de semejante agobio y acoso.<\/p>\n<blockquote class=\"wp-embedded-content\" data-secret=\"bKsCUdm6Vy\"><p><a href=\"https:\/\/blogs.diariovasco.com\/series-gourmets\/2024\/05\/15\/mi-reno-de-peluche-un-inesperado-fenomeno-televisivo\/\">Mi reno de peluche  : Un inesperado fen\u00f3meno televisivo<\/a><\/p><\/blockquote>\n<p><iframe class=\"wp-embedded-content\" sandbox=\"allow-scripts\" security=\"restricted\" style=\"position: absolute; clip: rect(1px, 1px, 1px, 1px);\" title=\"&#8220;Mi reno de peluche  : Un inesperado fen\u00f3meno televisivo&#8221; &#8212; Series para gourmets\" src=\"https:\/\/blogs.diariovasco.com\/series-gourmets\/2024\/05\/15\/mi-reno-de-peluche-un-inesperado-fenomeno-televisivo\/embed\/#?secret=Sb8XQPuv2a#?secret=bKsCUdm6Vy\" data-secret=\"bKsCUdm6Vy\" width=\"500\" height=\"282\" frameborder=\"0\" marginwidth=\"0\" marginheight=\"0\" scrolling=\"no\"><\/iframe><\/p>\n<p><strong>5. MR BATES CONTRA CORREOS 4 EP 45 M ENE 2024 CADENA: ITVX (UK) \/ MOVISTAR PLUS (E)<\/strong><\/p>\n<p><img loading=\"lazy\" class=\"aligncenter size-full wp-image-23061\" src=\"https:\/\/static-blogs.diariovasco.com\/wp-content\/uploads\/sites\/37\/2024\/12\/MR-BATES.jpeg\" alt=\"\" width=\"1024\" height=\"576\" srcset=\"https:\/\/static-blogs.diariovasco.com\/wp-content\/uploads\/sites\/37\/2024\/12\/MR-BATES.jpeg 1024w, https:\/\/static-blogs.diariovasco.com\/wp-content\/uploads\/sites\/37\/2024\/12\/MR-BATES-300x169.jpeg 300w, https:\/\/static-blogs.diariovasco.com\/wp-content\/uploads\/sites\/37\/2024\/12\/MR-BATES-628x353.jpeg 628w, https:\/\/static-blogs.diariovasco.com\/wp-content\/uploads\/sites\/37\/2024\/12\/MR-BATES-768x432.jpeg 768w\" sizes=\"(max-width: 1024px) 100vw, 1024px\" \/><\/p>\n<p>En el a\u00f1o 1999,\u2019 The Post Office\u2019 empez\u00f3 a implementar un sistema de terminales remotos llamado Horizon y desarrollados por Fujitsu, que fueron instalados en cada una de las peque\u00f1as sucursales de los pueblos brit\u00e1nicos, para controlar los flujos monetarios de giros, cheques y ventas de ventanilla que se generan a diario.<\/p>\n<p>A poco de recibir esa maquina, un empleado postal, Alan Bates, detect\u00f3 ciertas irregularidades de ese sistema inform\u00e1tico en su peque\u00f1a sucursal de Llandudno al norte de Gales. El problema era la aparici\u00f3n inesperada de balances negativos en su cuenta de resultados que no se correspond\u00edan con la realidad, con el problema a\u00f1adido de que contractualmente era responsable subsidiario de cualquier descuadre contable, empezando una dura lucha legal contra la megacorporaci\u00f3n.<\/p>\n<blockquote class=\"wp-embedded-content\" data-secret=\"2uwSXEvx3A\"><p><a href=\"https:\/\/blogs.diariovasco.com\/series-gourmets\/2024\/01\/09\/mr-bates-vs-the-post-office-la-impotencia-frente-a-una-enorme-injusticia\/\">Mr Bates vs The Post Office : la impotencia frente a una enorme injusticia<\/a><\/p><\/blockquote>\n<p><iframe class=\"wp-embedded-content\" sandbox=\"allow-scripts\" security=\"restricted\" style=\"position: absolute; clip: rect(1px, 1px, 1px, 1px);\" title=\"&#8220;Mr Bates vs The Post Office : la impotencia frente a una enorme injusticia&#8221; &#8212; Series para gourmets\" src=\"https:\/\/blogs.diariovasco.com\/series-gourmets\/2024\/01\/09\/mr-bates-vs-the-post-office-la-impotencia-frente-a-una-enorme-injusticia\/embed\/#?secret=zbkPsDnxQC#?secret=2uwSXEvx3A\" data-secret=\"2uwSXEvx3A\" width=\"500\" height=\"282\" frameborder=\"0\" marginwidth=\"0\" marginheight=\"0\" scrolling=\"no\"><\/iframe><\/p>\n<p><strong>4 GET MILLIE BLACK 5 EP 50 MIN. NOV-DIC 2024- CADENA: CHANNEL 4 (UK) \/ MAX (E)<\/strong><\/p>\n<p><img loading=\"lazy\" class=\"aligncenter size-full wp-image-23079\" src=\"https:\/\/static-blogs.diariovasco.com\/wp-content\/uploads\/sites\/37\/2024\/12\/Get-Millie-Black-Max-serie.jpg\" alt=\"\" width=\"1280\" height=\"640\" srcset=\"https:\/\/static-blogs.diariovasco.com\/wp-content\/uploads\/sites\/37\/2024\/12\/Get-Millie-Black-Max-serie.jpg 1280w, https:\/\/static-blogs.diariovasco.com\/wp-content\/uploads\/sites\/37\/2024\/12\/Get-Millie-Black-Max-serie-300x150.jpg 300w, https:\/\/static-blogs.diariovasco.com\/wp-content\/uploads\/sites\/37\/2024\/12\/Get-Millie-Black-Max-serie-628x314.jpg 628w, https:\/\/static-blogs.diariovasco.com\/wp-content\/uploads\/sites\/37\/2024\/12\/Get-Millie-Black-Max-serie-768x384.jpg 768w\" sizes=\"(max-width: 1280px) 100vw, 1280px\" \/><\/p>\n<p>Tras trabajar durante varios a\u00f1os como detective de Scotland Yard, Millie Black decide regresar a su Jamaica natal para unirse a la polic\u00eda de Kingston, la capital y ciudad principal de la isla caribe\u00f1a.<\/p>\n<p>Mientras intenta reconciliarse y volver a conectar con su hermana, Millie y su compa\u00f1ero Curtis reciben el caso de una adolescente desaparecida que les va a enfrentar frontalmente con una poderosa familia de Kingston que parece estar conectada con esa desaparici\u00f3n y tambi\u00e9n con un detective brit\u00e1nico de Scotland Yard que lleva su propia investigaci\u00f3n secreta.<\/p>\n<blockquote class=\"wp-embedded-content\" data-secret=\"zO95nEkLvI\"><p><a href=\"https:\/\/blogs.diariovasco.com\/series-gourmets\/2025\/01\/07\/get-millie-black-un-complejo-y-brillante-caribbean-noir\/\">Get Millie Black :  un complejo y brillante \u2018Caribbean noir\u2019<\/a><\/p><\/blockquote>\n<p><iframe class=\"wp-embedded-content\" sandbox=\"allow-scripts\" security=\"restricted\" style=\"position: absolute; clip: rect(1px, 1px, 1px, 1px);\" title=\"&#8220;Get Millie Black :  un complejo y brillante \u2018Caribbean noir\u2019&#8221; &#8212; Series para gourmets\" src=\"https:\/\/blogs.diariovasco.com\/series-gourmets\/2025\/01\/07\/get-millie-black-un-complejo-y-brillante-caribbean-noir\/embed\/#?secret=zCxVRqw3fQ#?secret=zO95nEkLvI\" data-secret=\"zO95nEkLvI\" width=\"500\" height=\"282\" frameborder=\"0\" marginwidth=\"0\" marginheight=\"0\" scrolling=\"no\"><\/iframe><\/p>\n<p><strong>3. BREATHTAKING 3 EP 45 MIN FEB 2024- CADENA: ITV (UK) \/ FILMIN ( E)<\/strong><\/p>\n<p><img loading=\"lazy\" class=\"aligncenter size-full wp-image-23066\" src=\"https:\/\/static-blogs.diariovasco.com\/wp-content\/uploads\/sites\/37\/2024\/12\/breathtaking.jpg\" alt=\"\" width=\"1200\" height=\"630\" srcset=\"https:\/\/static-blogs.diariovasco.com\/wp-content\/uploads\/sites\/37\/2024\/12\/breathtaking.jpg 1200w, https:\/\/static-blogs.diariovasco.com\/wp-content\/uploads\/sites\/37\/2024\/12\/breathtaking-300x158.jpg 300w, https:\/\/static-blogs.diariovasco.com\/wp-content\/uploads\/sites\/37\/2024\/12\/breathtaking-628x330.jpg 628w, https:\/\/static-blogs.diariovasco.com\/wp-content\/uploads\/sites\/37\/2024\/12\/breathtaking-768x403.jpg 768w\" sizes=\"(max-width: 1200px) 100vw, 1200px\" \/><\/p>\n<p>Abbey Henderson es una m\u00e9dica internista en un indeterminado gran hospital del centro de Inglaterra que a principios del a\u00f1o 2020 se ve inmersa de lleno en los primeros ingresos hospitalarios de personas aquejadas de deficiencias respiratorias pero sin conocer las causas ni como atacarlas en lo que acab\u00f3 siendo la pandemia del COVID-19.<\/p>\n<p>\u2018Breathtaking\u2019 es un relato en tres episodios de las diferentes fases de la pandemia de la mano de la doctora Abbey Henderson y sus reacciones frente a una situaci\u00f3n que la desborda por completo.<\/p>\n<blockquote class=\"wp-embedded-content\" data-secret=\"RwFtWBhsF5\"><p><a href=\"https:\/\/blogs.diariovasco.com\/series-gourmets\/2024\/03\/19\/breathtaking-las-trincheras-hospitalarias-de-la-lucha-contra-el-covid\/\">Breathtaking : las trincheras hospitalarias de la lucha contra el Covid<\/a><\/p><\/blockquote>\n<p><iframe class=\"wp-embedded-content\" sandbox=\"allow-scripts\" security=\"restricted\" style=\"position: absolute; clip: rect(1px, 1px, 1px, 1px);\" title=\"&#8220;Breathtaking : las trincheras hospitalarias de la lucha contra el Covid&#8221; &#8212; Series para gourmets\" src=\"https:\/\/blogs.diariovasco.com\/series-gourmets\/2024\/03\/19\/breathtaking-las-trincheras-hospitalarias-de-la-lucha-contra-el-covid\/embed\/#?secret=FZLqnYj5U5#?secret=RwFtWBhsF5\" data-secret=\"RwFtWBhsF5\" width=\"500\" height=\"282\" frameborder=\"0\" marginwidth=\"0\" marginheight=\"0\" scrolling=\"no\"><\/iframe><\/p>\n<p><strong>2. LUDWIG 6 EP 60 MIN SEP 2024- CADENA: BBCONE (UK) \u2013 MOVISTAR PLUS ( E)<\/strong><\/p>\n<p><img loading=\"lazy\" class=\"aligncenter size-full wp-image-23077\" src=\"https:\/\/static-blogs.diariovasco.com\/wp-content\/uploads\/sites\/37\/2024\/12\/Ludwig.jpg\" alt=\"\" width=\"1920\" height=\"1080\" srcset=\"https:\/\/static-blogs.diariovasco.com\/wp-content\/uploads\/sites\/37\/2024\/12\/Ludwig.jpg 1920w, https:\/\/static-blogs.diariovasco.com\/wp-content\/uploads\/sites\/37\/2024\/12\/Ludwig-300x169.jpg 300w, https:\/\/static-blogs.diariovasco.com\/wp-content\/uploads\/sites\/37\/2024\/12\/Ludwig-628x353.jpg 628w, https:\/\/static-blogs.diariovasco.com\/wp-content\/uploads\/sites\/37\/2024\/12\/Ludwig-768x432.jpg 768w, https:\/\/static-blogs.diariovasco.com\/wp-content\/uploads\/sites\/37\/2024\/12\/Ludwig-1536x864.jpg 1536w\" sizes=\"(max-width: 1920px) 100vw, 1920px\" \/><\/p>\n<p>John Taylor es un agoraf\u00f3bico y solitario creador de todo tipo de pasatiempos bajo el seud\u00f3nimo de Ludwig. John pasa todo el tiempo en su casa creando rompecabezas, sudokus, puzzles, crucigramas, acertijos y todo tipo de pasatiempos que publica en unos cuadernos que son unos aut\u00e9nticos superventas en el Reino Unido.<\/p>\n<p>Un d\u00eda recibe la llamada de su cu\u00f1ada Lucy, casada con su hermano gemelo James, que le suplica que vaya urgentemente a Cambridge, para proponerle que suplante a su hermano gemelo que es un comisario de polic\u00eda desaparecido para poder acceder a la comisaria y mirar en su escritorio por si ha dejado alguna pista de su posible paradero.<\/p>\n<p>Una vez en la comisaria y antes de que pueda entrar en el despacho es requerido por sus subordinados para asistir a la escena de un crimen, al ser el inspector jefe de homicidios, por lo que el pobre John se ve obligado a seguirles el juego, aunque no conozca apenas a sus subordinados ni sepa nada de investigaci\u00f3n criminal.<\/p>\n<blockquote class=\"wp-embedded-content\" data-secret=\"iETtKeSA5Y\"><p><a href=\"https:\/\/blogs.diariovasco.com\/series-gourmets\/2024\/10\/08\/ludwig-el-rompecabezas-perfecto\/\">Ludwig:  el  pasatiempo perfecto<\/a><\/p><\/blockquote>\n<p><iframe class=\"wp-embedded-content\" sandbox=\"allow-scripts\" security=\"restricted\" style=\"position: absolute; clip: rect(1px, 1px, 1px, 1px);\" title=\"&#8220;Ludwig:  el  pasatiempo perfecto&#8221; &#8212; Series para gourmets\" src=\"https:\/\/blogs.diariovasco.com\/series-gourmets\/2024\/10\/08\/ludwig-el-rompecabezas-perfecto\/embed\/#?secret=JPWfxZeosh#?secret=iETtKeSA5Y\" data-secret=\"iETtKeSA5Y\" width=\"500\" height=\"282\" frameborder=\"0\" marginwidth=\"0\" marginheight=\"0\" scrolling=\"no\"><\/iframe><\/p>\n<p><strong>1.THIS TOWN 6 EP 60 MIN MAR 2024- CADENA: BBC (UK) \/ MOVISTAR PLUS ( E)<\/strong><\/p>\n<p><img loading=\"lazy\" class=\"size-full wp-image-23058\" src=\"https:\/\/static-blogs.diariovasco.com\/wp-content\/uploads\/sites\/37\/2024\/12\/this-town.jpg\" alt=\"\" width=\"980\" height=\"654\" srcset=\"https:\/\/static-blogs.diariovasco.com\/wp-content\/uploads\/sites\/37\/2024\/12\/this-town.jpg 980w, https:\/\/static-blogs.diariovasco.com\/wp-content\/uploads\/sites\/37\/2024\/12\/this-town-300x200.jpg 300w, https:\/\/static-blogs.diariovasco.com\/wp-content\/uploads\/sites\/37\/2024\/12\/this-town-628x419.jpg 628w, https:\/\/static-blogs.diariovasco.com\/wp-content\/uploads\/sites\/37\/2024\/12\/this-town-768x513.jpg 768w\" sizes=\"(max-width: 980px) 100vw, 980px\" \/><\/p>\n<p>Dante Williams es un joven estudiante universitario con inquietudes art\u00edsticas encaminadas hacia el campo de la poes\u00eda, que tras un incidente con la polic\u00eda durante una manifestaci\u00f3n, decide dedicarse al terreno musical, escribiendo letras inspiradas en sus vivencias personales.<\/p>\n<p>Su situaci\u00f3n personal es complicada con su hermano mayor Virgil estacionado con el ejercito brit\u00e1nico en Belfast y con un padre ex-alcoh\u00f3lico malviviendo con un trabajo en la fabrica local de autom\u00f3viles Rover en Birmingham.<\/p>\n<p>Su mejor amigo es su primo Bardon que vive en la cercana Coventry, de familia irlandesa y con un padre muy implicado en las c\u00e9lulas revolucionarias del IRA de la regi\u00f3n de Midlands, mientras que su madre es una alcoh\u00f3lica que ha sido exiliada del barrio por las fuerzas locales, para que no peligre el movimiento de resistencia.<\/p>\n<blockquote class=\"wp-embedded-content\" data-secret=\"S5PXYZ52kn\"><p><a href=\"https:\/\/blogs.diariovasco.com\/series-gourmets\/2024\/04\/16\/this-town-la-nueva-obra-maestra-de-steven-knight\/\">This Town : la nueva obra maestra de  Steven Knight<\/a><\/p><\/blockquote>\n<p><iframe class=\"wp-embedded-content\" sandbox=\"allow-scripts\" security=\"restricted\" style=\"position: absolute; clip: rect(1px, 1px, 1px, 1px);\" title=\"&#8220;This Town : la nueva obra maestra de  Steven Knight&#8221; &#8212; Series para gourmets\" src=\"https:\/\/blogs.diariovasco.com\/series-gourmets\/2024\/04\/16\/this-town-la-nueva-obra-maestra-de-steven-knight\/embed\/#?secret=jChJ9A8MQw#?secret=S5PXYZ52kn\" data-secret=\"S5PXYZ52kn\" width=\"500\" height=\"282\" frameborder=\"0\" marginwidth=\"0\" marginheight=\"0\" scrolling=\"no\"><\/iframe><\/p>\n<p><strong>GRAN PREMIO Y MENCI\u00d3N ESPECIAL DEL JURADO<\/strong><\/p>\n<p><img loading=\"lazy\" class=\"aligncenter size-full wp-image-23048\" src=\"https:\/\/static-blogs.diariovasco.com\/wp-content\/uploads\/sites\/37\/2024\/12\/nO-dIGAS-NADA.jpg\" alt=\"\" width=\"1920\" height=\"1080\" srcset=\"https:\/\/static-blogs.diariovasco.com\/wp-content\/uploads\/sites\/37\/2024\/12\/nO-dIGAS-NADA.jpg 1920w, https:\/\/static-blogs.diariovasco.com\/wp-content\/uploads\/sites\/37\/2024\/12\/nO-dIGAS-NADA-300x169.jpg 300w, https:\/\/static-blogs.diariovasco.com\/wp-content\/uploads\/sites\/37\/2024\/12\/nO-dIGAS-NADA-628x353.jpg 628w, https:\/\/static-blogs.diariovasco.com\/wp-content\/uploads\/sites\/37\/2024\/12\/nO-dIGAS-NADA-768x432.jpg 768w, https:\/\/static-blogs.diariovasco.com\/wp-content\/uploads\/sites\/37\/2024\/12\/nO-dIGAS-NADA-1536x864.jpg 1536w\" sizes=\"(max-width: 1920px) 100vw, 1920px\" \/><strong>NO DIGAS NADA 9 EP 45 M NOV 2024 \u2013 FX ( USA) DISNEY + (E)<\/strong><\/p>\n<p>Una noche de 1972, Joan McConville, una joven viuda con diez hijos es secuestrada de forma violenta por un grupo de encapuchados en su casa delante de sus hijos y desaparece de la faz de la tierra.<\/p>\n<p>Ese tr\u00e1gico suceso es el hilo conductor para mostrarnos el interior de las diferentes c\u00e9lulas revolucionarias que formaban el Ejercito Republicano Irland\u00e9s, al que conocemos como IRA, en el periodo conocido como \u2018The Troubles\u2019, entre los a\u00f1os setenta y el final de siglo.<\/p>\n<p>En este proceso nuestras gu\u00edas ser\u00e1n las hermanas Price, Dolours y Marian, a las que seguiremos durante casi treinta a\u00f1os en las diferentes fases de su implicaci\u00f3n con los atentados terroristas del IRA, tanto en Irlanda como en Londres<\/p>\n<blockquote class=\"wp-embedded-content\" data-secret=\"4Attc8f2WC\"><p><a href=\"https:\/\/blogs.diariovasco.com\/series-gourmets\/2024\/12\/04\/no-digas-nada-una-brillante-diseccion-del-conflicto-del-ulster\/\">No digas nada: una brillante disecci\u00f3n del conflicto del Ulster<\/a><\/p><\/blockquote>\n<p><iframe class=\"wp-embedded-content\" sandbox=\"allow-scripts\" security=\"restricted\" style=\"position: absolute; clip: rect(1px, 1px, 1px, 1px);\" title=\"&#8220;No digas nada: una brillante disecci\u00f3n del conflicto del Ulster&#8221; &#8212; Series para gourmets\" src=\"https:\/\/blogs.diariovasco.com\/series-gourmets\/2024\/12\/04\/no-digas-nada-una-brillante-diseccion-del-conflicto-del-ulster\/embed\/#?secret=AHpWEY0Jbv#?secret=4Attc8f2WC\" data-secret=\"4Attc8f2WC\" width=\"500\" height=\"282\" frameborder=\"0\" marginwidth=\"0\" marginheight=\"0\" scrolling=\"no\"><\/iframe><\/p>\n<p><strong>Ep\u00edlogo:<\/strong><\/p>\n<p>A pesar de ser una producci\u00f3n estadounidense no pod\u00eda dejar de destacar y mencionar la estremecedora \u2018No Digas nada\u2019 que en mi opini\u00f3n ha sido la mejor serie brit\u00e1nica del a\u00f1o a pesar de que su ADN creativo y productivo nos indique lo contrario, pero su trama, actores y directores nos permiten hacer esta excepci\u00f3n.<\/p>\n<p>Otro hecho remarcable es que 26 de las 31 series seleccionadas\u00a0 ya han sido estrenadas en Espa\u00f1a este mismo 2024 (otras 2 se estrenan en enero)\u00a0 y en ocho plataformas diferentes, por lo que las apuestas por las series brit\u00e1nicas sigue en aumento, algo de lo que me congratulo especialmente,<\/p>\n<p>Mi intenci\u00f3n es que en base a las pautas e informaci\u00f3n que les he proporcionado, puedan seleccionar lo que les pueda resultar m\u00e1s interesante o atractivo para sus gustos personales y disfrutar con fundamento las pocas o muchas horas que puedan ver series, porque calidad la tienen asegurada en la lista y al por mayor<\/p>\n<p>Por \u00faltimo aprovecho para desearles \u201cMerry Christmas and Happy New Year\u201d, como dir\u00eda cualquier personaje de nuestra selecci\u00f3n<\/p>\n<p>Espero sus opiniones y comentarios, aqu\u00ed o en mi cuenta de X (@lmejino), o en Blue Sky ( @lmejino.bsky.social )<\/p>\n<p>Hasta la pr\u00f3xima<br \/>\nLorenzo Mejino<\/p>\n<!-- AddThis Advanced Settings generic via filter on the_content --><!-- AddThis Share Buttons generic via filter on the_content -->","protected":false},"excerpt":{"rendered":"<p>Ayer empezamos\u00a0 mis listas sectoriales de las mejores series de 2024 seg\u00fan mis criterios personales e intransferibles. Como siempre tendremos cinco niveles de excelencia, Reino Unido, Espa\u00f1a, Europa, resto del Mundo y series mundiales in\u00e9ditas, para finalizar con una lista de lo peor de lo peor de lo peor del a\u00f1o. En esta segunda entrega [&hellip;]<!-- AddThis Advanced Settings generic via filter on get_the_excerpt --><!-- AddThis Share Buttons generic via filter on get_the_excerpt --><\/p>\n","protected":false},"author":61,"featured_media":23048,"comment_status":"open","ping_status":"closed","sticky":false,"template":"","format":"standard","meta":[],"categories":[2,3008,9106,5,8550,8,28,10,12,14,4801],"tags":[9759,9227,9955,9249,9951,9954,9554,9494,9952,9238,9785,9425,9587,9396,9093,9870,9741,9888,9953,9713,9480,9389,9344,9838,9578,9816,9360,9352,9147,9956,9690],"_links":{"self":[{"href":"https:\/\/blogs.diariovasco.com\/series-gourmets\/wp-json\/wp\/v2\/posts\/23045"}],"collection":[{"href":"https:\/\/blogs.diariovasco.com\/series-gourmets\/wp-json\/wp\/v2\/posts"}],"about":[{"href":"https:\/\/blogs.diariovasco.com\/series-gourmets\/wp-json\/wp\/v2\/types\/post"}],"author":[{"embeddable":true,"href":"https:\/\/blogs.diariovasco.com\/series-gourmets\/wp-json\/wp\/v2\/users\/61"}],"replies":[{"embeddable":true,"href":"https:\/\/blogs.diariovasco.com\/series-gourmets\/wp-json\/wp\/v2\/comments?post=23045"}],"version-history":[{"count":9,"href":"https:\/\/blogs.diariovasco.com\/series-gourmets\/wp-json\/wp\/v2\/posts\/23045\/revisions"}],"predecessor-version":[{"id":23389,"href":"https:\/\/blogs.diariovasco.com\/series-gourmets\/wp-json\/wp\/v2\/posts\/23045\/revisions\/23389"}],"wp:featuredmedia":[{"embeddable":true,"href":"https:\/\/blogs.diariovasco.com\/series-gourmets\/wp-json\/wp\/v2\/media\/23048"}],"wp:attachment":[{"href":"https:\/\/blogs.diariovasco.com\/series-gourmets\/wp-json\/wp\/v2\/media?parent=23045"}],"wp:term":[{"taxonomy":"category","embeddable":true,"href":"https:\/\/blogs.diariovasco.com\/series-gourmets\/wp-json\/wp\/v2\/categories?post=23045"},{"taxonomy":"post_tag","embeddable":true,"href":"https:\/\/blogs.diariovasco.com\/series-gourmets\/wp-json\/wp\/v2\/tags?post=23045"}],"curies":[{"name":"wp","href":"https:\/\/api.w.org\/{rel}","templated":true}]}}