{"id":23526,"date":"2025-02-14T06:00:53","date_gmt":"2025-02-14T05:00:53","guid":{"rendered":"https:\/\/blogs.diariovasco.com\/series-gourmets\/?p=23526"},"modified":"2025-02-13T12:35:20","modified_gmt":"2025-02-13T11:35:20","slug":"la-sangre-helada-la-tragica-odisea-de-un-barco-ballenero","status":"publish","type":"post","link":"https:\/\/blogs.diariovasco.com\/series-gourmets\/2025\/02\/14\/la-sangre-helada-la-tragica-odisea-de-un-barco-ballenero\/","title":{"rendered":"La Sangre Helada:  la tr\u00e1gica odisea de un barco ballenero"},"content":{"rendered":"<p>Las historias ambientadas en las durisimas condiciones en el Oc\u00e9ano \u00c1rtico durante el siglo XIX, han sido objeto tanto de pel\u00edculas como de grandes series como la genial <a href=\"https:\/\/blogs.diariovasco.com\/series-gourmets\/2018\/05\/30\/the-terror-un-battle-royale-en-el-gelido-artico\/\">\u2018The Terror\u2019<\/a> a la que se uni\u00f3 con todos los m\u00e9ritos posibles, la genial producci\u00f3n de la BBC, \u2018La Sangre Helada\u2019.<\/p>\n<p>\u2018La Sangre Helada&#8217; es otra gran aventura \u00e1rtica, en esta ocasi\u00f3n a bordo de un barco ballenero con unos marineros que deben enfrentarse a unas condiciones infernales. Su rodaje en escenarios naturales de las remotas islas noruegas de Svalbard y un reparto repleto de grandes actores hace que \u2018La Sangre Helada\u2019 sea un apasionante relato de las dificultades que un barco ballenero debe enfrentarse a mitad del siglo XIX<\/p>\n<p>El resultado es uno de esos relatos donde queda m\u00e1s que evidente que el peor enemigo para el hombre son sus propios semejantes m\u00e1s que los peligros de la naturaleza como voy a analizarles a continuaci\u00f3n.<\/p>\n<p><img loading=\"lazy\" class=\"aligncenter size-full wp-image-23527\" src=\"https:\/\/static-blogs.diariovasco.com\/wp-content\/uploads\/sites\/37\/2025\/01\/general-15.jpg\" alt=\"\" width=\"600\" height=\"338\" srcset=\"https:\/\/static-blogs.diariovasco.com\/wp-content\/uploads\/sites\/37\/2025\/01\/general-15.jpg 600w, https:\/\/static-blogs.diariovasco.com\/wp-content\/uploads\/sites\/37\/2025\/01\/general-15-300x169.jpg 300w\" sizes=\"(max-width: 600px) 100vw, 600px\" \/><\/p>\n<p><strong>Ficha:<\/strong> La Sangre Helada 5 ep 60 min .jul-ago 2021- <strong>Cadena:<\/strong> BBC 2 ( UK) \/Movistar Plus (E), pero ya no est\u00e1 disponible.<\/p>\n<p><strong>La trama :<\/strong><\/p>\n<p>Patrick Sumner es un doctor que tras una dolorosa y traum\u00e1tica experiencia en las filas del ejercito brit\u00e1nico en la India durante el esplendor del imperio brit\u00e1nico hacia 1859, decide volver a su Inglaterra natal para huir de ese pasado y acaba embarc\u00e1ndose como el m\u00e9dico de un barco ballenero que parte del pueblo costero ingl\u00e9s de Hull para cazar ballenas en la. costa de Groenlandia.<\/p>\n<p>Durante el camino, el grupo\u00a0 no duda en realizar una caza salvaje de focas para obtener m\u00e1s beneficios del viaje y que sirve para mostrarnos a lo que est\u00e1n dispuestos los miembros de la tripulaci\u00f3n para sacar unas guineas extras por las pieles y el aceite extra\u00eddo de las focas cazadas de la forma que muestra el video.<\/p>\n<p><iframe loading=\"lazy\" title=\"YouTube video player\" src=\"https:\/\/www.youtube.com\/embed\/ai7L3K16mAo?si=gFFp1DTP5k1iPeKo\" width=\"560\" height=\"315\" frameborder=\"0\" allowfullscreen=\"allowfullscreen\"><\/iframe><\/p>\n<p>Sumner tiene que luchar contra sus propios demonios interiores que pal\u00eda gracias al uso de estupefacientes, pero pronto se percata que el objetivo del barco y de sus responsables, no va a ser precisamente la caza de ballenas, debido a la agenda particular del armador del barco, el estafador Mr Baxter, que tiene otros planes para ese viaje del Volunteer, bajo las ordenes del capit\u00e1n Brownlee.<\/p>\n<p>Basado en un hipn\u00f3tico libro escrito por Ian McGuire, su creador y director Andrew Haigh (<a href=\"https:\/\/blogs.diariovasco.com\/series-gourmets\/2015\/03\/11\/togetherness-looking-y-getting-on-no-todo-reluce-en-la-hbo\/\">Looking<\/a>, 45 years) desarrolla la historia en base a cuatro personajes principales que van a marcar el recorrido de \u2018La Sangre Helada\u2019.<\/p>\n<p>En primer lugar tenemos al doctor del barco, el irland\u00e9s Patrick Sumner, que se convierte en nuestro gu\u00eda a trav\u00e9s de las complejas din\u00e1micas internas del barco que descubre como un total advenedizo en las pr\u00e1cticas internas de un barco ballenero.<\/p>\n<p><img loading=\"lazy\" class=\"aligncenter size-full wp-image-23530\" src=\"https:\/\/static-blogs.diariovasco.com\/wp-content\/uploads\/sites\/37\/2025\/01\/colin-farrell-scaled.jpg\" alt=\"\" width=\"2560\" height=\"1707\" srcset=\"https:\/\/static-blogs.diariovasco.com\/wp-content\/uploads\/sites\/37\/2025\/01\/colin-farrell-scaled.jpg 2560w, https:\/\/static-blogs.diariovasco.com\/wp-content\/uploads\/sites\/37\/2025\/01\/colin-farrell-300x200.jpg 300w, https:\/\/static-blogs.diariovasco.com\/wp-content\/uploads\/sites\/37\/2025\/01\/colin-farrell-628x419.jpg 628w, https:\/\/static-blogs.diariovasco.com\/wp-content\/uploads\/sites\/37\/2025\/01\/colin-farrell-768x512.jpg 768w, https:\/\/static-blogs.diariovasco.com\/wp-content\/uploads\/sites\/37\/2025\/01\/colin-farrell-1536x1024.jpg 1536w, https:\/\/static-blogs.diariovasco.com\/wp-content\/uploads\/sites\/37\/2025\/01\/colin-farrell-2048x1365.jpg 2048w\" sizes=\"(max-width: 2560px) 100vw, 2560px\" \/><\/p>\n<p>Su principal antagonista va a ser un arponero misterioso Henry Drax ( Colin Farrell, foto superior) , que poco a poco se va a ir revelando como un verdadero ente maligno capaz de todo y en cualquier momento, sin importarle las consecuencias para el resto de tripulantes, como se puede intuir de su imponente presencia en la primera promoci\u00f3n\u00a0 de la serie.<\/p>\n<p><iframe loading=\"lazy\" title=\"YouTube video player\" src=\"https:\/\/www.youtube.com\/embed\/HIYIgYzK5z0?si=zz9NUEPp7ad06aGy\" width=\"560\" height=\"315\" frameborder=\"0\" allowfullscreen=\"allowfullscreen\"><\/iframe><\/p>\n<p>&nbsp;<\/p>\n<p>En un termino medio tenemos al capit\u00e1n Brownlee, interpretado por esa enorme fiera esc\u00e9nica que es Stephen Graham ( der) y su contramaestre Cavendish ( genial Sam Spruell) que se debaten entre los chanchullos que han acordado con su armador y la necesidad de sobrevivir en ese entorno tan complicado<\/p>\n<p><img loading=\"lazy\" class=\"aligncenter size-full wp-image-23528\" src=\"https:\/\/static-blogs.diariovasco.com\/wp-content\/uploads\/sites\/37\/2025\/01\/odonnell-graham.jpg\" alt=\"\" width=\"1000\" height=\"563\" srcset=\"https:\/\/static-blogs.diariovasco.com\/wp-content\/uploads\/sites\/37\/2025\/01\/odonnell-graham.jpg 1000w, https:\/\/static-blogs.diariovasco.com\/wp-content\/uploads\/sites\/37\/2025\/01\/odonnell-graham-300x169.jpg 300w, https:\/\/static-blogs.diariovasco.com\/wp-content\/uploads\/sites\/37\/2025\/01\/odonnell-graham-628x354.jpg 628w, https:\/\/static-blogs.diariovasco.com\/wp-content\/uploads\/sites\/37\/2025\/01\/odonnell-graham-768x432.jpg 768w\" sizes=\"(max-width: 1000px) 100vw, 1000px\" \/><\/p>\n<p>Esos cuatro personajes y su evoluci\u00f3n marcan la historia de los cinco episodios de \u2018La Sangre Helada&#8217; donde destaca desde el primer momento la sobrecogedora actuaci\u00f3n de Jack O\u2019Donnell (izq) como un superviviente nato, muy en la l\u00ednea de su fabulosa actuaci\u00f3n en \u2018 Invencible\u2019 donde interpretaba a un superviviente a las penurias de un campo de concentraci\u00f3n japon\u00e9s.<\/p>\n<p>En esta ocasi\u00f3n su instinto de supervivencia cambia de ubicaci\u00f3n, para luchar en las heladas superficies \u00e1rticas y contra osos polares en lugar de japoneses, pero pocos actores se me ocurren mejores que O\u2019Connell para este tipo de personajes.<\/p>\n<p>El rodaje en la islas Svalvard por imposici\u00f3n directa de su creador Andrew Haigh, le da un halo de autenticidad de la lucha del hombre contra la naturaleza que nos permite entrar de lleno en la historia y empatizar completamente con la lucha por la supervivencia del doctor Sumner, frente a esa encarnaci\u00f3n del diablo en forma humana que es el arponero Henry Drax.<\/p>\n<p><img loading=\"lazy\" class=\"aligncenter size-full wp-image-23529\" src=\"https:\/\/static-blogs.diariovasco.com\/wp-content\/uploads\/sites\/37\/2025\/01\/svalbard.jpg\" alt=\"\" width=\"640\" height=\"426\" srcset=\"https:\/\/static-blogs.diariovasco.com\/wp-content\/uploads\/sites\/37\/2025\/01\/svalbard.jpg 640w, https:\/\/static-blogs.diariovasco.com\/wp-content\/uploads\/sites\/37\/2025\/01\/svalbard-300x200.jpg 300w, https:\/\/static-blogs.diariovasco.com\/wp-content\/uploads\/sites\/37\/2025\/01\/svalbard-628x418.jpg 628w\" sizes=\"(max-width: 640px) 100vw, 640px\" \/>La dureza del lugar de rodaje contrasta con los momentos de relajaci\u00f3n entre tomas que pueden ver en el siguiente video<\/p>\n<p><iframe loading=\"lazy\" title=\"YouTube video player\" src=\"https:\/\/www.youtube.com\/embed\/lsD6kpCuylI?si=MC4wNwsrKEVcdXZH\" width=\"560\" height=\"315\" frameborder=\"0\" allowfullscreen=\"allowfullscreen\"><\/iframe><\/p>\n<p>\u2018La Sangre helada\u2019 es una magn\u00edfica historia cl\u00e1sica de aventuras \u00e1rticas en la \u00e9poca del descubrimiento de nuevas rutas, pero con un nivel de ejecuci\u00f3n y de interpretaci\u00f3n realmente elevados, como pueden comprobar en el tr\u00e1iler de su estreno.<br \/>\n<iframe loading=\"lazy\" title=\"YouTube video player\" src=\"https:\/\/www.youtube.com\/embed\/x8VZKyHIg70\" width=\"560\" height=\"315\" frameborder=\"0\" allowfullscreen=\"allowfullscreen\"><\/iframe><br \/>\n\u2018La Sangre Helada\u2019 se estren\u00f3 en su momento en la plataforma Movistar+, pero las inexplicables condiciones de muchos contratos televisivos que limitan la ventana de emisi\u00f3n, hace que apenas tres a\u00f1os despu\u00e9s de su estreno en Espa\u00f1a, ya no est\u00e9 disponible en ninguna plataforma, por lo que les queda la opci\u00f3n del DVD u otras m\u00e1s creativas si desean ver o recordar esta excelente serie.<\/p>\n<p>Espero sus opiniones y comentarios, aqu\u00ed o en mi cuenta de X (@lmejino), o en BlueSky ( @lmejino.bsky.social )<\/p>\n<p>Lorenzo Mejino<\/p>\n<!-- AddThis Advanced Settings generic via filter on the_content --><!-- AddThis Share Buttons generic via filter on the_content -->","protected":false},"excerpt":{"rendered":"<p>Las historias ambientadas en las durisimas condiciones en el Oc\u00e9ano \u00c1rtico durante el siglo XIX, han sido objeto tanto de pel\u00edculas como de grandes series como la genial \u2018The Terror\u2019 a la que se uni\u00f3 con todos los m\u00e9ritos posibles, la genial producci\u00f3n de la BBC, \u2018La Sangre Helada\u2019. \u2018La Sangre Helada&#8217; es otra gran [&hellip;]<!-- AddThis Advanced Settings generic via filter on get_the_excerpt --><!-- AddThis Share Buttons generic via filter on get_the_excerpt --><\/p>\n","protected":false},"author":61,"featured_media":23531,"comment_status":"open","ping_status":"closed","sticky":false,"template":"","format":"standard","meta":[],"categories":[3008,5,8,31,16],"tags":[10118,9517,1307,10117,9333,3416,7087],"_links":{"self":[{"href":"https:\/\/blogs.diariovasco.com\/series-gourmets\/wp-json\/wp\/v2\/posts\/23526"}],"collection":[{"href":"https:\/\/blogs.diariovasco.com\/series-gourmets\/wp-json\/wp\/v2\/posts"}],"about":[{"href":"https:\/\/blogs.diariovasco.com\/series-gourmets\/wp-json\/wp\/v2\/types\/post"}],"author":[{"embeddable":true,"href":"https:\/\/blogs.diariovasco.com\/series-gourmets\/wp-json\/wp\/v2\/users\/61"}],"replies":[{"embeddable":true,"href":"https:\/\/blogs.diariovasco.com\/series-gourmets\/wp-json\/wp\/v2\/comments?post=23526"}],"version-history":[{"count":4,"href":"https:\/\/blogs.diariovasco.com\/series-gourmets\/wp-json\/wp\/v2\/posts\/23526\/revisions"}],"predecessor-version":[{"id":23635,"href":"https:\/\/blogs.diariovasco.com\/series-gourmets\/wp-json\/wp\/v2\/posts\/23526\/revisions\/23635"}],"wp:featuredmedia":[{"embeddable":true,"href":"https:\/\/blogs.diariovasco.com\/series-gourmets\/wp-json\/wp\/v2\/media\/23531"}],"wp:attachment":[{"href":"https:\/\/blogs.diariovasco.com\/series-gourmets\/wp-json\/wp\/v2\/media?parent=23526"}],"wp:term":[{"taxonomy":"category","embeddable":true,"href":"https:\/\/blogs.diariovasco.com\/series-gourmets\/wp-json\/wp\/v2\/categories?post=23526"},{"taxonomy":"post_tag","embeddable":true,"href":"https:\/\/blogs.diariovasco.com\/series-gourmets\/wp-json\/wp\/v2\/tags?post=23526"}],"curies":[{"name":"wp","href":"https:\/\/api.w.org\/{rel}","templated":true}]}}