{"id":23714,"date":"2025-03-14T06:00:55","date_gmt":"2025-03-14T05:00:55","guid":{"rendered":"https:\/\/blogs.diariovasco.com\/series-gourmets\/?p=23714"},"modified":"2025-03-13T09:40:50","modified_gmt":"2025-03-13T08:40:50","slug":"la-cosa-del-pantano-un-eco-thriller-sobre-el-peligro-de-los-vertidos-toxicos","status":"publish","type":"post","link":"https:\/\/blogs.diariovasco.com\/series-gourmets\/2025\/03\/14\/la-cosa-del-pantano-un-eco-thriller-sobre-el-peligro-de-los-vertidos-toxicos\/","title":{"rendered":"La Cosa del Pantano: un eco-thriller sobre el peligro de los vertidos t\u00f3xicos"},"content":{"rendered":"<p>La protecci\u00f3n de humedales y sistemas fluviales denunciando los vertidos t\u00f3xicos que se han producido en muchos de ellos, es una de las principales preocupaciones de algunos gobiernos. En esa concienciaci\u00f3n medioambiental pueden jugar un papel importante\u00a0 series como intent\u00f3 \u2018La Cosa del Pantano\u2019 o \u2018Swamp Thing\u2019 en su versi\u00f3n original, una ficci\u00f3n basada en las consecuencias irreversibles de esos vertidos t\u00f3xicos.<\/p>\n<p>A pesar de estar basada en un c\u00f3mic muy popular, la premisa de \u2018La Cosa del Pantano\u2019 encaja a la perfecci\u00f3n en esta l\u00ednea del eco-thriller, ya que no deja de ser un monstruo creado por la interacci\u00f3n de un ser humano con los vertidos enormemente t\u00f3xicos que una empresa local lanzaba en una profunda y rec\u00f3ndita marisma de Louisiana.<\/p>\n<p>El c\u00f3mic ya fue adaptado en forma de <a href=\"https:\/\/blogs.diariovasco.com\/series-gourmets\/2018\/05\/11\/swamp-thing-la-cosa-del-pantano-el-superheroe-mas-viscoso\/\">serie con el mismo t\u00edtulo en los a\u00f1os 90<\/a> y que aqu\u00ed pudimos ver en los primeros pasos de Telecinco.<\/p>\n<p>Nuestro monstruo no duda en utilizar m\u00e9todos totalmente expeditivos como \u00fanica forma para proteger su entorno lacustre y no deja de ser una forma eficaz de concienciar a los espectadores como antes a los lectores de los c\u00f3mics, de la necesidad de proteger nuestros humedales, marismas y pantanos de las amenazas industriales y humanas, como recordar en esta entrada del pasado.<\/p>\n<p><strong><img loading=\"lazy\" class=\"aligncenter size-full wp-image-23718\" src=\"https:\/\/static-blogs.diariovasco.com\/wp-content\/uploads\/sites\/37\/2025\/02\/poster.jpg\" alt=\"\" width=\"1200\" height=\"675\" srcset=\"https:\/\/static-blogs.diariovasco.com\/wp-content\/uploads\/sites\/37\/2025\/02\/poster.jpg 1200w, https:\/\/static-blogs.diariovasco.com\/wp-content\/uploads\/sites\/37\/2025\/02\/poster-300x169.jpg 300w, https:\/\/static-blogs.diariovasco.com\/wp-content\/uploads\/sites\/37\/2025\/02\/poster-628x353.jpg 628w, https:\/\/static-blogs.diariovasco.com\/wp-content\/uploads\/sites\/37\/2025\/02\/poster-768x432.jpg 768w\" sizes=\"(max-width: 1200px) 100vw, 1200px\" \/><\/strong><\/p>\n<p><strong>\u00a0Ficha:<\/strong> La Cosa del pantano 10 ep 1T 45 min .\u00a0\u00a0May- Ago 2019 <strong>Cadena:<\/strong> DC Universe ( USa) \/ TNT ( E) ahora no disponible<\/p>\n<p><strong>La trama:<\/strong><\/p>\n<p>Abby Arcane es una investigadora del centro de enfermedades infecciosas de Atlanta que vuelve a su pueblo natal de Marais en el estado de Louisiana para investigar un posible brote infeccioso mortal que ha salido de los pantanos que rodean la ciudad.<\/p>\n<p>En Marais entra en contacto y se relaciona con un cient\u00edfico Alec Holland que est\u00e1 investigando el tema desde el punto de vista de una posible mutaci\u00f3n vegetal a causa de los desastres medioambientales que est\u00e1n provocando los vertidos t\u00f3xicos e indiscriminados de una gran industria local.<\/p>\n<p>En una incursi\u00f3n nocturna en busca de pruebas, Alec sufre un accidente y desaparece en el fondo del pantano para mutar y convertirse en el monstruo del pantano o \u2018Swamp Thing\u2019 que vaga por esas zonas insalubres, protegiendo al ecosistema de posibles amenazas exteriores, adem\u00e1s de cuidar de Abby de sus posibles enemigos, como dejan claro en su cuidada introducci\u00f3n.<br \/>\n<iframe loading=\"lazy\" src=\"https:\/\/www.youtube.com\/embed\/4IXDTnfkkEA\" width=\"560\" height=\"315\" frameborder=\"0\" allowfullscreen=\"allowfullscreen\"><\/iframe><\/p>\n<p>\u2018La Cosa del Pantano\u2019 se enclava claramente en la categor\u00eda del superh\u00e9roe atormentado atrapado en un cuerpo deforme del que no puede salir. En este caso encima est\u00e1 supeditado a no poder escapar de ese ecosistema pantanoso donde es el principal elemento dominante.<\/p>\n<p>En un segundo plano juegan con una relaci\u00f3n cl\u00e1sica tipo La Bella y la Bestia entre la criatura y la chica, con todos esos elementos de amor imposible que son inherentes a este tipo de tramas.<\/p>\n<p><img loading=\"lazy\" class=\"aligncenter size-full wp-image-23717\" src=\"https:\/\/static-blogs.diariovasco.com\/wp-content\/uploads\/sites\/37\/2025\/02\/pareja-1.jpg\" alt=\"\" width=\"1280\" height=\"720\" srcset=\"https:\/\/static-blogs.diariovasco.com\/wp-content\/uploads\/sites\/37\/2025\/02\/pareja-1.jpg 1280w, https:\/\/static-blogs.diariovasco.com\/wp-content\/uploads\/sites\/37\/2025\/02\/pareja-1-300x169.jpg 300w, https:\/\/static-blogs.diariovasco.com\/wp-content\/uploads\/sites\/37\/2025\/02\/pareja-1-628x353.jpg 628w, https:\/\/static-blogs.diariovasco.com\/wp-content\/uploads\/sites\/37\/2025\/02\/pareja-1-768x432.jpg 768w\" sizes=\"(max-width: 1280px) 100vw, 1280px\" \/><\/p>\n<p>Swamp Thing mezcla esas dos l\u00edneas principales, la sobrenatural con la relaci\u00f3n entre esa extra\u00f1a pareja y la terrenal con todas las cosas extra\u00f1as que suceden en Marais, que incluyen a una echadora de cartas y visionaria del futuro y un actor fracasado que malvive en la ciudad, todo ello pasado por la conservaci\u00f3n medioambiental del ecosistema del pantano.<\/p>\n<p>El papel de los villanos recae en los poderes f\u00e1cticos locales, en especial en el malvado empresario Avery Sunderland que intenta descubrir los secretos que encierra el pantano para canalizarlos a trav\u00e9s de su compa\u00f1\u00eda farmac\u00e9utica y poder forrarse, con la complicaci\u00f3n a\u00f1adida de ser el padre adoptivo de Abby, que perdi\u00f3 a sus padres a temprana edad.<\/p>\n<p>La producci\u00f3n de la serie fue muy turbulenta por graves problemas con los ejecutivos de Warner que son los propietarios de la cadena DC, lo que deriv\u00f3 en una reducci\u00f3n de la primera temporada de trece a diez episodios.<\/p>\n<p>Encima la producci\u00f3n vino acompa\u00f1ada de unos grav\u00edsimos errores financieros. al calcular p\u00e9simamente las exenciones fiscales a que ten\u00edan derecho en el rodaje en Carolina del Norte lo que dispar\u00f3 el presupuesto a n\u00fameros exorbitantes.<\/p>\n<p>Para sorpresa de todo el mundo &#8216;La Cosa del Pantano&#8217; fue cancelada apenas estrenada su 1T a pesar de tener unas cr\u00edticas bastante positivas y una buena recepci\u00f3n en redes sociales, dejando a todos los seguidores con un palmo de narices tras el final tan abierto que han dejado al cierre de su 1T, con la aparici\u00f3n de nuevos monstruos en la zona que se van a quedar para siempre escondidos en el pantano.<\/p>\n<p>Swamp Thing no me\u00a0 pareci\u00f3 una mala serie puesto que tiene momentos y efectos especiales muy bien conseguidos, en especial a lo referente al monstruo del pantano, pero su ritmo cansino y centrado en enviar a la amenaza semanal contra el ecosistema para que el monstruo se la cargara, se agotaba con una cierta rapidez.<\/p>\n<p><img loading=\"lazy\" class=\"aligncenter size-full wp-image-23716\" src=\"https:\/\/static-blogs.diariovasco.com\/wp-content\/uploads\/sites\/37\/2025\/02\/monstruo.jpeg\" alt=\"\" width=\"1080\" height=\"542\" srcset=\"https:\/\/static-blogs.diariovasco.com\/wp-content\/uploads\/sites\/37\/2025\/02\/monstruo.jpeg 1080w, https:\/\/static-blogs.diariovasco.com\/wp-content\/uploads\/sites\/37\/2025\/02\/monstruo-300x151.jpeg 300w, https:\/\/static-blogs.diariovasco.com\/wp-content\/uploads\/sites\/37\/2025\/02\/monstruo-628x315.jpeg 628w, https:\/\/static-blogs.diariovasco.com\/wp-content\/uploads\/sites\/37\/2025\/02\/monstruo-768x385.jpeg 768w\" sizes=\"(max-width: 1080px) 100vw, 1080px\" \/><\/p>\n<p>Las interpretaciones, salvo contadas excepciones, no daban la talla y la historia est\u00e1 planteada como un piloto de ocho horas, avanzando a cuentagotas en la historia central con el recurso f\u00e1cil de utilizar al pringado de la semana que iba a hacer actividades ilegales al pantano y ver de qu\u00e9 forma se lo cargaba el monstruo, pero sin apenas relaci\u00f3n con la historia central.<\/p>\n<p><strong>Los protagonistas:<\/strong><br \/>\nLa protagonista de la serie es Crystal Reed, que interpreta a la doctora Abby Arcane. Reed viene de otra serie de la escuder\u00eda DC como es &#8216;Gotham&#8217; y es el principal problema de la serie con una interpretaci\u00f3n muy blanda y sin apenas presencia en la pantalla, siendo incapaz de cambiar un gesto de cervatillo asustadizo durante casi toda la serie, lejos de la mujer fuerte que se supone que deber\u00eda ser.<\/p>\n<p><img loading=\"lazy\" class=\"size-full wp-image-23719\" src=\"https:\/\/static-blogs.diariovasco.com\/wp-content\/uploads\/sites\/37\/2025\/02\/reed-scaled.jpg\" alt=\"\" width=\"2560\" height=\"1440\" srcset=\"https:\/\/static-blogs.diariovasco.com\/wp-content\/uploads\/sites\/37\/2025\/02\/reed-scaled.jpg 2560w, https:\/\/static-blogs.diariovasco.com\/wp-content\/uploads\/sites\/37\/2025\/02\/reed-300x169.jpg 300w, https:\/\/static-blogs.diariovasco.com\/wp-content\/uploads\/sites\/37\/2025\/02\/reed-628x353.jpg 628w, https:\/\/static-blogs.diariovasco.com\/wp-content\/uploads\/sites\/37\/2025\/02\/reed-768x432.jpg 768w, https:\/\/static-blogs.diariovasco.com\/wp-content\/uploads\/sites\/37\/2025\/02\/reed-1536x864.jpg 1536w, https:\/\/static-blogs.diariovasco.com\/wp-content\/uploads\/sites\/37\/2025\/02\/reed-2048x1152.jpg 2048w\" sizes=\"(max-width: 2560px) 100vw, 2560px\" \/><\/p>\n<p>De hecho, su nula carrera posterior solo ha confirmado esos malos augurios de su p\u00e9sima interpretaci\u00f3n como la supuesta hero\u00edna de \u2018La Cosa del Pantano\u2019 .<\/p>\n<p>Su actuaci\u00f3n es un importante lastre para la serie, aunque la presencia de buenos actores veteranos en papeles secundarios\u00a0 como Will Patton, Virginia Madsen o Kevin Durand suavizan bastante esa impresi\u00f3n cuando interact\u00faa con ellos.<\/p>\n<p>Por suerte tenemos al monstruo que desde el momento en que aparece en el piloto tras la mutaci\u00f3n biol\u00f3gica es de lejos lo mejor de toda la serie. La cosa del pantano esta encarnada por dos actores, Andy Bean ( izq) en su encarnaci\u00f3n humana y el especialista Derek Mears ( der) , embutido en el traje del monstruo, con mucha mejor nota para el segundo que para el sosainas de Bean<\/p>\n<p><strong><img loading=\"lazy\" class=\"aligncenter size-full wp-image-23720\" src=\"https:\/\/static-blogs.diariovasco.com\/wp-content\/uploads\/sites\/37\/2025\/02\/actores-monstruo.jpeg\" alt=\"\" width=\"767\" height=\"422\" srcset=\"https:\/\/static-blogs.diariovasco.com\/wp-content\/uploads\/sites\/37\/2025\/02\/actores-monstruo.jpeg 767w, https:\/\/static-blogs.diariovasco.com\/wp-content\/uploads\/sites\/37\/2025\/02\/actores-monstruo-300x165.jpeg 300w, https:\/\/static-blogs.diariovasco.com\/wp-content\/uploads\/sites\/37\/2025\/02\/actores-monstruo-628x346.jpeg 628w\" sizes=\"(max-width: 767px) 100vw, 767px\" \/><\/strong><\/p>\n<p><strong>Ep\u00edlogo :<\/strong><\/p>\n<p>En nuestro pa\u00eds se estren\u00f3 bastante de tapadillo en la cadena TNT, pero por lo menos llam\u00f3 la atenci\u00f3n de los fans de los c\u00f3mics y de los nost\u00e1lgicos de la serie original, aunque en la actualidad no se encuentra disponible en ninguna plataforma.<\/p>\n<p>Al ser cancelada de forma fulminante en los EEUU tras la emisi\u00f3n de su primer episodio, nada mejor que finalizar este recuerdo de una serie maldita con el tr\u00e1iler de su estreno en nuestro pa\u00eds<br \/>\n<iframe loading=\"lazy\" src=\"https:\/\/www.youtube.com\/embed\/FvfZd5BWxNE\" width=\"560\" height=\"315\" frameborder=\"0\" allowfullscreen=\"allowfullscreen\"><\/iframe><br \/>\nEspero sus opiniones y comentarios, aqu\u00ed o en mi cuenta de X (@lmejino), o en BlueSky ( @lmejino.bsky.social )<\/p>\n<p>Lorenzo Mejino<\/p>\n<!-- AddThis Advanced Settings generic via filter on the_content --><!-- AddThis Share Buttons generic via filter on the_content -->","protected":false},"excerpt":{"rendered":"<p>La protecci\u00f3n de humedales y sistemas fluviales denunciando los vertidos t\u00f3xicos que se han producido en muchos de ellos, es una de las principales preocupaciones de algunos gobiernos. En esa concienciaci\u00f3n medioambiental pueden jugar un papel importante\u00a0 series como intent\u00f3 \u2018La Cosa del Pantano\u2019 o \u2018Swamp Thing\u2019 en su versi\u00f3n original, una ficci\u00f3n basada en [&hellip;]<!-- AddThis Advanced Settings generic via filter on get_the_excerpt --><!-- AddThis Share Buttons generic via filter on get_the_excerpt --><\/p>\n","protected":false},"author":61,"featured_media":23715,"comment_status":"open","ping_status":"closed","sticky":false,"template":"","format":"standard","meta":[],"categories":[3008,23,5,7,16],"tags":[10181,10180,10182,3990,3989,10184,10183],"_links":{"self":[{"href":"https:\/\/blogs.diariovasco.com\/series-gourmets\/wp-json\/wp\/v2\/posts\/23714"}],"collection":[{"href":"https:\/\/blogs.diariovasco.com\/series-gourmets\/wp-json\/wp\/v2\/posts"}],"about":[{"href":"https:\/\/blogs.diariovasco.com\/series-gourmets\/wp-json\/wp\/v2\/types\/post"}],"author":[{"embeddable":true,"href":"https:\/\/blogs.diariovasco.com\/series-gourmets\/wp-json\/wp\/v2\/users\/61"}],"replies":[{"embeddable":true,"href":"https:\/\/blogs.diariovasco.com\/series-gourmets\/wp-json\/wp\/v2\/comments?post=23714"}],"version-history":[{"count":4,"href":"https:\/\/blogs.diariovasco.com\/series-gourmets\/wp-json\/wp\/v2\/posts\/23714\/revisions"}],"predecessor-version":[{"id":23860,"href":"https:\/\/blogs.diariovasco.com\/series-gourmets\/wp-json\/wp\/v2\/posts\/23714\/revisions\/23860"}],"wp:featuredmedia":[{"embeddable":true,"href":"https:\/\/blogs.diariovasco.com\/series-gourmets\/wp-json\/wp\/v2\/media\/23715"}],"wp:attachment":[{"href":"https:\/\/blogs.diariovasco.com\/series-gourmets\/wp-json\/wp\/v2\/media?parent=23714"}],"wp:term":[{"taxonomy":"category","embeddable":true,"href":"https:\/\/blogs.diariovasco.com\/series-gourmets\/wp-json\/wp\/v2\/categories?post=23714"},{"taxonomy":"post_tag","embeddable":true,"href":"https:\/\/blogs.diariovasco.com\/series-gourmets\/wp-json\/wp\/v2\/tags?post=23714"}],"curies":[{"name":"wp","href":"https:\/\/api.w.org\/{rel}","templated":true}]}}